{"id":23053,"date":"2026-09-04T10:00:22","date_gmt":"2026-09-04T13:00:22","guid":{"rendered":"https:\/\/www.grupoacocearense.com.br\/?p=23053"},"modified":"2026-09-01T16:12:52","modified_gmt":"2026-09-01T19:12:52","slug":"cubas-de-inox","status":"publish","type":"post","link":"https:\/\/www.grupoacocearense.com.br\/en\/cubas-de-inox\/","title":{"rendered":"Stainless steel sinks in professional kitchens"},"content":{"rendered":"<p><span style=\"font-weight: 400;\">To the <\/span><b>cubas de inox<\/b><span style=\"font-weight: 400;\"> organizam etapas de lavagem, preparo e higieniza\u00e7\u00e3o em restaurantes, padarias, sorveterias e cozinhas industriais. Elas suportam contato frequente com \u00e1gua, detergentes, utens\u00edlios e res\u00edduos, desde que o material e a instala\u00e7\u00e3o sejam compat\u00edveis com a atividade.<\/span><\/p>\n<p><span style=\"font-weight: 400;\">A escolha n\u00e3o deve considerar apenas o tamanho dispon\u00edvel. Profundidade, quantidade de compartimentos, tipo de instala\u00e7\u00e3o, posi\u00e7\u00e3o da torneira, drenagem e integra\u00e7\u00e3o com a bancada alteram o funcionamento da cozinha.<\/span><\/p>\n<p><b>Uma cuba bem dimensionada reduz respingos, evita cruzamentos entre tarefas e facilita a limpeza da esta\u00e7\u00e3o de trabalho.<\/b><\/p>\n<h2><b>Por que as cubas de inox s\u00e3o t\u00e3o usadas?<\/b><\/h2>\n<p><span style=\"font-weight: 400;\">Cozinhas profissionais lidam diariamente com \u00e1gua, gordura, res\u00edduos de alimentos e produtos de higieniza\u00e7\u00e3o. Por isso, suas superf\u00edcies precisam suportar lavagens frequentes sem criar pontos dif\u00edceis de limpar.<\/span><\/p>\n<p><span style=\"font-weight: 400;\">O a\u00e7o inox cont\u00e9m cromo em sua composi\u00e7\u00e3o. Esse elemento forma uma <\/span><b>passive layer<\/b><span style=\"font-weight: 400;\"> que ajuda a proteger a superf\u00edcie contra a corros\u00e3o.<\/span><\/p>\n<p><span style=\"font-weight: 400;\">A prote\u00e7\u00e3o n\u00e3o torna o material imune a manchas. Cloro, sal, res\u00edduos acumulados e limpeza inadequada podem danificar o inox.<\/span><\/p>\n<p><span style=\"font-weight: 400;\">Mesmo assim, a liga correta apresenta bom desempenho em ambientes \u00famidos. Chapas de inox tamb\u00e9m podem ser cortadas, dobradas, estampadas e soldadas em diferentes formatos.<\/span><\/p>\n<p><span style=\"font-weight: 400;\">Essa flexibilidade permite fabricar cubas simples, duplas, profundas ou integradas a bancadas. O equipamento pode ser adaptado ao espa\u00e7o e \u00e0 rotina do estabelecimento.<\/span><\/p>\n<p><span style=\"font-weight: 400;\">Our content about<\/span><a href=\"https:\/\/www.grupoacocearense.com.br\/en\/inox-na-industria-de-alimentos-entenda-por-que-ele-e-tao-utilizado\/\"> <span style=\"font-weight: 400;\">inox na ind\u00fastria de alimentos<\/span><\/a><span style=\"font-weight: 400;\"> explica outras raz\u00f5es para o uso desse material no setor.<\/span><\/p>\n<h2><b>Para que uma cuba serve al\u00e9m da lavagem?<\/b><\/h2>\n<p><span style=\"font-weight: 400;\">A cuba n\u00e3o serve apenas para lavar lou\u00e7as. Ela pode separar tarefas e organizar etapas que n\u00e3o devem ocorrer no mesmo ponto ao mesmo tempo.<\/span><\/p>\n<p><span style=\"font-weight: 400;\">Uma esta\u00e7\u00e3o pode ser destinada \u00e0 higieniza\u00e7\u00e3o de vegetais. Outra pode receber panelas, assadeiras e utens\u00edlios usados na coc\u00e7\u00e3o.<\/span><\/p>\n<p><span style=\"font-weight: 400;\">Tamb\u00e9m existem cubas usadas para descongelamento controlado, apoio no pr\u00e9-preparo ou lavagem de equipamentos menores, conforme o procedimento do estabelecimento.<\/span><\/p>\n<p><span style=\"font-weight: 400;\">Em padarias, a cuba pode atender formas, batedores e recipientes usados com massas e recheios. Sorveterias precisam lavar cubas menores, esp\u00e1tulas e utens\u00edlios com res\u00edduos a\u00e7ucarados.<\/span><\/p>\n<p><b>A fun\u00e7\u00e3o definida para cada cuba ajuda a reduzir o cruzamento entre alimentos, utens\u00edlios sujos e materiais j\u00e1 higienizados.<\/b><\/p>\n<p><span style=\"font-weight: 400;\">Por isso, o projeto deve mapear as tarefas antes de escolher o n\u00famero de compartimentos.<\/span><\/p>\n<h2><b>Como as cubas organizam o fluxo da cozinha?<\/b><\/h2>\n<p><span style=\"font-weight: 400;\">O fluxo da cozinha deve evitar que alimentos crus, utens\u00edlios sujos e prepara\u00e7\u00f5es prontas percorram os mesmos caminhos.<\/span><\/p>\n<p><span style=\"font-weight: 400;\">A posi\u00e7\u00e3o da cuba interfere nessa organiza\u00e7\u00e3o. Uma esta\u00e7\u00e3o de lavagem instalada no meio da \u00e1rea de montagem pode gerar cruzamentos e respingos.<\/span><\/p>\n<p><span style=\"font-weight: 400;\">J\u00e1 uma cuba de preparo precisa ficar pr\u00f3xima \u00e0s bancadas e aos utens\u00edlios usados naquela atividade. Dist\u00e2ncias excessivas aumentam os deslocamentos da equipe.<\/span><\/p>\n<p><span style=\"font-weight: 400;\">O projeto tamb\u00e9m deve prever \u00e1rea para entrada e sa\u00edda dos itens. Uma cuba sem bancada lateral obriga o funcion\u00e1rio a apoiar recipientes em locais improvisados.<\/span><\/p>\n<p><span style=\"font-weight: 400;\">Em cozinhas de maior volume, pode ser necess\u00e1rio separar recebimento, pr\u00e9-lavagem, higieniza\u00e7\u00e3o e lavagem final.<\/span><\/p>\n<p><b>A cuba deve fazer parte do fluxo, e n\u00e3o ocupar apenas o espa\u00e7o que sobrou no layout.<\/b><\/p>\n<p><span style=\"font-weight: 400;\">Uma an\u00e1lise da rotina ajuda a definir localiza\u00e7\u00e3o, quantidade e largura das \u00e1reas de apoio.<\/span><\/p>\n<h2><b>Cuba simples, dupla ou com mais compartimentos?<\/b><\/h2>\n<p><span style=\"font-weight: 400;\">A cuba simples possui um \u00fanico compartimento. Ela pode atender opera\u00e7\u00f5es menores, esta\u00e7\u00f5es espec\u00edficas ou locais com pouco volume de utens\u00edlios.<\/span><\/p>\n<p><span style=\"font-weight: 400;\">A cuba dupla permite separar tarefas. Um lado pode ser usado para lavagem, enquanto o outro recebe enx\u00e1gue ou apoio, conforme os procedimentos internos.<\/span><\/p>\n<p><span style=\"font-weight: 400;\">Modelos com tr\u00eas compartimentos podem atender opera\u00e7\u00f5es que precisam dividir etapas com maior clareza. Por\u00e9m, a quantidade ideal depende do volume, do card\u00e1pio e das exig\u00eancias sanit\u00e1rias locais.<\/span><\/p>\n<p><span style=\"font-weight: 400;\">A escolha n\u00e3o deve ser feita apenas pelo porte aparente do estabelecimento. Uma pequena confeitaria pode lavar muitos utens\u00edlios durante o dia.<\/span><\/p>\n<p><span style=\"font-weight: 400;\">Da mesma forma, um restaurante com equipamentos de lavagem autom\u00e1tica pode precisar de cubas manuais apenas em pontos espec\u00edficos.<\/span><\/p>\n<p><b>Mais compartimentos n\u00e3o significam, por si s\u00f3, uma opera\u00e7\u00e3o mais eficiente.<\/b><span style=\"font-weight: 400;\"> Eles precisam ter fun\u00e7\u00e3o clara e espa\u00e7o suficiente para uso.<\/span><\/p>\n<h2><b>Como escolher o tamanho da cuba?<\/b><\/h2>\n<p><span style=\"font-weight: 400;\">O tamanho deve acompanhar os maiores utens\u00edlios lavados na esta\u00e7\u00e3o. Panelas, assadeiras e caixas n\u00e3o podem ficar apoiadas de forma inst\u00e1vel sobre as bordas.<\/span><\/p>\n<p><span style=\"font-weight: 400;\">Uma cuba estreita aumenta respingos e dificulta a movimenta\u00e7\u00e3o. Por outro lado, um compartimento muito grande consome espa\u00e7o e \u00e1gua sem necessidade.<\/span><\/p>\n<p><span style=\"font-weight: 400;\">A largura da bancada tamb\u00e9m precisa ser considerada. Cubas profundas instaladas em tampos estreitos podem deixar pouco espa\u00e7o para torneiras e acess\u00f3rios.<\/span><\/p>\n<p><span style=\"font-weight: 400;\">O comprimento deve permitir movimentar os utens\u00edlios sem bater nas laterais. J\u00e1 a \u00e1rea ao redor precisa receber recipientes antes e depois da lavagem.<\/span><\/p>\n<p><span style=\"font-weight: 400;\">Antes de definir as medidas, conv\u00e9m levantar:<\/span><\/p>\n<ul>\n<li style=\"font-weight: 400;\" aria-level=\"1\"><b>Maior utens\u00edlio usado:<\/b><span style=\"font-weight: 400;\"> panelas, formas, bandejas e recipientes precisam caber no compartimento sem posi\u00e7\u00f5es improvisadas.<\/span><\/li>\n<li style=\"font-weight: 400;\" aria-level=\"1\"><b>Volume di\u00e1rio de lavagem:<\/b><span style=\"font-weight: 400;\"> opera\u00e7\u00f5es intensas exigem espa\u00e7o para evitar filas e ac\u00famulo de utens\u00edlios.<\/span><\/li>\n<li style=\"font-weight: 400;\" aria-level=\"1\"><b>\u00c1rea de apoio dispon\u00edvel:<\/b><span style=\"font-weight: 400;\"> a cuba n\u00e3o deve ocupar todo o tampo e eliminar as zonas de entrada e sa\u00edda.<\/span><\/li>\n<li style=\"font-weight: 400;\" aria-level=\"1\"><b>Espa\u00e7o de circula\u00e7\u00e3o:<\/b><span style=\"font-weight: 400;\"> portas, corredores e equipamentos pr\u00f3ximos precisam permanecer acess\u00edveis.<\/span><\/li>\n<\/ul>\n<p><span style=\"font-weight: 400;\">As medidas finais devem ser conferidas no local depois que paredes e instala\u00e7\u00f5es estiverem definidas.<\/span><\/p>\n<h2><b>Qual profundidade funciona melhor?<\/b><\/h2>\n<p><span style=\"font-weight: 400;\">Cubas mais profundas reduzem parte dos respingos e recebem panelas maiores. Entretanto, podem exigir esfor\u00e7o adicional para alcan\u00e7ar o fundo.<\/span><\/p>\n<p><span style=\"font-weight: 400;\">Uma profundidade inadequada provoca posturas desconfort\u00e1veis. Funcion\u00e1rios baixos podem precisar se inclinar demais, enquanto pessoas altas podem trabalhar com os bra\u00e7os em posi\u00e7\u00e3o desfavor\u00e1vel.<\/span><\/p>\n<p><span style=\"font-weight: 400;\">A altura da bancada tamb\u00e9m interfere. Por isso, profundidade e altura devem ser avaliadas juntas.<\/span><\/p>\n<p><span style=\"font-weight: 400;\">Cubas rasas atendem utens\u00edlios pequenos e tarefas r\u00e1pidas. Por\u00e9m, tendem a espalhar mais \u00e1gua quando recebem pe\u00e7as volumosas.<\/span><\/p>\n<p><span style=\"font-weight: 400;\">Em \u00e1reas de lavagem pesada, uma profundidade maior costuma ser \u00fatil. J\u00e1 esta\u00e7\u00f5es de preparo podem funcionar com compartimentos menores.<\/span><\/p>\n<p><b>A cuba precisa comportar a atividade sem obrigar a equipe a adotar movimentos repetitivos ou posturas for\u00e7adas.<\/b><\/p>\n<p><span style=\"font-weight: 400;\">O projeto pode prever diferentes profundidades dentro da mesma cozinha.<\/span><\/p>\n<h2><b>Qual tipo de inox usar nas cubas?<\/b><\/h2>\n<p><span style=\"font-weight: 400;\">O inox 304 costuma ser escolhido para cubas expostas continuamente \u00e0 \u00e1gua, detergentes e res\u00edduos de alimentos.<\/span><\/p>\n<p><span style=\"font-weight: 400;\">Sua composi\u00e7\u00e3o apresenta boa resist\u00eancia \u00e0 corros\u00e3o em muitas condi\u00e7\u00f5es encontradas no food service. Al\u00e9m disso, permite estampagem e soldagem de pe\u00e7as.<\/span><\/p>\n<p><span style=\"font-weight: 400;\">O inox 430 pode atender pain\u00e9is externos e partes menos expostas \u00e0 umidade. Por\u00e9m, n\u00e3o costuma ser a primeira escolha para compartimentos lavados durante todo o expediente.<\/span><\/p>\n<p><span style=\"font-weight: 400;\">A indica\u00e7\u00e3o depende tamb\u00e9m dos produtos usados na higieniza\u00e7\u00e3o. Saneantes clorados podem causar manchas at\u00e9 no inox 304 quando permanecem sobre a superf\u00edcie.<\/span><\/p>\n<p><span style=\"font-weight: 400;\">Our content about<\/span><a href=\"https:\/\/www.grupoacocearense.com.br\/en\/aco-inox-para-alimentos-por-que-e-tao-usado-nesse-setor\/\"> <span style=\"font-weight: 400;\">food-grade stainless steel<\/span><\/a><span style=\"font-weight: 400;\"> apresenta crit\u00e9rios ligados ao contato com \u00e1gua, alimentos e limpeza.<\/span><\/p>\n<p><b>A apar\u00eancia n\u00e3o confirma a liga do a\u00e7o inox.<\/b><span style=\"font-weight: 400;\"> Certificados, especifica\u00e7\u00f5es e documentos do fabricante oferecem uma identifica\u00e7\u00e3o mais segura.<\/span><\/p>\n<h2><b>Como a espessura interfere no desempenho?<\/b><\/h2>\n<p><span style=\"font-weight: 400;\">A espessura da chapa influencia rigidez, resist\u00eancia a impactos e estabilidade do compartimento.<\/span><\/p>\n<p><span style=\"font-weight: 400;\">Uma chapa muito fina pode vibrar, amassar ou deformar com panelas e utens\u00edlios pesados. O problema aumenta quando a cuba n\u00e3o possui apoio inferior.<\/span><\/p>\n<p><span style=\"font-weight: 400;\">J\u00e1 uma chapa mais grossa eleva o peso e o custo. Ela tamb\u00e9m n\u00e3o corrige uma estrutura mal dimensionada.<\/span><\/p>\n<p><span style=\"font-weight: 400;\">Dobras, bordas e refor\u00e7os ajudam a distribuir os esfor\u00e7os. Por isso, o desempenho n\u00e3o depende apenas da espessura nominal.<\/span><\/p>\n<p><span style=\"font-weight: 400;\">Cubas muito grandes podem precisar de travessas, suportes ou bases pr\u00f3prias. A regi\u00e3o do ralo tamb\u00e9m deve resistir ao peso da \u00e1gua e dos utens\u00edlios.<\/span><\/p>\n<p><b>Chapa, geometria e estrutura de apoio devem ser definidas como um \u00fanico sistema.<\/b><\/p>\n<p><span style=\"font-weight: 400;\">O fabricante precisa avaliar tamanho, profundidade, carga e forma de instala\u00e7\u00e3o antes de indicar a espessura.<\/span><\/p>\n<h2><b>Cuba embutida, de sobrepor ou soldada?<\/b><\/h2>\n<p><span style=\"font-weight: 400;\">A cuba embutida \u00e9 instalada em um recorte da bancada. Dependendo do modelo, sua borda pode ficar abaixo ou alinhada ao tampo.<\/span><\/p>\n<p><span style=\"font-weight: 400;\">A cuba de sobrepor apoia sua borda sobre a superf\u00edcie. Esse formato facilita algumas instala\u00e7\u00f5es, mas cria uma jun\u00e7\u00e3o ao redor do compartimento.<\/span><\/p>\n<p><span style=\"font-weight: 400;\">J\u00e1 a cuba soldada \u00e9 integrada diretamente a uma bancada de inox. A uni\u00e3o pode formar uma superf\u00edcie cont\u00ednua quando recebe acabamento correto.<\/span><\/p>\n<p><span style=\"font-weight: 400;\">Cada sistema possui necessidades pr\u00f3prias:<\/span><\/p>\n<ul>\n<li style=\"font-weight: 400;\" aria-level=\"1\"><b>Embutida:<\/b><span style=\"font-weight: 400;\"> exige recorte preciso, apoio adequado e veda\u00e7\u00e3o compat\u00edvel com o material da bancada.<\/span><\/li>\n<li style=\"font-weight: 400;\" aria-level=\"1\"><b>Sobreposta:<\/b><span style=\"font-weight: 400;\"> depende da conserva\u00e7\u00e3o da borda e do selante para impedir a entrada de \u00e1gua e res\u00edduos.<\/span><\/li>\n<li style=\"font-weight: 400;\" aria-level=\"1\"><b>Soldada:<\/b><span style=\"font-weight: 400;\"> reduz jun\u00e7\u00f5es abertas, mas exige soldagem e acabamento executados por profissionais preparados.<\/span><\/li>\n<\/ul>\n<p><b>A instala\u00e7\u00e3o soldada costuma ser interessante em \u00e1reas com lavagem frequente, pois reduz a quantidade de encontros vedados.<\/b><\/p>\n<p><span style=\"font-weight: 400;\">Ainda assim, uma solda \u00e1spera ou porosa tamb\u00e9m dificulta a higieniza\u00e7\u00e3o.<\/span><\/p>\n<h2><b>Como integrar a cuba \u00e0 bancada?<\/b><\/h2>\n<p><span style=\"font-weight: 400;\">A integra\u00e7\u00e3o deve evitar degraus, frestas e pontos onde a \u00e1gua permane\u00e7a acumulada.<\/span><\/p>\n<p><span style=\"font-weight: 400;\">Nas bancadas de inox, a cuba pode ser soldada ao tampo. Espelhos traseiros e \u00e1reas de escorrimento tamb\u00e9m podem fazer parte do conjunto.<\/span><\/p>\n<p><span style=\"font-weight: 400;\">O caimento da superf\u00edcie deve conduzir l\u00edquidos para o compartimento ou para o sistema de drenagem. Tampos totalmente planos podem formar po\u00e7as.<\/span><\/p>\n<p><span style=\"font-weight: 400;\">Em bancadas de pedra, a cuba precisa de recorte, fixa\u00e7\u00e3o e veda\u00e7\u00e3o. Esses encontros exigem inspe\u00e7\u00f5es peri\u00f3dicas.<\/span><\/p>\n<p><span style=\"font-weight: 400;\">A posi\u00e7\u00e3o tamb\u00e9m deve preservar a estrutura do tampo. Recortes muito pr\u00f3ximos das bordas podem enfraquecer a bancada.<\/span><\/p>\n<p><span style=\"font-weight: 400;\">Our article about the<\/span><a href=\"https:\/\/www.grupoacocearense.com.br\/en\/8-vantagens-das-chapas-de-aco-inox\/\"> <span style=\"font-weight: 400;\">vantagens das chapas de a\u00e7o inox<\/span><\/a><span style=\"font-weight: 400;\"> mostra como o material pode ser transformado para diferentes equipamentos.<\/span><\/p>\n<p><b>A transi\u00e7\u00e3o entre cuba e bancada precisa permitir que a equipe limpe toda a superf\u00edcie sem obst\u00e1culos.<\/b><\/p>\n<h2><b>Como escolher torneiras e acess\u00f3rios?<\/b><\/h2>\n<p><span style=\"font-weight: 400;\">A torneira deve alcan\u00e7ar todas as regi\u00f5es da cuba sem lan\u00e7ar \u00e1gua para fora. Altura, comprimento da bica e \u00e2ngulo de movimenta\u00e7\u00e3o precisam acompanhar o compartimento.<\/span><\/p>\n<p><span style=\"font-weight: 400;\">Modelos com ducha facilitam a lavagem de pe\u00e7as grandes. Por\u00e9m, a press\u00e3o da \u00e1gua precisa ser controlada para reduzir respingos.<\/span><\/p>\n<p><span style=\"font-weight: 400;\">A instala\u00e7\u00e3o tamb\u00e9m deve prever manuten\u00e7\u00e3o. Registros, conex\u00f5es e mangueiras precisam ficar acess\u00edveis.<\/span><\/p>\n<p><span style=\"font-weight: 400;\">Dosadores, escorredores e prateleiras n\u00e3o podem bloquear a movimenta\u00e7\u00e3o dos utens\u00edlios. Acess\u00f3rios mal posicionados tornam a esta\u00e7\u00e3o mais lenta.<\/span><\/p>\n<p><span style=\"font-weight: 400;\">O ponto de \u00e1gua deve respeitar a altura da bancada e o tipo de instala\u00e7\u00e3o. Perfura\u00e7\u00f5es feitas depois da montagem podem danificar o tampo.<\/span><\/p>\n<p><b>Torneira e cuba devem ser escolhidas juntas.<\/b><span style=\"font-weight: 400;\"> Um componente incompat\u00edvel pode limitar o uso de toda a esta\u00e7\u00e3o.<\/span><\/p>\n<h2><b>Por que o sistema de drenagem merece aten\u00e7\u00e3o?<\/b><\/h2>\n<p><span style=\"font-weight: 400;\">O ralo precisa escoar a \u00e1gua sem criar regi\u00f5es de reten\u00e7\u00e3o no fundo. O desenho da cuba deve direcionar o l\u00edquido para a sa\u00edda.<\/span><\/p>\n<p><span style=\"font-weight: 400;\">Tubula\u00e7\u00f5es subdimensionadas ou com pouca inclina\u00e7\u00e3o tornam o escoamento lento. Res\u00edduos podem se acumular e gerar odores.<\/span><\/p>\n<p><span style=\"font-weight: 400;\">A cesta coletora ajuda a impedir que part\u00edculas maiores entrem na rede. Ela deve ser f\u00e1cil de remover e limpar.<\/span><\/p>\n<p><span style=\"font-weight: 400;\">O sif\u00e3o tamb\u00e9m precisa permanecer acess\u00edvel. Vazamentos escondidos sob a bancada podem atingir a estrutura e o piso.<\/span><\/p>\n<p><span style=\"font-weight: 400;\">Em opera\u00e7\u00f5es com gordura, a instala\u00e7\u00e3o deve seguir o projeto hidr\u00e1ulico e as exig\u00eancias aplic\u00e1veis ao estabelecimento.<\/span><\/p>\n<p><b>Uma cuba com boa superf\u00edcie perde efici\u00eancia quando o escoamento \u00e9 lento ou dif\u00edcil de limpar.<\/b><\/p>\n<p><span style=\"font-weight: 400;\">A inspe\u00e7\u00e3o deve incluir veda\u00e7\u00e3o, ralo, sif\u00e3o e tubula\u00e7\u00f5es pr\u00f3ximas.<\/span><\/p>\n<h2><b>Como as cubas apoiam a seguran\u00e7a alimentar?<\/b><\/h2>\n<p><span style=\"font-weight: 400;\">THE<\/span><a href=\"https:\/\/bvsms.saude.gov.br\/bvs\/saudelegis\/anvisa\/2004\/res0216_15_09_2004.html\"> <span style=\"font-weight: 400;\">RDC No. 216 of Anvisa<\/span><\/a><span style=\"font-weight: 400;\"> estabelece requisitos de boas pr\u00e1ticas para servi\u00e7os de alimenta\u00e7\u00e3o.<\/span><\/p>\n<p><span style=\"font-weight: 400;\">Equipamentos, m\u00f3veis e utens\u00edlios em contato com alimentos precisam usar materiais que n\u00e3o transmitam subst\u00e2ncias indesej\u00e1veis. As superf\u00edcies tamb\u00e9m devem permanecer lisas, imperme\u00e1veis, lav\u00e1veis e conservadas.<\/span><\/p>\n<p><span style=\"font-weight: 400;\">O inox pode atender esses requisitos quando a liga, a fabrica\u00e7\u00e3o e a manuten\u00e7\u00e3o s\u00e3o adequadas.<\/span><\/p>\n<p><span style=\"font-weight: 400;\">Entretanto, a cuba n\u00e3o garante higiene sozinha. A equipe precisa seguir procedimentos de limpeza e separar as atividades conforme o risco.<\/span><\/p>\n<p><span style=\"font-weight: 400;\">Utens\u00edlios muito sujos n\u00e3o devem ocupar uma esta\u00e7\u00e3o destinada ao preparo de alimentos sem a higieniza\u00e7\u00e3o necess\u00e1ria entre as tarefas.<\/span><\/p>\n<p><b>A separa\u00e7\u00e3o de fun\u00e7\u00f5es reduz o risco de levar res\u00edduos de uma etapa para outra.<\/b><\/p>\n<p><span style=\"font-weight: 400;\">As regras locais podem complementar os requisitos nacionais. Por isso, o projeto deve considerar a vigil\u00e2ncia sanit\u00e1ria respons\u00e1vel pelo munic\u00edpio.<\/span><\/p>\n<h2><b>Onde usar cubas em restaurantes e lanchonetes?<\/b><\/h2>\n<p><span style=\"font-weight: 400;\">Restaurantes costumam precisar de pontos distintos para alimentos, utens\u00edlios e panelas. O n\u00famero depende do porte e do m\u00e9todo de produ\u00e7\u00e3o.<\/span><\/p>\n<p><span style=\"font-weight: 400;\">Na \u00e1rea de pr\u00e9-preparo, a cuba pode atender hortali\u00e7as e recipientes usados antes da coc\u00e7\u00e3o. J\u00e1 a lavagem pesada precisa de espa\u00e7o para panelas e assadeiras.<\/span><\/p>\n<p><span style=\"font-weight: 400;\">Lanchonetes trabalham com utens\u00edlios menores, mas podem concentrar alto volume em hor\u00e1rios de pico. Uma cuba pequena pode criar filas e desorganizar a opera\u00e7\u00e3o.<\/span><\/p>\n<p><span style=\"font-weight: 400;\">\u00c1reas de atendimento tamb\u00e9m podem receber compartimentos para limpeza r\u00e1pida de acess\u00f3rios, desde que isso n\u00e3o interfira no contato com o cliente.<\/span><\/p>\n<p><span style=\"font-weight: 400;\">A instala\u00e7\u00e3o precisa evitar respingos sobre alimentos expostos, embalagens e equipamentos el\u00e9tricos.<\/span><\/p>\n<p><b>A proximidade entre a cuba e a tarefa reduz deslocamentos, mas deve preservar a separa\u00e7\u00e3o entre itens limpos e sujos.<\/b><\/p>\n<h2><b>Como padarias e confeitarias usam as cubas?<\/b><\/h2>\n<p><span style=\"font-weight: 400;\">Padarias e confeitarias lavam formas, batedores, tigelas e utens\u00edlios cobertos por massas, gorduras e recheios.<\/span><\/p>\n<p><span style=\"font-weight: 400;\">Esses materiais podem aderir \u00e0s superf\u00edcies e exigir mais tempo de lavagem. Uma cuba profunda facilita o manuseio de formas grandes.<\/span><\/p>\n<p><span style=\"font-weight: 400;\">\u00c1reas de confeitaria tamb\u00e9m precisam de compartimentos para frutas, recipientes e ferramentas menores. A separa\u00e7\u00e3o evita misturar res\u00edduos de tarefas distintas.<\/span><\/p>\n<p><span style=\"font-weight: 400;\">A bancada lateral deve receber os itens antes e depois da higieniza\u00e7\u00e3o. Sem esse apoio, formas molhadas podem bloquear corredores.<\/span><\/p>\n<p><span style=\"font-weight: 400;\">A temperatura da \u00e1gua e os produtos de limpeza devem acompanhar os res\u00edduos presentes. Por\u00e9m, o uso de qu\u00edmicos precisa respeitar as orienta\u00e7\u00f5es dos fabricantes.<\/span><\/p>\n<p><b>O tamanho da cuba deve considerar as maiores assadeiras usadas no estabelecimento, n\u00e3o apenas tigelas e utens\u00edlios pequenos.<\/b><\/p>\n<h2><b>O que muda em sorveterias?<\/b><\/h2>\n<p><span style=\"font-weight: 400;\">Sorveterias lidam com res\u00edduos de leite, frutas, caldas e a\u00e7\u00facar. Esses ingredientes secam e aderem aos utens\u00edlios quando n\u00e3o s\u00e3o removidos logo.<\/span><\/p>\n<p><span style=\"font-weight: 400;\">Cubas e esp\u00e1tulas usadas na exposi\u00e7\u00e3o precisam seguir um fluxo de lavagem definido. A esta\u00e7\u00e3o tamb\u00e9m pode atender pe\u00e7as de m\u00e1quinas desmontadas para limpeza.<\/span><\/p>\n<p><span style=\"font-weight: 400;\">O ambiente costuma reunir equipamentos refrigerados e condensa\u00e7\u00e3o. Por isso, a escolha da liga e das fixa\u00e7\u00f5es deve considerar a umidade.<\/span><\/p>\n<p><span style=\"font-weight: 400;\">Cubas pr\u00f3ximas ao atendimento precisam evitar respingos sobre vitrines e balc\u00f5es. A posi\u00e7\u00e3o da torneira merece cuidado adicional.<\/span><\/p>\n<p><span style=\"font-weight: 400;\">Our content about<\/span><a href=\"https:\/\/www.grupoacocearense.com.br\/en\/confira-4-aplicacoes-do-aco-inox\/\"> <span style=\"font-weight: 400;\">stainless steel applications<\/span><\/a><span style=\"font-weight: 400;\"> apresenta outros usos em equipamentos e ambientes comerciais.<\/span><\/p>\n<p><b>Uma cuba compacta pode atender uma sorveteria pequena, desde que comporte todas as pe\u00e7as lavadas naquela esta\u00e7\u00e3o.<\/b><\/p>\n<h2><b>Quais erros prejudicam o uso das cubas?<\/b><\/h2>\n<p><span style=\"font-weight: 400;\">Um erro frequente \u00e9 escolher a cuba apenas pela largura dispon\u00edvel. Esse crit\u00e9rio ignora utens\u00edlios, profundidade e volume de trabalho.<\/span><\/p>\n<p><span style=\"font-weight: 400;\">Outro problema \u00e9 instalar o compartimento sem espa\u00e7o de apoio. A equipe acaba colocando itens sujos e limpos no mesmo ponto.<\/span><\/p>\n<p><span style=\"font-weight: 400;\">Bordas e soldas mal acabadas tamb\u00e9m dificultam a limpeza. Selantes deteriorados acumulam \u00e1gua e res\u00edduos ao redor da instala\u00e7\u00e3o.<\/span><\/p>\n<p><span style=\"font-weight: 400;\">A falta de caimento mant\u00e9m l\u00edquidos no fundo. J\u00e1 ralos pequenos deixam o escoamento lento.<\/span><\/p>\n<p><span style=\"font-weight: 400;\">Torneiras muito altas ou curtas aumentam respingos. Cubas profundas instaladas em bancadas elevadas prejudicam a postura.<\/span><\/p>\n<p><span style=\"font-weight: 400;\">Por fim, o uso de ligas inadequadas pode gerar manchas e corros\u00e3o precoce.<\/span><\/p>\n<p><b>Boa parte dos problemas come\u00e7a quando cuba, bancada, torneira e drenagem s\u00e3o compradas separadamente, sem um projeto comum.<\/b><\/p>\n<h2><b>Como limpar cubas de inox?<\/b><\/h2>\n<p><span style=\"font-weight: 400;\">A limpeza di\u00e1ria deve remover gordura, alimentos e produtos qu\u00edmicos. Detergentes neutros atendem muitas situa\u00e7\u00f5es.<\/span><\/p>\n<p><span style=\"font-weight: 400;\">Esponjas macias ajudam a preservar a superf\u00edcie. Palhas de a\u00e7o carbono n\u00e3o devem ser usadas, pois transferem part\u00edculas que podem oxidar.<\/span><\/p>\n<p><span style=\"font-weight: 400;\">Produtos com cloro exigem cuidado. A perman\u00eancia sobre o inox pode causar manchas ou corros\u00e3o localizada.<\/span><\/p>\n<p><span style=\"font-weight: 400;\">Depois da higieniza\u00e7\u00e3o, a superf\u00edcie deve ser enxaguada. A secagem reduz marcas de \u00e1gua e ac\u00famulo de minerais.<\/span><\/p>\n<p><span style=\"font-weight: 400;\">O ralo, a cesta e o sif\u00e3o tamb\u00e9m fazem parte da rotina. Limpar apenas as paredes da cuba n\u00e3o resolve res\u00edduos presos na drenagem.<\/span><\/p>\n<p><b>A equipe deve seguir as orienta\u00e7\u00f5es do fabricante do equipamento e dos saneantes utilizados.<\/b><\/p>\n<p><span style=\"font-weight: 400;\">Riscos profundos, soldas abertas e vazamentos precisam ser corrigidos assim que forem identificados.<\/span><\/p>\n<h2><b>O que conferir antes da compra?<\/b><\/h2>\n<p><span style=\"font-weight: 400;\">A especifica\u00e7\u00e3o deve registrar todas as informa\u00e7\u00f5es necess\u00e1rias para comparar propostas equivalentes.<\/span><\/p>\n<p><span style=\"font-weight: 400;\">Os principais dados incluem:<\/span><\/p>\n<ul>\n<li style=\"font-weight: 400;\" aria-level=\"1\"><b>Quantidade de compartimentos:<\/b><span style=\"font-weight: 400;\"> precisa acompanhar as etapas que ser\u00e3o separadas dentro da cozinha.<\/span><\/li>\n<li style=\"font-weight: 400;\" aria-level=\"1\"><b>Dimens\u00f5es e profundidade:<\/b><span style=\"font-weight: 400;\"> devem comportar os maiores utens\u00edlios e respeitar a postura da equipe.<\/span><\/li>\n<li style=\"font-weight: 400;\" aria-level=\"1\"><b>Tipo de inox:<\/b><span style=\"font-weight: 400;\"> a liga precisa atender \u00e0 umidade, aos alimentos e aos produtos de limpeza.<\/span><\/li>\n<li style=\"font-weight: 400;\" aria-level=\"1\"><b>Espessura e refor\u00e7os:<\/b><span style=\"font-weight: 400;\"> devem suportar \u00e1gua, utens\u00edlios e impactos sem deforma\u00e7\u00f5es excessivas.<\/span><\/li>\n<li style=\"font-weight: 400;\" aria-level=\"1\"><b>Tipo de instala\u00e7\u00e3o:<\/b><span style=\"font-weight: 400;\"> embutida, sobreposta ou soldada exige prepara\u00e7\u00e3o diferente da bancada.<\/span><\/li>\n<li style=\"font-weight: 400;\" aria-level=\"1\"><b>Drenagem e acess\u00f3rios:<\/b><span style=\"font-weight: 400;\"> ralo, sif\u00e3o, torneira e \u00e1reas de apoio precisam ser compat\u00edveis.<\/span><\/li>\n<\/ul>\n<p><span style=\"font-weight: 400;\">A confer\u00eancia das medidas deve ocorrer no local. Pequenas diferen\u00e7as podem impedir a instala\u00e7\u00e3o do conjunto.<\/span><\/p>\n<h2><b>Escolha inox para fabricar cubas profissionais<\/b><\/h2>\n<p><span style=\"font-weight: 400;\">Cubas de inox ajudam a organizar lavagem, preparo e higieniza\u00e7\u00e3o em diferentes opera\u00e7\u00f5es de food service. O resultado depende da liga, das dimens\u00f5es e da integra\u00e7\u00e3o com a bancada.<\/span><\/p>\n<p><span style=\"font-weight: 400;\">Na A\u00e7o Cearense Comercial, distribu\u00edmos chapas, bobinas e outros produtos em inox para fabricantes de m\u00f3veis e equipamentos profissionais.<\/span><\/p>\n<p><span style=\"font-weight: 400;\">See formats and specifications at<\/span><a href=\"https:\/\/conteudos.grupoacocearense.com.br\/baixe-nosso-catalogo\"> <span style=\"font-weight: 400;\">our product catalog<\/span><\/a><span style=\"font-weight: 400;\"> e compare materiais para seu projeto.<\/span><\/p>\n<h2><b>Perguntas frequentes sobre cubas de inox<\/b><\/h2>\n<h3><b>Cuba simples ou dupla: qual escolher para restaurante?<\/b><\/h3>\n<p><span style=\"font-weight: 400;\">A decis\u00e3o depende das tarefas realizadas na esta\u00e7\u00e3o. Uma cuba dupla facilita a separa\u00e7\u00e3o de etapas, enquanto a simples pode atender pontos espec\u00edficos ou opera\u00e7\u00f5es menores.<\/span><\/p>\n<h3><b>Qual profundidade \u00e9 indicada para cozinhas profissionais?<\/b><\/h3>\n<p><span style=\"font-weight: 400;\">N\u00e3o existe uma medida \u00fanica. A profundidade deve comportar os utens\u00edlios e manter uma altura de trabalho confort\u00e1vel para a equipe.<\/span><\/p>\n<h3><b>Como evitar manchas em cubas de inox?<\/b><\/h3>\n<p><span style=\"font-weight: 400;\">Remova res\u00edduos, enx\u00e1gue produtos qu\u00edmicos e evite palhas de a\u00e7o carbono. Produtos com cloro devem seguir a dilui\u00e7\u00e3o e o tempo de contato indicados.<\/span><\/p>\n<h3><b>Cubas de inox podem ser usadas em \u00e1reas de atendimento?<\/b><\/h3>\n<p><span style=\"font-weight: 400;\">Sim, desde que a instala\u00e7\u00e3o n\u00e3o gere respingos sobre alimentos, clientes ou equipamentos. O desenho tamb\u00e9m deve combinar com o fluxo do atendimento.<\/span><\/p>\n<h3><b>Qual \u00e9 a diferen\u00e7a entre cuba embutida, de sobrepor e soldada?<\/b><\/h3>\n<p><span style=\"font-weight: 400;\">A embutida fica encaixada em um recorte, enquanto a de sobrepor apoia a borda sobre o tampo. A soldada \u00e9 integrada diretamente \u00e0 bancada de inox.<\/span><\/p>\n<h3><b>\u00c9 poss\u00edvel trocar uma cuba soldada?<\/b><\/h3>\n<p><span style=\"font-weight: 400;\">Sim, mas o servi\u00e7o exige corte, ajuste e nova soldagem. Um profissional deve avaliar se a troca preservar\u00e1 a bancada existente.<\/span><\/p>\n<h3><b>A cuba pode receber \u00e1gua muito quente?<\/b><\/h3>\n<p><span style=\"font-weight: 400;\">Pode, quando liga, espessura, veda\u00e7\u00e3o e tubula\u00e7\u00f5es s\u00e3o compat\u00edveis com a temperatura. O projeto deve considerar varia\u00e7\u00f5es t\u00e9rmicas e seguran\u00e7a da equipe.<\/span><\/p>","protected":false},"excerpt":{"rendered":"<p>Stainless steel tanks organize washing, preparation, and sanitizing stages in restaurants, bakeries, ice cream parlors, etc.<\/p>","protected":false},"author":8,"featured_media":23054,"comment_status":"open","ping_status":"open","sticky":false,"template":"","format":"standard","meta":{"_acf_changed":false,"inline_featured_image":false,"footnotes":""},"categories":[6],"tags":[],"class_list":["post-23053","post","type-post","status-publish","format-standard","has-post-thumbnail","hentry","category-produtos"],"acf":[],"yoast_head":"<!-- This site is optimized with the Yoast SEO plugin v28.1 - https:\/\/yoast.com\/product\/yoast-seo-wordpress\/ -->\n<title>Cubas de inox em cozinhas profissionais - Grupo A\u00e7o Cearense<\/title>\n<meta name=\"description\" content=\"Entenda por que cubas de inox s\u00e3o usadas em cozinhas profissionais e como escolher tamanho, profundidade e instala\u00e7\u00e3o para cada rotina.\" \/>\n<meta name=\"robots\" content=\"index, follow, max-snippet:-1, max-image-preview:large, max-video-preview:-1\" \/>\n<link rel=\"canonical\" href=\"https:\/\/www.grupoacocearense.com.br\/en\/cubas-de-inox\/\" \/>\n<meta property=\"og:locale\" content=\"en_US\" \/>\n<meta property=\"og:type\" content=\"article\" \/>\n<meta property=\"og:title\" content=\"Cubas de inox em cozinhas profissionais - Grupo A\u00e7o Cearense\" \/>\n<meta property=\"og:description\" content=\"Entenda por que cubas de inox s\u00e3o usadas em cozinhas profissionais e como escolher tamanho, profundidade e instala\u00e7\u00e3o para cada rotina.\" \/>\n<meta property=\"og:url\" content=\"https:\/\/www.grupoacocearense.com.br\/en\/cubas-de-inox\/\" \/>\n<meta property=\"og:site_name\" content=\"Grupo A\u00e7o Cearense\" \/>\n<meta property=\"article:published_time\" content=\"2026-09-04T13:00:22+00:00\" \/>\n<meta property=\"og:image\" content=\"https:\/\/www.grupoacocearense.com.br\/wp-content\/uploads\/2026\/07\/image1-12.png\" \/>\n\t<meta property=\"og:image:width\" content=\"844\" \/>\n\t<meta property=\"og:image:height\" content=\"534\" \/>\n\t<meta property=\"og:image:type\" content=\"image\/png\" \/>\n<meta name=\"author\" content=\"Samuel Faria\" \/>\n<meta name=\"twitter:card\" content=\"summary_large_image\" \/>\n<meta name=\"twitter:label1\" content=\"Written by\" \/>\n\t<meta name=\"twitter:data1\" content=\"Samuel Faria\" \/>\n\t<meta name=\"twitter:label2\" content=\"Est. reading time\" \/>\n\t<meta name=\"twitter:data2\" content=\"17 minutes\" \/>\n<script type=\"application\/ld+json\" class=\"yoast-schema-graph\">{\"@context\":\"https:\\\/\\\/schema.org\",\"@graph\":[{\"@type\":\"Article\",\"@id\":\"https:\\\/\\\/www.grupoacocearense.com.br\\\/cubas-de-inox\\\/#article\",\"isPartOf\":{\"@id\":\"https:\\\/\\\/www.grupoacocearense.com.br\\\/cubas-de-inox\\\/\"},\"author\":{\"name\":\"Samuel Faria\",\"@id\":\"https:\\\/\\\/previews.elleven.digital\\\/acocearense\\\/#\\\/schema\\\/person\\\/7ccebb269b40e44958dadd1a0f2e91db\"},\"headline\":\"Cubas de inox em cozinhas profissionais\",\"datePublished\":\"2026-09-04T13:00:22+00:00\",\"mainEntityOfPage\":{\"@id\":\"https:\\\/\\\/www.grupoacocearense.com.br\\\/cubas-de-inox\\\/\"},\"wordCount\":3349,\"commentCount\":0,\"image\":{\"@id\":\"https:\\\/\\\/www.grupoacocearense.com.br\\\/cubas-de-inox\\\/#primaryimage\"},\"thumbnailUrl\":\"https:\\\/\\\/www.grupoacocearense.com.br\\\/wp-content\\\/uploads\\\/2026\\\/07\\\/image1-12.png\",\"articleSection\":[\"Produtos\"],\"inLanguage\":\"en-US\",\"potentialAction\":[{\"@type\":\"CommentAction\",\"name\":\"Comment\",\"target\":[\"https:\\\/\\\/www.grupoacocearense.com.br\\\/cubas-de-inox\\\/#respond\"]}]},{\"@type\":\"WebPage\",\"@id\":\"https:\\\/\\\/www.grupoacocearense.com.br\\\/cubas-de-inox\\\/\",\"url\":\"https:\\\/\\\/www.grupoacocearense.com.br\\\/cubas-de-inox\\\/\",\"name\":\"Cubas de inox em cozinhas profissionais - Grupo A\u00e7o Cearense\",\"isPartOf\":{\"@id\":\"https:\\\/\\\/previews.elleven.digital\\\/acocearense\\\/#website\"},\"primaryImageOfPage\":{\"@id\":\"https:\\\/\\\/www.grupoacocearense.com.br\\\/cubas-de-inox\\\/#primaryimage\"},\"image\":{\"@id\":\"https:\\\/\\\/www.grupoacocearense.com.br\\\/cubas-de-inox\\\/#primaryimage\"},\"thumbnailUrl\":\"https:\\\/\\\/www.grupoacocearense.com.br\\\/wp-content\\\/uploads\\\/2026\\\/07\\\/image1-12.png\",\"datePublished\":\"2026-09-04T13:00:22+00:00\",\"author\":{\"@id\":\"https:\\\/\\\/previews.elleven.digital\\\/acocearense\\\/#\\\/schema\\\/person\\\/7ccebb269b40e44958dadd1a0f2e91db\"},\"description\":\"Entenda por que cubas de inox s\u00e3o usadas em cozinhas profissionais e como escolher tamanho, profundidade e instala\u00e7\u00e3o para cada rotina.\",\"breadcrumb\":{\"@id\":\"https:\\\/\\\/www.grupoacocearense.com.br\\\/cubas-de-inox\\\/#breadcrumb\"},\"inLanguage\":\"en-US\",\"potentialAction\":[{\"@type\":\"ReadAction\",\"target\":[\"https:\\\/\\\/www.grupoacocearense.com.br\\\/cubas-de-inox\\\/\"]}]},{\"@type\":\"ImageObject\",\"inLanguage\":\"en-US\",\"@id\":\"https:\\\/\\\/www.grupoacocearense.com.br\\\/cubas-de-inox\\\/#primaryimage\",\"url\":\"https:\\\/\\\/www.grupoacocearense.com.br\\\/wp-content\\\/uploads\\\/2026\\\/07\\\/image1-12.png\",\"contentUrl\":\"https:\\\/\\\/www.grupoacocearense.com.br\\\/wp-content\\\/uploads\\\/2026\\\/07\\\/image1-12.png\",\"width\":844,\"height\":534},{\"@type\":\"BreadcrumbList\",\"@id\":\"https:\\\/\\\/www.grupoacocearense.com.br\\\/cubas-de-inox\\\/#breadcrumb\",\"itemListElement\":[{\"@type\":\"ListItem\",\"position\":1,\"name\":\"In\u00edcio\",\"item\":\"https:\\\/\\\/www.grupoacocearense.com.br\\\/\"},{\"@type\":\"ListItem\",\"position\":2,\"name\":\"Cubas de inox em cozinhas profissionais\"}]},{\"@type\":\"WebSite\",\"@id\":\"https:\\\/\\\/previews.elleven.digital\\\/acocearense\\\/#website\",\"url\":\"https:\\\/\\\/previews.elleven.digital\\\/acocearense\\\/\",\"name\":\"A\u00e7o Cearense\",\"description\":\"H\u00e1 mais de 45 anos no mercado brasileiro do a\u00e7o.\",\"alternateName\":\"A\u00e7o Cearense\",\"potentialAction\":[{\"@type\":\"SearchAction\",\"target\":{\"@type\":\"EntryPoint\",\"urlTemplate\":\"https:\\\/\\\/previews.elleven.digital\\\/acocearense\\\/?s={search_term_string}\"},\"query-input\":{\"@type\":\"PropertyValueSpecification\",\"valueRequired\":true,\"valueName\":\"search_term_string\"}}],\"inLanguage\":\"en-US\"},{\"@type\":\"Person\",\"@id\":\"https:\\\/\\\/previews.elleven.digital\\\/acocearense\\\/#\\\/schema\\\/person\\\/7ccebb269b40e44958dadd1a0f2e91db\",\"name\":\"Samuel Faria\",\"image\":{\"@type\":\"ImageObject\",\"inLanguage\":\"en-US\",\"@id\":\"https:\\\/\\\/www.grupoacocearense.com.br\\\/wp-content\\\/litespeed\\\/avatar\\\/cd6447d81354944c4a0ad47fd1bd3e53.jpg?ver=1788300398\",\"url\":\"https:\\\/\\\/www.grupoacocearense.com.br\\\/wp-content\\\/litespeed\\\/avatar\\\/cd6447d81354944c4a0ad47fd1bd3e53.jpg?ver=1788300398\",\"contentUrl\":\"https:\\\/\\\/www.grupoacocearense.com.br\\\/wp-content\\\/litespeed\\\/avatar\\\/cd6447d81354944c4a0ad47fd1bd3e53.jpg?ver=1788300398\",\"caption\":\"Samuel Faria\"},\"url\":\"https:\\\/\\\/www.grupoacocearense.com.br\\\/en\\\/author\\\/samuel-faria\\\/\"}]}<\/script>\n<!-- \/ Yoast SEO plugin. -->","yoast_head_json":{"title":"Cubas de inox em cozinhas profissionais - Grupo A\u00e7o Cearense","description":"Entenda por que cubas de inox s\u00e3o usadas em cozinhas profissionais e como escolher tamanho, profundidade e instala\u00e7\u00e3o para cada rotina.","robots":{"index":"index","follow":"follow","max-snippet":"max-snippet:-1","max-image-preview":"max-image-preview:large","max-video-preview":"max-video-preview:-1"},"canonical":"https:\/\/www.grupoacocearense.com.br\/en\/cubas-de-inox\/","og_locale":"en_US","og_type":"article","og_title":"Cubas de inox em cozinhas profissionais - Grupo A\u00e7o Cearense","og_description":"Entenda por que cubas de inox s\u00e3o usadas em cozinhas profissionais e como escolher tamanho, profundidade e instala\u00e7\u00e3o para cada rotina.","og_url":"https:\/\/www.grupoacocearense.com.br\/en\/cubas-de-inox\/","og_site_name":"Grupo A\u00e7o Cearense","article_published_time":"2026-09-04T13:00:22+00:00","og_image":[{"width":844,"height":534,"url":"https:\/\/www.grupoacocearense.com.br\/wp-content\/uploads\/2026\/07\/image1-12.png","type":"image\/png"}],"author":"Samuel Faria","twitter_card":"summary_large_image","twitter_misc":{"Written by":"Samuel Faria","Est. reading time":"17 minutes"},"schema":{"@context":"https:\/\/schema.org","@graph":[{"@type":"Article","@id":"https:\/\/www.grupoacocearense.com.br\/cubas-de-inox\/#article","isPartOf":{"@id":"https:\/\/www.grupoacocearense.com.br\/cubas-de-inox\/"},"author":{"name":"Samuel Faria","@id":"https:\/\/previews.elleven.digital\/acocearense\/#\/schema\/person\/7ccebb269b40e44958dadd1a0f2e91db"},"headline":"Cubas de inox em cozinhas profissionais","datePublished":"2026-09-04T13:00:22+00:00","mainEntityOfPage":{"@id":"https:\/\/www.grupoacocearense.com.br\/cubas-de-inox\/"},"wordCount":3349,"commentCount":0,"image":{"@id":"https:\/\/www.grupoacocearense.com.br\/cubas-de-inox\/#primaryimage"},"thumbnailUrl":"https:\/\/www.grupoacocearense.com.br\/wp-content\/uploads\/2026\/07\/image1-12.png","articleSection":["Produtos"],"inLanguage":"en-US","potentialAction":[{"@type":"CommentAction","name":"Comment","target":["https:\/\/www.grupoacocearense.com.br\/cubas-de-inox\/#respond"]}]},{"@type":"WebPage","@id":"https:\/\/www.grupoacocearense.com.br\/cubas-de-inox\/","url":"https:\/\/www.grupoacocearense.com.br\/cubas-de-inox\/","name":"Cubas de inox em cozinhas profissionais - Grupo A\u00e7o Cearense","isPartOf":{"@id":"https:\/\/previews.elleven.digital\/acocearense\/#website"},"primaryImageOfPage":{"@id":"https:\/\/www.grupoacocearense.com.br\/cubas-de-inox\/#primaryimage"},"image":{"@id":"https:\/\/www.grupoacocearense.com.br\/cubas-de-inox\/#primaryimage"},"thumbnailUrl":"https:\/\/www.grupoacocearense.com.br\/wp-content\/uploads\/2026\/07\/image1-12.png","datePublished":"2026-09-04T13:00:22+00:00","author":{"@id":"https:\/\/previews.elleven.digital\/acocearense\/#\/schema\/person\/7ccebb269b40e44958dadd1a0f2e91db"},"description":"Entenda por que cubas de inox s\u00e3o usadas em cozinhas profissionais e como escolher tamanho, profundidade e instala\u00e7\u00e3o para cada rotina.","breadcrumb":{"@id":"https:\/\/www.grupoacocearense.com.br\/cubas-de-inox\/#breadcrumb"},"inLanguage":"en-US","potentialAction":[{"@type":"ReadAction","target":["https:\/\/www.grupoacocearense.com.br\/cubas-de-inox\/"]}]},{"@type":"ImageObject","inLanguage":"en-US","@id":"https:\/\/www.grupoacocearense.com.br\/cubas-de-inox\/#primaryimage","url":"https:\/\/www.grupoacocearense.com.br\/wp-content\/uploads\/2026\/07\/image1-12.png","contentUrl":"https:\/\/www.grupoacocearense.com.br\/wp-content\/uploads\/2026\/07\/image1-12.png","width":844,"height":534},{"@type":"BreadcrumbList","@id":"https:\/\/www.grupoacocearense.com.br\/cubas-de-inox\/#breadcrumb","itemListElement":[{"@type":"ListItem","position":1,"name":"In\u00edcio","item":"https:\/\/www.grupoacocearense.com.br\/"},{"@type":"ListItem","position":2,"name":"Cubas de inox em cozinhas profissionais"}]},{"@type":"WebSite","@id":"https:\/\/previews.elleven.digital\/acocearense\/#website","url":"https:\/\/previews.elleven.digital\/acocearense\/","name":"Cear\u00e1 Steel","description":"In the Brazilian steel market for over 45 years.","alternateName":"A\u00e7o Cearense","potentialAction":[{"@type":"SearchAction","target":{"@type":"EntryPoint","urlTemplate":"https:\/\/previews.elleven.digital\/acocearense\/?s={search_term_string}"},"query-input":{"@type":"PropertyValueSpecification","valueRequired":true,"valueName":"search_term_string"}}],"inLanguage":"en-US"},{"@type":"Person","@id":"https:\/\/previews.elleven.digital\/acocearense\/#\/schema\/person\/7ccebb269b40e44958dadd1a0f2e91db","name":"Samuel Faria","image":{"@type":"ImageObject","inLanguage":"en-US","@id":"https:\/\/www.grupoacocearense.com.br\/wp-content\/litespeed\/avatar\/cd6447d81354944c4a0ad47fd1bd3e53.jpg?ver=1788300398","url":"https:\/\/www.grupoacocearense.com.br\/wp-content\/litespeed\/avatar\/cd6447d81354944c4a0ad47fd1bd3e53.jpg?ver=1788300398","contentUrl":"https:\/\/www.grupoacocearense.com.br\/wp-content\/litespeed\/avatar\/cd6447d81354944c4a0ad47fd1bd3e53.jpg?ver=1788300398","caption":"Samuel Faria"},"url":"https:\/\/www.grupoacocearense.com.br\/en\/author\/samuel-faria\/"}]}},"_links":{"self":[{"href":"https:\/\/www.grupoacocearense.com.br\/en\/wp-json\/wp\/v2\/posts\/23053","targetHints":{"allow":["GET"]}}],"collection":[{"href":"https:\/\/www.grupoacocearense.com.br\/en\/wp-json\/wp\/v2\/posts"}],"about":[{"href":"https:\/\/www.grupoacocearense.com.br\/en\/wp-json\/wp\/v2\/types\/post"}],"author":[{"embeddable":true,"href":"https:\/\/www.grupoacocearense.com.br\/en\/wp-json\/wp\/v2\/users\/8"}],"replies":[{"embeddable":true,"href":"https:\/\/www.grupoacocearense.com.br\/en\/wp-json\/wp\/v2\/comments?post=23053"}],"version-history":[{"count":2,"href":"https:\/\/www.grupoacocearense.com.br\/en\/wp-json\/wp\/v2\/posts\/23053\/revisions"}],"predecessor-version":[{"id":23148,"href":"https:\/\/www.grupoacocearense.com.br\/en\/wp-json\/wp\/v2\/posts\/23053\/revisions\/23148"}],"wp:featuredmedia":[{"embeddable":true,"href":"https:\/\/www.grupoacocearense.com.br\/en\/wp-json\/wp\/v2\/media\/23054"}],"wp:attachment":[{"href":"https:\/\/www.grupoacocearense.com.br\/en\/wp-json\/wp\/v2\/media?parent=23053"}],"wp:term":[{"taxonomy":"category","embeddable":true,"href":"https:\/\/www.grupoacocearense.com.br\/en\/wp-json\/wp\/v2\/categories?post=23053"},{"taxonomy":"post_tag","embeddable":true,"href":"https:\/\/www.grupoacocearense.com.br\/en\/wp-json\/wp\/v2\/tags?post=23053"}],"curies":[{"name":"wp","href":"https:\/\/api.w.org\/{rel}","templated":true}]}}