{"id":1382,"date":"2021-06-30T11:02:10","date_gmt":"2021-06-30T14:02:10","guid":{"rendered":"https:\/\/www.grupoacocearense.com.br\/?p=1382"},"modified":"2025-05-07T11:02:39","modified_gmt":"2025-05-07T14:02:39","slug":"a-importancia-da-comunicacao-empatica-no-mundo-corporativo","status":"publish","type":"post","link":"https:\/\/www.grupoacocearense.com.br\/en\/a-importancia-da-comunicacao-empatica-no-mundo-corporativo\/","title":{"rendered":"The importance of empathetic communication in the corporate world"},"content":{"rendered":"<p>Humans began to feel the need to communicate as soon as they began living in society, whether to raise awareness or express their culture or feelings. Throughout history, communication has always been important for progress and development.<\/p>\n<p>Communication has evolved alongside humanity. Rigidity has given way to empathy, where listening and putting oneself in another&#039;s shoes has brought significant gains in all aspects.<\/p>\n<p>In the corporate environment, people often believe they are communicating adequately. However, they are often just providing information. Therefore, simply providing information does not guarantee that the other person understands what you meant.\u00a0<strong>communication process it is essential that an exchange takes place<\/strong>.<\/p>\n<p>One of the most effective ways for this process to happen is to practice empathic communication, with a\u00a0<strong>active listening<\/strong>\u00a0and\u00a0<strong>mindfulness<\/strong>\u00a0to the signals. Empathic communication means understanding the other person&#039;s individual perspective, understanding what they need, and how the organization can drive them to good results.<\/p>\n<p>There are several ways to promote empathetic communication with your team, such as:<\/p>\n<ul>\n<li>Working in a harmonious environment that respects each person&#039;s individuality undoubtedly contributes to well-being and productivity.<\/li>\n<li>Investing in actions and projects that bring more affection and support into daily life allows managers to gain greater trust from their team and strengthens interpersonal relationships.<\/li>\n<li>Listening to opinions and positions often ends up being enriching.<\/li>\n<li>Not passing judgment on each person&#039;s choices and experiences is ethical and should be practiced.<\/li>\n<li>Empathetic communication should also be present in feedback. Sharing experiences and mutual understanding ultimately prove to be the best path to a solution.<\/li>\n<\/ul>\n<p>There&#039;s no magic formula for successful communication in organizations. It requires a lot of commitment and empathy. Consider whether your speech and gestures are consistent with your actions. Would you like others to act this way toward you? If so, continue; if not, rethink!<\/p>\n<p><strong>A team only achieves good results if the leader is team-focused.<img loading=\"lazy\" decoding=\"async\" class=\"size-thumbnail wp-image-3605 alignright\" src=\"https:\/\/www.grupoacocearense.com.br\/blog\/wp-content\/uploads\/2021\/08\/A-import%C3%A2ncia-da-comunica%C3%A7%C3%A3o-emp%C3%A1tica-no-mundo-corporativo-perfil-150x150.jpeg\" sizes=\"auto, (max-width: 150px) 100vw, 150px\" srcset=\"https:\/\/www.grupoacocearense.com.br\/blog\/wp-content\/uploads\/2021\/08\/A-import\u00e2ncia-da-comunica\u00e7\u00e3o-emp\u00e1tica-no-mundo-corporativo-perfil-150x150.jpeg 150w, https:\/\/www.grupoacocearense.com.br\/blog\/wp-content\/uploads\/2021\/08\/A-import\u00e2ncia-da-comunica\u00e7\u00e3o-emp\u00e1tica-no-mundo-corporativo-perfil-300x298.jpeg 300w, https:\/\/www.grupoacocearense.com.br\/blog\/wp-content\/uploads\/2021\/08\/A-import\u00e2ncia-da-comunica\u00e7\u00e3o-emp\u00e1tica-no-mundo-corporativo-perfil.jpeg 491w\" alt=\"\" width=\"150\" height=\"150\" \/><\/strong><\/p>\n<p><strong>Author:<\/strong>\u00a0Neliza Ferraz \u2013 Communications Coordinator of the A\u00e7o Cearense Group<\/p>\n<figure id=\"attachment_3605\" class=\"no-caption aligncenter\"><\/figure>","protected":false},"excerpt":{"rendered":"<p>Man began to feel the need to communicate since he began to live in(\u2026)<\/p>","protected":false},"author":1,"featured_media":1358,"comment_status":"open","ping_status":"open","sticky":false,"template":"","format":"standard","meta":{"_acf_changed":false,"inline_featured_image":false,"footnotes":""},"categories":[26],"tags":[],"class_list":["post-1382","post","type-post","status-publish","format-standard","has-post-thumbnail","hentry","category-comunicacao"],"acf":[],"yoast_head":"<!-- This site is optimized with the Yoast SEO plugin v27.4 - https:\/\/yoast.com\/product\/yoast-seo-wordpress\/ -->\n<title>A import\u00e2ncia da comunica\u00e7\u00e3o emp\u00e1tica no mundo corporativo - Grupo A\u00e7o Cearense<\/title>\n<meta name=\"robots\" content=\"index, follow, max-snippet:-1, max-image-preview:large, max-video-preview:-1\" \/>\n<link rel=\"canonical\" href=\"https:\/\/previews.elleven.digital\/acocearense\/a-importancia-da-comunicacao-empatica-no-mundo-corporativo\/\" \/>\n<meta property=\"og:locale\" content=\"en_US\" \/>\n<meta property=\"og:type\" content=\"article\" \/>\n<meta property=\"og:title\" content=\"A import\u00e2ncia da comunica\u00e7\u00e3o emp\u00e1tica no mundo corporativo - Grupo A\u00e7o Cearense\" \/>\n<meta property=\"og:description\" content=\"O homem come\u00e7ou a sentir necessidade de se comunicar desde que come\u00e7ou a viver em(...)\" \/>\n<meta property=\"og:url\" content=\"https:\/\/previews.elleven.digital\/acocearense\/a-importancia-da-comunicacao-empatica-no-mundo-corporativo\/\" \/>\n<meta property=\"og:site_name\" content=\"Grupo A\u00e7o Cearense\" \/>\n<meta property=\"article:published_time\" content=\"2021-06-30T14:02:10+00:00\" \/>\n<meta property=\"article:modified_time\" content=\"2025-05-07T14:02:39+00:00\" \/>\n<meta property=\"og:image\" content=\"https:\/\/previews.elleven.digital\/acocearense\/wp-content\/uploads\/2025\/05\/A-importancia-da-comunicacao-empatica-no-mundo-corporativo.png\" \/>\n\t<meta property=\"og:image:width\" content=\"800\" \/>\n\t<meta property=\"og:image:height\" content=\"600\" \/>\n\t<meta property=\"og:image:type\" content=\"image\/png\" \/>\n<meta name=\"author\" content=\"elleven\" \/>\n<meta name=\"twitter:card\" content=\"summary_large_image\" \/>\n<meta name=\"twitter:label1\" content=\"Written by\" \/>\n\t<meta name=\"twitter:data1\" content=\"elleven\" \/>\n\t<meta name=\"twitter:label2\" content=\"Est. reading time\" \/>\n\t<meta name=\"twitter:data2\" content=\"3 minutes\" \/>\n<script type=\"application\/ld+json\" class=\"yoast-schema-graph\">{\"@context\":\"https:\\\/\\\/schema.org\",\"@graph\":[{\"@type\":\"Article\",\"@id\":\"https:\\\/\\\/previews.elleven.digital\\\/acocearense\\\/a-importancia-da-comunicacao-empatica-no-mundo-corporativo\\\/#article\",\"isPartOf\":{\"@id\":\"https:\\\/\\\/previews.elleven.digital\\\/acocearense\\\/a-importancia-da-comunicacao-empatica-no-mundo-corporativo\\\/\"},\"author\":{\"name\":\"elleven\",\"@id\":\"https:\\\/\\\/previews.elleven.digital\\\/acocearense\\\/#\\\/schema\\\/person\\\/8e9165eb3c33e0860485c7c5fc06a701\"},\"headline\":\"A import\u00e2ncia da comunica\u00e7\u00e3o emp\u00e1tica no mundo corporativo\",\"datePublished\":\"2021-06-30T14:02:10+00:00\",\"dateModified\":\"2025-05-07T14:02:39+00:00\",\"mainEntityOfPage\":{\"@id\":\"https:\\\/\\\/previews.elleven.digital\\\/acocearense\\\/a-importancia-da-comunicacao-empatica-no-mundo-corporativo\\\/\"},\"wordCount\":401,\"commentCount\":0,\"image\":{\"@id\":\"https:\\\/\\\/previews.elleven.digital\\\/acocearense\\\/a-importancia-da-comunicacao-empatica-no-mundo-corporativo\\\/#primaryimage\"},\"thumbnailUrl\":\"https:\\\/\\\/www.grupoacocearense.com.br\\\/wp-content\\\/uploads\\\/2025\\\/05\\\/A-importancia-da-comunicacao-empatica-no-mundo-corporativo.png\",\"articleSection\":[\"Comunica\u00e7\u00e3o\"],\"inLanguage\":\"en-US\",\"potentialAction\":[{\"@type\":\"CommentAction\",\"name\":\"Comment\",\"target\":[\"https:\\\/\\\/previews.elleven.digital\\\/acocearense\\\/a-importancia-da-comunicacao-empatica-no-mundo-corporativo\\\/#respond\"]}]},{\"@type\":\"WebPage\",\"@id\":\"https:\\\/\\\/previews.elleven.digital\\\/acocearense\\\/a-importancia-da-comunicacao-empatica-no-mundo-corporativo\\\/\",\"url\":\"https:\\\/\\\/previews.elleven.digital\\\/acocearense\\\/a-importancia-da-comunicacao-empatica-no-mundo-corporativo\\\/\",\"name\":\"A import\u00e2ncia da comunica\u00e7\u00e3o emp\u00e1tica no mundo corporativo - Grupo A\u00e7o Cearense\",\"isPartOf\":{\"@id\":\"https:\\\/\\\/previews.elleven.digital\\\/acocearense\\\/#website\"},\"primaryImageOfPage\":{\"@id\":\"https:\\\/\\\/previews.elleven.digital\\\/acocearense\\\/a-importancia-da-comunicacao-empatica-no-mundo-corporativo\\\/#primaryimage\"},\"image\":{\"@id\":\"https:\\\/\\\/previews.elleven.digital\\\/acocearense\\\/a-importancia-da-comunicacao-empatica-no-mundo-corporativo\\\/#primaryimage\"},\"thumbnailUrl\":\"https:\\\/\\\/www.grupoacocearense.com.br\\\/wp-content\\\/uploads\\\/2025\\\/05\\\/A-importancia-da-comunicacao-empatica-no-mundo-corporativo.png\",\"datePublished\":\"2021-06-30T14:02:10+00:00\",\"dateModified\":\"2025-05-07T14:02:39+00:00\",\"author\":{\"@id\":\"https:\\\/\\\/previews.elleven.digital\\\/acocearense\\\/#\\\/schema\\\/person\\\/8e9165eb3c33e0860485c7c5fc06a701\"},\"breadcrumb\":{\"@id\":\"https:\\\/\\\/previews.elleven.digital\\\/acocearense\\\/a-importancia-da-comunicacao-empatica-no-mundo-corporativo\\\/#breadcrumb\"},\"inLanguage\":\"en-US\",\"potentialAction\":[{\"@type\":\"ReadAction\",\"target\":[\"https:\\\/\\\/previews.elleven.digital\\\/acocearense\\\/a-importancia-da-comunicacao-empatica-no-mundo-corporativo\\\/\"]}]},{\"@type\":\"ImageObject\",\"inLanguage\":\"en-US\",\"@id\":\"https:\\\/\\\/previews.elleven.digital\\\/acocearense\\\/a-importancia-da-comunicacao-empatica-no-mundo-corporativo\\\/#primaryimage\",\"url\":\"https:\\\/\\\/www.grupoacocearense.com.br\\\/wp-content\\\/uploads\\\/2025\\\/05\\\/A-importancia-da-comunicacao-empatica-no-mundo-corporativo.png\",\"contentUrl\":\"https:\\\/\\\/www.grupoacocearense.com.br\\\/wp-content\\\/uploads\\\/2025\\\/05\\\/A-importancia-da-comunicacao-empatica-no-mundo-corporativo.png\",\"width\":800,\"height\":600},{\"@type\":\"BreadcrumbList\",\"@id\":\"https:\\\/\\\/previews.elleven.digital\\\/acocearense\\\/a-importancia-da-comunicacao-empatica-no-mundo-corporativo\\\/#breadcrumb\",\"itemListElement\":[{\"@type\":\"ListItem\",\"position\":1,\"name\":\"In\u00edcio\",\"item\":\"https:\\\/\\\/www.grupoacocearense.com.br\\\/\"},{\"@type\":\"ListItem\",\"position\":2,\"name\":\"A import\u00e2ncia da comunica\u00e7\u00e3o emp\u00e1tica no mundo corporativo\"}]},{\"@type\":\"WebSite\",\"@id\":\"https:\\\/\\\/previews.elleven.digital\\\/acocearense\\\/#website\",\"url\":\"https:\\\/\\\/previews.elleven.digital\\\/acocearense\\\/\",\"name\":\"A\u00e7o Cearense\",\"description\":\"H\u00e1 mais de 45 anos no mercado brasileiro do a\u00e7o.\",\"alternateName\":\"A\u00e7o Cearense\",\"potentialAction\":[{\"@type\":\"SearchAction\",\"target\":{\"@type\":\"EntryPoint\",\"urlTemplate\":\"https:\\\/\\\/previews.elleven.digital\\\/acocearense\\\/?s={search_term_string}\"},\"query-input\":{\"@type\":\"PropertyValueSpecification\",\"valueRequired\":true,\"valueName\":\"search_term_string\"}}],\"inLanguage\":\"en-US\"},{\"@type\":\"Person\",\"@id\":\"https:\\\/\\\/previews.elleven.digital\\\/acocearense\\\/#\\\/schema\\\/person\\\/8e9165eb3c33e0860485c7c5fc06a701\",\"name\":\"elleven\",\"image\":{\"@type\":\"ImageObject\",\"inLanguage\":\"en-US\",\"@id\":\"https:\\\/\\\/secure.gravatar.com\\\/avatar\\\/2a6afb49d9ecfed5dbc6c9606ce318b8bd07c077835179bddfd5d8209c03cb29?s=96&d=mm&r=g\",\"url\":\"https:\\\/\\\/secure.gravatar.com\\\/avatar\\\/2a6afb49d9ecfed5dbc6c9606ce318b8bd07c077835179bddfd5d8209c03cb29?s=96&d=mm&r=g\",\"contentUrl\":\"https:\\\/\\\/secure.gravatar.com\\\/avatar\\\/2a6afb49d9ecfed5dbc6c9606ce318b8bd07c077835179bddfd5d8209c03cb29?s=96&d=mm&r=g\",\"caption\":\"elleven\"},\"sameAs\":[\"http:\\\/\\\/localhost\\\/acocearense\"],\"url\":\"https:\\\/\\\/www.grupoacocearense.com.br\\\/en\\\/author\\\/elleven\\\/\"}]}<\/script>\n<!-- \/ Yoast SEO plugin. -->","yoast_head_json":{"title":"A import\u00e2ncia da comunica\u00e7\u00e3o emp\u00e1tica no mundo corporativo - Grupo A\u00e7o Cearense","robots":{"index":"index","follow":"follow","max-snippet":"max-snippet:-1","max-image-preview":"max-image-preview:large","max-video-preview":"max-video-preview:-1"},"canonical":"https:\/\/previews.elleven.digital\/acocearense\/a-importancia-da-comunicacao-empatica-no-mundo-corporativo\/","og_locale":"en_US","og_type":"article","og_title":"A import\u00e2ncia da comunica\u00e7\u00e3o emp\u00e1tica no mundo corporativo - Grupo A\u00e7o Cearense","og_description":"O homem come\u00e7ou a sentir necessidade de se comunicar desde que come\u00e7ou a viver em(...)","og_url":"https:\/\/previews.elleven.digital\/acocearense\/a-importancia-da-comunicacao-empatica-no-mundo-corporativo\/","og_site_name":"Grupo A\u00e7o Cearense","article_published_time":"2021-06-30T14:02:10+00:00","article_modified_time":"2025-05-07T14:02:39+00:00","og_image":[{"width":800,"height":600,"url":"https:\/\/previews.elleven.digital\/acocearense\/wp-content\/uploads\/2025\/05\/A-importancia-da-comunicacao-empatica-no-mundo-corporativo.png","type":"image\/png"}],"author":"elleven","twitter_card":"summary_large_image","twitter_misc":{"Written by":"elleven","Est. reading time":"3 minutes"},"schema":{"@context":"https:\/\/schema.org","@graph":[{"@type":"Article","@id":"https:\/\/previews.elleven.digital\/acocearense\/a-importancia-da-comunicacao-empatica-no-mundo-corporativo\/#article","isPartOf":{"@id":"https:\/\/previews.elleven.digital\/acocearense\/a-importancia-da-comunicacao-empatica-no-mundo-corporativo\/"},"author":{"name":"elleven","@id":"https:\/\/previews.elleven.digital\/acocearense\/#\/schema\/person\/8e9165eb3c33e0860485c7c5fc06a701"},"headline":"A import\u00e2ncia da comunica\u00e7\u00e3o emp\u00e1tica no mundo corporativo","datePublished":"2021-06-30T14:02:10+00:00","dateModified":"2025-05-07T14:02:39+00:00","mainEntityOfPage":{"@id":"https:\/\/previews.elleven.digital\/acocearense\/a-importancia-da-comunicacao-empatica-no-mundo-corporativo\/"},"wordCount":401,"commentCount":0,"image":{"@id":"https:\/\/previews.elleven.digital\/acocearense\/a-importancia-da-comunicacao-empatica-no-mundo-corporativo\/#primaryimage"},"thumbnailUrl":"https:\/\/www.grupoacocearense.com.br\/wp-content\/uploads\/2025\/05\/A-importancia-da-comunicacao-empatica-no-mundo-corporativo.png","articleSection":["Comunica\u00e7\u00e3o"],"inLanguage":"en-US","potentialAction":[{"@type":"CommentAction","name":"Comment","target":["https:\/\/previews.elleven.digital\/acocearense\/a-importancia-da-comunicacao-empatica-no-mundo-corporativo\/#respond"]}]},{"@type":"WebPage","@id":"https:\/\/previews.elleven.digital\/acocearense\/a-importancia-da-comunicacao-empatica-no-mundo-corporativo\/","url":"https:\/\/previews.elleven.digital\/acocearense\/a-importancia-da-comunicacao-empatica-no-mundo-corporativo\/","name":"A import\u00e2ncia da comunica\u00e7\u00e3o emp\u00e1tica no mundo corporativo - Grupo A\u00e7o Cearense","isPartOf":{"@id":"https:\/\/previews.elleven.digital\/acocearense\/#website"},"primaryImageOfPage":{"@id":"https:\/\/previews.elleven.digital\/acocearense\/a-importancia-da-comunicacao-empatica-no-mundo-corporativo\/#primaryimage"},"image":{"@id":"https:\/\/previews.elleven.digital\/acocearense\/a-importancia-da-comunicacao-empatica-no-mundo-corporativo\/#primaryimage"},"thumbnailUrl":"https:\/\/www.grupoacocearense.com.br\/wp-content\/uploads\/2025\/05\/A-importancia-da-comunicacao-empatica-no-mundo-corporativo.png","datePublished":"2021-06-30T14:02:10+00:00","dateModified":"2025-05-07T14:02:39+00:00","author":{"@id":"https:\/\/previews.elleven.digital\/acocearense\/#\/schema\/person\/8e9165eb3c33e0860485c7c5fc06a701"},"breadcrumb":{"@id":"https:\/\/previews.elleven.digital\/acocearense\/a-importancia-da-comunicacao-empatica-no-mundo-corporativo\/#breadcrumb"},"inLanguage":"en-US","potentialAction":[{"@type":"ReadAction","target":["https:\/\/previews.elleven.digital\/acocearense\/a-importancia-da-comunicacao-empatica-no-mundo-corporativo\/"]}]},{"@type":"ImageObject","inLanguage":"en-US","@id":"https:\/\/previews.elleven.digital\/acocearense\/a-importancia-da-comunicacao-empatica-no-mundo-corporativo\/#primaryimage","url":"https:\/\/www.grupoacocearense.com.br\/wp-content\/uploads\/2025\/05\/A-importancia-da-comunicacao-empatica-no-mundo-corporativo.png","contentUrl":"https:\/\/www.grupoacocearense.com.br\/wp-content\/uploads\/2025\/05\/A-importancia-da-comunicacao-empatica-no-mundo-corporativo.png","width":800,"height":600},{"@type":"BreadcrumbList","@id":"https:\/\/previews.elleven.digital\/acocearense\/a-importancia-da-comunicacao-empatica-no-mundo-corporativo\/#breadcrumb","itemListElement":[{"@type":"ListItem","position":1,"name":"In\u00edcio","item":"https:\/\/www.grupoacocearense.com.br\/"},{"@type":"ListItem","position":2,"name":"A import\u00e2ncia da comunica\u00e7\u00e3o emp\u00e1tica no mundo corporativo"}]},{"@type":"WebSite","@id":"https:\/\/previews.elleven.digital\/acocearense\/#website","url":"https:\/\/previews.elleven.digital\/acocearense\/","name":"Cear\u00e1 Steel","description":"In the Brazilian steel market for over 45 years.","alternateName":"A\u00e7o Cearense","potentialAction":[{"@type":"SearchAction","target":{"@type":"EntryPoint","urlTemplate":"https:\/\/previews.elleven.digital\/acocearense\/?s={search_term_string}"},"query-input":{"@type":"PropertyValueSpecification","valueRequired":true,"valueName":"search_term_string"}}],"inLanguage":"en-US"},{"@type":"Person","@id":"https:\/\/previews.elleven.digital\/acocearense\/#\/schema\/person\/8e9165eb3c33e0860485c7c5fc06a701","name":"elleven","image":{"@type":"ImageObject","inLanguage":"en-US","@id":"https:\/\/secure.gravatar.com\/avatar\/2a6afb49d9ecfed5dbc6c9606ce318b8bd07c077835179bddfd5d8209c03cb29?s=96&d=mm&r=g","url":"https:\/\/secure.gravatar.com\/avatar\/2a6afb49d9ecfed5dbc6c9606ce318b8bd07c077835179bddfd5d8209c03cb29?s=96&d=mm&r=g","contentUrl":"https:\/\/secure.gravatar.com\/avatar\/2a6afb49d9ecfed5dbc6c9606ce318b8bd07c077835179bddfd5d8209c03cb29?s=96&d=mm&r=g","caption":"elleven"},"sameAs":["http:\/\/localhost\/acocearense"],"url":"https:\/\/www.grupoacocearense.com.br\/en\/author\/elleven\/"}]}},"_links":{"self":[{"href":"https:\/\/www.grupoacocearense.com.br\/en\/wp-json\/wp\/v2\/posts\/1382","targetHints":{"allow":["GET"]}}],"collection":[{"href":"https:\/\/www.grupoacocearense.com.br\/en\/wp-json\/wp\/v2\/posts"}],"about":[{"href":"https:\/\/www.grupoacocearense.com.br\/en\/wp-json\/wp\/v2\/types\/post"}],"author":[{"embeddable":true,"href":"https:\/\/www.grupoacocearense.com.br\/en\/wp-json\/wp\/v2\/users\/1"}],"replies":[{"embeddable":true,"href":"https:\/\/www.grupoacocearense.com.br\/en\/wp-json\/wp\/v2\/comments?post=1382"}],"version-history":[{"count":1,"href":"https:\/\/www.grupoacocearense.com.br\/en\/wp-json\/wp\/v2\/posts\/1382\/revisions"}],"predecessor-version":[{"id":1383,"href":"https:\/\/www.grupoacocearense.com.br\/en\/wp-json\/wp\/v2\/posts\/1382\/revisions\/1383"}],"wp:featuredmedia":[{"embeddable":true,"href":"https:\/\/www.grupoacocearense.com.br\/en\/wp-json\/wp\/v2\/media\/1358"}],"wp:attachment":[{"href":"https:\/\/www.grupoacocearense.com.br\/en\/wp-json\/wp\/v2\/media?parent=1382"}],"wp:term":[{"taxonomy":"category","embeddable":true,"href":"https:\/\/www.grupoacocearense.com.br\/en\/wp-json\/wp\/v2\/categories?post=1382"},{"taxonomy":"post_tag","embeddable":true,"href":"https:\/\/www.grupoacocearense.com.br\/en\/wp-json\/wp\/v2\/tags?post=1382"}],"curies":[{"name":"wp","href":"https:\/\/api.w.org\/{rel}","templated":true}]}}