{"id":1378,"date":"2021-06-14T11:00:51","date_gmt":"2021-06-14T14:00:51","guid":{"rendered":"https:\/\/www.grupoacocearense.com.br\/?p=1378"},"modified":"2025-05-07T11:01:32","modified_gmt":"2025-05-07T14:01:32","slug":"tempos-de-crise-3-dicas-de-planejamento-estrategico-para-pequenos-negocios","status":"publish","type":"post","link":"https:\/\/www.grupoacocearense.com.br\/en\/tempos-de-crise-3-dicas-de-planejamento-estrategico-para-pequenos-negocios\/","title":{"rendered":"Times of crisis: 3 strategic planning tips for small businesses"},"content":{"rendered":"<figure id=\"attachment_3568\" class=\"no-caption aligncenter\"><img loading=\"lazy\" decoding=\"async\" class=\"aligncenter size-full wp-image-3568\" src=\"https:\/\/www.grupoacocearense.com.br\/blog\/wp-content\/uploads\/2021\/06\/Tempos-de-crise-3-dicas-de-planejamento-estrat%C3%A9gico-para-pequenos-neg%C3%B3cios-2.png\" sizes=\"auto, (max-width: 800px) 100vw, 800px\" srcset=\"https:\/\/www.grupoacocearense.com.br\/blog\/wp-content\/uploads\/2021\/06\/Tempos-de-crise-3-dicas-de-planejamento-estrat\u00e9gico-para-pequenos-neg\u00f3cios-2.png 800w, https:\/\/www.grupoacocearense.com.br\/blog\/wp-content\/uploads\/2021\/06\/Tempos-de-crise-3-dicas-de-planejamento-estrat\u00e9gico-para-pequenos-neg\u00f3cios-2-300x225.png 300w, https:\/\/www.grupoacocearense.com.br\/blog\/wp-content\/uploads\/2021\/06\/Tempos-de-crise-3-dicas-de-planejamento-estrat\u00e9gico-para-pequenos-neg\u00f3cios-2-768x576.png 768w, https:\/\/www.grupoacocearense.com.br\/blog\/wp-content\/uploads\/2021\/06\/Tempos-de-crise-3-dicas-de-planejamento-estrat\u00e9gico-para-pequenos-neg\u00f3cios-2-320x239.png 320w\" alt=\"\" width=\"800\" height=\"600\" \/><\/figure>\n<p>The market has never heard the words \u201cvolatility\u201d, \u201cinstability\u201d and, above all, \u201cconstant change\u201d as much as it does today.<\/p>\n<p>In this scenario, we experience great and constant transformations, both positive and negative.\u00a0<b>VUCA world\u00a0<\/b>(volatile, uncertain, complex, and ambiguous) is a reality and is evolving. We live in a BANI (Fragile, Anxious, Non-linear, and Incomprehensible) world, and when we look at small businesses, we realize how much they are impacted. Observing the rapidity of these transformations, it&#039;s common to think there&#039;s no way to prepare for so many unforeseen events, especially when it comes to\u00a0<a href=\"https:\/\/conteudos.grupoacocearense.com.br\/infografico-gratuito-06-problemas-cadastro\" target=\"_blank\" rel=\"noopener noreferrer\">small business<\/a>.<\/p>\n<p>However, thinking this way is a mistake. Action is needed! It&#039;s known that something planned, measured, monitored, and addressed will always tend to suffer less impact, and depending on the situation, the impact may not even occur. Therefore, it&#039;s important that small businesses follow this recipe and develop a\u00a0<a href=\"https:\/\/www.grupoacocearense.com.br\/en\/blog\/planejamento-estrategico\/planejamento-estrategico-2021-como-tomar-decisoes-diante-de-cenarios-instaveis\/\" target=\"_blank\" rel=\"noopener noreferrer\">strategic planning<\/a>This planning will guide you where and how to get there, as it will address your mission, vision, objectives, and how to achieve them. It will always be aligned with your business environment, guiding how to act in different situations. You need to know what to do and what not to do!<\/p>\n<figure id=\"attachment_3569\" class=\"no-caption aligncenter\"><img loading=\"lazy\" decoding=\"async\" class=\"aligncenter size-full wp-image-3569\" src=\"https:\/\/www.grupoacocearense.com.br\/blog\/wp-content\/uploads\/2021\/06\/Tempos-de-crise-3-dicas-de-planejamento-estrat%C3%A9gico-para-pequenos-neg%C3%B3cios-3.png\" sizes=\"auto, (max-width: 800px) 100vw, 800px\" srcset=\"https:\/\/www.grupoacocearense.com.br\/blog\/wp-content\/uploads\/2021\/06\/Tempos-de-crise-3-dicas-de-planejamento-estrat\u00e9gico-para-pequenos-neg\u00f3cios-3.png 800w, https:\/\/www.grupoacocearense.com.br\/blog\/wp-content\/uploads\/2021\/06\/Tempos-de-crise-3-dicas-de-planejamento-estrat\u00e9gico-para-pequenos-neg\u00f3cios-3-300x225.png 300w, https:\/\/www.grupoacocearense.com.br\/blog\/wp-content\/uploads\/2021\/06\/Tempos-de-crise-3-dicas-de-planejamento-estrat\u00e9gico-para-pequenos-neg\u00f3cios-3-768x576.png 768w, https:\/\/www.grupoacocearense.com.br\/blog\/wp-content\/uploads\/2021\/06\/Tempos-de-crise-3-dicas-de-planejamento-estrat\u00e9gico-para-pequenos-neg\u00f3cios-3-320x239.png 320w\" alt=\"\" width=\"800\" height=\"600\" \/><\/figure>\n<p>THE\u00a0<a href=\"https:\/\/www.grupoacocearense.com.br\/en\/blog\/planejamento-estrategico\/5-dicas-para-o-planejamento-estrategico-da-sua-loja-de-ferro-e-aco\/?setlang=no\" target=\"_blank\" rel=\"noopener noreferrer\">construction of strategic planning<\/a>\u00a0must follow some important steps, which are:<\/p>\n<p>1- Define the mission, vision and values: concepts that define the identity and positioning of the business.<\/p>\n<p>2- Analyze the internal and external environment: it is necessary to consider internal and external factors to identify the need to adapt to various changes.<\/p>\n<p>3- Define objectives and goals: Objectives should be guided by the strategy, which will determine how to achieve them. Goals, in turn, will measure the performance of the objectives. It&#039;s important to emphasize that goals should be specific, measurable, achievable, and time-bound (SMART).<\/p>\n<p>4- Develop an action plan: how the strategy will be executed. Clearly define the role of employees in executing the actions deemed essential to meeting the indicators. Also, define the necessary resources (human, material, technological, etc.).<\/p>\n<p>5- Measure and monitor results: everything that was planned must evolve as expected or, if necessary, make specific adjustments.<\/p>\n<p>The constant market changes have practically forced small businesses to reinvent themselves daily, demanding rapid adaptation to external pressures, so that they can defend themselves from threats and identify opportunities, whether in their own segment or in another to be explored.<\/p>\n<figure id=\"attachment_3570\" class=\"no-caption aligncenter\"><img loading=\"lazy\" decoding=\"async\" class=\"aligncenter size-full wp-image-3570\" src=\"https:\/\/www.grupoacocearense.com.br\/blog\/wp-content\/uploads\/2021\/06\/Tempos-de-crise-3-dicas-de-planejamento-estrat%C3%A9gico-para-pequenos-neg%C3%B3cios-4.png\" sizes=\"auto, (max-width: 800px) 100vw, 800px\" srcset=\"https:\/\/www.grupoacocearense.com.br\/blog\/wp-content\/uploads\/2021\/06\/Tempos-de-crise-3-dicas-de-planejamento-estrat\u00e9gico-para-pequenos-neg\u00f3cios-4.png 800w, https:\/\/www.grupoacocearense.com.br\/blog\/wp-content\/uploads\/2021\/06\/Tempos-de-crise-3-dicas-de-planejamento-estrat\u00e9gico-para-pequenos-neg\u00f3cios-4-300x225.png 300w, https:\/\/www.grupoacocearense.com.br\/blog\/wp-content\/uploads\/2021\/06\/Tempos-de-crise-3-dicas-de-planejamento-estrat\u00e9gico-para-pequenos-neg\u00f3cios-4-768x576.png 768w, https:\/\/www.grupoacocearense.com.br\/blog\/wp-content\/uploads\/2021\/06\/Tempos-de-crise-3-dicas-de-planejamento-estrat\u00e9gico-para-pequenos-neg\u00f3cios-4-320x239.png 320w\" alt=\"\" width=\"800\" height=\"600\" \/><\/figure>\n<p>Therefore, it&#039;s important to plan and implement what you&#039;ve designed. To that end, I&#039;d like to share some tips:<\/p>\n<p><b>\u2013 Clear definition of the future (purpose) of the business<\/b>: It is extremely important for senior management to reflect and discuss lessons learned, reevaluating the company&#039;s mission and values, and defining where the business should be in the future. It&#039;s a good idea to put all ideas, lessons, and suggestions on paper for the entire executive team to read, discuss, evaluate, and combine possibilities until a common denominator is reached, which should be known and understood by all areas of the business. It&#039;s also important to focus on simple, objective writing, facilitating understanding for everyone. Think:<b>What is our desired future?\u201d<\/b><\/p>\n<p><b>\u2013 Unfolding goals and involving teams<\/b>: After senior management has decided on the future, it&#039;s necessary to define how to achieve it. This is when the development of objectives, indicators, and an action plan comes into play. The results achieved through these indicators will inform whether the proposal is being met or not. It&#039;s important to define clear, achievable, and time-bound goals, involve the team that will be on the front line executing these goals, and jointly develop the action plan, specifying where and how each employee will participate in this journey. Direct and simple communication is essential for this development. Think:<b>How will we get to our desired future?\u201d<\/b><\/p>\n<p><b>\u2013 Monitor the results:\u00a0<\/b>Every result needs to be monitored and evaluated. Regular meetings are essential, where senior management should review the progress of everything that has been implemented and determine whether actions need adjustment. It&#039;s important to see the implementation as completely aligned. That is, once the strategy is defined, the objectives must be linked to it, which in turn will be met through indicators and targets, which can then be met through actions. Think about it:<b>Are we on the right track?\u201d<\/b><\/p>\n<p>Building a strategic plan avoids shooting in the dark, reduces risks, and reduces uncertainty. It&#039;s about defining a pattern of behavior toward the desired future!<\/p>\n<p>&nbsp;<\/p>\n<p><strong>Author: Luciana de Sales Pessoa \u2013 Management and Process Analyst at A\u00e7o Cearense Comercial<img loading=\"lazy\" decoding=\"async\" class=\"size-thumbnail wp-image-3575 alignright\" src=\"https:\/\/www.grupoacocearense.com.br\/blog\/wp-content\/uploads\/2021\/06\/autora-150x150.jpeg\" alt=\"\" width=\"150\" height=\"150\" \/><\/strong><\/p>\n<p><em>Graduated in Economic Sciences from the Federal University of Cear\u00e1 (UFC), with courses and experience in projects, planning and processes.\u00a0<\/em><\/p>\n<figure id=\"attachment_3575\" class=\"no-caption aligncenter\"><\/figure>","protected":false},"excerpt":{"rendered":"<p>The market has never heard the words \u201cvolatility\u201d, \u201cinstability\u201d and, mainly, \u201cconstant changes\u201d as much as it has today.(\u2026)<\/p>","protected":false},"author":1,"featured_media":1360,"comment_status":"open","ping_status":"open","sticky":false,"template":"","format":"standard","meta":{"_acf_changed":false,"inline_featured_image":false,"footnotes":""},"categories":[31],"tags":[],"class_list":["post-1378","post","type-post","status-publish","format-standard","has-post-thumbnail","hentry","category-planejamento-estrategico"],"acf":[],"yoast_head":"<!-- This site is optimized with the Yoast SEO plugin v27.4 - https:\/\/yoast.com\/product\/yoast-seo-wordpress\/ -->\n<title>Tempos de crise: 3 dicas de planejamento estrat\u00e9gico para pequenos neg\u00f3cios - Grupo A\u00e7o Cearense<\/title>\n<meta name=\"robots\" content=\"index, follow, max-snippet:-1, max-image-preview:large, max-video-preview:-1\" \/>\n<link rel=\"canonical\" href=\"https:\/\/previews.elleven.digital\/acocearense\/tempos-de-crise-3-dicas-de-planejamento-estrategico-para-pequenos-negocios\/\" \/>\n<meta property=\"og:locale\" content=\"en_US\" \/>\n<meta property=\"og:type\" content=\"article\" \/>\n<meta property=\"og:title\" content=\"Tempos de crise: 3 dicas de planejamento estrat\u00e9gico para pequenos neg\u00f3cios - Grupo A\u00e7o Cearense\" \/>\n<meta property=\"og:description\" content=\"O mercado nunca ouviu tanto as palavras \u201cvolatilidade\u201d, \u201cinstabilidade\u201d e, principalmente, \u201cconstantes mudan\u00e7as\u201d, como hoje.(...)\" \/>\n<meta property=\"og:url\" content=\"https:\/\/previews.elleven.digital\/acocearense\/tempos-de-crise-3-dicas-de-planejamento-estrategico-para-pequenos-negocios\/\" \/>\n<meta property=\"og:site_name\" content=\"Grupo A\u00e7o Cearense\" \/>\n<meta property=\"article:published_time\" content=\"2021-06-14T14:00:51+00:00\" \/>\n<meta property=\"article:modified_time\" content=\"2025-05-07T14:01:32+00:00\" \/>\n<meta property=\"og:image\" content=\"https:\/\/previews.elleven.digital\/acocearense\/wp-content\/uploads\/2025\/05\/Tempos-de-crise-3-dicas-de-planejamento-estrategico-para-pequenos-negocios.jpeg\" \/>\n\t<meta property=\"og:image:width\" content=\"800\" \/>\n\t<meta property=\"og:image:height\" content=\"600\" \/>\n\t<meta property=\"og:image:type\" content=\"image\/jpeg\" \/>\n<meta name=\"author\" content=\"elleven\" \/>\n<meta name=\"twitter:card\" content=\"summary_large_image\" \/>\n<meta name=\"twitter:label1\" content=\"Written by\" \/>\n\t<meta name=\"twitter:data1\" content=\"elleven\" \/>\n\t<meta name=\"twitter:label2\" content=\"Est. reading time\" \/>\n\t<meta name=\"twitter:data2\" content=\"5 minutes\" \/>\n<script type=\"application\/ld+json\" class=\"yoast-schema-graph\">{\"@context\":\"https:\\\/\\\/schema.org\",\"@graph\":[{\"@type\":\"Article\",\"@id\":\"https:\\\/\\\/previews.elleven.digital\\\/acocearense\\\/tempos-de-crise-3-dicas-de-planejamento-estrategico-para-pequenos-negocios\\\/#article\",\"isPartOf\":{\"@id\":\"https:\\\/\\\/previews.elleven.digital\\\/acocearense\\\/tempos-de-crise-3-dicas-de-planejamento-estrategico-para-pequenos-negocios\\\/\"},\"author\":{\"name\":\"elleven\",\"@id\":\"https:\\\/\\\/previews.elleven.digital\\\/acocearense\\\/#\\\/schema\\\/person\\\/8e9165eb3c33e0860485c7c5fc06a701\"},\"headline\":\"Tempos de crise: 3 dicas de planejamento estrat\u00e9gico para pequenos neg\u00f3cios\",\"datePublished\":\"2021-06-14T14:00:51+00:00\",\"dateModified\":\"2025-05-07T14:01:32+00:00\",\"mainEntityOfPage\":{\"@id\":\"https:\\\/\\\/previews.elleven.digital\\\/acocearense\\\/tempos-de-crise-3-dicas-de-planejamento-estrategico-para-pequenos-negocios\\\/\"},\"wordCount\":845,\"commentCount\":0,\"image\":{\"@id\":\"https:\\\/\\\/previews.elleven.digital\\\/acocearense\\\/tempos-de-crise-3-dicas-de-planejamento-estrategico-para-pequenos-negocios\\\/#primaryimage\"},\"thumbnailUrl\":\"https:\\\/\\\/www.grupoacocearense.com.br\\\/wp-content\\\/uploads\\\/2025\\\/05\\\/Tempos-de-crise-3-dicas-de-planejamento-estrategico-para-pequenos-negocios.jpeg\",\"articleSection\":[\"Planejamento Estrat\u00e9gico\"],\"inLanguage\":\"en-US\",\"potentialAction\":[{\"@type\":\"CommentAction\",\"name\":\"Comment\",\"target\":[\"https:\\\/\\\/previews.elleven.digital\\\/acocearense\\\/tempos-de-crise-3-dicas-de-planejamento-estrategico-para-pequenos-negocios\\\/#respond\"]}]},{\"@type\":\"WebPage\",\"@id\":\"https:\\\/\\\/previews.elleven.digital\\\/acocearense\\\/tempos-de-crise-3-dicas-de-planejamento-estrategico-para-pequenos-negocios\\\/\",\"url\":\"https:\\\/\\\/previews.elleven.digital\\\/acocearense\\\/tempos-de-crise-3-dicas-de-planejamento-estrategico-para-pequenos-negocios\\\/\",\"name\":\"Tempos de crise: 3 dicas de planejamento estrat\u00e9gico para pequenos neg\u00f3cios - Grupo A\u00e7o Cearense\",\"isPartOf\":{\"@id\":\"https:\\\/\\\/previews.elleven.digital\\\/acocearense\\\/#website\"},\"primaryImageOfPage\":{\"@id\":\"https:\\\/\\\/previews.elleven.digital\\\/acocearense\\\/tempos-de-crise-3-dicas-de-planejamento-estrategico-para-pequenos-negocios\\\/#primaryimage\"},\"image\":{\"@id\":\"https:\\\/\\\/previews.elleven.digital\\\/acocearense\\\/tempos-de-crise-3-dicas-de-planejamento-estrategico-para-pequenos-negocios\\\/#primaryimage\"},\"thumbnailUrl\":\"https:\\\/\\\/www.grupoacocearense.com.br\\\/wp-content\\\/uploads\\\/2025\\\/05\\\/Tempos-de-crise-3-dicas-de-planejamento-estrategico-para-pequenos-negocios.jpeg\",\"datePublished\":\"2021-06-14T14:00:51+00:00\",\"dateModified\":\"2025-05-07T14:01:32+00:00\",\"author\":{\"@id\":\"https:\\\/\\\/previews.elleven.digital\\\/acocearense\\\/#\\\/schema\\\/person\\\/8e9165eb3c33e0860485c7c5fc06a701\"},\"breadcrumb\":{\"@id\":\"https:\\\/\\\/previews.elleven.digital\\\/acocearense\\\/tempos-de-crise-3-dicas-de-planejamento-estrategico-para-pequenos-negocios\\\/#breadcrumb\"},\"inLanguage\":\"en-US\",\"potentialAction\":[{\"@type\":\"ReadAction\",\"target\":[\"https:\\\/\\\/previews.elleven.digital\\\/acocearense\\\/tempos-de-crise-3-dicas-de-planejamento-estrategico-para-pequenos-negocios\\\/\"]}]},{\"@type\":\"ImageObject\",\"inLanguage\":\"en-US\",\"@id\":\"https:\\\/\\\/previews.elleven.digital\\\/acocearense\\\/tempos-de-crise-3-dicas-de-planejamento-estrategico-para-pequenos-negocios\\\/#primaryimage\",\"url\":\"https:\\\/\\\/www.grupoacocearense.com.br\\\/wp-content\\\/uploads\\\/2025\\\/05\\\/Tempos-de-crise-3-dicas-de-planejamento-estrategico-para-pequenos-negocios.jpeg\",\"contentUrl\":\"https:\\\/\\\/www.grupoacocearense.com.br\\\/wp-content\\\/uploads\\\/2025\\\/05\\\/Tempos-de-crise-3-dicas-de-planejamento-estrategico-para-pequenos-negocios.jpeg\",\"width\":800,\"height\":600},{\"@type\":\"BreadcrumbList\",\"@id\":\"https:\\\/\\\/previews.elleven.digital\\\/acocearense\\\/tempos-de-crise-3-dicas-de-planejamento-estrategico-para-pequenos-negocios\\\/#breadcrumb\",\"itemListElement\":[{\"@type\":\"ListItem\",\"position\":1,\"name\":\"In\u00edcio\",\"item\":\"https:\\\/\\\/www.grupoacocearense.com.br\\\/\"},{\"@type\":\"ListItem\",\"position\":2,\"name\":\"Tempos de crise: 3 dicas de planejamento estrat\u00e9gico para pequenos neg\u00f3cios\"}]},{\"@type\":\"WebSite\",\"@id\":\"https:\\\/\\\/previews.elleven.digital\\\/acocearense\\\/#website\",\"url\":\"https:\\\/\\\/previews.elleven.digital\\\/acocearense\\\/\",\"name\":\"A\u00e7o Cearense\",\"description\":\"H\u00e1 mais de 45 anos no mercado brasileiro do a\u00e7o.\",\"alternateName\":\"A\u00e7o Cearense\",\"potentialAction\":[{\"@type\":\"SearchAction\",\"target\":{\"@type\":\"EntryPoint\",\"urlTemplate\":\"https:\\\/\\\/previews.elleven.digital\\\/acocearense\\\/?s={search_term_string}\"},\"query-input\":{\"@type\":\"PropertyValueSpecification\",\"valueRequired\":true,\"valueName\":\"search_term_string\"}}],\"inLanguage\":\"en-US\"},{\"@type\":\"Person\",\"@id\":\"https:\\\/\\\/previews.elleven.digital\\\/acocearense\\\/#\\\/schema\\\/person\\\/8e9165eb3c33e0860485c7c5fc06a701\",\"name\":\"elleven\",\"image\":{\"@type\":\"ImageObject\",\"inLanguage\":\"en-US\",\"@id\":\"https:\\\/\\\/secure.gravatar.com\\\/avatar\\\/2a6afb49d9ecfed5dbc6c9606ce318b8bd07c077835179bddfd5d8209c03cb29?s=96&d=mm&r=g\",\"url\":\"https:\\\/\\\/secure.gravatar.com\\\/avatar\\\/2a6afb49d9ecfed5dbc6c9606ce318b8bd07c077835179bddfd5d8209c03cb29?s=96&d=mm&r=g\",\"contentUrl\":\"https:\\\/\\\/secure.gravatar.com\\\/avatar\\\/2a6afb49d9ecfed5dbc6c9606ce318b8bd07c077835179bddfd5d8209c03cb29?s=96&d=mm&r=g\",\"caption\":\"elleven\"},\"sameAs\":[\"http:\\\/\\\/localhost\\\/acocearense\"],\"url\":\"https:\\\/\\\/www.grupoacocearense.com.br\\\/en\\\/author\\\/elleven\\\/\"}]}<\/script>\n<!-- \/ Yoast SEO plugin. -->","yoast_head_json":{"title":"Times of crisis: 3 strategic planning tips for small businesses - Grupo A\u00e7o Cearense","robots":{"index":"index","follow":"follow","max-snippet":"max-snippet:-1","max-image-preview":"max-image-preview:large","max-video-preview":"max-video-preview:-1"},"canonical":"https:\/\/previews.elleven.digital\/acocearense\/tempos-de-crise-3-dicas-de-planejamento-estrategico-para-pequenos-negocios\/","og_locale":"en_US","og_type":"article","og_title":"Tempos de crise: 3 dicas de planejamento estrat\u00e9gico para pequenos neg\u00f3cios - Grupo A\u00e7o Cearense","og_description":"O mercado nunca ouviu tanto as palavras \u201cvolatilidade\u201d, \u201cinstabilidade\u201d e, principalmente, \u201cconstantes mudan\u00e7as\u201d, como hoje.(...)","og_url":"https:\/\/previews.elleven.digital\/acocearense\/tempos-de-crise-3-dicas-de-planejamento-estrategico-para-pequenos-negocios\/","og_site_name":"Grupo A\u00e7o Cearense","article_published_time":"2021-06-14T14:00:51+00:00","article_modified_time":"2025-05-07T14:01:32+00:00","og_image":[{"width":800,"height":600,"url":"https:\/\/previews.elleven.digital\/acocearense\/wp-content\/uploads\/2025\/05\/Tempos-de-crise-3-dicas-de-planejamento-estrategico-para-pequenos-negocios.jpeg","type":"image\/jpeg"}],"author":"elleven","twitter_card":"summary_large_image","twitter_misc":{"Written by":"elleven","Est. reading time":"5 minutes"},"schema":{"@context":"https:\/\/schema.org","@graph":[{"@type":"Article","@id":"https:\/\/previews.elleven.digital\/acocearense\/tempos-de-crise-3-dicas-de-planejamento-estrategico-para-pequenos-negocios\/#article","isPartOf":{"@id":"https:\/\/previews.elleven.digital\/acocearense\/tempos-de-crise-3-dicas-de-planejamento-estrategico-para-pequenos-negocios\/"},"author":{"name":"elleven","@id":"https:\/\/previews.elleven.digital\/acocearense\/#\/schema\/person\/8e9165eb3c33e0860485c7c5fc06a701"},"headline":"Tempos de crise: 3 dicas de planejamento estrat\u00e9gico para pequenos neg\u00f3cios","datePublished":"2021-06-14T14:00:51+00:00","dateModified":"2025-05-07T14:01:32+00:00","mainEntityOfPage":{"@id":"https:\/\/previews.elleven.digital\/acocearense\/tempos-de-crise-3-dicas-de-planejamento-estrategico-para-pequenos-negocios\/"},"wordCount":845,"commentCount":0,"image":{"@id":"https:\/\/previews.elleven.digital\/acocearense\/tempos-de-crise-3-dicas-de-planejamento-estrategico-para-pequenos-negocios\/#primaryimage"},"thumbnailUrl":"https:\/\/www.grupoacocearense.com.br\/wp-content\/uploads\/2025\/05\/Tempos-de-crise-3-dicas-de-planejamento-estrategico-para-pequenos-negocios.jpeg","articleSection":["Planejamento Estrat\u00e9gico"],"inLanguage":"en-US","potentialAction":[{"@type":"CommentAction","name":"Comment","target":["https:\/\/previews.elleven.digital\/acocearense\/tempos-de-crise-3-dicas-de-planejamento-estrategico-para-pequenos-negocios\/#respond"]}]},{"@type":"WebPage","@id":"https:\/\/previews.elleven.digital\/acocearense\/tempos-de-crise-3-dicas-de-planejamento-estrategico-para-pequenos-negocios\/","url":"https:\/\/previews.elleven.digital\/acocearense\/tempos-de-crise-3-dicas-de-planejamento-estrategico-para-pequenos-negocios\/","name":"Times of crisis: 3 strategic planning tips for small businesses - Grupo A\u00e7o Cearense","isPartOf":{"@id":"https:\/\/previews.elleven.digital\/acocearense\/#website"},"primaryImageOfPage":{"@id":"https:\/\/previews.elleven.digital\/acocearense\/tempos-de-crise-3-dicas-de-planejamento-estrategico-para-pequenos-negocios\/#primaryimage"},"image":{"@id":"https:\/\/previews.elleven.digital\/acocearense\/tempos-de-crise-3-dicas-de-planejamento-estrategico-para-pequenos-negocios\/#primaryimage"},"thumbnailUrl":"https:\/\/www.grupoacocearense.com.br\/wp-content\/uploads\/2025\/05\/Tempos-de-crise-3-dicas-de-planejamento-estrategico-para-pequenos-negocios.jpeg","datePublished":"2021-06-14T14:00:51+00:00","dateModified":"2025-05-07T14:01:32+00:00","author":{"@id":"https:\/\/previews.elleven.digital\/acocearense\/#\/schema\/person\/8e9165eb3c33e0860485c7c5fc06a701"},"breadcrumb":{"@id":"https:\/\/previews.elleven.digital\/acocearense\/tempos-de-crise-3-dicas-de-planejamento-estrategico-para-pequenos-negocios\/#breadcrumb"},"inLanguage":"en-US","potentialAction":[{"@type":"ReadAction","target":["https:\/\/previews.elleven.digital\/acocearense\/tempos-de-crise-3-dicas-de-planejamento-estrategico-para-pequenos-negocios\/"]}]},{"@type":"ImageObject","inLanguage":"en-US","@id":"https:\/\/previews.elleven.digital\/acocearense\/tempos-de-crise-3-dicas-de-planejamento-estrategico-para-pequenos-negocios\/#primaryimage","url":"https:\/\/www.grupoacocearense.com.br\/wp-content\/uploads\/2025\/05\/Tempos-de-crise-3-dicas-de-planejamento-estrategico-para-pequenos-negocios.jpeg","contentUrl":"https:\/\/www.grupoacocearense.com.br\/wp-content\/uploads\/2025\/05\/Tempos-de-crise-3-dicas-de-planejamento-estrategico-para-pequenos-negocios.jpeg","width":800,"height":600},{"@type":"BreadcrumbList","@id":"https:\/\/previews.elleven.digital\/acocearense\/tempos-de-crise-3-dicas-de-planejamento-estrategico-para-pequenos-negocios\/#breadcrumb","itemListElement":[{"@type":"ListItem","position":1,"name":"In\u00edcio","item":"https:\/\/www.grupoacocearense.com.br\/"},{"@type":"ListItem","position":2,"name":"Tempos de crise: 3 dicas de planejamento estrat\u00e9gico para pequenos neg\u00f3cios"}]},{"@type":"WebSite","@id":"https:\/\/previews.elleven.digital\/acocearense\/#website","url":"https:\/\/previews.elleven.digital\/acocearense\/","name":"Cear\u00e1 Steel","description":"In the Brazilian steel market for over 45 years.","alternateName":"A\u00e7o Cearense","potentialAction":[{"@type":"SearchAction","target":{"@type":"EntryPoint","urlTemplate":"https:\/\/previews.elleven.digital\/acocearense\/?s={search_term_string}"},"query-input":{"@type":"PropertyValueSpecification","valueRequired":true,"valueName":"search_term_string"}}],"inLanguage":"en-US"},{"@type":"Person","@id":"https:\/\/previews.elleven.digital\/acocearense\/#\/schema\/person\/8e9165eb3c33e0860485c7c5fc06a701","name":"elleven","image":{"@type":"ImageObject","inLanguage":"en-US","@id":"https:\/\/secure.gravatar.com\/avatar\/2a6afb49d9ecfed5dbc6c9606ce318b8bd07c077835179bddfd5d8209c03cb29?s=96&d=mm&r=g","url":"https:\/\/secure.gravatar.com\/avatar\/2a6afb49d9ecfed5dbc6c9606ce318b8bd07c077835179bddfd5d8209c03cb29?s=96&d=mm&r=g","contentUrl":"https:\/\/secure.gravatar.com\/avatar\/2a6afb49d9ecfed5dbc6c9606ce318b8bd07c077835179bddfd5d8209c03cb29?s=96&d=mm&r=g","caption":"elleven"},"sameAs":["http:\/\/localhost\/acocearense"],"url":"https:\/\/www.grupoacocearense.com.br\/en\/author\/elleven\/"}]}},"_links":{"self":[{"href":"https:\/\/www.grupoacocearense.com.br\/en\/wp-json\/wp\/v2\/posts\/1378","targetHints":{"allow":["GET"]}}],"collection":[{"href":"https:\/\/www.grupoacocearense.com.br\/en\/wp-json\/wp\/v2\/posts"}],"about":[{"href":"https:\/\/www.grupoacocearense.com.br\/en\/wp-json\/wp\/v2\/types\/post"}],"author":[{"embeddable":true,"href":"https:\/\/www.grupoacocearense.com.br\/en\/wp-json\/wp\/v2\/users\/1"}],"replies":[{"embeddable":true,"href":"https:\/\/www.grupoacocearense.com.br\/en\/wp-json\/wp\/v2\/comments?post=1378"}],"version-history":[{"count":1,"href":"https:\/\/www.grupoacocearense.com.br\/en\/wp-json\/wp\/v2\/posts\/1378\/revisions"}],"predecessor-version":[{"id":1379,"href":"https:\/\/www.grupoacocearense.com.br\/en\/wp-json\/wp\/v2\/posts\/1378\/revisions\/1379"}],"wp:featuredmedia":[{"embeddable":true,"href":"https:\/\/www.grupoacocearense.com.br\/en\/wp-json\/wp\/v2\/media\/1360"}],"wp:attachment":[{"href":"https:\/\/www.grupoacocearense.com.br\/en\/wp-json\/wp\/v2\/media?parent=1378"}],"wp:term":[{"taxonomy":"category","embeddable":true,"href":"https:\/\/www.grupoacocearense.com.br\/en\/wp-json\/wp\/v2\/categories?post=1378"},{"taxonomy":"post_tag","embeddable":true,"href":"https:\/\/www.grupoacocearense.com.br\/en\/wp-json\/wp\/v2\/tags?post=1378"}],"curies":[{"name":"wp","href":"https:\/\/api.w.org\/{rel}","templated":true}]}}