{"id":1342,"date":"2020-12-29T10:51:08","date_gmt":"2020-12-29T13:51:08","guid":{"rendered":"https:\/\/www.grupoacocearense.com.br\/?p=1342"},"modified":"2025-05-07T10:51:38","modified_gmt":"2025-05-07T13:51:38","slug":"checklist-para-reestruturar-sua-empresa-pos-pandemia","status":"publish","type":"post","link":"https:\/\/www.grupoacocearense.com.br\/en\/checklist-para-reestruturar-sua-empresa-pos-pandemia\/","title":{"rendered":"Checklist to Restructure Your Company Post-Pandemic"},"content":{"rendered":"<p>The crisis generated by the new coronavirus pandemic\u00a0<a href=\"https:\/\/www.grupoacocearense.com.br\/en\/blog\/gestao\/principais-impactos-da-crise-na-construcao-civil\/?setlang=no\">impacted<\/a>\u00a0Many activities across various sectors of the economy have been disrupted. The current global crisis has resulted in the economic collapse of most countries, whether developed, emerging, or poor. With social distancing measures in place across much of the country, the corporate sector has largely adopted remote work, many retail stores have closed, and services have been suspended.<\/p>\n<p>According to data from the Monthly Survey of Services released by the Brazilian Institute of Geography and Statistics (IBGE), the flow of services provided in the country decreased by 15.4% in the second quarter of 2020 compared to the first quarter. In the previous quarter, there had already been a decrease of 3%, compared to the fourth quarter of 2019.<\/p>\n<p>Like any economic crisis, this one caused by the global pandemic will eventually pass, turning into a period of recovery. And now, Brazilian states are focusing on resuming non-essential commerce and services.<\/p>\n<figure id=\"attachment_3321\" class=\"no-caption alignnone\"><img loading=\"lazy\" decoding=\"async\" class=\"aligncenter wp-image-3321 size-full\" src=\"https:\/\/www.grupoacocearense.com.br\/blog\/wp-content\/uploads\/2021\/01\/Imagem-1.png\" sizes=\"auto, (max-width: 512px) 100vw, 512px\" srcset=\"https:\/\/www.grupoacocearense.com.br\/blog\/wp-content\/uploads\/2021\/01\/Imagem-1.png 512w, https:\/\/www.grupoacocearense.com.br\/blog\/wp-content\/uploads\/2021\/01\/Imagem-1-300x200.png 300w\" alt=\"\" width=\"512\" height=\"341\" \/><\/figure>\n<p><b>Thus, factories, stores, and offices are embarking on a new and complex process: how to plan for business resumption amid the pandemic?<\/b><\/p>\n<p>A definitive finding is that the adoption of\u00a0<a href=\"https:\/\/www.grupoacocearense.com.br\/en\/blog\/gestao\/aculturamento-digital-em-tempos-de-pandemia\/?setlang=no\">technology<\/a>\u00a0in work and business relations will be increasingly greater and more effective, as they will occur (in fact, they are already occurring)\u00a0<a href=\"https:\/\/www.grupoacocearense.com.br\/en\/blog\/gestao\/covid-19-medidas-para-empresas-durante-pandemia\/?setlang=no\">changes<\/a>\u00a0significant.<\/p>\n<p>So how can you restructure your company so that it not only survives the post-pandemic crisis but also remains efficient and profitable? There are several possibilities that can enable micro and small businesses to restructure and resume growth.<\/p>\n<figure id=\"attachment_3322\" class=\"no-caption alignnone\"><img loading=\"lazy\" decoding=\"async\" class=\"aligncenter wp-image-3322 size-full\" src=\"https:\/\/www.grupoacocearense.com.br\/blog\/wp-content\/uploads\/2021\/01\/imagem-2.png\" sizes=\"auto, (max-width: 640px) 100vw, 640px\" srcset=\"https:\/\/www.grupoacocearense.com.br\/blog\/wp-content\/uploads\/2021\/01\/imagem-2.png 640w, https:\/\/www.grupoacocearense.com.br\/blog\/wp-content\/uploads\/2021\/01\/imagem-2-300x225.png 300w, https:\/\/www.grupoacocearense.com.br\/blog\/wp-content\/uploads\/2021\/01\/imagem-2-320x239.png 320w\" alt=\"\" width=\"640\" height=\"480\" \/><\/figure>\n<p><b>Smart financial choices can help drive sustainable corporate strategies, especially in crises like the one we&#039;re currently experiencing.<\/b><\/p>\n<p>Therefore, it&#039;s crucial that managers train themselves to ensure a safe return to work. With appropriate guidance and the adoption of strict hygiene and safety protocols, employees will feel confident and motivated to return to their routine activities, maintaining their productivity.<\/p>\n<figure id=\"attachment_3323\" class=\"no-caption alignnone\"><img loading=\"lazy\" decoding=\"async\" class=\"aligncenter wp-image-3323 size-large\" src=\"https:\/\/www.grupoacocearense.com.br\/blog\/wp-content\/uploads\/2021\/01\/imagem-3-1024x580.png\" sizes=\"auto, (max-width: 1024px) 100vw, 1024px\" srcset=\"https:\/\/www.grupoacocearense.com.br\/blog\/wp-content\/uploads\/2021\/01\/imagem-3-1024x580.png 1024w, https:\/\/www.grupoacocearense.com.br\/blog\/wp-content\/uploads\/2021\/01\/imagem-3-300x170.png 300w, https:\/\/www.grupoacocearense.com.br\/blog\/wp-content\/uploads\/2021\/01\/imagem-3-768x435.png 768w, https:\/\/www.grupoacocearense.com.br\/blog\/wp-content\/uploads\/2021\/01\/imagem-3.png 1600w\" alt=\"\" width=\"1024\" height=\"580\" \/><\/figure>\n<p><b>Take advantage of the\u00a0<\/b><a href=\"https:\/\/www.grupoacocearense.com.br\/en\/blog\/gestao\/covid-19-medidas-para-empresas-durante-pandemia\/\"><b>opportunities<\/b><\/a><b>, seek new partnerships, negotiate with employees, creditors,\u00a0<\/b><a href=\"https:\/\/www.grupoacocearense.com.br\/en\/blog\/gestao-de-estoque\/gestao-de-fornecedores-qual-a-importancia-e-como-fazer\/\"><b>suppliers<\/b><\/a><b>, adapting to the new reality and reinventing oneself will be essential initiatives to avoid the closure of activities.<\/b><\/p>\n<p>These steps will enable small and medium-sized businesses to withstand times of crisis or disaster. With that in mind, here are a few more:\u00a0<a href=\"https:\/\/www.grupoacocearense.com.br\/en\/blog\/gestao\/10-licoes-que-aprendemos-com-crise-do-coronavirus\/\">tips<\/a>\u00a0to contain post-pandemic disasters.<\/p>\n<ul>\n<li>Communicate efficiently internally and externally, raise awareness and educate everyone;<\/li>\n<li>Evaluate your business model to reduce unnecessary costs and increase revenue;<\/li>\n<li>Encourage innovative projects among your employees to improve operational efficiency in internal processes;<\/li>\n<li>Monitor your consumer&#039;s consumption behavior\u00a0<a href=\"https:\/\/www.grupoacocearense.com.br\/en\/blog\/gestao\/retencao-de-clientes-na-crise-3-dicas-para-implementar-hoje-na-sua-empresa\/\">public<\/a>\u00a0and make adjustments whenever necessary;<\/li>\n<li>Strictly manage cash flow, forecasting fixed, tax and mandatory expenses;<\/li>\n<li>Structure your\u00a0<a href=\"https:\/\/www.grupoacocearense.com.br\/en\/blog\/vender-mais\/importancia-da-reserva-de-emergencia-para-o-crescimento-da-sua-empresa\/\">financial reserve<\/a>\u00a0for other moments of crisis;<\/li>\n<li>\u00a0Invest in new technologies to generate resource savings and efficiency;<\/li>\n<li>Create, simulate and implement strategies to adopt in times of\u00a0<a href=\"https:\/\/www.grupoacocearense.com.br\/en\/blog\/gestao\/como-comecar-fazer-gestao-de-uma-crise-na-empresa\/?setlang=no\">crisis<\/a>, these strategies will be applied mainly to\u00a0<a href=\"https:\/\/www.grupoacocearense.com.br\/en\/blog\/gestao\/proposito-pessoas-e-inovacao\/\">people<\/a>, to processes and technologies.<\/li>\n<\/ul>","protected":false},"excerpt":{"rendered":"<p>The crisis caused by the new coronavirus pandemic has impacted many activities in various sectors of the economy. The(\u2026)<\/p>","protected":false},"author":1,"featured_media":1333,"comment_status":"open","ping_status":"open","sticky":false,"template":"","format":"standard","meta":{"_acf_changed":false,"inline_featured_image":false,"footnotes":""},"categories":[31],"tags":[],"class_list":["post-1342","post","type-post","status-publish","format-standard","has-post-thumbnail","hentry","category-planejamento-estrategico"],"acf":[],"yoast_head":"<!-- This site is optimized with the Yoast SEO plugin v27.4 - https:\/\/yoast.com\/product\/yoast-seo-wordpress\/ -->\n<title>Checklist Para Reestruturar Sua Empresa P\u00f3s Pandemia - Grupo A\u00e7o Cearense<\/title>\n<meta name=\"robots\" content=\"index, follow, max-snippet:-1, max-image-preview:large, max-video-preview:-1\" \/>\n<link rel=\"canonical\" href=\"https:\/\/previews.elleven.digital\/acocearense\/checklist-para-reestruturar-sua-empresa-pos-pandemia\/\" \/>\n<meta property=\"og:locale\" content=\"en_US\" \/>\n<meta property=\"og:type\" content=\"article\" \/>\n<meta property=\"og:title\" content=\"Checklist Para Reestruturar Sua Empresa P\u00f3s Pandemia - Grupo A\u00e7o Cearense\" \/>\n<meta property=\"og:description\" content=\"A crise gerada pela pandemia do novo coronav\u00edrus\u00a0impactou\u00a0muitas atividades de diversos setores da economia. O(...)\" \/>\n<meta property=\"og:url\" content=\"https:\/\/previews.elleven.digital\/acocearense\/checklist-para-reestruturar-sua-empresa-pos-pandemia\/\" \/>\n<meta property=\"og:site_name\" content=\"Grupo A\u00e7o Cearense\" \/>\n<meta property=\"article:published_time\" content=\"2020-12-29T13:51:08+00:00\" \/>\n<meta property=\"article:modified_time\" content=\"2025-05-07T13:51:38+00:00\" \/>\n<meta property=\"og:image\" content=\"https:\/\/previews.elleven.digital\/acocearense\/wp-content\/uploads\/2025\/05\/Checklist-Para-Reestruturar-Sua-Empresa-Pos-Pandemia-1090x720-1.jpeg\" \/>\n\t<meta property=\"og:image:width\" content=\"1090\" \/>\n\t<meta property=\"og:image:height\" content=\"720\" \/>\n\t<meta property=\"og:image:type\" content=\"image\/jpeg\" \/>\n<meta name=\"author\" content=\"elleven\" \/>\n<meta name=\"twitter:card\" content=\"summary_large_image\" \/>\n<meta name=\"twitter:label1\" content=\"Written by\" \/>\n\t<meta name=\"twitter:data1\" content=\"elleven\" \/>\n\t<meta name=\"twitter:label2\" content=\"Est. reading time\" \/>\n\t<meta name=\"twitter:data2\" content=\"4 minutes\" \/>\n<script type=\"application\/ld+json\" class=\"yoast-schema-graph\">{\"@context\":\"https:\\\/\\\/schema.org\",\"@graph\":[{\"@type\":\"Article\",\"@id\":\"https:\\\/\\\/previews.elleven.digital\\\/acocearense\\\/checklist-para-reestruturar-sua-empresa-pos-pandemia\\\/#article\",\"isPartOf\":{\"@id\":\"https:\\\/\\\/previews.elleven.digital\\\/acocearense\\\/checklist-para-reestruturar-sua-empresa-pos-pandemia\\\/\"},\"author\":{\"name\":\"elleven\",\"@id\":\"https:\\\/\\\/previews.elleven.digital\\\/acocearense\\\/#\\\/schema\\\/person\\\/8e9165eb3c33e0860485c7c5fc06a701\"},\"headline\":\"Checklist Para Reestruturar Sua Empresa P\u00f3s Pandemia\",\"datePublished\":\"2020-12-29T13:51:08+00:00\",\"dateModified\":\"2025-05-07T13:51:38+00:00\",\"mainEntityOfPage\":{\"@id\":\"https:\\\/\\\/previews.elleven.digital\\\/acocearense\\\/checklist-para-reestruturar-sua-empresa-pos-pandemia\\\/\"},\"wordCount\":560,\"commentCount\":0,\"image\":{\"@id\":\"https:\\\/\\\/previews.elleven.digital\\\/acocearense\\\/checklist-para-reestruturar-sua-empresa-pos-pandemia\\\/#primaryimage\"},\"thumbnailUrl\":\"https:\\\/\\\/www.grupoacocearense.com.br\\\/wp-content\\\/uploads\\\/2025\\\/05\\\/Checklist-Para-Reestruturar-Sua-Empresa-Pos-Pandemia-1090x720-1.jpeg\",\"articleSection\":[\"Planejamento Estrat\u00e9gico\"],\"inLanguage\":\"en-US\",\"potentialAction\":[{\"@type\":\"CommentAction\",\"name\":\"Comment\",\"target\":[\"https:\\\/\\\/previews.elleven.digital\\\/acocearense\\\/checklist-para-reestruturar-sua-empresa-pos-pandemia\\\/#respond\"]}]},{\"@type\":\"WebPage\",\"@id\":\"https:\\\/\\\/previews.elleven.digital\\\/acocearense\\\/checklist-para-reestruturar-sua-empresa-pos-pandemia\\\/\",\"url\":\"https:\\\/\\\/previews.elleven.digital\\\/acocearense\\\/checklist-para-reestruturar-sua-empresa-pos-pandemia\\\/\",\"name\":\"Checklist Para Reestruturar Sua Empresa P\u00f3s Pandemia - Grupo A\u00e7o Cearense\",\"isPartOf\":{\"@id\":\"https:\\\/\\\/previews.elleven.digital\\\/acocearense\\\/#website\"},\"primaryImageOfPage\":{\"@id\":\"https:\\\/\\\/previews.elleven.digital\\\/acocearense\\\/checklist-para-reestruturar-sua-empresa-pos-pandemia\\\/#primaryimage\"},\"image\":{\"@id\":\"https:\\\/\\\/previews.elleven.digital\\\/acocearense\\\/checklist-para-reestruturar-sua-empresa-pos-pandemia\\\/#primaryimage\"},\"thumbnailUrl\":\"https:\\\/\\\/www.grupoacocearense.com.br\\\/wp-content\\\/uploads\\\/2025\\\/05\\\/Checklist-Para-Reestruturar-Sua-Empresa-Pos-Pandemia-1090x720-1.jpeg\",\"datePublished\":\"2020-12-29T13:51:08+00:00\",\"dateModified\":\"2025-05-07T13:51:38+00:00\",\"author\":{\"@id\":\"https:\\\/\\\/previews.elleven.digital\\\/acocearense\\\/#\\\/schema\\\/person\\\/8e9165eb3c33e0860485c7c5fc06a701\"},\"breadcrumb\":{\"@id\":\"https:\\\/\\\/previews.elleven.digital\\\/acocearense\\\/checklist-para-reestruturar-sua-empresa-pos-pandemia\\\/#breadcrumb\"},\"inLanguage\":\"en-US\",\"potentialAction\":[{\"@type\":\"ReadAction\",\"target\":[\"https:\\\/\\\/previews.elleven.digital\\\/acocearense\\\/checklist-para-reestruturar-sua-empresa-pos-pandemia\\\/\"]}]},{\"@type\":\"ImageObject\",\"inLanguage\":\"en-US\",\"@id\":\"https:\\\/\\\/previews.elleven.digital\\\/acocearense\\\/checklist-para-reestruturar-sua-empresa-pos-pandemia\\\/#primaryimage\",\"url\":\"https:\\\/\\\/www.grupoacocearense.com.br\\\/wp-content\\\/uploads\\\/2025\\\/05\\\/Checklist-Para-Reestruturar-Sua-Empresa-Pos-Pandemia-1090x720-1.jpeg\",\"contentUrl\":\"https:\\\/\\\/www.grupoacocearense.com.br\\\/wp-content\\\/uploads\\\/2025\\\/05\\\/Checklist-Para-Reestruturar-Sua-Empresa-Pos-Pandemia-1090x720-1.jpeg\",\"width\":1090,\"height\":720},{\"@type\":\"BreadcrumbList\",\"@id\":\"https:\\\/\\\/previews.elleven.digital\\\/acocearense\\\/checklist-para-reestruturar-sua-empresa-pos-pandemia\\\/#breadcrumb\",\"itemListElement\":[{\"@type\":\"ListItem\",\"position\":1,\"name\":\"In\u00edcio\",\"item\":\"https:\\\/\\\/www.grupoacocearense.com.br\\\/\"},{\"@type\":\"ListItem\",\"position\":2,\"name\":\"Checklist Para Reestruturar Sua Empresa P\u00f3s Pandemia\"}]},{\"@type\":\"WebSite\",\"@id\":\"https:\\\/\\\/previews.elleven.digital\\\/acocearense\\\/#website\",\"url\":\"https:\\\/\\\/previews.elleven.digital\\\/acocearense\\\/\",\"name\":\"A\u00e7o Cearense\",\"description\":\"H\u00e1 mais de 45 anos no mercado brasileiro do a\u00e7o.\",\"alternateName\":\"A\u00e7o Cearense\",\"potentialAction\":[{\"@type\":\"SearchAction\",\"target\":{\"@type\":\"EntryPoint\",\"urlTemplate\":\"https:\\\/\\\/previews.elleven.digital\\\/acocearense\\\/?s={search_term_string}\"},\"query-input\":{\"@type\":\"PropertyValueSpecification\",\"valueRequired\":true,\"valueName\":\"search_term_string\"}}],\"inLanguage\":\"en-US\"},{\"@type\":\"Person\",\"@id\":\"https:\\\/\\\/previews.elleven.digital\\\/acocearense\\\/#\\\/schema\\\/person\\\/8e9165eb3c33e0860485c7c5fc06a701\",\"name\":\"elleven\",\"image\":{\"@type\":\"ImageObject\",\"inLanguage\":\"en-US\",\"@id\":\"https:\\\/\\\/secure.gravatar.com\\\/avatar\\\/2a6afb49d9ecfed5dbc6c9606ce318b8bd07c077835179bddfd5d8209c03cb29?s=96&d=mm&r=g\",\"url\":\"https:\\\/\\\/secure.gravatar.com\\\/avatar\\\/2a6afb49d9ecfed5dbc6c9606ce318b8bd07c077835179bddfd5d8209c03cb29?s=96&d=mm&r=g\",\"contentUrl\":\"https:\\\/\\\/secure.gravatar.com\\\/avatar\\\/2a6afb49d9ecfed5dbc6c9606ce318b8bd07c077835179bddfd5d8209c03cb29?s=96&d=mm&r=g\",\"caption\":\"elleven\"},\"sameAs\":[\"http:\\\/\\\/localhost\\\/acocearense\"],\"url\":\"https:\\\/\\\/www.grupoacocearense.com.br\\\/en\\\/author\\\/elleven\\\/\"}]}<\/script>\n<!-- \/ Yoast SEO plugin. -->","yoast_head_json":{"title":"Checklist for Restructuring Your Company Post-Pandemic - Grupo A\u00e7o Cearense","robots":{"index":"index","follow":"follow","max-snippet":"max-snippet:-1","max-image-preview":"max-image-preview:large","max-video-preview":"max-video-preview:-1"},"canonical":"https:\/\/previews.elleven.digital\/acocearense\/checklist-para-reestruturar-sua-empresa-pos-pandemia\/","og_locale":"en_US","og_type":"article","og_title":"Checklist Para Reestruturar Sua Empresa P\u00f3s Pandemia - Grupo A\u00e7o Cearense","og_description":"A crise gerada pela pandemia do novo coronav\u00edrus\u00a0impactou\u00a0muitas atividades de diversos setores da economia. O(...)","og_url":"https:\/\/previews.elleven.digital\/acocearense\/checklist-para-reestruturar-sua-empresa-pos-pandemia\/","og_site_name":"Grupo A\u00e7o Cearense","article_published_time":"2020-12-29T13:51:08+00:00","article_modified_time":"2025-05-07T13:51:38+00:00","og_image":[{"width":1090,"height":720,"url":"https:\/\/previews.elleven.digital\/acocearense\/wp-content\/uploads\/2025\/05\/Checklist-Para-Reestruturar-Sua-Empresa-Pos-Pandemia-1090x720-1.jpeg","type":"image\/jpeg"}],"author":"elleven","twitter_card":"summary_large_image","twitter_misc":{"Written by":"elleven","Est. reading time":"4 minutes"},"schema":{"@context":"https:\/\/schema.org","@graph":[{"@type":"Article","@id":"https:\/\/previews.elleven.digital\/acocearense\/checklist-para-reestruturar-sua-empresa-pos-pandemia\/#article","isPartOf":{"@id":"https:\/\/previews.elleven.digital\/acocearense\/checklist-para-reestruturar-sua-empresa-pos-pandemia\/"},"author":{"name":"elleven","@id":"https:\/\/previews.elleven.digital\/acocearense\/#\/schema\/person\/8e9165eb3c33e0860485c7c5fc06a701"},"headline":"Checklist Para Reestruturar Sua Empresa P\u00f3s Pandemia","datePublished":"2020-12-29T13:51:08+00:00","dateModified":"2025-05-07T13:51:38+00:00","mainEntityOfPage":{"@id":"https:\/\/previews.elleven.digital\/acocearense\/checklist-para-reestruturar-sua-empresa-pos-pandemia\/"},"wordCount":560,"commentCount":0,"image":{"@id":"https:\/\/previews.elleven.digital\/acocearense\/checklist-para-reestruturar-sua-empresa-pos-pandemia\/#primaryimage"},"thumbnailUrl":"https:\/\/www.grupoacocearense.com.br\/wp-content\/uploads\/2025\/05\/Checklist-Para-Reestruturar-Sua-Empresa-Pos-Pandemia-1090x720-1.jpeg","articleSection":["Planejamento Estrat\u00e9gico"],"inLanguage":"en-US","potentialAction":[{"@type":"CommentAction","name":"Comment","target":["https:\/\/previews.elleven.digital\/acocearense\/checklist-para-reestruturar-sua-empresa-pos-pandemia\/#respond"]}]},{"@type":"WebPage","@id":"https:\/\/previews.elleven.digital\/acocearense\/checklist-para-reestruturar-sua-empresa-pos-pandemia\/","url":"https:\/\/previews.elleven.digital\/acocearense\/checklist-para-reestruturar-sua-empresa-pos-pandemia\/","name":"Checklist for Restructuring Your Company Post-Pandemic - Grupo A\u00e7o Cearense","isPartOf":{"@id":"https:\/\/previews.elleven.digital\/acocearense\/#website"},"primaryImageOfPage":{"@id":"https:\/\/previews.elleven.digital\/acocearense\/checklist-para-reestruturar-sua-empresa-pos-pandemia\/#primaryimage"},"image":{"@id":"https:\/\/previews.elleven.digital\/acocearense\/checklist-para-reestruturar-sua-empresa-pos-pandemia\/#primaryimage"},"thumbnailUrl":"https:\/\/www.grupoacocearense.com.br\/wp-content\/uploads\/2025\/05\/Checklist-Para-Reestruturar-Sua-Empresa-Pos-Pandemia-1090x720-1.jpeg","datePublished":"2020-12-29T13:51:08+00:00","dateModified":"2025-05-07T13:51:38+00:00","author":{"@id":"https:\/\/previews.elleven.digital\/acocearense\/#\/schema\/person\/8e9165eb3c33e0860485c7c5fc06a701"},"breadcrumb":{"@id":"https:\/\/previews.elleven.digital\/acocearense\/checklist-para-reestruturar-sua-empresa-pos-pandemia\/#breadcrumb"},"inLanguage":"en-US","potentialAction":[{"@type":"ReadAction","target":["https:\/\/previews.elleven.digital\/acocearense\/checklist-para-reestruturar-sua-empresa-pos-pandemia\/"]}]},{"@type":"ImageObject","inLanguage":"en-US","@id":"https:\/\/previews.elleven.digital\/acocearense\/checklist-para-reestruturar-sua-empresa-pos-pandemia\/#primaryimage","url":"https:\/\/www.grupoacocearense.com.br\/wp-content\/uploads\/2025\/05\/Checklist-Para-Reestruturar-Sua-Empresa-Pos-Pandemia-1090x720-1.jpeg","contentUrl":"https:\/\/www.grupoacocearense.com.br\/wp-content\/uploads\/2025\/05\/Checklist-Para-Reestruturar-Sua-Empresa-Pos-Pandemia-1090x720-1.jpeg","width":1090,"height":720},{"@type":"BreadcrumbList","@id":"https:\/\/previews.elleven.digital\/acocearense\/checklist-para-reestruturar-sua-empresa-pos-pandemia\/#breadcrumb","itemListElement":[{"@type":"ListItem","position":1,"name":"In\u00edcio","item":"https:\/\/www.grupoacocearense.com.br\/"},{"@type":"ListItem","position":2,"name":"Checklist Para Reestruturar Sua Empresa P\u00f3s Pandemia"}]},{"@type":"WebSite","@id":"https:\/\/previews.elleven.digital\/acocearense\/#website","url":"https:\/\/previews.elleven.digital\/acocearense\/","name":"Cear\u00e1 Steel","description":"In the Brazilian steel market for over 45 years.","alternateName":"A\u00e7o Cearense","potentialAction":[{"@type":"SearchAction","target":{"@type":"EntryPoint","urlTemplate":"https:\/\/previews.elleven.digital\/acocearense\/?s={search_term_string}"},"query-input":{"@type":"PropertyValueSpecification","valueRequired":true,"valueName":"search_term_string"}}],"inLanguage":"en-US"},{"@type":"Person","@id":"https:\/\/previews.elleven.digital\/acocearense\/#\/schema\/person\/8e9165eb3c33e0860485c7c5fc06a701","name":"elleven","image":{"@type":"ImageObject","inLanguage":"en-US","@id":"https:\/\/secure.gravatar.com\/avatar\/2a6afb49d9ecfed5dbc6c9606ce318b8bd07c077835179bddfd5d8209c03cb29?s=96&d=mm&r=g","url":"https:\/\/secure.gravatar.com\/avatar\/2a6afb49d9ecfed5dbc6c9606ce318b8bd07c077835179bddfd5d8209c03cb29?s=96&d=mm&r=g","contentUrl":"https:\/\/secure.gravatar.com\/avatar\/2a6afb49d9ecfed5dbc6c9606ce318b8bd07c077835179bddfd5d8209c03cb29?s=96&d=mm&r=g","caption":"elleven"},"sameAs":["http:\/\/localhost\/acocearense"],"url":"https:\/\/www.grupoacocearense.com.br\/en\/author\/elleven\/"}]}},"_links":{"self":[{"href":"https:\/\/www.grupoacocearense.com.br\/en\/wp-json\/wp\/v2\/posts\/1342","targetHints":{"allow":["GET"]}}],"collection":[{"href":"https:\/\/www.grupoacocearense.com.br\/en\/wp-json\/wp\/v2\/posts"}],"about":[{"href":"https:\/\/www.grupoacocearense.com.br\/en\/wp-json\/wp\/v2\/types\/post"}],"author":[{"embeddable":true,"href":"https:\/\/www.grupoacocearense.com.br\/en\/wp-json\/wp\/v2\/users\/1"}],"replies":[{"embeddable":true,"href":"https:\/\/www.grupoacocearense.com.br\/en\/wp-json\/wp\/v2\/comments?post=1342"}],"version-history":[{"count":1,"href":"https:\/\/www.grupoacocearense.com.br\/en\/wp-json\/wp\/v2\/posts\/1342\/revisions"}],"predecessor-version":[{"id":1343,"href":"https:\/\/www.grupoacocearense.com.br\/en\/wp-json\/wp\/v2\/posts\/1342\/revisions\/1343"}],"wp:featuredmedia":[{"embeddable":true,"href":"https:\/\/www.grupoacocearense.com.br\/en\/wp-json\/wp\/v2\/media\/1333"}],"wp:attachment":[{"href":"https:\/\/www.grupoacocearense.com.br\/en\/wp-json\/wp\/v2\/media?parent=1342"}],"wp:term":[{"taxonomy":"category","embeddable":true,"href":"https:\/\/www.grupoacocearense.com.br\/en\/wp-json\/wp\/v2\/categories?post=1342"},{"taxonomy":"post_tag","embeddable":true,"href":"https:\/\/www.grupoacocearense.com.br\/en\/wp-json\/wp\/v2\/tags?post=1342"}],"curies":[{"name":"wp","href":"https:\/\/api.w.org\/{rel}","templated":true}]}}