{"id":1292,"date":"2020-07-29T10:36:17","date_gmt":"2020-07-29T13:36:17","guid":{"rendered":"https:\/\/www.grupoacocearense.com.br\/?p=1292"},"modified":"2025-05-07T10:36:43","modified_gmt":"2025-05-07T13:36:43","slug":"principais-impactos-da-crise-na-construcao-civil","status":"publish","type":"post","link":"https:\/\/www.grupoacocearense.com.br\/en\/principais-impactos-da-crise-na-construcao-civil\/","title":{"rendered":"Main impacts of the crisis on the Civil Construction Industry"},"content":{"rendered":"<p>THE\u00a0<strong>demand reduction<\/strong>\u00a0and the\u00a0<strong>suspension of activities<\/strong>\u00a0are the main factors contributing to the negative effects of the new coronavirus crisis on business, according to research by the Brazilian Institute of Economics (Ibre\/FGV).<\/p>\n<p>However, one of the essential segments that\u00a0<strong>did not completely stop operations<\/strong>\u00a0was the one of\u00a0<a href=\"https:\/\/www.grupoacocearense.com.br\/en\/blog\/abrindo-o-negocio\/quais-sao-as-vantagens-e-aplicacoes-do-aco-na-construcao-civil\/?setlang=no\">civil construction<\/a>. With approximately 2 million workers with formal employment contracts, the sector only had\u00a0<strong>occasional interruptions in some of its activities.<\/strong><\/p>\n<p>THE\u00a0<a href=\"https:\/\/www.grupoacocearense.com.br\/en\/blog\/gestao\/10-licoes-que-aprendemos-com-crise-do-coronavirus\/\">pandemic<\/a>\u00a0slowed down the accelerated pace that the sector had been experiencing at the beginning of 2020 and forced companies in the sector to undergo adaptations.<\/p>\n<h2>What impacts have been felt so far in the Construction Industry?<\/h2>\n<p>The entire production chain was impacted and the first available sectoral indicators already show\u00a0<strong>significant drops in sales<\/strong>\u00a0of cement and ceramic coatings, in the launch of apartments, in the contracting of financing and many others,\u00a0<strong>even with the construction sites and the stores\u00a0<a href=\"https:\/\/www.grupoacocearense.com.br\/en\/blog\/abrindo-o-negocio\/conheca-os-5-principais-materiais-para-construcao-civil\/?setlang=no\">building materials<\/a>\u00a0operating in most of the country.<\/strong><\/p>\n<p><em>The speed of events makes it difficult to fully understand their impacts, but there are signs that they will influence new products and construction processes.<\/em>.<\/p>\n<p>The home office was efficient and\u00a0<strong>will impact the need for office buildings and intensify the demand for dedicated workspaces in homes.<\/strong><\/p>\n<p><strong>In engineering education, in turn, the impacts can already be considered certain and transformative.\u00a0<\/strong>Social distancing has consolidated distance learning and exposed the need for\u00a0<strong>improvement of computational tools<\/strong>\u00a0used in educational institutions. Simply virtualizing the classroom has not proven sufficient to impart the necessary skills to new professionals in the sector. This requires the development of new didactics and teaching methods that transfer knowledge into practice.<\/p>\n<p>Given all this, we can see that\u00a0<strong>the\u00a0<a href=\"https:\/\/www.grupoacocearense.com.br\/en\/blog\/gestao\/como-comecar-fazer-gestao-de-uma-crise-na-empresa\/\">crisis<\/a>\u00a0The coronavirus has already impacted and will continue to impact lives, businesses and the economy around the world.<\/strong>But, like other pandemics, this negative period will pass.<\/p>\n<p><strong>Sources:<\/strong>\u00a0G1, Reporter Brazil and Estad\u00e3o.<\/p>","protected":false},"excerpt":{"rendered":"<p>The reduction in demand and the interruption of activities are the main factors contributing to the negative effects(\u2026)<\/p>","protected":false},"author":1,"featured_media":0,"comment_status":"open","ping_status":"open","sticky":false,"template":"","format":"standard","meta":{"_acf_changed":false,"inline_featured_image":false,"footnotes":""},"categories":[28],"tags":[],"class_list":["post-1292","post","type-post","status-publish","format-standard","hentry","category-gestao"],"acf":[],"yoast_head":"<!-- This site is optimized with the Yoast SEO plugin v27.4 - https:\/\/yoast.com\/product\/yoast-seo-wordpress\/ -->\n<title>Principais impactos da crise na Constru\u00e7\u00e3o Civil - Grupo A\u00e7o Cearense<\/title>\n<meta name=\"robots\" content=\"index, follow, max-snippet:-1, max-image-preview:large, max-video-preview:-1\" \/>\n<link rel=\"canonical\" href=\"https:\/\/previews.elleven.digital\/acocearense\/principais-impactos-da-crise-na-construcao-civil\/\" \/>\n<meta property=\"og:locale\" content=\"en_US\" \/>\n<meta property=\"og:type\" content=\"article\" \/>\n<meta property=\"og:title\" content=\"Principais impactos da crise na Constru\u00e7\u00e3o Civil - Grupo A\u00e7o Cearense\" \/>\n<meta property=\"og:description\" content=\"A\u00a0redu\u00e7\u00e3o da demanda\u00a0e a\u00a0paralisa\u00e7\u00e3o das atividades\u00a0s\u00e3o os principais fatores que contribuem para os efeitos negativos(...)\" \/>\n<meta property=\"og:url\" content=\"https:\/\/previews.elleven.digital\/acocearense\/principais-impactos-da-crise-na-construcao-civil\/\" \/>\n<meta property=\"og:site_name\" content=\"Grupo A\u00e7o Cearense\" \/>\n<meta property=\"article:published_time\" content=\"2020-07-29T13:36:17+00:00\" \/>\n<meta property=\"article:modified_time\" content=\"2025-05-07T13:36:43+00:00\" \/>\n<meta name=\"author\" content=\"elleven\" \/>\n<meta name=\"twitter:card\" content=\"summary_large_image\" \/>\n<meta name=\"twitter:label1\" content=\"Written by\" \/>\n\t<meta name=\"twitter:data1\" content=\"elleven\" \/>\n\t<meta name=\"twitter:label2\" content=\"Est. reading time\" \/>\n\t<meta name=\"twitter:data2\" content=\"2 minutes\" \/>\n<script type=\"application\/ld+json\" class=\"yoast-schema-graph\">{\"@context\":\"https:\\\/\\\/schema.org\",\"@graph\":[{\"@type\":\"Article\",\"@id\":\"https:\\\/\\\/previews.elleven.digital\\\/acocearense\\\/principais-impactos-da-crise-na-construcao-civil\\\/#article\",\"isPartOf\":{\"@id\":\"https:\\\/\\\/previews.elleven.digital\\\/acocearense\\\/principais-impactos-da-crise-na-construcao-civil\\\/\"},\"author\":{\"name\":\"elleven\",\"@id\":\"https:\\\/\\\/previews.elleven.digital\\\/acocearense\\\/#\\\/schema\\\/person\\\/8e9165eb3c33e0860485c7c5fc06a701\"},\"headline\":\"Principais impactos da crise na Constru\u00e7\u00e3o Civil\",\"datePublished\":\"2020-07-29T13:36:17+00:00\",\"dateModified\":\"2025-05-07T13:36:43+00:00\",\"mainEntityOfPage\":{\"@id\":\"https:\\\/\\\/previews.elleven.digital\\\/acocearense\\\/principais-impactos-da-crise-na-construcao-civil\\\/\"},\"wordCount\":379,\"commentCount\":0,\"articleSection\":[\"Gest\u00e3o\"],\"inLanguage\":\"en-US\",\"potentialAction\":[{\"@type\":\"CommentAction\",\"name\":\"Comment\",\"target\":[\"https:\\\/\\\/previews.elleven.digital\\\/acocearense\\\/principais-impactos-da-crise-na-construcao-civil\\\/#respond\"]}]},{\"@type\":\"WebPage\",\"@id\":\"https:\\\/\\\/previews.elleven.digital\\\/acocearense\\\/principais-impactos-da-crise-na-construcao-civil\\\/\",\"url\":\"https:\\\/\\\/previews.elleven.digital\\\/acocearense\\\/principais-impactos-da-crise-na-construcao-civil\\\/\",\"name\":\"Principais impactos da crise na Constru\u00e7\u00e3o Civil - Grupo A\u00e7o Cearense\",\"isPartOf\":{\"@id\":\"https:\\\/\\\/previews.elleven.digital\\\/acocearense\\\/#website\"},\"datePublished\":\"2020-07-29T13:36:17+00:00\",\"dateModified\":\"2025-05-07T13:36:43+00:00\",\"author\":{\"@id\":\"https:\\\/\\\/previews.elleven.digital\\\/acocearense\\\/#\\\/schema\\\/person\\\/8e9165eb3c33e0860485c7c5fc06a701\"},\"breadcrumb\":{\"@id\":\"https:\\\/\\\/previews.elleven.digital\\\/acocearense\\\/principais-impactos-da-crise-na-construcao-civil\\\/#breadcrumb\"},\"inLanguage\":\"en-US\",\"potentialAction\":[{\"@type\":\"ReadAction\",\"target\":[\"https:\\\/\\\/previews.elleven.digital\\\/acocearense\\\/principais-impactos-da-crise-na-construcao-civil\\\/\"]}]},{\"@type\":\"BreadcrumbList\",\"@id\":\"https:\\\/\\\/previews.elleven.digital\\\/acocearense\\\/principais-impactos-da-crise-na-construcao-civil\\\/#breadcrumb\",\"itemListElement\":[{\"@type\":\"ListItem\",\"position\":1,\"name\":\"In\u00edcio\",\"item\":\"https:\\\/\\\/www.grupoacocearense.com.br\\\/\"},{\"@type\":\"ListItem\",\"position\":2,\"name\":\"Principais impactos da crise na Constru\u00e7\u00e3o Civil\"}]},{\"@type\":\"WebSite\",\"@id\":\"https:\\\/\\\/previews.elleven.digital\\\/acocearense\\\/#website\",\"url\":\"https:\\\/\\\/previews.elleven.digital\\\/acocearense\\\/\",\"name\":\"A\u00e7o Cearense\",\"description\":\"H\u00e1 mais de 45 anos no mercado brasileiro do a\u00e7o.\",\"alternateName\":\"A\u00e7o Cearense\",\"potentialAction\":[{\"@type\":\"SearchAction\",\"target\":{\"@type\":\"EntryPoint\",\"urlTemplate\":\"https:\\\/\\\/previews.elleven.digital\\\/acocearense\\\/?s={search_term_string}\"},\"query-input\":{\"@type\":\"PropertyValueSpecification\",\"valueRequired\":true,\"valueName\":\"search_term_string\"}}],\"inLanguage\":\"en-US\"},{\"@type\":\"Person\",\"@id\":\"https:\\\/\\\/previews.elleven.digital\\\/acocearense\\\/#\\\/schema\\\/person\\\/8e9165eb3c33e0860485c7c5fc06a701\",\"name\":\"elleven\",\"image\":{\"@type\":\"ImageObject\",\"inLanguage\":\"en-US\",\"@id\":\"https:\\\/\\\/secure.gravatar.com\\\/avatar\\\/2a6afb49d9ecfed5dbc6c9606ce318b8bd07c077835179bddfd5d8209c03cb29?s=96&d=mm&r=g\",\"url\":\"https:\\\/\\\/secure.gravatar.com\\\/avatar\\\/2a6afb49d9ecfed5dbc6c9606ce318b8bd07c077835179bddfd5d8209c03cb29?s=96&d=mm&r=g\",\"contentUrl\":\"https:\\\/\\\/secure.gravatar.com\\\/avatar\\\/2a6afb49d9ecfed5dbc6c9606ce318b8bd07c077835179bddfd5d8209c03cb29?s=96&d=mm&r=g\",\"caption\":\"elleven\"},\"sameAs\":[\"http:\\\/\\\/localhost\\\/acocearense\"],\"url\":\"https:\\\/\\\/www.grupoacocearense.com.br\\\/en\\\/author\\\/elleven\\\/\"}]}<\/script>\n<!-- \/ Yoast SEO plugin. -->","yoast_head_json":{"title":"Principais impactos da crise na Constru\u00e7\u00e3o Civil - Grupo A\u00e7o Cearense","robots":{"index":"index","follow":"follow","max-snippet":"max-snippet:-1","max-image-preview":"max-image-preview:large","max-video-preview":"max-video-preview:-1"},"canonical":"https:\/\/previews.elleven.digital\/acocearense\/principais-impactos-da-crise-na-construcao-civil\/","og_locale":"en_US","og_type":"article","og_title":"Principais impactos da crise na Constru\u00e7\u00e3o Civil - Grupo A\u00e7o Cearense","og_description":"A\u00a0redu\u00e7\u00e3o da demanda\u00a0e a\u00a0paralisa\u00e7\u00e3o das atividades\u00a0s\u00e3o os principais fatores que contribuem para os efeitos negativos(...)","og_url":"https:\/\/previews.elleven.digital\/acocearense\/principais-impactos-da-crise-na-construcao-civil\/","og_site_name":"Grupo A\u00e7o Cearense","article_published_time":"2020-07-29T13:36:17+00:00","article_modified_time":"2025-05-07T13:36:43+00:00","author":"elleven","twitter_card":"summary_large_image","twitter_misc":{"Written by":"elleven","Est. reading time":"2 minutes"},"schema":{"@context":"https:\/\/schema.org","@graph":[{"@type":"Article","@id":"https:\/\/previews.elleven.digital\/acocearense\/principais-impactos-da-crise-na-construcao-civil\/#article","isPartOf":{"@id":"https:\/\/previews.elleven.digital\/acocearense\/principais-impactos-da-crise-na-construcao-civil\/"},"author":{"name":"elleven","@id":"https:\/\/previews.elleven.digital\/acocearense\/#\/schema\/person\/8e9165eb3c33e0860485c7c5fc06a701"},"headline":"Principais impactos da crise na Constru\u00e7\u00e3o Civil","datePublished":"2020-07-29T13:36:17+00:00","dateModified":"2025-05-07T13:36:43+00:00","mainEntityOfPage":{"@id":"https:\/\/previews.elleven.digital\/acocearense\/principais-impactos-da-crise-na-construcao-civil\/"},"wordCount":379,"commentCount":0,"articleSection":["Gest\u00e3o"],"inLanguage":"en-US","potentialAction":[{"@type":"CommentAction","name":"Comment","target":["https:\/\/previews.elleven.digital\/acocearense\/principais-impactos-da-crise-na-construcao-civil\/#respond"]}]},{"@type":"WebPage","@id":"https:\/\/previews.elleven.digital\/acocearense\/principais-impactos-da-crise-na-construcao-civil\/","url":"https:\/\/previews.elleven.digital\/acocearense\/principais-impactos-da-crise-na-construcao-civil\/","name":"Principais impactos da crise na Constru\u00e7\u00e3o Civil - Grupo A\u00e7o Cearense","isPartOf":{"@id":"https:\/\/previews.elleven.digital\/acocearense\/#website"},"datePublished":"2020-07-29T13:36:17+00:00","dateModified":"2025-05-07T13:36:43+00:00","author":{"@id":"https:\/\/previews.elleven.digital\/acocearense\/#\/schema\/person\/8e9165eb3c33e0860485c7c5fc06a701"},"breadcrumb":{"@id":"https:\/\/previews.elleven.digital\/acocearense\/principais-impactos-da-crise-na-construcao-civil\/#breadcrumb"},"inLanguage":"en-US","potentialAction":[{"@type":"ReadAction","target":["https:\/\/previews.elleven.digital\/acocearense\/principais-impactos-da-crise-na-construcao-civil\/"]}]},{"@type":"BreadcrumbList","@id":"https:\/\/previews.elleven.digital\/acocearense\/principais-impactos-da-crise-na-construcao-civil\/#breadcrumb","itemListElement":[{"@type":"ListItem","position":1,"name":"In\u00edcio","item":"https:\/\/www.grupoacocearense.com.br\/"},{"@type":"ListItem","position":2,"name":"Principais impactos da crise na Constru\u00e7\u00e3o Civil"}]},{"@type":"WebSite","@id":"https:\/\/previews.elleven.digital\/acocearense\/#website","url":"https:\/\/previews.elleven.digital\/acocearense\/","name":"Cear\u00e1 Steel","description":"In the Brazilian steel market for over 45 years.","alternateName":"A\u00e7o Cearense","potentialAction":[{"@type":"SearchAction","target":{"@type":"EntryPoint","urlTemplate":"https:\/\/previews.elleven.digital\/acocearense\/?s={search_term_string}"},"query-input":{"@type":"PropertyValueSpecification","valueRequired":true,"valueName":"search_term_string"}}],"inLanguage":"en-US"},{"@type":"Person","@id":"https:\/\/previews.elleven.digital\/acocearense\/#\/schema\/person\/8e9165eb3c33e0860485c7c5fc06a701","name":"elleven","image":{"@type":"ImageObject","inLanguage":"en-US","@id":"https:\/\/secure.gravatar.com\/avatar\/2a6afb49d9ecfed5dbc6c9606ce318b8bd07c077835179bddfd5d8209c03cb29?s=96&d=mm&r=g","url":"https:\/\/secure.gravatar.com\/avatar\/2a6afb49d9ecfed5dbc6c9606ce318b8bd07c077835179bddfd5d8209c03cb29?s=96&d=mm&r=g","contentUrl":"https:\/\/secure.gravatar.com\/avatar\/2a6afb49d9ecfed5dbc6c9606ce318b8bd07c077835179bddfd5d8209c03cb29?s=96&d=mm&r=g","caption":"elleven"},"sameAs":["http:\/\/localhost\/acocearense"],"url":"https:\/\/www.grupoacocearense.com.br\/en\/author\/elleven\/"}]}},"_links":{"self":[{"href":"https:\/\/www.grupoacocearense.com.br\/en\/wp-json\/wp\/v2\/posts\/1292","targetHints":{"allow":["GET"]}}],"collection":[{"href":"https:\/\/www.grupoacocearense.com.br\/en\/wp-json\/wp\/v2\/posts"}],"about":[{"href":"https:\/\/www.grupoacocearense.com.br\/en\/wp-json\/wp\/v2\/types\/post"}],"author":[{"embeddable":true,"href":"https:\/\/www.grupoacocearense.com.br\/en\/wp-json\/wp\/v2\/users\/1"}],"replies":[{"embeddable":true,"href":"https:\/\/www.grupoacocearense.com.br\/en\/wp-json\/wp\/v2\/comments?post=1292"}],"version-history":[{"count":1,"href":"https:\/\/www.grupoacocearense.com.br\/en\/wp-json\/wp\/v2\/posts\/1292\/revisions"}],"predecessor-version":[{"id":1293,"href":"https:\/\/www.grupoacocearense.com.br\/en\/wp-json\/wp\/v2\/posts\/1292\/revisions\/1293"}],"wp:attachment":[{"href":"https:\/\/www.grupoacocearense.com.br\/en\/wp-json\/wp\/v2\/media?parent=1292"}],"wp:term":[{"taxonomy":"category","embeddable":true,"href":"https:\/\/www.grupoacocearense.com.br\/en\/wp-json\/wp\/v2\/categories?post=1292"},{"taxonomy":"post_tag","embeddable":true,"href":"https:\/\/www.grupoacocearense.com.br\/en\/wp-json\/wp\/v2\/tags?post=1292"}],"curies":[{"name":"wp","href":"https:\/\/api.w.org\/{rel}","templated":true}]}}