{"id":1122,"date":"2018-10-30T09:50:16","date_gmt":"2018-10-30T12:50:16","guid":{"rendered":"https:\/\/www.grupoacocearense.com.br\/?p=1122"},"modified":"2025-05-07T09:50:45","modified_gmt":"2025-05-07T12:50:45","slug":"fique-por-dentro-4-curiosidades-sobre-a-reciclagem-do-aco","status":"publish","type":"post","link":"https:\/\/www.grupoacocearense.com.br\/en\/fique-por-dentro-4-curiosidades-sobre-a-reciclagem-do-aco\/","title":{"rendered":"Stay informed: 4 interesting facts about steel recycling"},"content":{"rendered":"<p>Steel is a metal alloy made of iron and carbon, and is also one of the oldest materials used by humanity. Because it&#039;s versatile, its ability to be recycled was soon discovered.<\/p>\n<p>Steel recycling is as old as its use. The recycling process is practical, reduces environmental impacts, and the metal retains its properties. Metal alloys are used in a variety of applications.\u00a0<a href=\"https:\/\/www.grupoacocearense.com.br\/en\/blog\/gestao-de-estoque\/principais-tipos-de-aco\/\" target=\"_blank\" rel=\"noopener noreferrer\">types<\/a>\u00a0of materials, the main ones being steel itself,\u00a0<a href=\"https:\/\/www.grupoacocearense.com.br\/en\/blog\/abrindo-o-negocio\/5-vantagens-do-aco-inox-que-voce-precisa-conhecer\/\" target=\"_blank\" rel=\"noopener noreferrer\">stainless steel<\/a>, bronze, gold and brass.<\/p>\n<p>See below four advantages of steel recycling and why this process is important. Stay tuned!<\/p>\n<h2>1. Full renewal capacity<\/h2>\n<p>Steel&#039;s complete renewability makes it an economical material. It is possible to recover 100% of steel without losing its original qualities. This reduces material costs.<\/p>\n<p>Brazil is a country that is growing in steel recycling and tends to follow the global trend that increasingly encourages steel recycling.<\/p>\n<h2>2. Use of materials resulting from the process<\/h2>\n<p>During the steelmaking process, the blast furnace generates pig iron and slag. Pig iron is mixed with other materials to form steel, while slag is formed by materials considered impurities in this process.<\/p>\n<p>Slag is not used in steelmaking. However, it is used in the steel industry.\u00a0<a href=\"https:\/\/www.grupoacocearense.com.br\/en\/blog\/abrindo-o-negocio\/quais-sao-as-vantagens-e-aplicacoes-do-aco-na-construcao-civil\/\">civil construction<\/a>\u00a0for paving and as a base material for cement. Even though it is not directly involved in the process, slag is not discarded.<\/p>\n<h2>3. Reduction of CO emissions<sub>2<\/sub><\/h2>\n<p>Steel recycling is part of the circular economy. This economic concept is based on sustainable development through the reduction, recovery, reuse, and recycling of materials.<\/p>\n<p>Reducing the steel manufacturing process preserves non-renewable natural resources and reduces CO emissions.<sub>2<\/sub>\u00a0in the atmosphere. CO<sub>2<\/sub>\u00a0It is one of the main gases causing the greenhouse effect, in addition to being harmful to human health.<\/p>\n<h2>4. Simplicity in the steel recycling process<\/h2>\n<p>The steel recycling process is relatively simple. First, a screening process is carried out to separate potential impurities. Then, the steel is classified, selected, and pressed. After pressing, the steel is sent to a steel mill, which will melt the material and reuse it to produce new steel.<\/p>\n<p>Recycled steel doesn&#039;t need to be processed in a blast furnace; it can be melted and mixed with other materials in electric arc furnaces. This reduces production and raw material costs.<\/p>\n<p>The recycling process is beneficial for industries, sustainable, and contributes to income generation. Some organizations encourage selective collection to increase the amount of recycled steel.<\/p>\n<p>There are essentially no barriers to using recycled steel. Because its properties are controlled and are not lost during the steel recycling process, it can be used in construction, household appliances, furniture, and other applications. Steel should be recycled according to its intended application.<\/p>\n<p>For example, there&#039;s no difference between an object made of stainless steel that contains recycled steel and one that doesn&#039;t. The quality of both is the same!<\/p>\n<p>Did you enjoy learning some interesting facts about steel recycling? Also, check out the\u00a0<a href=\"https:\/\/www.grupoacocearense.com.br\/en\/blog\/abrindo-o-negocio\/confira-4-aplicacoes-do-aco-inox\/\">stainless steel applications<\/a>, one of the metal alloys that can be recycled and is increasingly used due to its advantages.<\/p>\n<div class=\"article-footer clearfix\">\n<div class=\"clearfix top-footer\">\n<div class=\"post-tags pull-left\"><\/div>\n<\/div>\n<\/div>","protected":false},"excerpt":{"rendered":"<p>Steel is a metal alloy formed by iron and carbon, and is also one of the materials(\u2026)<\/p>","protected":false},"author":1,"featured_media":1110,"comment_status":"open","ping_status":"open","sticky":false,"template":"","format":"standard","meta":{"_acf_changed":false,"inline_featured_image":false,"footnotes":""},"categories":[28],"tags":[],"class_list":["post-1122","post","type-post","status-publish","format-standard","has-post-thumbnail","hentry","category-gestao"],"acf":[],"yoast_head":"<!-- This site is optimized with the Yoast SEO plugin v27.4 - https:\/\/yoast.com\/product\/yoast-seo-wordpress\/ -->\n<title>Fique por dentro: 4 curiosidades sobre a reciclagem do a\u00e7o - Grupo A\u00e7o Cearense<\/title>\n<meta name=\"robots\" content=\"index, follow, max-snippet:-1, max-image-preview:large, max-video-preview:-1\" \/>\n<link rel=\"canonical\" href=\"https:\/\/previews.elleven.digital\/acocearense\/fique-por-dentro-4-curiosidades-sobre-a-reciclagem-do-aco\/\" \/>\n<meta property=\"og:locale\" content=\"en_US\" \/>\n<meta property=\"og:type\" content=\"article\" \/>\n<meta property=\"og:title\" content=\"Fique por dentro: 4 curiosidades sobre a reciclagem do a\u00e7o - Grupo A\u00e7o Cearense\" \/>\n<meta property=\"og:description\" content=\"O\u00a0a\u00e7o \u00e9 uma liga met\u00e1lica formada por ferro e carbono, sendo tamb\u00e9m um dos materiais(...)\" \/>\n<meta property=\"og:url\" content=\"https:\/\/previews.elleven.digital\/acocearense\/fique-por-dentro-4-curiosidades-sobre-a-reciclagem-do-aco\/\" \/>\n<meta property=\"og:site_name\" content=\"Grupo A\u00e7o Cearense\" \/>\n<meta property=\"article:published_time\" content=\"2018-10-30T12:50:16+00:00\" \/>\n<meta property=\"article:modified_time\" content=\"2025-05-07T12:50:45+00:00\" \/>\n<meta property=\"og:image\" content=\"https:\/\/previews.elleven.digital\/acocearense\/wp-content\/uploads\/2025\/05\/245752-fique-por-dentro-4-curiosidades-sobre-a-reciclagem-do-aco-1090x720-1.jpg\" \/>\n\t<meta property=\"og:image:width\" content=\"1090\" \/>\n\t<meta property=\"og:image:height\" content=\"720\" \/>\n\t<meta property=\"og:image:type\" content=\"image\/jpeg\" \/>\n<meta name=\"author\" content=\"elleven\" \/>\n<meta name=\"twitter:card\" content=\"summary_large_image\" \/>\n<meta name=\"twitter:label1\" content=\"Written by\" \/>\n\t<meta name=\"twitter:data1\" content=\"elleven\" \/>\n\t<meta name=\"twitter:label2\" content=\"Est. reading time\" \/>\n\t<meta name=\"twitter:data2\" content=\"4 minutes\" \/>\n<script type=\"application\/ld+json\" class=\"yoast-schema-graph\">{\"@context\":\"https:\\\/\\\/schema.org\",\"@graph\":[{\"@type\":\"Article\",\"@id\":\"https:\\\/\\\/previews.elleven.digital\\\/acocearense\\\/fique-por-dentro-4-curiosidades-sobre-a-reciclagem-do-aco\\\/#article\",\"isPartOf\":{\"@id\":\"https:\\\/\\\/previews.elleven.digital\\\/acocearense\\\/fique-por-dentro-4-curiosidades-sobre-a-reciclagem-do-aco\\\/\"},\"author\":{\"name\":\"elleven\",\"@id\":\"https:\\\/\\\/previews.elleven.digital\\\/acocearense\\\/#\\\/schema\\\/person\\\/8e9165eb3c33e0860485c7c5fc06a701\"},\"headline\":\"Fique por dentro: 4 curiosidades sobre a reciclagem do a\u00e7o\",\"datePublished\":\"2018-10-30T12:50:16+00:00\",\"dateModified\":\"2025-05-07T12:50:45+00:00\",\"mainEntityOfPage\":{\"@id\":\"https:\\\/\\\/previews.elleven.digital\\\/acocearense\\\/fique-por-dentro-4-curiosidades-sobre-a-reciclagem-do-aco\\\/\"},\"wordCount\":656,\"commentCount\":0,\"image\":{\"@id\":\"https:\\\/\\\/previews.elleven.digital\\\/acocearense\\\/fique-por-dentro-4-curiosidades-sobre-a-reciclagem-do-aco\\\/#primaryimage\"},\"thumbnailUrl\":\"https:\\\/\\\/www.grupoacocearense.com.br\\\/wp-content\\\/uploads\\\/2025\\\/05\\\/245752-fique-por-dentro-4-curiosidades-sobre-a-reciclagem-do-aco-1090x720-1.jpg\",\"articleSection\":[\"Gest\u00e3o\"],\"inLanguage\":\"en-US\",\"potentialAction\":[{\"@type\":\"CommentAction\",\"name\":\"Comment\",\"target\":[\"https:\\\/\\\/previews.elleven.digital\\\/acocearense\\\/fique-por-dentro-4-curiosidades-sobre-a-reciclagem-do-aco\\\/#respond\"]}]},{\"@type\":\"WebPage\",\"@id\":\"https:\\\/\\\/previews.elleven.digital\\\/acocearense\\\/fique-por-dentro-4-curiosidades-sobre-a-reciclagem-do-aco\\\/\",\"url\":\"https:\\\/\\\/previews.elleven.digital\\\/acocearense\\\/fique-por-dentro-4-curiosidades-sobre-a-reciclagem-do-aco\\\/\",\"name\":\"Fique por dentro: 4 curiosidades sobre a reciclagem do a\u00e7o - Grupo A\u00e7o Cearense\",\"isPartOf\":{\"@id\":\"https:\\\/\\\/previews.elleven.digital\\\/acocearense\\\/#website\"},\"primaryImageOfPage\":{\"@id\":\"https:\\\/\\\/previews.elleven.digital\\\/acocearense\\\/fique-por-dentro-4-curiosidades-sobre-a-reciclagem-do-aco\\\/#primaryimage\"},\"image\":{\"@id\":\"https:\\\/\\\/previews.elleven.digital\\\/acocearense\\\/fique-por-dentro-4-curiosidades-sobre-a-reciclagem-do-aco\\\/#primaryimage\"},\"thumbnailUrl\":\"https:\\\/\\\/www.grupoacocearense.com.br\\\/wp-content\\\/uploads\\\/2025\\\/05\\\/245752-fique-por-dentro-4-curiosidades-sobre-a-reciclagem-do-aco-1090x720-1.jpg\",\"datePublished\":\"2018-10-30T12:50:16+00:00\",\"dateModified\":\"2025-05-07T12:50:45+00:00\",\"author\":{\"@id\":\"https:\\\/\\\/previews.elleven.digital\\\/acocearense\\\/#\\\/schema\\\/person\\\/8e9165eb3c33e0860485c7c5fc06a701\"},\"breadcrumb\":{\"@id\":\"https:\\\/\\\/previews.elleven.digital\\\/acocearense\\\/fique-por-dentro-4-curiosidades-sobre-a-reciclagem-do-aco\\\/#breadcrumb\"},\"inLanguage\":\"en-US\",\"potentialAction\":[{\"@type\":\"ReadAction\",\"target\":[\"https:\\\/\\\/previews.elleven.digital\\\/acocearense\\\/fique-por-dentro-4-curiosidades-sobre-a-reciclagem-do-aco\\\/\"]}]},{\"@type\":\"ImageObject\",\"inLanguage\":\"en-US\",\"@id\":\"https:\\\/\\\/previews.elleven.digital\\\/acocearense\\\/fique-por-dentro-4-curiosidades-sobre-a-reciclagem-do-aco\\\/#primaryimage\",\"url\":\"https:\\\/\\\/www.grupoacocearense.com.br\\\/wp-content\\\/uploads\\\/2025\\\/05\\\/245752-fique-por-dentro-4-curiosidades-sobre-a-reciclagem-do-aco-1090x720-1.jpg\",\"contentUrl\":\"https:\\\/\\\/www.grupoacocearense.com.br\\\/wp-content\\\/uploads\\\/2025\\\/05\\\/245752-fique-por-dentro-4-curiosidades-sobre-a-reciclagem-do-aco-1090x720-1.jpg\",\"width\":1090,\"height\":720},{\"@type\":\"BreadcrumbList\",\"@id\":\"https:\\\/\\\/previews.elleven.digital\\\/acocearense\\\/fique-por-dentro-4-curiosidades-sobre-a-reciclagem-do-aco\\\/#breadcrumb\",\"itemListElement\":[{\"@type\":\"ListItem\",\"position\":1,\"name\":\"In\u00edcio\",\"item\":\"https:\\\/\\\/www.grupoacocearense.com.br\\\/\"},{\"@type\":\"ListItem\",\"position\":2,\"name\":\"Fique por dentro: 4 curiosidades sobre a reciclagem do a\u00e7o\"}]},{\"@type\":\"WebSite\",\"@id\":\"https:\\\/\\\/previews.elleven.digital\\\/acocearense\\\/#website\",\"url\":\"https:\\\/\\\/previews.elleven.digital\\\/acocearense\\\/\",\"name\":\"A\u00e7o Cearense\",\"description\":\"H\u00e1 mais de 45 anos no mercado brasileiro do a\u00e7o.\",\"alternateName\":\"A\u00e7o Cearense\",\"potentialAction\":[{\"@type\":\"SearchAction\",\"target\":{\"@type\":\"EntryPoint\",\"urlTemplate\":\"https:\\\/\\\/previews.elleven.digital\\\/acocearense\\\/?s={search_term_string}\"},\"query-input\":{\"@type\":\"PropertyValueSpecification\",\"valueRequired\":true,\"valueName\":\"search_term_string\"}}],\"inLanguage\":\"en-US\"},{\"@type\":\"Person\",\"@id\":\"https:\\\/\\\/previews.elleven.digital\\\/acocearense\\\/#\\\/schema\\\/person\\\/8e9165eb3c33e0860485c7c5fc06a701\",\"name\":\"elleven\",\"image\":{\"@type\":\"ImageObject\",\"inLanguage\":\"en-US\",\"@id\":\"https:\\\/\\\/secure.gravatar.com\\\/avatar\\\/2a6afb49d9ecfed5dbc6c9606ce318b8bd07c077835179bddfd5d8209c03cb29?s=96&d=mm&r=g\",\"url\":\"https:\\\/\\\/secure.gravatar.com\\\/avatar\\\/2a6afb49d9ecfed5dbc6c9606ce318b8bd07c077835179bddfd5d8209c03cb29?s=96&d=mm&r=g\",\"contentUrl\":\"https:\\\/\\\/secure.gravatar.com\\\/avatar\\\/2a6afb49d9ecfed5dbc6c9606ce318b8bd07c077835179bddfd5d8209c03cb29?s=96&d=mm&r=g\",\"caption\":\"elleven\"},\"sameAs\":[\"http:\\\/\\\/localhost\\\/acocearense\"],\"url\":\"https:\\\/\\\/www.grupoacocearense.com.br\\\/en\\\/author\\\/elleven\\\/\"}]}<\/script>\n<!-- \/ Yoast SEO plugin. -->","yoast_head_json":{"title":"Fique por dentro: 4 curiosidades sobre a reciclagem do a\u00e7o - Grupo A\u00e7o Cearense","robots":{"index":"index","follow":"follow","max-snippet":"max-snippet:-1","max-image-preview":"max-image-preview:large","max-video-preview":"max-video-preview:-1"},"canonical":"https:\/\/previews.elleven.digital\/acocearense\/fique-por-dentro-4-curiosidades-sobre-a-reciclagem-do-aco\/","og_locale":"en_US","og_type":"article","og_title":"Fique por dentro: 4 curiosidades sobre a reciclagem do a\u00e7o - Grupo A\u00e7o Cearense","og_description":"O\u00a0a\u00e7o \u00e9 uma liga met\u00e1lica formada por ferro e carbono, sendo tamb\u00e9m um dos materiais(...)","og_url":"https:\/\/previews.elleven.digital\/acocearense\/fique-por-dentro-4-curiosidades-sobre-a-reciclagem-do-aco\/","og_site_name":"Grupo A\u00e7o Cearense","article_published_time":"2018-10-30T12:50:16+00:00","article_modified_time":"2025-05-07T12:50:45+00:00","og_image":[{"width":1090,"height":720,"url":"https:\/\/previews.elleven.digital\/acocearense\/wp-content\/uploads\/2025\/05\/245752-fique-por-dentro-4-curiosidades-sobre-a-reciclagem-do-aco-1090x720-1.jpg","type":"image\/jpeg"}],"author":"elleven","twitter_card":"summary_large_image","twitter_misc":{"Written by":"elleven","Est. reading time":"4 minutes"},"schema":{"@context":"https:\/\/schema.org","@graph":[{"@type":"Article","@id":"https:\/\/previews.elleven.digital\/acocearense\/fique-por-dentro-4-curiosidades-sobre-a-reciclagem-do-aco\/#article","isPartOf":{"@id":"https:\/\/previews.elleven.digital\/acocearense\/fique-por-dentro-4-curiosidades-sobre-a-reciclagem-do-aco\/"},"author":{"name":"elleven","@id":"https:\/\/previews.elleven.digital\/acocearense\/#\/schema\/person\/8e9165eb3c33e0860485c7c5fc06a701"},"headline":"Fique por dentro: 4 curiosidades sobre a reciclagem do a\u00e7o","datePublished":"2018-10-30T12:50:16+00:00","dateModified":"2025-05-07T12:50:45+00:00","mainEntityOfPage":{"@id":"https:\/\/previews.elleven.digital\/acocearense\/fique-por-dentro-4-curiosidades-sobre-a-reciclagem-do-aco\/"},"wordCount":656,"commentCount":0,"image":{"@id":"https:\/\/previews.elleven.digital\/acocearense\/fique-por-dentro-4-curiosidades-sobre-a-reciclagem-do-aco\/#primaryimage"},"thumbnailUrl":"https:\/\/www.grupoacocearense.com.br\/wp-content\/uploads\/2025\/05\/245752-fique-por-dentro-4-curiosidades-sobre-a-reciclagem-do-aco-1090x720-1.jpg","articleSection":["Gest\u00e3o"],"inLanguage":"en-US","potentialAction":[{"@type":"CommentAction","name":"Comment","target":["https:\/\/previews.elleven.digital\/acocearense\/fique-por-dentro-4-curiosidades-sobre-a-reciclagem-do-aco\/#respond"]}]},{"@type":"WebPage","@id":"https:\/\/previews.elleven.digital\/acocearense\/fique-por-dentro-4-curiosidades-sobre-a-reciclagem-do-aco\/","url":"https:\/\/previews.elleven.digital\/acocearense\/fique-por-dentro-4-curiosidades-sobre-a-reciclagem-do-aco\/","name":"Fique por dentro: 4 curiosidades sobre a reciclagem do a\u00e7o - Grupo A\u00e7o Cearense","isPartOf":{"@id":"https:\/\/previews.elleven.digital\/acocearense\/#website"},"primaryImageOfPage":{"@id":"https:\/\/previews.elleven.digital\/acocearense\/fique-por-dentro-4-curiosidades-sobre-a-reciclagem-do-aco\/#primaryimage"},"image":{"@id":"https:\/\/previews.elleven.digital\/acocearense\/fique-por-dentro-4-curiosidades-sobre-a-reciclagem-do-aco\/#primaryimage"},"thumbnailUrl":"https:\/\/www.grupoacocearense.com.br\/wp-content\/uploads\/2025\/05\/245752-fique-por-dentro-4-curiosidades-sobre-a-reciclagem-do-aco-1090x720-1.jpg","datePublished":"2018-10-30T12:50:16+00:00","dateModified":"2025-05-07T12:50:45+00:00","author":{"@id":"https:\/\/previews.elleven.digital\/acocearense\/#\/schema\/person\/8e9165eb3c33e0860485c7c5fc06a701"},"breadcrumb":{"@id":"https:\/\/previews.elleven.digital\/acocearense\/fique-por-dentro-4-curiosidades-sobre-a-reciclagem-do-aco\/#breadcrumb"},"inLanguage":"en-US","potentialAction":[{"@type":"ReadAction","target":["https:\/\/previews.elleven.digital\/acocearense\/fique-por-dentro-4-curiosidades-sobre-a-reciclagem-do-aco\/"]}]},{"@type":"ImageObject","inLanguage":"en-US","@id":"https:\/\/previews.elleven.digital\/acocearense\/fique-por-dentro-4-curiosidades-sobre-a-reciclagem-do-aco\/#primaryimage","url":"https:\/\/www.grupoacocearense.com.br\/wp-content\/uploads\/2025\/05\/245752-fique-por-dentro-4-curiosidades-sobre-a-reciclagem-do-aco-1090x720-1.jpg","contentUrl":"https:\/\/www.grupoacocearense.com.br\/wp-content\/uploads\/2025\/05\/245752-fique-por-dentro-4-curiosidades-sobre-a-reciclagem-do-aco-1090x720-1.jpg","width":1090,"height":720},{"@type":"BreadcrumbList","@id":"https:\/\/previews.elleven.digital\/acocearense\/fique-por-dentro-4-curiosidades-sobre-a-reciclagem-do-aco\/#breadcrumb","itemListElement":[{"@type":"ListItem","position":1,"name":"In\u00edcio","item":"https:\/\/www.grupoacocearense.com.br\/"},{"@type":"ListItem","position":2,"name":"Fique por dentro: 4 curiosidades sobre a reciclagem do a\u00e7o"}]},{"@type":"WebSite","@id":"https:\/\/previews.elleven.digital\/acocearense\/#website","url":"https:\/\/previews.elleven.digital\/acocearense\/","name":"Cear\u00e1 Steel","description":"In the Brazilian steel market for over 45 years.","alternateName":"A\u00e7o Cearense","potentialAction":[{"@type":"SearchAction","target":{"@type":"EntryPoint","urlTemplate":"https:\/\/previews.elleven.digital\/acocearense\/?s={search_term_string}"},"query-input":{"@type":"PropertyValueSpecification","valueRequired":true,"valueName":"search_term_string"}}],"inLanguage":"en-US"},{"@type":"Person","@id":"https:\/\/previews.elleven.digital\/acocearense\/#\/schema\/person\/8e9165eb3c33e0860485c7c5fc06a701","name":"elleven","image":{"@type":"ImageObject","inLanguage":"en-US","@id":"https:\/\/secure.gravatar.com\/avatar\/2a6afb49d9ecfed5dbc6c9606ce318b8bd07c077835179bddfd5d8209c03cb29?s=96&d=mm&r=g","url":"https:\/\/secure.gravatar.com\/avatar\/2a6afb49d9ecfed5dbc6c9606ce318b8bd07c077835179bddfd5d8209c03cb29?s=96&d=mm&r=g","contentUrl":"https:\/\/secure.gravatar.com\/avatar\/2a6afb49d9ecfed5dbc6c9606ce318b8bd07c077835179bddfd5d8209c03cb29?s=96&d=mm&r=g","caption":"elleven"},"sameAs":["http:\/\/localhost\/acocearense"],"url":"https:\/\/www.grupoacocearense.com.br\/en\/author\/elleven\/"}]}},"_links":{"self":[{"href":"https:\/\/www.grupoacocearense.com.br\/en\/wp-json\/wp\/v2\/posts\/1122","targetHints":{"allow":["GET"]}}],"collection":[{"href":"https:\/\/www.grupoacocearense.com.br\/en\/wp-json\/wp\/v2\/posts"}],"about":[{"href":"https:\/\/www.grupoacocearense.com.br\/en\/wp-json\/wp\/v2\/types\/post"}],"author":[{"embeddable":true,"href":"https:\/\/www.grupoacocearense.com.br\/en\/wp-json\/wp\/v2\/users\/1"}],"replies":[{"embeddable":true,"href":"https:\/\/www.grupoacocearense.com.br\/en\/wp-json\/wp\/v2\/comments?post=1122"}],"version-history":[{"count":1,"href":"https:\/\/www.grupoacocearense.com.br\/en\/wp-json\/wp\/v2\/posts\/1122\/revisions"}],"predecessor-version":[{"id":1123,"href":"https:\/\/www.grupoacocearense.com.br\/en\/wp-json\/wp\/v2\/posts\/1122\/revisions\/1123"}],"wp:featuredmedia":[{"embeddable":true,"href":"https:\/\/www.grupoacocearense.com.br\/en\/wp-json\/wp\/v2\/media\/1110"}],"wp:attachment":[{"href":"https:\/\/www.grupoacocearense.com.br\/en\/wp-json\/wp\/v2\/media?parent=1122"}],"wp:term":[{"taxonomy":"category","embeddable":true,"href":"https:\/\/www.grupoacocearense.com.br\/en\/wp-json\/wp\/v2\/categories?post=1122"},{"taxonomy":"post_tag","embeddable":true,"href":"https:\/\/www.grupoacocearense.com.br\/en\/wp-json\/wp\/v2\/tags?post=1122"}],"curies":[{"name":"wp","href":"https:\/\/api.w.org\/{rel}","templated":true}]}}