{"id":1040,"date":"2018-01-11T09:29:59","date_gmt":"2018-01-11T11:29:59","guid":{"rendered":"https:\/\/www.grupoacocearense.com.br\/?p=1040"},"modified":"2025-05-07T09:32:51","modified_gmt":"2025-05-07T12:32:51","slug":"saude-no-trabalho-como-ajudar-os-funcionarios-a-pararem-de-fumar","status":"publish","type":"post","link":"https:\/\/www.grupoacocearense.com.br\/en\/saude-no-trabalho-como-ajudar-os-funcionarios-a-pararem-de-fumar\/","title":{"rendered":"Workplace Health: How to Help Employees Quit Smoking"},"content":{"rendered":"<p>Every company should be concerned about the well-being of its employees. In addition to avoiding\u00a0<a href=\"https:\/\/www.grupoacocearense.com.br\/en\/blog\/sem-categoria\/monitoramento-de-riscos-ocupacionais-o-que-e-e-por-que-fazer\/\" target=\"_blank\" rel=\"noopener noreferrer\">accidents<\/a>, the pursuit of health at work is also a duty of managers. This type of attitude benefits both employees and the company itself.<\/p>\n<p>In the case of smokers, the damage, even seemingly subtle, can be quite serious. Consider the disruption to work rhythm, the bad smell, the cigarette butts scattered in corners, the smoke on non-smokers, and the significant wasted time that could have been used for production.<\/p>\n<p>This topic, which often goes unnoticed, deserves the attention of all managers. And for those who have already noticed the problem but don&#039;t know what to do to solve it, some practical tips can be very helpful. So, read this post and learn some of them:<\/p>\n<h2>Run awareness campaigns<\/h2>\n<p>The first step is to educate and reinforce the harmful effects of smoking. Even though many people already know that it&#039;s a harmful habit, insisting on showing the difference between a healthy life and that of a smoker is a good practice.<\/p>\n<p>To avoid sounding like persecution of your smoking employees, also place some messages where they circulate.\u00a0<a href=\"https:\/\/www.grupoacocearense.com.br\/en\/blog\/sem-categoria\/afinal-e-possivel-fidelizar-clientes-em-uma-loja-de-ferro-e-aco-4\/\" target=\"_blank\" rel=\"noopener noreferrer\">customers<\/a>This way, you reinforce your concern for health without placing demands on any employee.<\/p>\n<h2>Create a support group<\/h2>\n<p>For smokers, the challenge of quitting can be reduced by feeling supported by others. Therefore, if you can form a support group, your chances of success are much higher.<\/p>\n<p>Even if the number of smokers is small, it may be a good idea to involve employees who do not have the addiction to help control and seek to achieve goals that, over time, will help the smoker quit.<\/p>\n<p>It might even be interesting to create a type of competition, with some symbolic reward (not necessarily financial), to keep everyone focused on gradually reducing smoking until it is completely stopped.<\/p>\n<h2>Eliminate the smoking area<\/h2>\n<p>In the past, the number of tobacco addicts was much higher and the idea of the smoking area was to have a reserved space so that the smoke would not bother other colleagues and even company customers.<\/p>\n<p>Currently, the idea of a smoking area is highly questioned, as, in a way, the company is being complicit in addiction. Furthermore, without a dedicated smoking area, workers will be more restricted and, even if they don&#039;t quit completely, they will tend to reduce their daily breaks.<\/p>\n<p>Some health professionals believe that people tend to smoke more at work than outside. Whether to relax, break the routine, or for any other reason, the more convenient it is for smokers to quit, the slower their rate of quitting.<\/p>\n<p>Even though it&#039;s a personal decision, smoking is a practice that affects everyone around you. If you&#039;re looking for more performance from your\u00a0<a href=\"https:\/\/www.grupoacocearense.com.br\/en\/blog\/gestao\/gestao-de-pessoas-por-que-sua-loja-de-ferro-e-aco-precisa-investir-nisso\/\" target=\"_blank\" rel=\"noopener noreferrer\">your employees<\/a>\u00a0While you care about them, you should try to improve your health at work by adopting measures that can really help to put an end to this addiction once and for all.<\/p>\n<p>If you have friends or colleagues looking for ideas on how to address this issue in their companies, share this content on your social media. Let&#039;s help everyone within reach to have a healthier life and a more productive business.<\/p>","protected":false},"excerpt":{"rendered":"<p>Every company should be concerned about the well-being of its employees. In addition to preventing accidents,(\u2026)<\/p>","protected":false},"author":1,"featured_media":1050,"comment_status":"open","ping_status":"open","sticky":false,"template":"","format":"standard","meta":{"_acf_changed":false,"inline_featured_image":false,"footnotes":""},"categories":[28],"tags":[],"class_list":["post-1040","post","type-post","status-publish","format-standard","has-post-thumbnail","hentry","category-gestao"],"acf":[],"yoast_head":"<!-- This site is optimized with the Yoast SEO plugin v27.4 - https:\/\/yoast.com\/product\/yoast-seo-wordpress\/ -->\n<title>Sa\u00fade no trabalho: como ajudar os funcion\u00e1rios a pararem de fumar - Grupo A\u00e7o Cearense<\/title>\n<meta name=\"robots\" content=\"index, follow, max-snippet:-1, max-image-preview:large, max-video-preview:-1\" \/>\n<link rel=\"canonical\" href=\"https:\/\/previews.elleven.digital\/acocearense\/saude-no-trabalho-como-ajudar-os-funcionarios-a-pararem-de-fumar\/\" \/>\n<meta property=\"og:locale\" content=\"en_US\" \/>\n<meta property=\"og:type\" content=\"article\" \/>\n<meta property=\"og:title\" content=\"Sa\u00fade no trabalho: como ajudar os funcion\u00e1rios a pararem de fumar - Grupo A\u00e7o Cearense\" \/>\n<meta property=\"og:description\" content=\"Toda empresa deve se preocupar com o bem-estar dos seus funcion\u00e1rios. Al\u00e9m de evitar\u00a0acidentes, a(...)\" \/>\n<meta property=\"og:url\" content=\"https:\/\/previews.elleven.digital\/acocearense\/saude-no-trabalho-como-ajudar-os-funcionarios-a-pararem-de-fumar\/\" \/>\n<meta property=\"og:site_name\" content=\"Grupo A\u00e7o Cearense\" \/>\n<meta property=\"article:published_time\" content=\"2018-01-11T11:29:59+00:00\" \/>\n<meta property=\"article:modified_time\" content=\"2025-05-07T12:32:51+00:00\" \/>\n<meta property=\"og:image\" content=\"https:\/\/previews.elleven.digital\/acocearense\/wp-content\/uploads\/2025\/05\/159883-saude-no-trabalho-como-ajudar-os-funcionarios-a-pararem-de-fumar.jpg\" \/>\n\t<meta property=\"og:image:width\" content=\"999\" \/>\n\t<meta property=\"og:image:height\" content=\"667\" \/>\n\t<meta property=\"og:image:type\" content=\"image\/jpeg\" \/>\n<meta name=\"author\" content=\"elleven\" \/>\n<meta name=\"twitter:card\" content=\"summary_large_image\" \/>\n<meta name=\"twitter:label1\" content=\"Written by\" \/>\n\t<meta name=\"twitter:data1\" content=\"elleven\" \/>\n\t<meta name=\"twitter:label2\" content=\"Est. reading time\" \/>\n\t<meta name=\"twitter:data2\" content=\"4 minutes\" \/>\n<script type=\"application\/ld+json\" class=\"yoast-schema-graph\">{\"@context\":\"https:\\\/\\\/schema.org\",\"@graph\":[{\"@type\":\"Article\",\"@id\":\"https:\\\/\\\/previews.elleven.digital\\\/acocearense\\\/saude-no-trabalho-como-ajudar-os-funcionarios-a-pararem-de-fumar\\\/#article\",\"isPartOf\":{\"@id\":\"https:\\\/\\\/previews.elleven.digital\\\/acocearense\\\/saude-no-trabalho-como-ajudar-os-funcionarios-a-pararem-de-fumar\\\/\"},\"author\":{\"name\":\"elleven\",\"@id\":\"https:\\\/\\\/previews.elleven.digital\\\/acocearense\\\/#\\\/schema\\\/person\\\/8e9165eb3c33e0860485c7c5fc06a701\"},\"headline\":\"Sa\u00fade no trabalho: como ajudar os funcion\u00e1rios a pararem de fumar\",\"datePublished\":\"2018-01-11T11:29:59+00:00\",\"dateModified\":\"2025-05-07T12:32:51+00:00\",\"mainEntityOfPage\":{\"@id\":\"https:\\\/\\\/previews.elleven.digital\\\/acocearense\\\/saude-no-trabalho-como-ajudar-os-funcionarios-a-pararem-de-fumar\\\/\"},\"wordCount\":631,\"commentCount\":0,\"image\":{\"@id\":\"https:\\\/\\\/previews.elleven.digital\\\/acocearense\\\/saude-no-trabalho-como-ajudar-os-funcionarios-a-pararem-de-fumar\\\/#primaryimage\"},\"thumbnailUrl\":\"https:\\\/\\\/www.grupoacocearense.com.br\\\/wp-content\\\/uploads\\\/2025\\\/05\\\/159883-saude-no-trabalho-como-ajudar-os-funcionarios-a-pararem-de-fumar.jpg\",\"articleSection\":[\"Gest\u00e3o\"],\"inLanguage\":\"en-US\",\"potentialAction\":[{\"@type\":\"CommentAction\",\"name\":\"Comment\",\"target\":[\"https:\\\/\\\/previews.elleven.digital\\\/acocearense\\\/saude-no-trabalho-como-ajudar-os-funcionarios-a-pararem-de-fumar\\\/#respond\"]}]},{\"@type\":\"WebPage\",\"@id\":\"https:\\\/\\\/previews.elleven.digital\\\/acocearense\\\/saude-no-trabalho-como-ajudar-os-funcionarios-a-pararem-de-fumar\\\/\",\"url\":\"https:\\\/\\\/previews.elleven.digital\\\/acocearense\\\/saude-no-trabalho-como-ajudar-os-funcionarios-a-pararem-de-fumar\\\/\",\"name\":\"Sa\u00fade no trabalho: como ajudar os funcion\u00e1rios a pararem de fumar - Grupo A\u00e7o Cearense\",\"isPartOf\":{\"@id\":\"https:\\\/\\\/previews.elleven.digital\\\/acocearense\\\/#website\"},\"primaryImageOfPage\":{\"@id\":\"https:\\\/\\\/previews.elleven.digital\\\/acocearense\\\/saude-no-trabalho-como-ajudar-os-funcionarios-a-pararem-de-fumar\\\/#primaryimage\"},\"image\":{\"@id\":\"https:\\\/\\\/previews.elleven.digital\\\/acocearense\\\/saude-no-trabalho-como-ajudar-os-funcionarios-a-pararem-de-fumar\\\/#primaryimage\"},\"thumbnailUrl\":\"https:\\\/\\\/www.grupoacocearense.com.br\\\/wp-content\\\/uploads\\\/2025\\\/05\\\/159883-saude-no-trabalho-como-ajudar-os-funcionarios-a-pararem-de-fumar.jpg\",\"datePublished\":\"2018-01-11T11:29:59+00:00\",\"dateModified\":\"2025-05-07T12:32:51+00:00\",\"author\":{\"@id\":\"https:\\\/\\\/previews.elleven.digital\\\/acocearense\\\/#\\\/schema\\\/person\\\/8e9165eb3c33e0860485c7c5fc06a701\"},\"breadcrumb\":{\"@id\":\"https:\\\/\\\/previews.elleven.digital\\\/acocearense\\\/saude-no-trabalho-como-ajudar-os-funcionarios-a-pararem-de-fumar\\\/#breadcrumb\"},\"inLanguage\":\"en-US\",\"potentialAction\":[{\"@type\":\"ReadAction\",\"target\":[\"https:\\\/\\\/previews.elleven.digital\\\/acocearense\\\/saude-no-trabalho-como-ajudar-os-funcionarios-a-pararem-de-fumar\\\/\"]}]},{\"@type\":\"ImageObject\",\"inLanguage\":\"en-US\",\"@id\":\"https:\\\/\\\/previews.elleven.digital\\\/acocearense\\\/saude-no-trabalho-como-ajudar-os-funcionarios-a-pararem-de-fumar\\\/#primaryimage\",\"url\":\"https:\\\/\\\/www.grupoacocearense.com.br\\\/wp-content\\\/uploads\\\/2025\\\/05\\\/159883-saude-no-trabalho-como-ajudar-os-funcionarios-a-pararem-de-fumar.jpg\",\"contentUrl\":\"https:\\\/\\\/www.grupoacocearense.com.br\\\/wp-content\\\/uploads\\\/2025\\\/05\\\/159883-saude-no-trabalho-como-ajudar-os-funcionarios-a-pararem-de-fumar.jpg\",\"width\":999,\"height\":667},{\"@type\":\"BreadcrumbList\",\"@id\":\"https:\\\/\\\/previews.elleven.digital\\\/acocearense\\\/saude-no-trabalho-como-ajudar-os-funcionarios-a-pararem-de-fumar\\\/#breadcrumb\",\"itemListElement\":[{\"@type\":\"ListItem\",\"position\":1,\"name\":\"In\u00edcio\",\"item\":\"https:\\\/\\\/www.grupoacocearense.com.br\\\/\"},{\"@type\":\"ListItem\",\"position\":2,\"name\":\"Sa\u00fade no trabalho: como ajudar os funcion\u00e1rios a pararem de fumar\"}]},{\"@type\":\"WebSite\",\"@id\":\"https:\\\/\\\/previews.elleven.digital\\\/acocearense\\\/#website\",\"url\":\"https:\\\/\\\/previews.elleven.digital\\\/acocearense\\\/\",\"name\":\"A\u00e7o Cearense\",\"description\":\"H\u00e1 mais de 45 anos no mercado brasileiro do a\u00e7o.\",\"alternateName\":\"A\u00e7o Cearense\",\"potentialAction\":[{\"@type\":\"SearchAction\",\"target\":{\"@type\":\"EntryPoint\",\"urlTemplate\":\"https:\\\/\\\/previews.elleven.digital\\\/acocearense\\\/?s={search_term_string}\"},\"query-input\":{\"@type\":\"PropertyValueSpecification\",\"valueRequired\":true,\"valueName\":\"search_term_string\"}}],\"inLanguage\":\"en-US\"},{\"@type\":\"Person\",\"@id\":\"https:\\\/\\\/previews.elleven.digital\\\/acocearense\\\/#\\\/schema\\\/person\\\/8e9165eb3c33e0860485c7c5fc06a701\",\"name\":\"elleven\",\"image\":{\"@type\":\"ImageObject\",\"inLanguage\":\"en-US\",\"@id\":\"https:\\\/\\\/secure.gravatar.com\\\/avatar\\\/2a6afb49d9ecfed5dbc6c9606ce318b8bd07c077835179bddfd5d8209c03cb29?s=96&d=mm&r=g\",\"url\":\"https:\\\/\\\/secure.gravatar.com\\\/avatar\\\/2a6afb49d9ecfed5dbc6c9606ce318b8bd07c077835179bddfd5d8209c03cb29?s=96&d=mm&r=g\",\"contentUrl\":\"https:\\\/\\\/secure.gravatar.com\\\/avatar\\\/2a6afb49d9ecfed5dbc6c9606ce318b8bd07c077835179bddfd5d8209c03cb29?s=96&d=mm&r=g\",\"caption\":\"elleven\"},\"sameAs\":[\"http:\\\/\\\/localhost\\\/acocearense\"],\"url\":\"https:\\\/\\\/www.grupoacocearense.com.br\\\/en\\\/author\\\/elleven\\\/\"}]}<\/script>\n<!-- \/ Yoast SEO plugin. -->","yoast_head_json":{"title":"Sa\u00fade no trabalho: como ajudar os funcion\u00e1rios a pararem de fumar - Grupo A\u00e7o Cearense","robots":{"index":"index","follow":"follow","max-snippet":"max-snippet:-1","max-image-preview":"max-image-preview:large","max-video-preview":"max-video-preview:-1"},"canonical":"https:\/\/previews.elleven.digital\/acocearense\/saude-no-trabalho-como-ajudar-os-funcionarios-a-pararem-de-fumar\/","og_locale":"en_US","og_type":"article","og_title":"Sa\u00fade no trabalho: como ajudar os funcion\u00e1rios a pararem de fumar - Grupo A\u00e7o Cearense","og_description":"Toda empresa deve se preocupar com o bem-estar dos seus funcion\u00e1rios. Al\u00e9m de evitar\u00a0acidentes, a(...)","og_url":"https:\/\/previews.elleven.digital\/acocearense\/saude-no-trabalho-como-ajudar-os-funcionarios-a-pararem-de-fumar\/","og_site_name":"Grupo A\u00e7o Cearense","article_published_time":"2018-01-11T11:29:59+00:00","article_modified_time":"2025-05-07T12:32:51+00:00","og_image":[{"width":999,"height":667,"url":"https:\/\/previews.elleven.digital\/acocearense\/wp-content\/uploads\/2025\/05\/159883-saude-no-trabalho-como-ajudar-os-funcionarios-a-pararem-de-fumar.jpg","type":"image\/jpeg"}],"author":"elleven","twitter_card":"summary_large_image","twitter_misc":{"Written by":"elleven","Est. reading time":"4 minutes"},"schema":{"@context":"https:\/\/schema.org","@graph":[{"@type":"Article","@id":"https:\/\/previews.elleven.digital\/acocearense\/saude-no-trabalho-como-ajudar-os-funcionarios-a-pararem-de-fumar\/#article","isPartOf":{"@id":"https:\/\/previews.elleven.digital\/acocearense\/saude-no-trabalho-como-ajudar-os-funcionarios-a-pararem-de-fumar\/"},"author":{"name":"elleven","@id":"https:\/\/previews.elleven.digital\/acocearense\/#\/schema\/person\/8e9165eb3c33e0860485c7c5fc06a701"},"headline":"Sa\u00fade no trabalho: como ajudar os funcion\u00e1rios a pararem de fumar","datePublished":"2018-01-11T11:29:59+00:00","dateModified":"2025-05-07T12:32:51+00:00","mainEntityOfPage":{"@id":"https:\/\/previews.elleven.digital\/acocearense\/saude-no-trabalho-como-ajudar-os-funcionarios-a-pararem-de-fumar\/"},"wordCount":631,"commentCount":0,"image":{"@id":"https:\/\/previews.elleven.digital\/acocearense\/saude-no-trabalho-como-ajudar-os-funcionarios-a-pararem-de-fumar\/#primaryimage"},"thumbnailUrl":"https:\/\/www.grupoacocearense.com.br\/wp-content\/uploads\/2025\/05\/159883-saude-no-trabalho-como-ajudar-os-funcionarios-a-pararem-de-fumar.jpg","articleSection":["Gest\u00e3o"],"inLanguage":"en-US","potentialAction":[{"@type":"CommentAction","name":"Comment","target":["https:\/\/previews.elleven.digital\/acocearense\/saude-no-trabalho-como-ajudar-os-funcionarios-a-pararem-de-fumar\/#respond"]}]},{"@type":"WebPage","@id":"https:\/\/previews.elleven.digital\/acocearense\/saude-no-trabalho-como-ajudar-os-funcionarios-a-pararem-de-fumar\/","url":"https:\/\/previews.elleven.digital\/acocearense\/saude-no-trabalho-como-ajudar-os-funcionarios-a-pararem-de-fumar\/","name":"Sa\u00fade no trabalho: como ajudar os funcion\u00e1rios a pararem de fumar - Grupo A\u00e7o Cearense","isPartOf":{"@id":"https:\/\/previews.elleven.digital\/acocearense\/#website"},"primaryImageOfPage":{"@id":"https:\/\/previews.elleven.digital\/acocearense\/saude-no-trabalho-como-ajudar-os-funcionarios-a-pararem-de-fumar\/#primaryimage"},"image":{"@id":"https:\/\/previews.elleven.digital\/acocearense\/saude-no-trabalho-como-ajudar-os-funcionarios-a-pararem-de-fumar\/#primaryimage"},"thumbnailUrl":"https:\/\/www.grupoacocearense.com.br\/wp-content\/uploads\/2025\/05\/159883-saude-no-trabalho-como-ajudar-os-funcionarios-a-pararem-de-fumar.jpg","datePublished":"2018-01-11T11:29:59+00:00","dateModified":"2025-05-07T12:32:51+00:00","author":{"@id":"https:\/\/previews.elleven.digital\/acocearense\/#\/schema\/person\/8e9165eb3c33e0860485c7c5fc06a701"},"breadcrumb":{"@id":"https:\/\/previews.elleven.digital\/acocearense\/saude-no-trabalho-como-ajudar-os-funcionarios-a-pararem-de-fumar\/#breadcrumb"},"inLanguage":"en-US","potentialAction":[{"@type":"ReadAction","target":["https:\/\/previews.elleven.digital\/acocearense\/saude-no-trabalho-como-ajudar-os-funcionarios-a-pararem-de-fumar\/"]}]},{"@type":"ImageObject","inLanguage":"en-US","@id":"https:\/\/previews.elleven.digital\/acocearense\/saude-no-trabalho-como-ajudar-os-funcionarios-a-pararem-de-fumar\/#primaryimage","url":"https:\/\/www.grupoacocearense.com.br\/wp-content\/uploads\/2025\/05\/159883-saude-no-trabalho-como-ajudar-os-funcionarios-a-pararem-de-fumar.jpg","contentUrl":"https:\/\/www.grupoacocearense.com.br\/wp-content\/uploads\/2025\/05\/159883-saude-no-trabalho-como-ajudar-os-funcionarios-a-pararem-de-fumar.jpg","width":999,"height":667},{"@type":"BreadcrumbList","@id":"https:\/\/previews.elleven.digital\/acocearense\/saude-no-trabalho-como-ajudar-os-funcionarios-a-pararem-de-fumar\/#breadcrumb","itemListElement":[{"@type":"ListItem","position":1,"name":"In\u00edcio","item":"https:\/\/www.grupoacocearense.com.br\/"},{"@type":"ListItem","position":2,"name":"Sa\u00fade no trabalho: como ajudar os funcion\u00e1rios a pararem de fumar"}]},{"@type":"WebSite","@id":"https:\/\/previews.elleven.digital\/acocearense\/#website","url":"https:\/\/previews.elleven.digital\/acocearense\/","name":"Cear\u00e1 Steel","description":"In the Brazilian steel market for over 45 years.","alternateName":"A\u00e7o Cearense","potentialAction":[{"@type":"SearchAction","target":{"@type":"EntryPoint","urlTemplate":"https:\/\/previews.elleven.digital\/acocearense\/?s={search_term_string}"},"query-input":{"@type":"PropertyValueSpecification","valueRequired":true,"valueName":"search_term_string"}}],"inLanguage":"en-US"},{"@type":"Person","@id":"https:\/\/previews.elleven.digital\/acocearense\/#\/schema\/person\/8e9165eb3c33e0860485c7c5fc06a701","name":"elleven","image":{"@type":"ImageObject","inLanguage":"en-US","@id":"https:\/\/secure.gravatar.com\/avatar\/2a6afb49d9ecfed5dbc6c9606ce318b8bd07c077835179bddfd5d8209c03cb29?s=96&d=mm&r=g","url":"https:\/\/secure.gravatar.com\/avatar\/2a6afb49d9ecfed5dbc6c9606ce318b8bd07c077835179bddfd5d8209c03cb29?s=96&d=mm&r=g","contentUrl":"https:\/\/secure.gravatar.com\/avatar\/2a6afb49d9ecfed5dbc6c9606ce318b8bd07c077835179bddfd5d8209c03cb29?s=96&d=mm&r=g","caption":"elleven"},"sameAs":["http:\/\/localhost\/acocearense"],"url":"https:\/\/www.grupoacocearense.com.br\/en\/author\/elleven\/"}]}},"_links":{"self":[{"href":"https:\/\/www.grupoacocearense.com.br\/en\/wp-json\/wp\/v2\/posts\/1040","targetHints":{"allow":["GET"]}}],"collection":[{"href":"https:\/\/www.grupoacocearense.com.br\/en\/wp-json\/wp\/v2\/posts"}],"about":[{"href":"https:\/\/www.grupoacocearense.com.br\/en\/wp-json\/wp\/v2\/types\/post"}],"author":[{"embeddable":true,"href":"https:\/\/www.grupoacocearense.com.br\/en\/wp-json\/wp\/v2\/users\/1"}],"replies":[{"embeddable":true,"href":"https:\/\/www.grupoacocearense.com.br\/en\/wp-json\/wp\/v2\/comments?post=1040"}],"version-history":[{"count":1,"href":"https:\/\/www.grupoacocearense.com.br\/en\/wp-json\/wp\/v2\/posts\/1040\/revisions"}],"predecessor-version":[{"id":1051,"href":"https:\/\/www.grupoacocearense.com.br\/en\/wp-json\/wp\/v2\/posts\/1040\/revisions\/1051"}],"wp:featuredmedia":[{"embeddable":true,"href":"https:\/\/www.grupoacocearense.com.br\/en\/wp-json\/wp\/v2\/media\/1050"}],"wp:attachment":[{"href":"https:\/\/www.grupoacocearense.com.br\/en\/wp-json\/wp\/v2\/media?parent=1040"}],"wp:term":[{"taxonomy":"category","embeddable":true,"href":"https:\/\/www.grupoacocearense.com.br\/en\/wp-json\/wp\/v2\/categories?post=1040"},{"taxonomy":"post_tag","embeddable":true,"href":"https:\/\/www.grupoacocearense.com.br\/en\/wp-json\/wp\/v2\/tags?post=1040"}],"curies":[{"name":"wp","href":"https:\/\/api.w.org\/{rel}","templated":true}]}}