{"id":1024,"date":"2017-10-24T09:25:30","date_gmt":"2017-10-24T11:25:30","guid":{"rendered":"https:\/\/www.grupoacocearense.com.br\/?p=1024"},"modified":"2025-05-07T09:25:48","modified_gmt":"2025-05-07T12:25:48","slug":"5-motivos-para-sua-empresa-formar-lideres-e-nao-chefes","status":"publish","type":"post","link":"https:\/\/www.grupoacocearense.com.br\/en\/5-motivos-para-sua-empresa-formar-lideres-e-nao-chefes\/","title":{"rendered":"5 reasons why your company should train leaders, not bosses"},"content":{"rendered":"<p>Developing leaders has become an increasingly important priority for companies, regardless of their size. For this reason, investment in specific leadership programs, mentoring, and coaching techniques is also increasing.<\/p>\n<p>Many people don&#039;t know this, but there&#039;s a big difference between bosses and leaders. In the former, you have positional power, meaning you can coerce employees into doing what needs to be done. In the latter, you have the ability to influence, or rather,\u00a0<a href=\"https:\/\/www.grupoacocearense.com.br\/en\/blog\/abrindo-o-negocio\/4-erros-de-gestao-de-pessoas-que-prejudicam-a-sua-loja-de-ferro-e-aco\/?utm_source=blog&amp;utm_campaign=rc_blogpost\">direct and inspire people<\/a>Today, without a doubt, the idea of leadership is more effective and beneficial for companies.<\/p>\n<p>With that in mind, we&#039;ve created a guide! Here you&#039;ll understand why your company should develop leaders, not bosses. Keep reading to learn more!<\/p>\n<h2>1. Leaders retain talent<\/h2>\n<p>Talent is someone who produces above average and embraces the company&#039;s values. It&#039;s important to retain these professionals to differentiate themselves from the competition. The problem is that most talented people don&#039;t quit their jobs, but rather their bosses.<\/p>\n<p>Bosses are known for their jargon, &quot;I&#039;m in charge here&quot; or &quot;If you&#039;re not satisfied, the exit door is right there.&quot; This way, they distance people. Leaders, however, act with authority and contribute to retaining the best employees.<\/p>\n<h2>2. Leaders give feedback<\/h2>\n<p>There&#039;s a big difference between feedback and scolding, and the best leaders know this very well. Feedback is a\u00a0<a href=\"https:\/\/www.grupoacocearense.com.br\/en\/blog\/abrindo-o-negocio\/conheca-4-aplicativos-de-celular-para-melhorar-a-comunicacao-da-sua-equipe\/?utm_source=blog&amp;utm_campaign=rc_blogpost\">feedback<\/a>, with the aim of improving the employee&#039;s performance in a given activity. Scolding is simply a set of criticisms.<\/p>\n<p>The fact is that leaders possess emotional intelligence, so they know how to wait for the right moment to talk to their employees and point out what needs improvement. This helps the team develop daily and avoid demotivation.<\/p>\n<h2>3. Leaders are exemplary<\/h2>\n<p>Example is one of the most important tools for\u00a0<a href=\"https:\/\/www.grupoacocearense.com.br\/en\/blog\/abrindo-o-negocio\/motivacao-dos-funcionarios-5-dicas-que-realmente-funcionam\/?utm_source=blog&amp;utm_campaign=rc_blogpost\">lead a team into action<\/a>The problem is that many bosses haven&#039;t realized this yet. Unfortunately, they proudly repeat the famous &quot;don&#039;t do what I do, but do what I say!&quot;<\/p>\n<p>True leaders are exemplary, showing what needs to be done and personally delivering results. They often get their hands dirty, listen to their subordinates, embrace the company&#039;s values, and respect their chain of command.<\/p>\n<h2>4. Leaders recognize and encourage<\/h2>\n<p>Second\u00a0<a href=\"https:\/\/www.towerswatson.com\/en\/Insights\/IC-Types\/Survey-Research-Results\/2009\/12\/Turbocharging-Employee-Engagement-The-Power-of-Recognition-From-Managers-Part-1?utm_source=blog&amp;utm_campaign=rc_blogpost\">Tower Watson research<\/a>, recognition helps employees become more productive. Leaders are experts in the field, effective in sharing the &quot;laurels of victory&quot; with their work team, recognizing those who deserve it.<\/p>\n<p>Bosses, on the other hand, prefer recognition. They often forget the value of &quot;we&quot; and prefer to attribute achievements solely to themselves. This weakens employees&#039; performance, distancing them from achieving their desired goals.<\/p>\n<h2>5. Leaders wear the company \u201cshirt\u201d<\/h2>\n<p>Leaders genuinely enjoy leading people, so they give their best in every activity. Nevertheless, they embrace the company and are personally committed to what needs to be done. Bosses don&#039;t always act this way. They often lack passion for what they do, nor are they committed to the expected results.<\/p>\n<p>Now that you&#039;re up to speed and understand the importance of developing true leaders\u2014not just bosses. Rest assured that by doing so, the entire enterprise will benefit, at all levels and across all areas.<\/p>\n<p>Did you enjoy the content? Are you ready to develop leaders? Then take the time to read\u00a0<a href=\"https:\/\/www.grupoacocearense.com.br\/en\/blog\/abrindo-o-negocio\/conheca-os-estilos-de-lideranca-e-seus-impactos-na-sua-empresa\/?utm_source=blog&amp;utm_campaign=rc_blogpost\">this post<\/a>\u00a0and learn about leadership styles and their impact on the company!<\/p>","protected":false},"excerpt":{"rendered":"<p>Training leaders has become an increasingly important priority for companies, regardless of the(\u2026)<\/p>","protected":false},"author":1,"featured_media":1018,"comment_status":"open","ping_status":"open","sticky":false,"template":"","format":"standard","meta":{"_acf_changed":false,"inline_featured_image":false,"footnotes":""},"categories":[27],"tags":[],"class_list":["post-1024","post","type-post","status-publish","format-standard","has-post-thumbnail","hentry","category-abrindo-o-negocio"],"acf":[],"yoast_head":"<!-- This site is optimized with the Yoast SEO plugin v27.4 - https:\/\/yoast.com\/product\/yoast-seo-wordpress\/ -->\n<title>5 motivos para sua empresa formar l\u00edderes e n\u00e3o chefes - Grupo A\u00e7o Cearense<\/title>\n<meta name=\"robots\" content=\"index, follow, max-snippet:-1, max-image-preview:large, max-video-preview:-1\" \/>\n<link rel=\"canonical\" href=\"https:\/\/previews.elleven.digital\/acocearense\/5-motivos-para-sua-empresa-formar-lideres-e-nao-chefes\/\" \/>\n<meta property=\"og:locale\" content=\"en_US\" \/>\n<meta property=\"og:type\" content=\"article\" \/>\n<meta property=\"og:title\" content=\"5 motivos para sua empresa formar l\u00edderes e n\u00e3o chefes - Grupo A\u00e7o Cearense\" \/>\n<meta property=\"og:description\" content=\"Formar l\u00edderes tem se tornado uma prioridade cada vez maior para as companhias, independentemente do(...)\" \/>\n<meta property=\"og:url\" content=\"https:\/\/previews.elleven.digital\/acocearense\/5-motivos-para-sua-empresa-formar-lideres-e-nao-chefes\/\" \/>\n<meta property=\"og:site_name\" content=\"Grupo A\u00e7o Cearense\" \/>\n<meta property=\"article:published_time\" content=\"2017-10-24T11:25:30+00:00\" \/>\n<meta property=\"article:modified_time\" content=\"2025-05-07T12:25:48+00:00\" \/>\n<meta property=\"og:image\" content=\"https:\/\/previews.elleven.digital\/acocearense\/wp-content\/uploads\/2025\/05\/5-motivos-para-sua-empresa-formar-lideres-e-nao-chefes.jpeg\" \/>\n\t<meta property=\"og:image:width\" content=\"996\" \/>\n\t<meta property=\"og:image:height\" content=\"662\" \/>\n\t<meta property=\"og:image:type\" content=\"image\/jpeg\" \/>\n<meta name=\"author\" content=\"elleven\" \/>\n<meta name=\"twitter:card\" content=\"summary_large_image\" \/>\n<meta name=\"twitter:label1\" content=\"Written by\" \/>\n\t<meta name=\"twitter:data1\" content=\"elleven\" \/>\n\t<meta name=\"twitter:label2\" content=\"Est. reading time\" \/>\n\t<meta name=\"twitter:data2\" content=\"4 minutes\" \/>\n<script type=\"application\/ld+json\" class=\"yoast-schema-graph\">{\"@context\":\"https:\\\/\\\/schema.org\",\"@graph\":[{\"@type\":\"Article\",\"@id\":\"https:\\\/\\\/previews.elleven.digital\\\/acocearense\\\/5-motivos-para-sua-empresa-formar-lideres-e-nao-chefes\\\/#article\",\"isPartOf\":{\"@id\":\"https:\\\/\\\/previews.elleven.digital\\\/acocearense\\\/5-motivos-para-sua-empresa-formar-lideres-e-nao-chefes\\\/\"},\"author\":{\"name\":\"elleven\",\"@id\":\"https:\\\/\\\/previews.elleven.digital\\\/acocearense\\\/#\\\/schema\\\/person\\\/8e9165eb3c33e0860485c7c5fc06a701\"},\"headline\":\"5 motivos para sua empresa formar l\u00edderes e n\u00e3o chefes\",\"datePublished\":\"2017-10-24T11:25:30+00:00\",\"dateModified\":\"2025-05-07T12:25:48+00:00\",\"mainEntityOfPage\":{\"@id\":\"https:\\\/\\\/previews.elleven.digital\\\/acocearense\\\/5-motivos-para-sua-empresa-formar-lideres-e-nao-chefes\\\/\"},\"wordCount\":668,\"commentCount\":0,\"image\":{\"@id\":\"https:\\\/\\\/previews.elleven.digital\\\/acocearense\\\/5-motivos-para-sua-empresa-formar-lideres-e-nao-chefes\\\/#primaryimage\"},\"thumbnailUrl\":\"https:\\\/\\\/www.grupoacocearense.com.br\\\/wp-content\\\/uploads\\\/2025\\\/05\\\/5-motivos-para-sua-empresa-formar-lideres-e-nao-chefes.jpeg\",\"articleSection\":[\"Abrindo o Neg\u00f3cio\"],\"inLanguage\":\"en-US\",\"potentialAction\":[{\"@type\":\"CommentAction\",\"name\":\"Comment\",\"target\":[\"https:\\\/\\\/previews.elleven.digital\\\/acocearense\\\/5-motivos-para-sua-empresa-formar-lideres-e-nao-chefes\\\/#respond\"]}]},{\"@type\":\"WebPage\",\"@id\":\"https:\\\/\\\/previews.elleven.digital\\\/acocearense\\\/5-motivos-para-sua-empresa-formar-lideres-e-nao-chefes\\\/\",\"url\":\"https:\\\/\\\/previews.elleven.digital\\\/acocearense\\\/5-motivos-para-sua-empresa-formar-lideres-e-nao-chefes\\\/\",\"name\":\"5 motivos para sua empresa formar l\u00edderes e n\u00e3o chefes - Grupo A\u00e7o Cearense\",\"isPartOf\":{\"@id\":\"https:\\\/\\\/previews.elleven.digital\\\/acocearense\\\/#website\"},\"primaryImageOfPage\":{\"@id\":\"https:\\\/\\\/previews.elleven.digital\\\/acocearense\\\/5-motivos-para-sua-empresa-formar-lideres-e-nao-chefes\\\/#primaryimage\"},\"image\":{\"@id\":\"https:\\\/\\\/previews.elleven.digital\\\/acocearense\\\/5-motivos-para-sua-empresa-formar-lideres-e-nao-chefes\\\/#primaryimage\"},\"thumbnailUrl\":\"https:\\\/\\\/www.grupoacocearense.com.br\\\/wp-content\\\/uploads\\\/2025\\\/05\\\/5-motivos-para-sua-empresa-formar-lideres-e-nao-chefes.jpeg\",\"datePublished\":\"2017-10-24T11:25:30+00:00\",\"dateModified\":\"2025-05-07T12:25:48+00:00\",\"author\":{\"@id\":\"https:\\\/\\\/previews.elleven.digital\\\/acocearense\\\/#\\\/schema\\\/person\\\/8e9165eb3c33e0860485c7c5fc06a701\"},\"breadcrumb\":{\"@id\":\"https:\\\/\\\/previews.elleven.digital\\\/acocearense\\\/5-motivos-para-sua-empresa-formar-lideres-e-nao-chefes\\\/#breadcrumb\"},\"inLanguage\":\"en-US\",\"potentialAction\":[{\"@type\":\"ReadAction\",\"target\":[\"https:\\\/\\\/previews.elleven.digital\\\/acocearense\\\/5-motivos-para-sua-empresa-formar-lideres-e-nao-chefes\\\/\"]}]},{\"@type\":\"ImageObject\",\"inLanguage\":\"en-US\",\"@id\":\"https:\\\/\\\/previews.elleven.digital\\\/acocearense\\\/5-motivos-para-sua-empresa-formar-lideres-e-nao-chefes\\\/#primaryimage\",\"url\":\"https:\\\/\\\/www.grupoacocearense.com.br\\\/wp-content\\\/uploads\\\/2025\\\/05\\\/5-motivos-para-sua-empresa-formar-lideres-e-nao-chefes.jpeg\",\"contentUrl\":\"https:\\\/\\\/www.grupoacocearense.com.br\\\/wp-content\\\/uploads\\\/2025\\\/05\\\/5-motivos-para-sua-empresa-formar-lideres-e-nao-chefes.jpeg\",\"width\":996,\"height\":662},{\"@type\":\"BreadcrumbList\",\"@id\":\"https:\\\/\\\/previews.elleven.digital\\\/acocearense\\\/5-motivos-para-sua-empresa-formar-lideres-e-nao-chefes\\\/#breadcrumb\",\"itemListElement\":[{\"@type\":\"ListItem\",\"position\":1,\"name\":\"In\u00edcio\",\"item\":\"https:\\\/\\\/www.grupoacocearense.com.br\\\/\"},{\"@type\":\"ListItem\",\"position\":2,\"name\":\"5 motivos para sua empresa formar l\u00edderes e n\u00e3o chefes\"}]},{\"@type\":\"WebSite\",\"@id\":\"https:\\\/\\\/previews.elleven.digital\\\/acocearense\\\/#website\",\"url\":\"https:\\\/\\\/previews.elleven.digital\\\/acocearense\\\/\",\"name\":\"A\u00e7o Cearense\",\"description\":\"H\u00e1 mais de 45 anos no mercado brasileiro do a\u00e7o.\",\"alternateName\":\"A\u00e7o Cearense\",\"potentialAction\":[{\"@type\":\"SearchAction\",\"target\":{\"@type\":\"EntryPoint\",\"urlTemplate\":\"https:\\\/\\\/previews.elleven.digital\\\/acocearense\\\/?s={search_term_string}\"},\"query-input\":{\"@type\":\"PropertyValueSpecification\",\"valueRequired\":true,\"valueName\":\"search_term_string\"}}],\"inLanguage\":\"en-US\"},{\"@type\":\"Person\",\"@id\":\"https:\\\/\\\/previews.elleven.digital\\\/acocearense\\\/#\\\/schema\\\/person\\\/8e9165eb3c33e0860485c7c5fc06a701\",\"name\":\"elleven\",\"image\":{\"@type\":\"ImageObject\",\"inLanguage\":\"en-US\",\"@id\":\"https:\\\/\\\/secure.gravatar.com\\\/avatar\\\/2a6afb49d9ecfed5dbc6c9606ce318b8bd07c077835179bddfd5d8209c03cb29?s=96&d=mm&r=g\",\"url\":\"https:\\\/\\\/secure.gravatar.com\\\/avatar\\\/2a6afb49d9ecfed5dbc6c9606ce318b8bd07c077835179bddfd5d8209c03cb29?s=96&d=mm&r=g\",\"contentUrl\":\"https:\\\/\\\/secure.gravatar.com\\\/avatar\\\/2a6afb49d9ecfed5dbc6c9606ce318b8bd07c077835179bddfd5d8209c03cb29?s=96&d=mm&r=g\",\"caption\":\"elleven\"},\"sameAs\":[\"http:\\\/\\\/localhost\\\/acocearense\"],\"url\":\"https:\\\/\\\/www.grupoacocearense.com.br\\\/en\\\/author\\\/elleven\\\/\"}]}<\/script>\n<!-- \/ Yoast SEO plugin. -->","yoast_head_json":{"title":"5 motivos para sua empresa formar l\u00edderes e n\u00e3o chefes - Grupo A\u00e7o Cearense","robots":{"index":"index","follow":"follow","max-snippet":"max-snippet:-1","max-image-preview":"max-image-preview:large","max-video-preview":"max-video-preview:-1"},"canonical":"https:\/\/previews.elleven.digital\/acocearense\/5-motivos-para-sua-empresa-formar-lideres-e-nao-chefes\/","og_locale":"en_US","og_type":"article","og_title":"5 motivos para sua empresa formar l\u00edderes e n\u00e3o chefes - Grupo A\u00e7o Cearense","og_description":"Formar l\u00edderes tem se tornado uma prioridade cada vez maior para as companhias, independentemente do(...)","og_url":"https:\/\/previews.elleven.digital\/acocearense\/5-motivos-para-sua-empresa-formar-lideres-e-nao-chefes\/","og_site_name":"Grupo A\u00e7o Cearense","article_published_time":"2017-10-24T11:25:30+00:00","article_modified_time":"2025-05-07T12:25:48+00:00","og_image":[{"width":996,"height":662,"url":"https:\/\/previews.elleven.digital\/acocearense\/wp-content\/uploads\/2025\/05\/5-motivos-para-sua-empresa-formar-lideres-e-nao-chefes.jpeg","type":"image\/jpeg"}],"author":"elleven","twitter_card":"summary_large_image","twitter_misc":{"Written by":"elleven","Est. reading time":"4 minutes"},"schema":{"@context":"https:\/\/schema.org","@graph":[{"@type":"Article","@id":"https:\/\/previews.elleven.digital\/acocearense\/5-motivos-para-sua-empresa-formar-lideres-e-nao-chefes\/#article","isPartOf":{"@id":"https:\/\/previews.elleven.digital\/acocearense\/5-motivos-para-sua-empresa-formar-lideres-e-nao-chefes\/"},"author":{"name":"elleven","@id":"https:\/\/previews.elleven.digital\/acocearense\/#\/schema\/person\/8e9165eb3c33e0860485c7c5fc06a701"},"headline":"5 motivos para sua empresa formar l\u00edderes e n\u00e3o chefes","datePublished":"2017-10-24T11:25:30+00:00","dateModified":"2025-05-07T12:25:48+00:00","mainEntityOfPage":{"@id":"https:\/\/previews.elleven.digital\/acocearense\/5-motivos-para-sua-empresa-formar-lideres-e-nao-chefes\/"},"wordCount":668,"commentCount":0,"image":{"@id":"https:\/\/previews.elleven.digital\/acocearense\/5-motivos-para-sua-empresa-formar-lideres-e-nao-chefes\/#primaryimage"},"thumbnailUrl":"https:\/\/www.grupoacocearense.com.br\/wp-content\/uploads\/2025\/05\/5-motivos-para-sua-empresa-formar-lideres-e-nao-chefes.jpeg","articleSection":["Abrindo o Neg\u00f3cio"],"inLanguage":"en-US","potentialAction":[{"@type":"CommentAction","name":"Comment","target":["https:\/\/previews.elleven.digital\/acocearense\/5-motivos-para-sua-empresa-formar-lideres-e-nao-chefes\/#respond"]}]},{"@type":"WebPage","@id":"https:\/\/previews.elleven.digital\/acocearense\/5-motivos-para-sua-empresa-formar-lideres-e-nao-chefes\/","url":"https:\/\/previews.elleven.digital\/acocearense\/5-motivos-para-sua-empresa-formar-lideres-e-nao-chefes\/","name":"5 motivos para sua empresa formar l\u00edderes e n\u00e3o chefes - Grupo A\u00e7o Cearense","isPartOf":{"@id":"https:\/\/previews.elleven.digital\/acocearense\/#website"},"primaryImageOfPage":{"@id":"https:\/\/previews.elleven.digital\/acocearense\/5-motivos-para-sua-empresa-formar-lideres-e-nao-chefes\/#primaryimage"},"image":{"@id":"https:\/\/previews.elleven.digital\/acocearense\/5-motivos-para-sua-empresa-formar-lideres-e-nao-chefes\/#primaryimage"},"thumbnailUrl":"https:\/\/www.grupoacocearense.com.br\/wp-content\/uploads\/2025\/05\/5-motivos-para-sua-empresa-formar-lideres-e-nao-chefes.jpeg","datePublished":"2017-10-24T11:25:30+00:00","dateModified":"2025-05-07T12:25:48+00:00","author":{"@id":"https:\/\/previews.elleven.digital\/acocearense\/#\/schema\/person\/8e9165eb3c33e0860485c7c5fc06a701"},"breadcrumb":{"@id":"https:\/\/previews.elleven.digital\/acocearense\/5-motivos-para-sua-empresa-formar-lideres-e-nao-chefes\/#breadcrumb"},"inLanguage":"en-US","potentialAction":[{"@type":"ReadAction","target":["https:\/\/previews.elleven.digital\/acocearense\/5-motivos-para-sua-empresa-formar-lideres-e-nao-chefes\/"]}]},{"@type":"ImageObject","inLanguage":"en-US","@id":"https:\/\/previews.elleven.digital\/acocearense\/5-motivos-para-sua-empresa-formar-lideres-e-nao-chefes\/#primaryimage","url":"https:\/\/www.grupoacocearense.com.br\/wp-content\/uploads\/2025\/05\/5-motivos-para-sua-empresa-formar-lideres-e-nao-chefes.jpeg","contentUrl":"https:\/\/www.grupoacocearense.com.br\/wp-content\/uploads\/2025\/05\/5-motivos-para-sua-empresa-formar-lideres-e-nao-chefes.jpeg","width":996,"height":662},{"@type":"BreadcrumbList","@id":"https:\/\/previews.elleven.digital\/acocearense\/5-motivos-para-sua-empresa-formar-lideres-e-nao-chefes\/#breadcrumb","itemListElement":[{"@type":"ListItem","position":1,"name":"In\u00edcio","item":"https:\/\/www.grupoacocearense.com.br\/"},{"@type":"ListItem","position":2,"name":"5 motivos para sua empresa formar l\u00edderes e n\u00e3o chefes"}]},{"@type":"WebSite","@id":"https:\/\/previews.elleven.digital\/acocearense\/#website","url":"https:\/\/previews.elleven.digital\/acocearense\/","name":"Cear\u00e1 Steel","description":"In the Brazilian steel market for over 45 years.","alternateName":"A\u00e7o Cearense","potentialAction":[{"@type":"SearchAction","target":{"@type":"EntryPoint","urlTemplate":"https:\/\/previews.elleven.digital\/acocearense\/?s={search_term_string}"},"query-input":{"@type":"PropertyValueSpecification","valueRequired":true,"valueName":"search_term_string"}}],"inLanguage":"en-US"},{"@type":"Person","@id":"https:\/\/previews.elleven.digital\/acocearense\/#\/schema\/person\/8e9165eb3c33e0860485c7c5fc06a701","name":"elleven","image":{"@type":"ImageObject","inLanguage":"en-US","@id":"https:\/\/secure.gravatar.com\/avatar\/2a6afb49d9ecfed5dbc6c9606ce318b8bd07c077835179bddfd5d8209c03cb29?s=96&d=mm&r=g","url":"https:\/\/secure.gravatar.com\/avatar\/2a6afb49d9ecfed5dbc6c9606ce318b8bd07c077835179bddfd5d8209c03cb29?s=96&d=mm&r=g","contentUrl":"https:\/\/secure.gravatar.com\/avatar\/2a6afb49d9ecfed5dbc6c9606ce318b8bd07c077835179bddfd5d8209c03cb29?s=96&d=mm&r=g","caption":"elleven"},"sameAs":["http:\/\/localhost\/acocearense"],"url":"https:\/\/www.grupoacocearense.com.br\/en\/author\/elleven\/"}]}},"_links":{"self":[{"href":"https:\/\/www.grupoacocearense.com.br\/en\/wp-json\/wp\/v2\/posts\/1024","targetHints":{"allow":["GET"]}}],"collection":[{"href":"https:\/\/www.grupoacocearense.com.br\/en\/wp-json\/wp\/v2\/posts"}],"about":[{"href":"https:\/\/www.grupoacocearense.com.br\/en\/wp-json\/wp\/v2\/types\/post"}],"author":[{"embeddable":true,"href":"https:\/\/www.grupoacocearense.com.br\/en\/wp-json\/wp\/v2\/users\/1"}],"replies":[{"embeddable":true,"href":"https:\/\/www.grupoacocearense.com.br\/en\/wp-json\/wp\/v2\/comments?post=1024"}],"version-history":[{"count":1,"href":"https:\/\/www.grupoacocearense.com.br\/en\/wp-json\/wp\/v2\/posts\/1024\/revisions"}],"predecessor-version":[{"id":1025,"href":"https:\/\/www.grupoacocearense.com.br\/en\/wp-json\/wp\/v2\/posts\/1024\/revisions\/1025"}],"wp:featuredmedia":[{"embeddable":true,"href":"https:\/\/www.grupoacocearense.com.br\/en\/wp-json\/wp\/v2\/media\/1018"}],"wp:attachment":[{"href":"https:\/\/www.grupoacocearense.com.br\/en\/wp-json\/wp\/v2\/media?parent=1024"}],"wp:term":[{"taxonomy":"category","embeddable":true,"href":"https:\/\/www.grupoacocearense.com.br\/en\/wp-json\/wp\/v2\/categories?post=1024"},{"taxonomy":"post_tag","embeddable":true,"href":"https:\/\/www.grupoacocearense.com.br\/en\/wp-json\/wp\/v2\/tags?post=1024"}],"curies":[{"name":"wp","href":"https:\/\/api.w.org\/{rel}","templated":true}]}}