{"id":22794,"date":"2026-02-13T16:34:31","date_gmt":"2026-02-13T19:34:31","guid":{"rendered":"https:\/\/www.grupoacocearense.com.br\/?post_type=noticia&#038;p=22794"},"modified":"2026-02-13T16:34:31","modified_gmt":"2026-02-13T19:34:31","slug":"decisao-estrategica-e-impacto-nacional-ian-correa-detalha-virada-que-levou-a-implantacao-da-siderurgia-em-maraba","status":"publish","type":"noticia","link":"https:\/\/www.grupoacocearense.com.br\/en\/noticia\/decisao-estrategica-e-impacto-nacional-ian-correa-detalha-virada-que-levou-a-implantacao-da-siderurgia-em-maraba\/","title":{"rendered":"Strategic decision and national impact: Ian C\u00f4rrea details the turnaround that led to the establishment of the steel industry in Marab\u00e1."},"content":{"rendered":"<div class=\"flex flex-col text-sm pb-25\">\n<article class=\"text-token-text-primary w-full focus:outline-none [--shadow-height:45px] has-data-writing-block:pointer-events-none has-data-writing-block:-mt-(--shadow-height) has-data-writing-block:pt-(--shadow-height) [&amp;:has([data-writing-block])&gt;*]:pointer-events-auto scroll-mt-[calc(var(--header-height)+min(200px,max(70px,20svh)))]\" dir=\"auto\" tabindex=\"-1\" data-turn-id=\"request-WEB:153eb567-3b83-4e62-8f1b-1a1b9f426702-2\" data-testid=\"conversation-turn-6\" data-scroll-anchor=\"true\" data-turn=\"assistant\">\n<div class=\"text-base my-auto mx-auto pb-10 [--thread-content-margin:--spacing(4)] @w-sm\/main:[--thread-content-margin:--spacing(6)] @w-lg\/main:[--thread-content-margin:--spacing(16)] px-(--thread-content-margin)\">\n<div class=\"[--thread-content-max-width:40rem] @w-lg\/main:[--thread-content-max-width:48rem] mx-auto max-w-(--thread-content-max-width) flex-1 group\/turn-messages focus-visible:outline-hidden relative flex w-full min-w-0 flex-col agent-turn\" tabindex=\"-1\">\n<div class=\"flex max-w-full flex-col grow\">\n<div class=\"min-h-8 text-message relative flex w-full flex-col items-end gap-2 text-start break-words whitespace-normal [.text-message+&amp;]:mt-1\" dir=\"auto\" data-message-author-role=\"assistant\" data-message-id=\"69a7e4ee-0953-4ad2-b7e6-b55a0a883f48\" data-message-model-slug=\"gpt-5-2\">\n<div class=\"flex w-full flex-col gap-1 empty:hidden first:pt-[1px]\">\n<div class=\"markdown prose dark:prose-invert w-full wrap-break-word light markdown-new-styling\">\n<p data-start=\"119\" data-end=\"386\">A siderurgia \u00e9 uma ind\u00fastria centen\u00e1ria. No entanto, como destacou Ian C\u00f4rrea, VP de Opera\u00e7\u00f5es do Grupo A\u00e7o Cearense, no podcast Circuito Empreendedor, s\u00e3o decis\u00f5es estrat\u00e9gicas bem fundamentadas que redefinem trajet\u00f3rias empresariais e influenciam mercados inteiros.<\/p>\n<p data-start=\"388\" data-end=\"702\">No <a href=\"https:\/\/www.instagram.com\/p\/DUbgXYeEnK8\/\">corte divulgado do epis\u00f3dio<\/a> no perfil da SINOBRAS no Instagram, C\u00f4rrea apresenta a virada estrat\u00e9gica que levou o Grupo A\u00e7o Cearense \u00e0 decis\u00e3o de implantar uma siderurgia em Marab\u00e1, no Par\u00e1. Segundo ele, a escolha n\u00e3o foi circunstancial, mas resultado de uma l\u00f3gica industrial estruturada, orientada por crit\u00e9rios t\u00e9cnicos e vis\u00e3o de longo prazo.<\/p>\n<p data-start=\"704\" data-end=\"1055\">Entre os principais fundamentos da decis\u00e3o est\u00e1 a proximidade com uma das maiores reservas de min\u00e9rio de ferro do mundo, fator que fortalece a competitividade operacional e reduz gargalos log\u00edsticos. A estrat\u00e9gia tamb\u00e9m considerou o potencial de desenvolvimento regional, ampliando oportunidades econ\u00f4micas e promovendo gera\u00e7\u00e3o de valor para a regi\u00e3o.<\/p>\n<p data-start=\"1057\" data-end=\"1301\">Outro ponto destacado foi o compromisso com efici\u00eancia produtiva e responsabilidade ambiental. A implanta\u00e7\u00e3o da opera\u00e7\u00e3o foi concebida sob uma perspectiva de sustentabilidade industrial, alinhando desempenho operacional a pr\u00e1ticas respons\u00e1veis.<\/p>\n<p data-start=\"1303\" data-end=\"1550\" data-is-last-node=\"\" data-is-only-node=\"\">Ao contextualizar o crescimento do Grupo A\u00e7o Cearense e seu impacto no mercado nacional, Ian C\u00f4rrea evidencia como decis\u00f5es estruturantes podem alterar n\u00e3o apenas o posicionamento de uma empresa, mas tamb\u00e9m influenciar a din\u00e2mica de todo um setor.<\/p>\n<\/div>\n<\/div>\n<\/div>\n<\/div>\n<div class=\"z-0 flex min-h-[46px] justify-start\"><\/div>\n<div class=\"mt-3 w-full empty:hidden\">\n<div class=\"text-center\"><\/div>\n<\/div>\n<\/div>\n<\/div>\n<\/article>\n<\/div>\n<div class=\"pointer-events-none h-px w-px absolute bottom-0\" aria-hidden=\"true\" data-edge=\"true\"><\/div>\n","protected":false},"featured_media":22795,"template":"","meta":{"_acf_changed":false,"inline_featured_image":false},"categoria-noticia":[14],"class_list":["post-22794","noticia","type-noticia","status-publish","has-post-thumbnail","hentry","categoria-noticia-noticias"],"acf":{"link":""},"yoast_head":"<!-- This site is optimized with the Yoast SEO plugin v27.4 - https:\/\/yoast.com\/product\/yoast-seo-wordpress\/ -->\n<title>Decis\u00e3o estrat\u00e9gica e impacto nacional: Ian C\u00f4rrea detalha virada que levou \u00e0 implanta\u00e7\u00e3o da siderurgia em Marab\u00e1. - Grupo A\u00e7o Cearense<\/title>\n<meta name=\"robots\" content=\"index, follow, max-snippet:-1, max-image-preview:large, max-video-preview:-1\" \/>\n<link rel=\"canonical\" href=\"https:\/\/www.grupoacocearense.com.br\/en\/noticia\/decisao-estrategica-e-impacto-nacional-ian-correa-detalha-virada-que-levou-a-implantacao-da-siderurgia-em-maraba\/\" \/>\n<meta property=\"og:locale\" content=\"en_US\" \/>\n<meta property=\"og:type\" content=\"article\" \/>\n<meta property=\"og:title\" content=\"Decis\u00e3o estrat\u00e9gica e impacto nacional: Ian C\u00f4rrea detalha virada que levou \u00e0 implanta\u00e7\u00e3o da siderurgia em Marab\u00e1. - Grupo A\u00e7o Cearense\" \/>\n<meta property=\"og:description\" content=\"A siderurgia \u00e9 uma ind\u00fastria centen\u00e1ria. No entanto, como destacou Ian C\u00f4rrea, VP de Opera\u00e7\u00f5es(...)\" \/>\n<meta property=\"og:url\" content=\"https:\/\/www.grupoacocearense.com.br\/en\/noticia\/decisao-estrategica-e-impacto-nacional-ian-correa-detalha-virada-que-levou-a-implantacao-da-siderurgia-em-maraba\/\" \/>\n<meta property=\"og:site_name\" content=\"Grupo A\u00e7o Cearense\" \/>\n<meta property=\"og:image\" content=\"https:\/\/www.grupoacocearense.com.br\/wp-content\/uploads\/2026\/02\/Capa-IAN-Podcast_1200x900-copy.jpg\" \/>\n\t<meta property=\"og:image:width\" content=\"1200\" \/>\n\t<meta property=\"og:image:height\" content=\"900\" \/>\n\t<meta property=\"og:image:type\" content=\"image\/jpeg\" \/>\n<meta name=\"twitter:card\" content=\"summary_large_image\" \/>\n<meta name=\"twitter:label1\" content=\"Est. reading time\" \/>\n\t<meta name=\"twitter:data1\" content=\"2 minutes\" \/>\n<script type=\"application\/ld+json\" class=\"yoast-schema-graph\">{\"@context\":\"https:\\\/\\\/schema.org\",\"@graph\":[{\"@type\":\"WebPage\",\"@id\":\"https:\\\/\\\/www.grupoacocearense.com.br\\\/noticia\\\/decisao-estrategica-e-impacto-nacional-ian-correa-detalha-virada-que-levou-a-implantacao-da-siderurgia-em-maraba\\\/\",\"url\":\"https:\\\/\\\/www.grupoacocearense.com.br\\\/noticia\\\/decisao-estrategica-e-impacto-nacional-ian-correa-detalha-virada-que-levou-a-implantacao-da-siderurgia-em-maraba\\\/\",\"name\":\"Decis\u00e3o estrat\u00e9gica e impacto nacional: Ian C\u00f4rrea detalha virada que levou \u00e0 implanta\u00e7\u00e3o da siderurgia em Marab\u00e1. - Grupo A\u00e7o Cearense\",\"isPartOf\":{\"@id\":\"https:\\\/\\\/previews.elleven.digital\\\/acocearense\\\/#website\"},\"primaryImageOfPage\":{\"@id\":\"https:\\\/\\\/www.grupoacocearense.com.br\\\/noticia\\\/decisao-estrategica-e-impacto-nacional-ian-correa-detalha-virada-que-levou-a-implantacao-da-siderurgia-em-maraba\\\/#primaryimage\"},\"image\":{\"@id\":\"https:\\\/\\\/www.grupoacocearense.com.br\\\/noticia\\\/decisao-estrategica-e-impacto-nacional-ian-correa-detalha-virada-que-levou-a-implantacao-da-siderurgia-em-maraba\\\/#primaryimage\"},\"thumbnailUrl\":\"https:\\\/\\\/www.grupoacocearense.com.br\\\/wp-content\\\/uploads\\\/2026\\\/02\\\/Capa-IAN-Podcast_1200x900-copy.jpg\",\"datePublished\":\"2026-02-13T19:34:31+00:00\",\"breadcrumb\":{\"@id\":\"https:\\\/\\\/www.grupoacocearense.com.br\\\/noticia\\\/decisao-estrategica-e-impacto-nacional-ian-correa-detalha-virada-que-levou-a-implantacao-da-siderurgia-em-maraba\\\/#breadcrumb\"},\"inLanguage\":\"en-US\",\"potentialAction\":[{\"@type\":\"ReadAction\",\"target\":[\"https:\\\/\\\/www.grupoacocearense.com.br\\\/noticia\\\/decisao-estrategica-e-impacto-nacional-ian-correa-detalha-virada-que-levou-a-implantacao-da-siderurgia-em-maraba\\\/\"]}]},{\"@type\":\"ImageObject\",\"inLanguage\":\"en-US\",\"@id\":\"https:\\\/\\\/www.grupoacocearense.com.br\\\/noticia\\\/decisao-estrategica-e-impacto-nacional-ian-correa-detalha-virada-que-levou-a-implantacao-da-siderurgia-em-maraba\\\/#primaryimage\",\"url\":\"https:\\\/\\\/www.grupoacocearense.com.br\\\/wp-content\\\/uploads\\\/2026\\\/02\\\/Capa-IAN-Podcast_1200x900-copy.jpg\",\"contentUrl\":\"https:\\\/\\\/www.grupoacocearense.com.br\\\/wp-content\\\/uploads\\\/2026\\\/02\\\/Capa-IAN-Podcast_1200x900-copy.jpg\",\"width\":1200,\"height\":900},{\"@type\":\"BreadcrumbList\",\"@id\":\"https:\\\/\\\/www.grupoacocearense.com.br\\\/noticia\\\/decisao-estrategica-e-impacto-nacional-ian-correa-detalha-virada-que-levou-a-implantacao-da-siderurgia-em-maraba\\\/#breadcrumb\",\"itemListElement\":[{\"@type\":\"ListItem\",\"position\":1,\"name\":\"In\u00edcio\",\"item\":\"https:\\\/\\\/www.grupoacocearense.com.br\\\/\"},{\"@type\":\"ListItem\",\"position\":2,\"name\":\"Not\u00edcias\",\"item\":\"https:\\\/\\\/previews.elleven.digital\\\/acocearense\\\/noticias\\\/\"},{\"@type\":\"ListItem\",\"position\":3,\"name\":\"Decis\u00e3o estrat\u00e9gica e impacto nacional: Ian C\u00f4rrea detalha virada que levou \u00e0 implanta\u00e7\u00e3o da siderurgia em Marab\u00e1.\"}]},{\"@type\":\"WebSite\",\"@id\":\"https:\\\/\\\/previews.elleven.digital\\\/acocearense\\\/#website\",\"url\":\"https:\\\/\\\/previews.elleven.digital\\\/acocearense\\\/\",\"name\":\"A\u00e7o Cearense\",\"description\":\"H\u00e1 mais de 45 anos no mercado brasileiro do a\u00e7o.\",\"alternateName\":\"A\u00e7o Cearense\",\"potentialAction\":[{\"@type\":\"SearchAction\",\"target\":{\"@type\":\"EntryPoint\",\"urlTemplate\":\"https:\\\/\\\/previews.elleven.digital\\\/acocearense\\\/?s={search_term_string}\"},\"query-input\":{\"@type\":\"PropertyValueSpecification\",\"valueRequired\":true,\"valueName\":\"search_term_string\"}}],\"inLanguage\":\"en-US\"}]}<\/script>\n<!-- \/ Yoast SEO plugin. -->","yoast_head_json":{"title":"Strategic decision and national impact: Ian C\u00f4rrea details the turnaround that led to the establishment of the steel industry in Marab\u00e1. - Grupo A\u00e7o Cearense","robots":{"index":"index","follow":"follow","max-snippet":"max-snippet:-1","max-image-preview":"max-image-preview:large","max-video-preview":"max-video-preview:-1"},"canonical":"https:\/\/www.grupoacocearense.com.br\/en\/noticia\/decisao-estrategica-e-impacto-nacional-ian-correa-detalha-virada-que-levou-a-implantacao-da-siderurgia-em-maraba\/","og_locale":"en_US","og_type":"article","og_title":"Decis\u00e3o estrat\u00e9gica e impacto nacional: Ian C\u00f4rrea detalha virada que levou \u00e0 implanta\u00e7\u00e3o da siderurgia em Marab\u00e1. - Grupo A\u00e7o Cearense","og_description":"A siderurgia \u00e9 uma ind\u00fastria centen\u00e1ria. No entanto, como destacou Ian C\u00f4rrea, VP de Opera\u00e7\u00f5es(...)","og_url":"https:\/\/www.grupoacocearense.com.br\/en\/noticia\/decisao-estrategica-e-impacto-nacional-ian-correa-detalha-virada-que-levou-a-implantacao-da-siderurgia-em-maraba\/","og_site_name":"Grupo A\u00e7o Cearense","og_image":[{"width":1200,"height":900,"url":"https:\/\/www.grupoacocearense.com.br\/wp-content\/uploads\/2026\/02\/Capa-IAN-Podcast_1200x900-copy.jpg","type":"image\/jpeg"}],"twitter_card":"summary_large_image","twitter_misc":{"Est. reading time":"2 minutes"},"schema":{"@context":"https:\/\/schema.org","@graph":[{"@type":"WebPage","@id":"https:\/\/www.grupoacocearense.com.br\/noticia\/decisao-estrategica-e-impacto-nacional-ian-correa-detalha-virada-que-levou-a-implantacao-da-siderurgia-em-maraba\/","url":"https:\/\/www.grupoacocearense.com.br\/noticia\/decisao-estrategica-e-impacto-nacional-ian-correa-detalha-virada-que-levou-a-implantacao-da-siderurgia-em-maraba\/","name":"Strategic decision and national impact: Ian C\u00f4rrea details the turnaround that led to the establishment of the steel industry in Marab\u00e1. - Grupo A\u00e7o Cearense","isPartOf":{"@id":"https:\/\/previews.elleven.digital\/acocearense\/#website"},"primaryImageOfPage":{"@id":"https:\/\/www.grupoacocearense.com.br\/noticia\/decisao-estrategica-e-impacto-nacional-ian-correa-detalha-virada-que-levou-a-implantacao-da-siderurgia-em-maraba\/#primaryimage"},"image":{"@id":"https:\/\/www.grupoacocearense.com.br\/noticia\/decisao-estrategica-e-impacto-nacional-ian-correa-detalha-virada-que-levou-a-implantacao-da-siderurgia-em-maraba\/#primaryimage"},"thumbnailUrl":"https:\/\/www.grupoacocearense.com.br\/wp-content\/uploads\/2026\/02\/Capa-IAN-Podcast_1200x900-copy.jpg","datePublished":"2026-02-13T19:34:31+00:00","breadcrumb":{"@id":"https:\/\/www.grupoacocearense.com.br\/noticia\/decisao-estrategica-e-impacto-nacional-ian-correa-detalha-virada-que-levou-a-implantacao-da-siderurgia-em-maraba\/#breadcrumb"},"inLanguage":"en-US","potentialAction":[{"@type":"ReadAction","target":["https:\/\/www.grupoacocearense.com.br\/noticia\/decisao-estrategica-e-impacto-nacional-ian-correa-detalha-virada-que-levou-a-implantacao-da-siderurgia-em-maraba\/"]}]},{"@type":"ImageObject","inLanguage":"en-US","@id":"https:\/\/www.grupoacocearense.com.br\/noticia\/decisao-estrategica-e-impacto-nacional-ian-correa-detalha-virada-que-levou-a-implantacao-da-siderurgia-em-maraba\/#primaryimage","url":"https:\/\/www.grupoacocearense.com.br\/wp-content\/uploads\/2026\/02\/Capa-IAN-Podcast_1200x900-copy.jpg","contentUrl":"https:\/\/www.grupoacocearense.com.br\/wp-content\/uploads\/2026\/02\/Capa-IAN-Podcast_1200x900-copy.jpg","width":1200,"height":900},{"@type":"BreadcrumbList","@id":"https:\/\/www.grupoacocearense.com.br\/noticia\/decisao-estrategica-e-impacto-nacional-ian-correa-detalha-virada-que-levou-a-implantacao-da-siderurgia-em-maraba\/#breadcrumb","itemListElement":[{"@type":"ListItem","position":1,"name":"In\u00edcio","item":"https:\/\/www.grupoacocearense.com.br\/"},{"@type":"ListItem","position":2,"name":"Not\u00edcias","item":"https:\/\/previews.elleven.digital\/acocearense\/noticias\/"},{"@type":"ListItem","position":3,"name":"Decis\u00e3o estrat\u00e9gica e impacto nacional: Ian C\u00f4rrea detalha virada que levou \u00e0 implanta\u00e7\u00e3o da siderurgia em Marab\u00e1."}]},{"@type":"WebSite","@id":"https:\/\/previews.elleven.digital\/acocearense\/#website","url":"https:\/\/previews.elleven.digital\/acocearense\/","name":"Cear\u00e1 Steel","description":"In the Brazilian steel market for over 45 years.","alternateName":"A\u00e7o Cearense","potentialAction":[{"@type":"SearchAction","target":{"@type":"EntryPoint","urlTemplate":"https:\/\/previews.elleven.digital\/acocearense\/?s={search_term_string}"},"query-input":{"@type":"PropertyValueSpecification","valueRequired":true,"valueName":"search_term_string"}}],"inLanguage":"en-US"}]}},"_links":{"self":[{"href":"https:\/\/www.grupoacocearense.com.br\/en\/wp-json\/wp\/v2\/noticia\/22794","targetHints":{"allow":["GET"]}}],"collection":[{"href":"https:\/\/www.grupoacocearense.com.br\/en\/wp-json\/wp\/v2\/noticia"}],"about":[{"href":"https:\/\/www.grupoacocearense.com.br\/en\/wp-json\/wp\/v2\/types\/noticia"}],"wp:featuredmedia":[{"embeddable":true,"href":"https:\/\/www.grupoacocearense.com.br\/en\/wp-json\/wp\/v2\/media\/22795"}],"wp:attachment":[{"href":"https:\/\/www.grupoacocearense.com.br\/en\/wp-json\/wp\/v2\/media?parent=22794"}],"wp:term":[{"taxonomy":"categoria-noticia","embeddable":true,"href":"https:\/\/www.grupoacocearense.com.br\/en\/wp-json\/wp\/v2\/categoria-noticia?post=22794"}],"curies":[{"name":"wp","href":"https:\/\/api.w.org\/{rel}","templated":true}]}}