{"id":22787,"date":"2026-02-10T11:08:21","date_gmt":"2026-02-10T14:08:21","guid":{"rendered":"https:\/\/www.grupoacocearense.com.br\/?post_type=noticia&#038;p=22787"},"modified":"2026-02-10T11:08:21","modified_gmt":"2026-02-10T14:08:21","slug":"corrida-da-construcao-quando-a-cidade-chama-a-gente-corre","status":"publish","type":"noticia","link":"https:\/\/www.grupoacocearense.com.br\/en\/noticia\/corrida-da-construcao-quando-a-cidade-chama-a-gente-corre\/","title":{"rendered":"Construction Race: When the city calls, we run."},"content":{"rendered":"<p>Fortaleza never stops\u2026And neither do those who build the city&#039;s movement! It is with this spirit that the event takes place. <strong>1st Construction Race of Fortaleza<\/strong>, an event that unites sport, industry and a celebration of those who help build the city and its future every day.<\/p>\n<p>The race will be held on the day <strong>April 26<\/strong>, Bringing together people who share the same rhythm: that of those who believe in work, development, and collective strength to build a stronger city.<\/p>\n<p>Conceived and organized by <strong>Cear\u00e1 Steel<\/strong> and by <strong>SINOBRAS<\/strong>, The Construction Run was created as an invitation to movement, health, and appreciation of the construction industry, a sector essential for the development of the city and society.<\/p>\n<p>With routes of <strong>2km, 5km and 10km<\/strong>, The Construction Run was designed for all levels, from those who are just starting to run to those who already have running as part of their routine. An open invitation to celebrate movement, health, and the transformative role of the construction industry.<\/p>\n<p>More than just a sporting event, the Construction Race is an encounter with the future. A moment to recognize those who build Fortaleza with work, dedication, and purpose.<\/p>\n<p><strong>When the city calls, we run:<\/strong> <em>Together, in step, building tomorrow!<\/em><\/p>\n<p>More information coming soon.<\/p>","protected":false},"featured_media":22788,"template":"","meta":{"_acf_changed":false,"inline_featured_image":false},"categoria-noticia":[],"class_list":["post-22787","noticia","type-noticia","status-publish","has-post-thumbnail","hentry"],"acf":{"link":""},"yoast_head":"<!-- This site is optimized with the Yoast SEO plugin v27.4 - https:\/\/yoast.com\/product\/yoast-seo-wordpress\/ -->\n<title>Corrida da Constru\u00e7\u00e3o: Quando a cidade chama, a gente corre - Grupo A\u00e7o Cearense<\/title>\n<meta name=\"description\" content=\"A Corrida da Constru\u00e7\u00e3o chega a Fortaleza no dia 26 de abril, organizada por A\u00e7o Cearense e SINOBRAS, celebrando quem constr\u00f3i a cidade.\" \/>\n<meta name=\"robots\" content=\"index, follow, max-snippet:-1, max-image-preview:large, max-video-preview:-1\" \/>\n<link rel=\"canonical\" href=\"https:\/\/www.grupoacocearense.com.br\/en\/noticia\/corrida-da-construcao-quando-a-cidade-chama-a-gente-corre\/\" \/>\n<meta property=\"og:locale\" content=\"en_US\" \/>\n<meta property=\"og:type\" content=\"article\" \/>\n<meta property=\"og:title\" content=\"Corrida da Constru\u00e7\u00e3o: Quando a cidade chama, a gente corre - Grupo A\u00e7o Cearense\" \/>\n<meta property=\"og:description\" content=\"A Corrida da Constru\u00e7\u00e3o chega a Fortaleza no dia 26 de abril, organizada por A\u00e7o Cearense e SINOBRAS, celebrando quem constr\u00f3i a cidade.\" \/>\n<meta property=\"og:url\" content=\"https:\/\/www.grupoacocearense.com.br\/en\/noticia\/corrida-da-construcao-quando-a-cidade-chama-a-gente-corre\/\" \/>\n<meta property=\"og:site_name\" content=\"Grupo A\u00e7o Cearense\" \/>\n<meta property=\"og:image\" content=\"https:\/\/www.grupoacocearense.com.br\/wp-content\/uploads\/2026\/02\/post-corrida3-1-819x1024.png\" \/>\n\t<meta property=\"og:image:width\" content=\"819\" \/>\n\t<meta property=\"og:image:height\" content=\"1024\" \/>\n\t<meta property=\"og:image:type\" content=\"image\/png\" \/>\n<meta name=\"twitter:card\" content=\"summary_large_image\" \/>\n<meta name=\"twitter:label1\" content=\"Est. reading time\" \/>\n\t<meta name=\"twitter:data1\" content=\"2 minutes\" \/>\n<script type=\"application\/ld+json\" class=\"yoast-schema-graph\">{\"@context\":\"https:\\\/\\\/schema.org\",\"@graph\":[{\"@type\":\"WebPage\",\"@id\":\"https:\\\/\\\/www.grupoacocearense.com.br\\\/noticia\\\/corrida-da-construcao-quando-a-cidade-chama-a-gente-corre\\\/\",\"url\":\"https:\\\/\\\/www.grupoacocearense.com.br\\\/noticia\\\/corrida-da-construcao-quando-a-cidade-chama-a-gente-corre\\\/\",\"name\":\"Corrida da Constru\u00e7\u00e3o: Quando a cidade chama, a gente corre - Grupo A\u00e7o Cearense\",\"isPartOf\":{\"@id\":\"https:\\\/\\\/previews.elleven.digital\\\/acocearense\\\/#website\"},\"primaryImageOfPage\":{\"@id\":\"https:\\\/\\\/www.grupoacocearense.com.br\\\/noticia\\\/corrida-da-construcao-quando-a-cidade-chama-a-gente-corre\\\/#primaryimage\"},\"image\":{\"@id\":\"https:\\\/\\\/www.grupoacocearense.com.br\\\/noticia\\\/corrida-da-construcao-quando-a-cidade-chama-a-gente-corre\\\/#primaryimage\"},\"thumbnailUrl\":\"https:\\\/\\\/www.grupoacocearense.com.br\\\/wp-content\\\/uploads\\\/2026\\\/02\\\/post-corrida3-1.png\",\"datePublished\":\"2026-02-10T14:08:21+00:00\",\"description\":\"A Corrida da Constru\u00e7\u00e3o chega a Fortaleza no dia 26 de abril, organizada por A\u00e7o Cearense e SINOBRAS, celebrando quem constr\u00f3i a cidade.\",\"breadcrumb\":{\"@id\":\"https:\\\/\\\/www.grupoacocearense.com.br\\\/noticia\\\/corrida-da-construcao-quando-a-cidade-chama-a-gente-corre\\\/#breadcrumb\"},\"inLanguage\":\"en-US\",\"potentialAction\":[{\"@type\":\"ReadAction\",\"target\":[\"https:\\\/\\\/www.grupoacocearense.com.br\\\/noticia\\\/corrida-da-construcao-quando-a-cidade-chama-a-gente-corre\\\/\"]}]},{\"@type\":\"ImageObject\",\"inLanguage\":\"en-US\",\"@id\":\"https:\\\/\\\/www.grupoacocearense.com.br\\\/noticia\\\/corrida-da-construcao-quando-a-cidade-chama-a-gente-corre\\\/#primaryimage\",\"url\":\"https:\\\/\\\/www.grupoacocearense.com.br\\\/wp-content\\\/uploads\\\/2026\\\/02\\\/post-corrida3-1.png\",\"contentUrl\":\"https:\\\/\\\/www.grupoacocearense.com.br\\\/wp-content\\\/uploads\\\/2026\\\/02\\\/post-corrida3-1.png\",\"width\":1080,\"height\":1350},{\"@type\":\"BreadcrumbList\",\"@id\":\"https:\\\/\\\/www.grupoacocearense.com.br\\\/noticia\\\/corrida-da-construcao-quando-a-cidade-chama-a-gente-corre\\\/#breadcrumb\",\"itemListElement\":[{\"@type\":\"ListItem\",\"position\":1,\"name\":\"In\u00edcio\",\"item\":\"https:\\\/\\\/www.grupoacocearense.com.br\\\/\"},{\"@type\":\"ListItem\",\"position\":2,\"name\":\"Not\u00edcias\",\"item\":\"https:\\\/\\\/previews.elleven.digital\\\/acocearense\\\/noticias\\\/\"},{\"@type\":\"ListItem\",\"position\":3,\"name\":\"Corrida da Constru\u00e7\u00e3o: Quando a cidade chama, a gente corre\"}]},{\"@type\":\"WebSite\",\"@id\":\"https:\\\/\\\/previews.elleven.digital\\\/acocearense\\\/#website\",\"url\":\"https:\\\/\\\/previews.elleven.digital\\\/acocearense\\\/\",\"name\":\"A\u00e7o Cearense\",\"description\":\"H\u00e1 mais de 45 anos no mercado brasileiro do a\u00e7o.\",\"alternateName\":\"A\u00e7o Cearense\",\"potentialAction\":[{\"@type\":\"SearchAction\",\"target\":{\"@type\":\"EntryPoint\",\"urlTemplate\":\"https:\\\/\\\/previews.elleven.digital\\\/acocearense\\\/?s={search_term_string}\"},\"query-input\":{\"@type\":\"PropertyValueSpecification\",\"valueRequired\":true,\"valueName\":\"search_term_string\"}}],\"inLanguage\":\"en-US\"}]}<\/script>\n<!-- \/ Yoast SEO plugin. -->","yoast_head_json":{"title":"Corrida da Constru\u00e7\u00e3o: Quando a cidade chama, a gente corre - Grupo A\u00e7o Cearense","description":"A Corrida da Constru\u00e7\u00e3o chega a Fortaleza no dia 26 de abril, organizada por A\u00e7o Cearense e SINOBRAS, celebrando quem constr\u00f3i a cidade.","robots":{"index":"index","follow":"follow","max-snippet":"max-snippet:-1","max-image-preview":"max-image-preview:large","max-video-preview":"max-video-preview:-1"},"canonical":"https:\/\/www.grupoacocearense.com.br\/en\/noticia\/corrida-da-construcao-quando-a-cidade-chama-a-gente-corre\/","og_locale":"en_US","og_type":"article","og_title":"Corrida da Constru\u00e7\u00e3o: Quando a cidade chama, a gente corre - Grupo A\u00e7o Cearense","og_description":"A Corrida da Constru\u00e7\u00e3o chega a Fortaleza no dia 26 de abril, organizada por A\u00e7o Cearense e SINOBRAS, celebrando quem constr\u00f3i a cidade.","og_url":"https:\/\/www.grupoacocearense.com.br\/en\/noticia\/corrida-da-construcao-quando-a-cidade-chama-a-gente-corre\/","og_site_name":"Grupo A\u00e7o Cearense","og_image":[{"width":819,"height":1024,"url":"https:\/\/www.grupoacocearense.com.br\/wp-content\/uploads\/2026\/02\/post-corrida3-1-819x1024.png","type":"image\/png"}],"twitter_card":"summary_large_image","twitter_misc":{"Est. reading time":"2 minutes"},"schema":{"@context":"https:\/\/schema.org","@graph":[{"@type":"WebPage","@id":"https:\/\/www.grupoacocearense.com.br\/noticia\/corrida-da-construcao-quando-a-cidade-chama-a-gente-corre\/","url":"https:\/\/www.grupoacocearense.com.br\/noticia\/corrida-da-construcao-quando-a-cidade-chama-a-gente-corre\/","name":"Corrida da Constru\u00e7\u00e3o: Quando a cidade chama, a gente corre - Grupo A\u00e7o Cearense","isPartOf":{"@id":"https:\/\/previews.elleven.digital\/acocearense\/#website"},"primaryImageOfPage":{"@id":"https:\/\/www.grupoacocearense.com.br\/noticia\/corrida-da-construcao-quando-a-cidade-chama-a-gente-corre\/#primaryimage"},"image":{"@id":"https:\/\/www.grupoacocearense.com.br\/noticia\/corrida-da-construcao-quando-a-cidade-chama-a-gente-corre\/#primaryimage"},"thumbnailUrl":"https:\/\/www.grupoacocearense.com.br\/wp-content\/uploads\/2026\/02\/post-corrida3-1.png","datePublished":"2026-02-10T14:08:21+00:00","description":"A Corrida da Constru\u00e7\u00e3o chega a Fortaleza no dia 26 de abril, organizada por A\u00e7o Cearense e SINOBRAS, celebrando quem constr\u00f3i a cidade.","breadcrumb":{"@id":"https:\/\/www.grupoacocearense.com.br\/noticia\/corrida-da-construcao-quando-a-cidade-chama-a-gente-corre\/#breadcrumb"},"inLanguage":"en-US","potentialAction":[{"@type":"ReadAction","target":["https:\/\/www.grupoacocearense.com.br\/noticia\/corrida-da-construcao-quando-a-cidade-chama-a-gente-corre\/"]}]},{"@type":"ImageObject","inLanguage":"en-US","@id":"https:\/\/www.grupoacocearense.com.br\/noticia\/corrida-da-construcao-quando-a-cidade-chama-a-gente-corre\/#primaryimage","url":"https:\/\/www.grupoacocearense.com.br\/wp-content\/uploads\/2026\/02\/post-corrida3-1.png","contentUrl":"https:\/\/www.grupoacocearense.com.br\/wp-content\/uploads\/2026\/02\/post-corrida3-1.png","width":1080,"height":1350},{"@type":"BreadcrumbList","@id":"https:\/\/www.grupoacocearense.com.br\/noticia\/corrida-da-construcao-quando-a-cidade-chama-a-gente-corre\/#breadcrumb","itemListElement":[{"@type":"ListItem","position":1,"name":"In\u00edcio","item":"https:\/\/www.grupoacocearense.com.br\/"},{"@type":"ListItem","position":2,"name":"Not\u00edcias","item":"https:\/\/previews.elleven.digital\/acocearense\/noticias\/"},{"@type":"ListItem","position":3,"name":"Corrida da Constru\u00e7\u00e3o: Quando a cidade chama, a gente corre"}]},{"@type":"WebSite","@id":"https:\/\/previews.elleven.digital\/acocearense\/#website","url":"https:\/\/previews.elleven.digital\/acocearense\/","name":"Cear\u00e1 Steel","description":"In the Brazilian steel market for over 45 years.","alternateName":"A\u00e7o Cearense","potentialAction":[{"@type":"SearchAction","target":{"@type":"EntryPoint","urlTemplate":"https:\/\/previews.elleven.digital\/acocearense\/?s={search_term_string}"},"query-input":{"@type":"PropertyValueSpecification","valueRequired":true,"valueName":"search_term_string"}}],"inLanguage":"en-US"}]}},"_links":{"self":[{"href":"https:\/\/www.grupoacocearense.com.br\/en\/wp-json\/wp\/v2\/noticia\/22787","targetHints":{"allow":["GET"]}}],"collection":[{"href":"https:\/\/www.grupoacocearense.com.br\/en\/wp-json\/wp\/v2\/noticia"}],"about":[{"href":"https:\/\/www.grupoacocearense.com.br\/en\/wp-json\/wp\/v2\/types\/noticia"}],"wp:featuredmedia":[{"embeddable":true,"href":"https:\/\/www.grupoacocearense.com.br\/en\/wp-json\/wp\/v2\/media\/22788"}],"wp:attachment":[{"href":"https:\/\/www.grupoacocearense.com.br\/en\/wp-json\/wp\/v2\/media?parent=22787"}],"wp:term":[{"taxonomy":"categoria-noticia","embeddable":true,"href":"https:\/\/www.grupoacocearense.com.br\/en\/wp-json\/wp\/v2\/categoria-noticia?post=22787"}],"curies":[{"name":"wp","href":"https:\/\/api.w.org\/{rel}","templated":true}]}}