{"id":22783,"date":"2026-02-04T12:16:34","date_gmt":"2026-02-04T15:16:34","guid":{"rendered":"https:\/\/www.grupoacocearense.com.br\/?post_type=noticia&#038;p=22783"},"modified":"2026-02-04T12:16:34","modified_gmt":"2026-02-04T15:16:34","slug":"aco-cearense-confirma-presenca-na-feira-da-industria-fiec-2026","status":"publish","type":"noticia","link":"https:\/\/www.grupoacocearense.com.br\/en\/noticia\/aco-cearense-confirma-presenca-na-feira-da-industria-fiec-2026\/","title":{"rendered":"A\u00e7o Cearense confirms its presence at the FIEC 2026 Industry Fair."},"content":{"rendered":"<p>The steel industry transforms, connects, and shapes the future, and it is with this purpose that... <strong>Cear\u00e1 Steel<\/strong> confirms its participation in <strong>Industry Fair 2026 \u2013 FIEC<\/strong>, one of the main meetings of the productive sector in the Northeast.<\/p>\n<p>The event takes place on the days <strong>March 9 and 10, 2026,<\/strong> node <strong>Cear\u00e1 Events Center<\/strong>, Bringing together companies, leaders, and society to highlight the strategic role of industry in the economic and social development of the state and the country, the fair reinforces how industry is present in people&#039;s daily lives, driving solutions, innovation, and progress at every stage of the production chain.<\/p>\n<p>For A\u00e7o Cearense, being at the Industry Fair is a reaffirmation of a commitment that is part of its essence: <strong>To strengthen the industry, generate opportunities, and build, with steel, a more solid and prosperous tomorrow.<\/strong>. The meeting will be an opportunity for dialogue with the market, closer ties with the community, and an exchange of experiences regarding the challenges and paths for the future of the sector.<\/p>\n<p>The expectation is that the event will receive thousands of visitors, consolidating itself as a space for connection between companies, innovation, and development. For A\u00e7o Cearense, participating in this movement means continuing to connect people, ideas, and projects that build the future of Cear\u00e1 and Brazil.<\/p>\n<p>&nbsp;<\/p>","protected":false},"featured_media":22784,"template":"","meta":{"_acf_changed":false,"inline_featured_image":false},"categoria-noticia":[],"class_list":["post-22783","noticia","type-noticia","status-publish","has-post-thumbnail","hentry"],"acf":{"link":""},"yoast_head":"<!-- This site is optimized with the Yoast SEO plugin v27.4 - https:\/\/yoast.com\/product\/yoast-seo-wordpress\/ -->\n<title>A\u00e7o Cearense confirma presen\u00e7a na Feira da Ind\u00fastria FIEC 2026 - Grupo A\u00e7o Cearense<\/title>\n<meta name=\"description\" content=\"A A\u00e7o Cearense estar\u00e1 presente na Feira da Ind\u00fastria FIEC 2026, refor\u00e7ando seu compromisso com o desenvolvimento do Cear\u00e1.\" \/>\n<meta name=\"robots\" content=\"index, follow, max-snippet:-1, max-image-preview:large, max-video-preview:-1\" \/>\n<link rel=\"canonical\" href=\"https:\/\/www.grupoacocearense.com.br\/en\/noticia\/aco-cearense-confirma-presenca-na-feira-da-industria-fiec-2026\/\" \/>\n<meta property=\"og:locale\" content=\"en_US\" \/>\n<meta property=\"og:type\" content=\"article\" \/>\n<meta property=\"og:title\" content=\"A\u00e7o Cearense confirma presen\u00e7a na Feira da Ind\u00fastria FIEC 2026 - Grupo A\u00e7o Cearense\" \/>\n<meta property=\"og:description\" content=\"A A\u00e7o Cearense estar\u00e1 presente na Feira da Ind\u00fastria FIEC 2026, refor\u00e7ando seu compromisso com o desenvolvimento do Cear\u00e1.\" \/>\n<meta property=\"og:url\" content=\"https:\/\/www.grupoacocearense.com.br\/en\/noticia\/aco-cearense-confirma-presenca-na-feira-da-industria-fiec-2026\/\" \/>\n<meta property=\"og:site_name\" content=\"Grupo A\u00e7o Cearense\" \/>\n<meta property=\"og:image\" content=\"https:\/\/www.grupoacocearense.com.br\/wp-content\/uploads\/2026\/02\/Banner-Feira-da-Industria-FIEC.png\" \/>\n\t<meta property=\"og:image:width\" content=\"800\" \/>\n\t<meta property=\"og:image:height\" content=\"400\" \/>\n\t<meta property=\"og:image:type\" content=\"image\/png\" \/>\n<meta name=\"twitter:card\" content=\"summary_large_image\" \/>\n<meta name=\"twitter:label1\" content=\"Est. reading time\" \/>\n\t<meta name=\"twitter:data1\" content=\"2 minutes\" \/>\n<script type=\"application\/ld+json\" class=\"yoast-schema-graph\">{\"@context\":\"https:\\\/\\\/schema.org\",\"@graph\":[{\"@type\":\"WebPage\",\"@id\":\"https:\\\/\\\/www.grupoacocearense.com.br\\\/noticia\\\/aco-cearense-confirma-presenca-na-feira-da-industria-fiec-2026\\\/\",\"url\":\"https:\\\/\\\/www.grupoacocearense.com.br\\\/noticia\\\/aco-cearense-confirma-presenca-na-feira-da-industria-fiec-2026\\\/\",\"name\":\"A\u00e7o Cearense confirma presen\u00e7a na Feira da Ind\u00fastria FIEC 2026 - Grupo A\u00e7o Cearense\",\"isPartOf\":{\"@id\":\"https:\\\/\\\/previews.elleven.digital\\\/acocearense\\\/#website\"},\"primaryImageOfPage\":{\"@id\":\"https:\\\/\\\/www.grupoacocearense.com.br\\\/noticia\\\/aco-cearense-confirma-presenca-na-feira-da-industria-fiec-2026\\\/#primaryimage\"},\"image\":{\"@id\":\"https:\\\/\\\/www.grupoacocearense.com.br\\\/noticia\\\/aco-cearense-confirma-presenca-na-feira-da-industria-fiec-2026\\\/#primaryimage\"},\"thumbnailUrl\":\"https:\\\/\\\/www.grupoacocearense.com.br\\\/wp-content\\\/uploads\\\/2026\\\/02\\\/Banner-Feira-da-Industria-FIEC.png\",\"datePublished\":\"2026-02-04T15:16:34+00:00\",\"description\":\"A A\u00e7o Cearense estar\u00e1 presente na Feira da Ind\u00fastria FIEC 2026, refor\u00e7ando seu compromisso com o desenvolvimento do Cear\u00e1.\",\"breadcrumb\":{\"@id\":\"https:\\\/\\\/www.grupoacocearense.com.br\\\/noticia\\\/aco-cearense-confirma-presenca-na-feira-da-industria-fiec-2026\\\/#breadcrumb\"},\"inLanguage\":\"en-US\",\"potentialAction\":[{\"@type\":\"ReadAction\",\"target\":[\"https:\\\/\\\/www.grupoacocearense.com.br\\\/noticia\\\/aco-cearense-confirma-presenca-na-feira-da-industria-fiec-2026\\\/\"]}]},{\"@type\":\"ImageObject\",\"inLanguage\":\"en-US\",\"@id\":\"https:\\\/\\\/www.grupoacocearense.com.br\\\/noticia\\\/aco-cearense-confirma-presenca-na-feira-da-industria-fiec-2026\\\/#primaryimage\",\"url\":\"https:\\\/\\\/www.grupoacocearense.com.br\\\/wp-content\\\/uploads\\\/2026\\\/02\\\/Banner-Feira-da-Industria-FIEC.png\",\"contentUrl\":\"https:\\\/\\\/www.grupoacocearense.com.br\\\/wp-content\\\/uploads\\\/2026\\\/02\\\/Banner-Feira-da-Industria-FIEC.png\",\"width\":800,\"height\":400},{\"@type\":\"BreadcrumbList\",\"@id\":\"https:\\\/\\\/www.grupoacocearense.com.br\\\/noticia\\\/aco-cearense-confirma-presenca-na-feira-da-industria-fiec-2026\\\/#breadcrumb\",\"itemListElement\":[{\"@type\":\"ListItem\",\"position\":1,\"name\":\"In\u00edcio\",\"item\":\"https:\\\/\\\/www.grupoacocearense.com.br\\\/\"},{\"@type\":\"ListItem\",\"position\":2,\"name\":\"Not\u00edcias\",\"item\":\"https:\\\/\\\/previews.elleven.digital\\\/acocearense\\\/noticias\\\/\"},{\"@type\":\"ListItem\",\"position\":3,\"name\":\"A\u00e7o Cearense confirma presen\u00e7a na Feira da Ind\u00fastria FIEC 2026\"}]},{\"@type\":\"WebSite\",\"@id\":\"https:\\\/\\\/previews.elleven.digital\\\/acocearense\\\/#website\",\"url\":\"https:\\\/\\\/previews.elleven.digital\\\/acocearense\\\/\",\"name\":\"A\u00e7o Cearense\",\"description\":\"H\u00e1 mais de 45 anos no mercado brasileiro do a\u00e7o.\",\"alternateName\":\"A\u00e7o Cearense\",\"potentialAction\":[{\"@type\":\"SearchAction\",\"target\":{\"@type\":\"EntryPoint\",\"urlTemplate\":\"https:\\\/\\\/previews.elleven.digital\\\/acocearense\\\/?s={search_term_string}\"},\"query-input\":{\"@type\":\"PropertyValueSpecification\",\"valueRequired\":true,\"valueName\":\"search_term_string\"}}],\"inLanguage\":\"en-US\"}]}<\/script>\n<!-- \/ Yoast SEO plugin. -->","yoast_head_json":{"title":"A\u00e7o Cearense confirma presen\u00e7a na Feira da Ind\u00fastria FIEC 2026 - Grupo A\u00e7o Cearense","description":"A A\u00e7o Cearense estar\u00e1 presente na Feira da Ind\u00fastria FIEC 2026, refor\u00e7ando seu compromisso com o desenvolvimento do Cear\u00e1.","robots":{"index":"index","follow":"follow","max-snippet":"max-snippet:-1","max-image-preview":"max-image-preview:large","max-video-preview":"max-video-preview:-1"},"canonical":"https:\/\/www.grupoacocearense.com.br\/en\/noticia\/aco-cearense-confirma-presenca-na-feira-da-industria-fiec-2026\/","og_locale":"en_US","og_type":"article","og_title":"A\u00e7o Cearense confirma presen\u00e7a na Feira da Ind\u00fastria FIEC 2026 - Grupo A\u00e7o Cearense","og_description":"A A\u00e7o Cearense estar\u00e1 presente na Feira da Ind\u00fastria FIEC 2026, refor\u00e7ando seu compromisso com o desenvolvimento do Cear\u00e1.","og_url":"https:\/\/www.grupoacocearense.com.br\/en\/noticia\/aco-cearense-confirma-presenca-na-feira-da-industria-fiec-2026\/","og_site_name":"Grupo A\u00e7o Cearense","og_image":[{"width":800,"height":400,"url":"https:\/\/www.grupoacocearense.com.br\/wp-content\/uploads\/2026\/02\/Banner-Feira-da-Industria-FIEC.png","type":"image\/png"}],"twitter_card":"summary_large_image","twitter_misc":{"Est. reading time":"2 minutes"},"schema":{"@context":"https:\/\/schema.org","@graph":[{"@type":"WebPage","@id":"https:\/\/www.grupoacocearense.com.br\/noticia\/aco-cearense-confirma-presenca-na-feira-da-industria-fiec-2026\/","url":"https:\/\/www.grupoacocearense.com.br\/noticia\/aco-cearense-confirma-presenca-na-feira-da-industria-fiec-2026\/","name":"A\u00e7o Cearense confirma presen\u00e7a na Feira da Ind\u00fastria FIEC 2026 - Grupo A\u00e7o Cearense","isPartOf":{"@id":"https:\/\/previews.elleven.digital\/acocearense\/#website"},"primaryImageOfPage":{"@id":"https:\/\/www.grupoacocearense.com.br\/noticia\/aco-cearense-confirma-presenca-na-feira-da-industria-fiec-2026\/#primaryimage"},"image":{"@id":"https:\/\/www.grupoacocearense.com.br\/noticia\/aco-cearense-confirma-presenca-na-feira-da-industria-fiec-2026\/#primaryimage"},"thumbnailUrl":"https:\/\/www.grupoacocearense.com.br\/wp-content\/uploads\/2026\/02\/Banner-Feira-da-Industria-FIEC.png","datePublished":"2026-02-04T15:16:34+00:00","description":"A A\u00e7o Cearense estar\u00e1 presente na Feira da Ind\u00fastria FIEC 2026, refor\u00e7ando seu compromisso com o desenvolvimento do Cear\u00e1.","breadcrumb":{"@id":"https:\/\/www.grupoacocearense.com.br\/noticia\/aco-cearense-confirma-presenca-na-feira-da-industria-fiec-2026\/#breadcrumb"},"inLanguage":"en-US","potentialAction":[{"@type":"ReadAction","target":["https:\/\/www.grupoacocearense.com.br\/noticia\/aco-cearense-confirma-presenca-na-feira-da-industria-fiec-2026\/"]}]},{"@type":"ImageObject","inLanguage":"en-US","@id":"https:\/\/www.grupoacocearense.com.br\/noticia\/aco-cearense-confirma-presenca-na-feira-da-industria-fiec-2026\/#primaryimage","url":"https:\/\/www.grupoacocearense.com.br\/wp-content\/uploads\/2026\/02\/Banner-Feira-da-Industria-FIEC.png","contentUrl":"https:\/\/www.grupoacocearense.com.br\/wp-content\/uploads\/2026\/02\/Banner-Feira-da-Industria-FIEC.png","width":800,"height":400},{"@type":"BreadcrumbList","@id":"https:\/\/www.grupoacocearense.com.br\/noticia\/aco-cearense-confirma-presenca-na-feira-da-industria-fiec-2026\/#breadcrumb","itemListElement":[{"@type":"ListItem","position":1,"name":"In\u00edcio","item":"https:\/\/www.grupoacocearense.com.br\/"},{"@type":"ListItem","position":2,"name":"Not\u00edcias","item":"https:\/\/previews.elleven.digital\/acocearense\/noticias\/"},{"@type":"ListItem","position":3,"name":"A\u00e7o Cearense confirma presen\u00e7a na Feira da Ind\u00fastria FIEC 2026"}]},{"@type":"WebSite","@id":"https:\/\/previews.elleven.digital\/acocearense\/#website","url":"https:\/\/previews.elleven.digital\/acocearense\/","name":"Cear\u00e1 Steel","description":"In the Brazilian steel market for over 45 years.","alternateName":"A\u00e7o Cearense","potentialAction":[{"@type":"SearchAction","target":{"@type":"EntryPoint","urlTemplate":"https:\/\/previews.elleven.digital\/acocearense\/?s={search_term_string}"},"query-input":{"@type":"PropertyValueSpecification","valueRequired":true,"valueName":"search_term_string"}}],"inLanguage":"en-US"}]}},"_links":{"self":[{"href":"https:\/\/www.grupoacocearense.com.br\/en\/wp-json\/wp\/v2\/noticia\/22783","targetHints":{"allow":["GET"]}}],"collection":[{"href":"https:\/\/www.grupoacocearense.com.br\/en\/wp-json\/wp\/v2\/noticia"}],"about":[{"href":"https:\/\/www.grupoacocearense.com.br\/en\/wp-json\/wp\/v2\/types\/noticia"}],"wp:featuredmedia":[{"embeddable":true,"href":"https:\/\/www.grupoacocearense.com.br\/en\/wp-json\/wp\/v2\/media\/22784"}],"wp:attachment":[{"href":"https:\/\/www.grupoacocearense.com.br\/en\/wp-json\/wp\/v2\/media?parent=22783"}],"wp:term":[{"taxonomy":"categoria-noticia","embeddable":true,"href":"https:\/\/www.grupoacocearense.com.br\/en\/wp-json\/wp\/v2\/categoria-noticia?post=22783"}],"curies":[{"name":"wp","href":"https:\/\/api.w.org\/{rel}","templated":true}]}}