{"id":22688,"date":"2025-12-11T14:32:48","date_gmt":"2025-12-11T17:32:48","guid":{"rendered":"https:\/\/www.grupoacocearense.com.br\/?post_type=noticia&#038;p=22688"},"modified":"2025-12-11T14:33:47","modified_gmt":"2025-12-11T17:33:47","slug":"expolog-2025-conexoes-futuro-e-presenca-ativa-da-aco-cearense-no-evento","status":"publish","type":"noticia","link":"https:\/\/www.grupoacocearense.com.br\/en\/noticia\/expolog-2025-conexoes-futuro-e-presenca-ativa-da-aco-cearense-no-evento\/","title":{"rendered":"Expolog 2025: Connections, future and active presence of A\u00e7o Cearense at the event"},"content":{"rendered":"<p><strong>Wherever there is innovation and building the future, A\u00e7o Cearense is present.<\/strong><\/p>\n<p>Expolog 2025, held in Fortaleza, once again brought together companies, experts, and leaders who drive the logistics sector in Brazil, reinforcing the event&#039;s importance for the entire production chain.<\/p>\n<p>During the two-day event, A\u00e7o Cearense was present at the AECIPP stand, a space that became a meeting point for strategic discussions, networking, and the presentation of solutions that drive the development of the Pec\u00e9m Industrial and Port Complex. These interactions strengthened relationships with partners, entities, and industry representatives, expanding opportunities for regional collaboration.<\/p>\n<p>The company&#039;s participation gained even more prominence with the Logistics Manager, \u00cdkaro Gabriel, being invited to join the panel &quot;Foreign Trade and Logistics&quot;. In his presentation, \u00cdkaro shared A\u00e7o Cearense&#039;s perspective on operations, challenges, and trends in the sector, contributing to a debate that reinforces the importance of competitiveness, logistical efficiency, and innovation for the advancement of the industry.<\/p>\n<p>With an active presence at the event, A\u00e7o Cearense reaffirms its commitment to continue connecting experiences, creating bonds, and strengthening the future we build together with our people, with purpose, attitude, and a vision for tomorrow.<\/p>","protected":false},"featured_media":22692,"template":"","meta":{"_acf_changed":false,"inline_featured_image":false},"categoria-noticia":[],"class_list":["post-22688","noticia","type-noticia","status-publish","has-post-thumbnail","hentry"],"acf":{"link":""},"yoast_head":"<!-- This site is optimized with the Yoast SEO plugin v27.4 - https:\/\/yoast.com\/product\/yoast-seo-wordpress\/ -->\n<title>Expolog 2025: Conex\u00f5es, futuro e presen\u00e7a ativa da A\u00e7o Cearense<\/title>\n<meta name=\"description\" content=\"A\u00e7o Cearense marca presen\u00e7a na Expolog 2025, fortalece conex\u00f5es e destaca atua\u00e7\u00e3o em log\u00edstica e com\u00e9rcio exterior.\" \/>\n<meta name=\"robots\" content=\"index, follow, max-snippet:-1, max-image-preview:large, max-video-preview:-1\" \/>\n<link rel=\"canonical\" href=\"https:\/\/www.grupoacocearense.com.br\/en\/noticia\/expolog-2025-conexoes-futuro-e-presenca-ativa-da-aco-cearense-no-evento\/\" \/>\n<meta property=\"og:locale\" content=\"en_US\" \/>\n<meta property=\"og:type\" content=\"article\" \/>\n<meta property=\"og:title\" content=\"Expolog 2025: Conex\u00f5es, futuro e presen\u00e7a ativa da A\u00e7o Cearense\" \/>\n<meta property=\"og:description\" content=\"A\u00e7o Cearense marca presen\u00e7a na Expolog 2025, fortalece conex\u00f5es e destaca atua\u00e7\u00e3o em log\u00edstica e com\u00e9rcio exterior.\" \/>\n<meta property=\"og:url\" content=\"https:\/\/www.grupoacocearense.com.br\/en\/noticia\/expolog-2025-conexoes-futuro-e-presenca-ativa-da-aco-cearense-no-evento\/\" \/>\n<meta property=\"og:site_name\" content=\"Grupo A\u00e7o Cearense\" \/>\n<meta property=\"article:modified_time\" content=\"2025-12-11T17:33:47+00:00\" \/>\n<meta property=\"og:image\" content=\"https:\/\/www.grupoacocearense.com.br\/wp-content\/uploads\/2025\/12\/expo-na-aco-1-819x1024.png\" \/>\n\t<meta property=\"og:image:width\" content=\"819\" \/>\n\t<meta property=\"og:image:height\" content=\"1024\" \/>\n\t<meta property=\"og:image:type\" content=\"image\/png\" \/>\n<meta name=\"twitter:card\" content=\"summary_large_image\" \/>\n<meta name=\"twitter:label1\" content=\"Est. reading time\" \/>\n\t<meta name=\"twitter:data1\" content=\"2 minutes\" \/>\n<script type=\"application\/ld+json\" class=\"yoast-schema-graph\">{\"@context\":\"https:\\\/\\\/schema.org\",\"@graph\":[{\"@type\":\"WebPage\",\"@id\":\"https:\\\/\\\/www.grupoacocearense.com.br\\\/noticia\\\/expolog-2025-conexoes-futuro-e-presenca-ativa-da-aco-cearense-no-evento\\\/\",\"url\":\"https:\\\/\\\/www.grupoacocearense.com.br\\\/noticia\\\/expolog-2025-conexoes-futuro-e-presenca-ativa-da-aco-cearense-no-evento\\\/\",\"name\":\"Expolog 2025: Conex\u00f5es, futuro e presen\u00e7a ativa da A\u00e7o Cearense\",\"isPartOf\":{\"@id\":\"https:\\\/\\\/previews.elleven.digital\\\/acocearense\\\/#website\"},\"primaryImageOfPage\":{\"@id\":\"https:\\\/\\\/www.grupoacocearense.com.br\\\/noticia\\\/expolog-2025-conexoes-futuro-e-presenca-ativa-da-aco-cearense-no-evento\\\/#primaryimage\"},\"image\":{\"@id\":\"https:\\\/\\\/www.grupoacocearense.com.br\\\/noticia\\\/expolog-2025-conexoes-futuro-e-presenca-ativa-da-aco-cearense-no-evento\\\/#primaryimage\"},\"thumbnailUrl\":\"https:\\\/\\\/www.grupoacocearense.com.br\\\/wp-content\\\/uploads\\\/2025\\\/12\\\/expo-na-aco-1.png\",\"datePublished\":\"2025-12-11T17:32:48+00:00\",\"dateModified\":\"2025-12-11T17:33:47+00:00\",\"description\":\"A\u00e7o Cearense marca presen\u00e7a na Expolog 2025, fortalece conex\u00f5es e destaca atua\u00e7\u00e3o em log\u00edstica e com\u00e9rcio exterior.\",\"breadcrumb\":{\"@id\":\"https:\\\/\\\/www.grupoacocearense.com.br\\\/noticia\\\/expolog-2025-conexoes-futuro-e-presenca-ativa-da-aco-cearense-no-evento\\\/#breadcrumb\"},\"inLanguage\":\"en-US\",\"potentialAction\":[{\"@type\":\"ReadAction\",\"target\":[\"https:\\\/\\\/www.grupoacocearense.com.br\\\/noticia\\\/expolog-2025-conexoes-futuro-e-presenca-ativa-da-aco-cearense-no-evento\\\/\"]}]},{\"@type\":\"ImageObject\",\"inLanguage\":\"en-US\",\"@id\":\"https:\\\/\\\/www.grupoacocearense.com.br\\\/noticia\\\/expolog-2025-conexoes-futuro-e-presenca-ativa-da-aco-cearense-no-evento\\\/#primaryimage\",\"url\":\"https:\\\/\\\/www.grupoacocearense.com.br\\\/wp-content\\\/uploads\\\/2025\\\/12\\\/expo-na-aco-1.png\",\"contentUrl\":\"https:\\\/\\\/www.grupoacocearense.com.br\\\/wp-content\\\/uploads\\\/2025\\\/12\\\/expo-na-aco-1.png\",\"width\":1080,\"height\":1350},{\"@type\":\"BreadcrumbList\",\"@id\":\"https:\\\/\\\/www.grupoacocearense.com.br\\\/noticia\\\/expolog-2025-conexoes-futuro-e-presenca-ativa-da-aco-cearense-no-evento\\\/#breadcrumb\",\"itemListElement\":[{\"@type\":\"ListItem\",\"position\":1,\"name\":\"In\u00edcio\",\"item\":\"https:\\\/\\\/www.grupoacocearense.com.br\\\/\"},{\"@type\":\"ListItem\",\"position\":2,\"name\":\"Not\u00edcias\",\"item\":\"https:\\\/\\\/previews.elleven.digital\\\/acocearense\\\/noticias\\\/\"},{\"@type\":\"ListItem\",\"position\":3,\"name\":\"Expolog 2025: Conex\u00f5es, futuro e presen\u00e7a ativa da A\u00e7o Cearense no evento\"}]},{\"@type\":\"WebSite\",\"@id\":\"https:\\\/\\\/previews.elleven.digital\\\/acocearense\\\/#website\",\"url\":\"https:\\\/\\\/previews.elleven.digital\\\/acocearense\\\/\",\"name\":\"A\u00e7o Cearense\",\"description\":\"H\u00e1 mais de 45 anos no mercado brasileiro do a\u00e7o.\",\"alternateName\":\"A\u00e7o Cearense\",\"potentialAction\":[{\"@type\":\"SearchAction\",\"target\":{\"@type\":\"EntryPoint\",\"urlTemplate\":\"https:\\\/\\\/previews.elleven.digital\\\/acocearense\\\/?s={search_term_string}\"},\"query-input\":{\"@type\":\"PropertyValueSpecification\",\"valueRequired\":true,\"valueName\":\"search_term_string\"}}],\"inLanguage\":\"en-US\"}]}<\/script>\n<!-- \/ Yoast SEO plugin. -->","yoast_head_json":{"title":"Expolog 2025: Conex\u00f5es, futuro e presen\u00e7a ativa da A\u00e7o Cearense","description":"A\u00e7o Cearense marca presen\u00e7a na Expolog 2025, fortalece conex\u00f5es e destaca atua\u00e7\u00e3o em log\u00edstica e com\u00e9rcio exterior.","robots":{"index":"index","follow":"follow","max-snippet":"max-snippet:-1","max-image-preview":"max-image-preview:large","max-video-preview":"max-video-preview:-1"},"canonical":"https:\/\/www.grupoacocearense.com.br\/en\/noticia\/expolog-2025-conexoes-futuro-e-presenca-ativa-da-aco-cearense-no-evento\/","og_locale":"en_US","og_type":"article","og_title":"Expolog 2025: Conex\u00f5es, futuro e presen\u00e7a ativa da A\u00e7o Cearense","og_description":"A\u00e7o Cearense marca presen\u00e7a na Expolog 2025, fortalece conex\u00f5es e destaca atua\u00e7\u00e3o em log\u00edstica e com\u00e9rcio exterior.","og_url":"https:\/\/www.grupoacocearense.com.br\/en\/noticia\/expolog-2025-conexoes-futuro-e-presenca-ativa-da-aco-cearense-no-evento\/","og_site_name":"Grupo A\u00e7o Cearense","article_modified_time":"2025-12-11T17:33:47+00:00","og_image":[{"width":819,"height":1024,"url":"https:\/\/www.grupoacocearense.com.br\/wp-content\/uploads\/2025\/12\/expo-na-aco-1-819x1024.png","type":"image\/png"}],"twitter_card":"summary_large_image","twitter_misc":{"Est. reading time":"2 minutes"},"schema":{"@context":"https:\/\/schema.org","@graph":[{"@type":"WebPage","@id":"https:\/\/www.grupoacocearense.com.br\/noticia\/expolog-2025-conexoes-futuro-e-presenca-ativa-da-aco-cearense-no-evento\/","url":"https:\/\/www.grupoacocearense.com.br\/noticia\/expolog-2025-conexoes-futuro-e-presenca-ativa-da-aco-cearense-no-evento\/","name":"Expolog 2025: Conex\u00f5es, futuro e presen\u00e7a ativa da A\u00e7o Cearense","isPartOf":{"@id":"https:\/\/previews.elleven.digital\/acocearense\/#website"},"primaryImageOfPage":{"@id":"https:\/\/www.grupoacocearense.com.br\/noticia\/expolog-2025-conexoes-futuro-e-presenca-ativa-da-aco-cearense-no-evento\/#primaryimage"},"image":{"@id":"https:\/\/www.grupoacocearense.com.br\/noticia\/expolog-2025-conexoes-futuro-e-presenca-ativa-da-aco-cearense-no-evento\/#primaryimage"},"thumbnailUrl":"https:\/\/www.grupoacocearense.com.br\/wp-content\/uploads\/2025\/12\/expo-na-aco-1.png","datePublished":"2025-12-11T17:32:48+00:00","dateModified":"2025-12-11T17:33:47+00:00","description":"A\u00e7o Cearense marca presen\u00e7a na Expolog 2025, fortalece conex\u00f5es e destaca atua\u00e7\u00e3o em log\u00edstica e com\u00e9rcio exterior.","breadcrumb":{"@id":"https:\/\/www.grupoacocearense.com.br\/noticia\/expolog-2025-conexoes-futuro-e-presenca-ativa-da-aco-cearense-no-evento\/#breadcrumb"},"inLanguage":"en-US","potentialAction":[{"@type":"ReadAction","target":["https:\/\/www.grupoacocearense.com.br\/noticia\/expolog-2025-conexoes-futuro-e-presenca-ativa-da-aco-cearense-no-evento\/"]}]},{"@type":"ImageObject","inLanguage":"en-US","@id":"https:\/\/www.grupoacocearense.com.br\/noticia\/expolog-2025-conexoes-futuro-e-presenca-ativa-da-aco-cearense-no-evento\/#primaryimage","url":"https:\/\/www.grupoacocearense.com.br\/wp-content\/uploads\/2025\/12\/expo-na-aco-1.png","contentUrl":"https:\/\/www.grupoacocearense.com.br\/wp-content\/uploads\/2025\/12\/expo-na-aco-1.png","width":1080,"height":1350},{"@type":"BreadcrumbList","@id":"https:\/\/www.grupoacocearense.com.br\/noticia\/expolog-2025-conexoes-futuro-e-presenca-ativa-da-aco-cearense-no-evento\/#breadcrumb","itemListElement":[{"@type":"ListItem","position":1,"name":"In\u00edcio","item":"https:\/\/www.grupoacocearense.com.br\/"},{"@type":"ListItem","position":2,"name":"Not\u00edcias","item":"https:\/\/previews.elleven.digital\/acocearense\/noticias\/"},{"@type":"ListItem","position":3,"name":"Expolog 2025: Conex\u00f5es, futuro e presen\u00e7a ativa da A\u00e7o Cearense no evento"}]},{"@type":"WebSite","@id":"https:\/\/previews.elleven.digital\/acocearense\/#website","url":"https:\/\/previews.elleven.digital\/acocearense\/","name":"Cear\u00e1 Steel","description":"In the Brazilian steel market for over 45 years.","alternateName":"A\u00e7o Cearense","potentialAction":[{"@type":"SearchAction","target":{"@type":"EntryPoint","urlTemplate":"https:\/\/previews.elleven.digital\/acocearense\/?s={search_term_string}"},"query-input":{"@type":"PropertyValueSpecification","valueRequired":true,"valueName":"search_term_string"}}],"inLanguage":"en-US"}]}},"_links":{"self":[{"href":"https:\/\/www.grupoacocearense.com.br\/en\/wp-json\/wp\/v2\/noticia\/22688","targetHints":{"allow":["GET"]}}],"collection":[{"href":"https:\/\/www.grupoacocearense.com.br\/en\/wp-json\/wp\/v2\/noticia"}],"about":[{"href":"https:\/\/www.grupoacocearense.com.br\/en\/wp-json\/wp\/v2\/types\/noticia"}],"wp:featuredmedia":[{"embeddable":true,"href":"https:\/\/www.grupoacocearense.com.br\/en\/wp-json\/wp\/v2\/media\/22692"}],"wp:attachment":[{"href":"https:\/\/www.grupoacocearense.com.br\/en\/wp-json\/wp\/v2\/media?parent=22688"}],"wp:term":[{"taxonomy":"categoria-noticia","embeddable":true,"href":"https:\/\/www.grupoacocearense.com.br\/en\/wp-json\/wp\/v2\/categoria-noticia?post=22688"}],"curies":[{"name":"wp","href":"https:\/\/api.w.org\/{rel}","templated":true}]}}