{"id":22665,"date":"2025-12-03T14:23:38","date_gmt":"2025-12-03T17:23:38","guid":{"rendered":"https:\/\/www.grupoacocearense.com.br\/?post_type=noticia&#038;p=22665"},"modified":"2025-12-03T14:28:51","modified_gmt":"2025-12-03T17:28:51","slug":"aco-cearense-assina-trofeu-do-premio-melhores-do-nosso-meio-2025","status":"publish","type":"noticia","link":"https:\/\/www.grupoacocearense.com.br\/en\/noticia\/aco-cearense-assina-trofeu-do-premio-melhores-do-nosso-meio-2025\/","title":{"rendered":"A\u00e7o Cearense signs trophy for the 2025 Best of Our Field Award."},"content":{"rendered":"<p>A\u00e7o Cearense was present at the 2nd edition of<strong> Best of Our Field Award 2025<\/strong>, held this Monday (1st), at La Maison Buffet, in Fortaleza. The award recognized 80 professionals who stood out in the areas of management, communication, human resources and education throughout 2025, consolidating itself as one of the main movements to value the Cear\u00e1 market.<\/p>\n<p>Presented by the journalist <strong>Lu\u00eds Esteves<\/strong>The event brought together leaders, executives, entrepreneurs, and experts who drive the development of the state. The 24 professionals who make up the Top 3 in each category received the official trophy of the evening, an exclusive piece designed by [company name]. <strong>Cear\u00e1 Steel<\/strong>, reinforcing the brand&#039;s connection with initiatives that build the future.<\/p>\n<h3>Steel that celebrates talent and inspires progress.<\/h3>\n<p><img loading=\"lazy\" decoding=\"async\" class=\"aligncenter wp-image-22669 size-large\" src=\"https:\/\/www.grupoacocearense.com.br\/wp-content\/uploads\/2025\/12\/foto-trofC3A9u-vertical-scaled-e1764782832508-1024x589.png\" alt=\"\" width=\"1024\" height=\"589\" srcset=\"https:\/\/www.grupoacocearense.com.br\/wp-content\/uploads\/2025\/12\/foto-trofC3A9u-vertical-scaled-e1764782832508-1024x589.png 1024w, https:\/\/www.grupoacocearense.com.br\/wp-content\/uploads\/2025\/12\/foto-trofC3A9u-vertical-scaled-e1764782832508-300x173.png 300w, https:\/\/www.grupoacocearense.com.br\/wp-content\/uploads\/2025\/12\/foto-trofC3A9u-vertical-scaled-e1764782832508-768x442.png 768w, https:\/\/www.grupoacocearense.com.br\/wp-content\/uploads\/2025\/12\/foto-trofC3A9u-vertical-scaled-e1764782832508-1536x883.png 1536w, https:\/\/www.grupoacocearense.com.br\/wp-content\/uploads\/2025\/12\/foto-trofC3A9u-vertical-scaled-e1764782832508-2048x1178.png 2048w, https:\/\/www.grupoacocearense.com.br\/wp-content\/uploads\/2025\/12\/foto-trofC3A9u-vertical-scaled-e1764782832508-18x10.png 18w\" sizes=\"auto, (max-width: 1024px) 100vw, 1024px\" \/><br \/>\nThe trophy, crafted entirely from stainless steel, measures approximately 25 cm in height and width, featuring a circular design with radial cutouts symbolizing expansion, progress, and positive impact. The piece boasts a brushed finish, ensuring subtle shine, strength, and sophistication\u2014attributes that reflect the very essence of the A\u00e7o Cearense Group.<\/p>\n<p>The signing of the piece reinforces the Group&#039;s commitment to strengthening the regional ecosystem and valuing the professionals who make a difference.<\/p>\n<blockquote><p>\u201c<strong>Signing the trophy for the 2025 Best of Our Field Award reinforces our commitment to valuing the regional market and celebrating talents that drive the development of Cear\u00e1. It&#039;s a way to highlight the strength of our steel industry in building stories of success and innovation.<\/strong>\u201d, he emphasizes <em>Magnum Sampaio<\/em>, Marketing Coordinator of the A\u00e7o Cearense Group.<\/p><\/blockquote>\n<h3>A night of recognition for the talent of Cear\u00e1.<\/h3>\n<p>During the ceremony, presenter Lu\u00eds Esteves highlighted the importance of the award for the local market, while representatives from Nosso Meio emphasized the impact of the recognition on strengthening the categories involved.<\/p>\n<p>The winners were selected through popular vote on the portal and by technical evaluation. <strong>Our Environment Committee<\/strong>, comprised of 30 renowned experts in the fields of business, communication, and management.<\/p>\n<h3>Check out the winners of the 2025 Best of Our Field Award.<\/h3>\n<p><strong>Marketing Professional<\/strong><br \/>\n1st \u2013 Ana Quezado (Unifor)<br \/>\n2nd \u2013 Maria Tereza Ramos (Unimed Fortaleza)<br \/>\n3rd \u2013 Tiago Caldas (Caju\u00edna S\u00e3o Geraldo)<\/p>\n<p><strong>HR Professional<\/strong><br \/>\n1st \u2013 Andr\u00e9a Nogueira (M. Dias Branco)<br \/>\n2nd \u2013 Ana Paula Falc\u00e3o (Mercadinhos S\u00e3o Luiz)<br \/>\n3rd \u2013 Emiliana Albanaz (Solar Coca-Cola)<\/p>\n<p><strong>University Professor<\/strong><br \/>\n1st \u2013 Soraya Madeira (UFC)<br \/>\n2nd \u2013 Andrea Nery (Uninassau)<br \/>\n3rd \u2013 Cl\u00e1udio Sena (Unifor)<\/p>\n<p><strong>Advertising Professional<\/strong><br \/>\n1st \u2013 Ilina Mamede (SG Propag)<br \/>\n2nd \u2013 Ludigardo Oliveira (Mulato Comunica\u00e7\u00e3o)<br \/>\n3rd \u2013 Larissa Aguiar (\u00c1gil Comunica\u00e7\u00e3o)<\/p>\n<p><strong>Consulting Professional<\/strong><br \/>\n1st \u2013 Juliana de F\u00e1tima (RioMar Fortaleza)<br \/>\n2nd \u2013 Luciana Castro (Engaja Comunica\u00e7\u00e3o)<br \/>\n3rd \u2013 Rebecca Brasil (OAB Cear\u00e1)<\/p>\n<p><strong>Company Director<\/strong><br \/>\n1st \u2013 Lia Quinder\u00e9 (Sucr\u00e9 Alimentos)<br \/>\n2nd \u2013 Alan Oliveira (Zenir Group)<br \/>\n3rd \u2013 Fabr\u00edcio Martins (Unimed Fortaleza)<\/p>\n<p><strong>Advertising Agency Director<\/strong><br \/>\n1st \u2013 Ana Celina Bueno (Creative Strategy Access)<br \/>\n2nd \u2013 Thiago Caldas (Mulato Comunica\u00e7\u00e3o)<br \/>\n3rd \u2013 Giacomo Brayner (Bando Propaganda)<\/p>\n<p><strong>Director of Communications Advisory<\/strong><br \/>\n1st \u2013 Mauro Costa (AD2M Comunica\u00e7\u00e3o)<br \/>\n2nd \u2013 Marcos Andr\u00e9 (VSM Comunica\u00e7\u00e3o)<br \/>\n3rd \u2013 Karla Rodrigues (Capuchino Press)<\/p>","protected":false},"featured_media":22670,"template":"","meta":{"_acf_changed":false,"inline_featured_image":false},"categoria-noticia":[14],"class_list":["post-22665","noticia","type-noticia","status-publish","has-post-thumbnail","hentry","categoria-noticia-noticias"],"acf":{"link":""},"yoast_head":"<!-- This site is optimized with the Yoast SEO plugin v27.4 - https:\/\/yoast.com\/product\/yoast-seo-wordpress\/ -->\n<title>A\u00e7o Cearense assina trof\u00e9u do Pr\u00eamio Melhores do Nosso Meio<\/title>\n<meta name=\"robots\" content=\"index, follow, max-snippet:-1, max-image-preview:large, max-video-preview:-1\" \/>\n<link rel=\"canonical\" href=\"https:\/\/www.grupoacocearense.com.br\/en\/noticia\/aco-cearense-assina-trofeu-do-premio-melhores-do-nosso-meio-2025\/\" \/>\n<meta property=\"og:locale\" content=\"en_US\" \/>\n<meta property=\"og:type\" content=\"article\" \/>\n<meta property=\"og:title\" content=\"A\u00e7o Cearense assina trof\u00e9u do Pr\u00eamio Melhores do Nosso Meio\" \/>\n<meta property=\"og:description\" content=\"A A\u00e7o Cearense marcou presen\u00e7a na 2\u00aa edi\u00e7\u00e3o do Pr\u00eamio Melhores do Nosso Meio 2025,(...)\" \/>\n<meta property=\"og:url\" content=\"https:\/\/www.grupoacocearense.com.br\/en\/noticia\/aco-cearense-assina-trofeu-do-premio-melhores-do-nosso-meio-2025\/\" \/>\n<meta property=\"og:site_name\" content=\"Grupo A\u00e7o Cearense\" \/>\n<meta property=\"article:modified_time\" content=\"2025-12-03T17:28:51+00:00\" \/>\n<meta property=\"og:image\" content=\"https:\/\/www.grupoacocearense.com.br\/wp-content\/uploads\/2025\/12\/CAPA-PORTAL-scaled-1-1.jpg\" \/>\n\t<meta property=\"og:image:width\" content=\"690\" \/>\n\t<meta property=\"og:image:height\" content=\"463\" \/>\n\t<meta property=\"og:image:type\" content=\"image\/jpeg\" \/>\n<meta name=\"twitter:card\" content=\"summary_large_image\" \/>\n<meta name=\"twitter:label1\" content=\"Est. reading time\" \/>\n\t<meta name=\"twitter:data1\" content=\"3 minutes\" \/>\n<script type=\"application\/ld+json\" class=\"yoast-schema-graph\">{\"@context\":\"https:\\\/\\\/schema.org\",\"@graph\":[{\"@type\":\"WebPage\",\"@id\":\"https:\\\/\\\/www.grupoacocearense.com.br\\\/noticia\\\/aco-cearense-assina-trofeu-do-premio-melhores-do-nosso-meio-2025\\\/\",\"url\":\"https:\\\/\\\/www.grupoacocearense.com.br\\\/noticia\\\/aco-cearense-assina-trofeu-do-premio-melhores-do-nosso-meio-2025\\\/\",\"name\":\"A\u00e7o Cearense assina trof\u00e9u do Pr\u00eamio Melhores do Nosso Meio\",\"isPartOf\":{\"@id\":\"https:\\\/\\\/previews.elleven.digital\\\/acocearense\\\/#website\"},\"primaryImageOfPage\":{\"@id\":\"https:\\\/\\\/www.grupoacocearense.com.br\\\/noticia\\\/aco-cearense-assina-trofeu-do-premio-melhores-do-nosso-meio-2025\\\/#primaryimage\"},\"image\":{\"@id\":\"https:\\\/\\\/www.grupoacocearense.com.br\\\/noticia\\\/aco-cearense-assina-trofeu-do-premio-melhores-do-nosso-meio-2025\\\/#primaryimage\"},\"thumbnailUrl\":\"https:\\\/\\\/www.grupoacocearense.com.br\\\/wp-content\\\/uploads\\\/2025\\\/12\\\/CAPA-PORTAL-scaled-1-1.jpg\",\"datePublished\":\"2025-12-03T17:23:38+00:00\",\"dateModified\":\"2025-12-03T17:28:51+00:00\",\"breadcrumb\":{\"@id\":\"https:\\\/\\\/www.grupoacocearense.com.br\\\/noticia\\\/aco-cearense-assina-trofeu-do-premio-melhores-do-nosso-meio-2025\\\/#breadcrumb\"},\"inLanguage\":\"en-US\",\"potentialAction\":[{\"@type\":\"ReadAction\",\"target\":[\"https:\\\/\\\/www.grupoacocearense.com.br\\\/noticia\\\/aco-cearense-assina-trofeu-do-premio-melhores-do-nosso-meio-2025\\\/\"]}]},{\"@type\":\"ImageObject\",\"inLanguage\":\"en-US\",\"@id\":\"https:\\\/\\\/www.grupoacocearense.com.br\\\/noticia\\\/aco-cearense-assina-trofeu-do-premio-melhores-do-nosso-meio-2025\\\/#primaryimage\",\"url\":\"https:\\\/\\\/www.grupoacocearense.com.br\\\/wp-content\\\/uploads\\\/2025\\\/12\\\/CAPA-PORTAL-scaled-1-1.jpg\",\"contentUrl\":\"https:\\\/\\\/www.grupoacocearense.com.br\\\/wp-content\\\/uploads\\\/2025\\\/12\\\/CAPA-PORTAL-scaled-1-1.jpg\",\"width\":690,\"height\":463},{\"@type\":\"BreadcrumbList\",\"@id\":\"https:\\\/\\\/www.grupoacocearense.com.br\\\/noticia\\\/aco-cearense-assina-trofeu-do-premio-melhores-do-nosso-meio-2025\\\/#breadcrumb\",\"itemListElement\":[{\"@type\":\"ListItem\",\"position\":1,\"name\":\"In\u00edcio\",\"item\":\"https:\\\/\\\/www.grupoacocearense.com.br\\\/\"},{\"@type\":\"ListItem\",\"position\":2,\"name\":\"Not\u00edcias\",\"item\":\"https:\\\/\\\/previews.elleven.digital\\\/acocearense\\\/noticias\\\/\"},{\"@type\":\"ListItem\",\"position\":3,\"name\":\"A\u00e7o Cearense assina trof\u00e9u do Pr\u00eamio Melhores do Nosso Meio 2025\"}]},{\"@type\":\"WebSite\",\"@id\":\"https:\\\/\\\/previews.elleven.digital\\\/acocearense\\\/#website\",\"url\":\"https:\\\/\\\/previews.elleven.digital\\\/acocearense\\\/\",\"name\":\"A\u00e7o Cearense\",\"description\":\"H\u00e1 mais de 45 anos no mercado brasileiro do a\u00e7o.\",\"alternateName\":\"A\u00e7o Cearense\",\"potentialAction\":[{\"@type\":\"SearchAction\",\"target\":{\"@type\":\"EntryPoint\",\"urlTemplate\":\"https:\\\/\\\/previews.elleven.digital\\\/acocearense\\\/?s={search_term_string}\"},\"query-input\":{\"@type\":\"PropertyValueSpecification\",\"valueRequired\":true,\"valueName\":\"search_term_string\"}}],\"inLanguage\":\"en-US\"}]}<\/script>\n<!-- \/ Yoast SEO plugin. -->","yoast_head_json":{"title":"A\u00e7o Cearense assina trof\u00e9u do Pr\u00eamio Melhores do Nosso Meio","robots":{"index":"index","follow":"follow","max-snippet":"max-snippet:-1","max-image-preview":"max-image-preview:large","max-video-preview":"max-video-preview:-1"},"canonical":"https:\/\/www.grupoacocearense.com.br\/en\/noticia\/aco-cearense-assina-trofeu-do-premio-melhores-do-nosso-meio-2025\/","og_locale":"en_US","og_type":"article","og_title":"A\u00e7o Cearense assina trof\u00e9u do Pr\u00eamio Melhores do Nosso Meio","og_description":"A A\u00e7o Cearense marcou presen\u00e7a na 2\u00aa edi\u00e7\u00e3o do Pr\u00eamio Melhores do Nosso Meio 2025,(...)","og_url":"https:\/\/www.grupoacocearense.com.br\/en\/noticia\/aco-cearense-assina-trofeu-do-premio-melhores-do-nosso-meio-2025\/","og_site_name":"Grupo A\u00e7o Cearense","article_modified_time":"2025-12-03T17:28:51+00:00","og_image":[{"width":690,"height":463,"url":"https:\/\/www.grupoacocearense.com.br\/wp-content\/uploads\/2025\/12\/CAPA-PORTAL-scaled-1-1.jpg","type":"image\/jpeg"}],"twitter_card":"summary_large_image","twitter_misc":{"Est. reading time":"3 minutes"},"schema":{"@context":"https:\/\/schema.org","@graph":[{"@type":"WebPage","@id":"https:\/\/www.grupoacocearense.com.br\/noticia\/aco-cearense-assina-trofeu-do-premio-melhores-do-nosso-meio-2025\/","url":"https:\/\/www.grupoacocearense.com.br\/noticia\/aco-cearense-assina-trofeu-do-premio-melhores-do-nosso-meio-2025\/","name":"A\u00e7o Cearense assina trof\u00e9u do Pr\u00eamio Melhores do Nosso Meio","isPartOf":{"@id":"https:\/\/previews.elleven.digital\/acocearense\/#website"},"primaryImageOfPage":{"@id":"https:\/\/www.grupoacocearense.com.br\/noticia\/aco-cearense-assina-trofeu-do-premio-melhores-do-nosso-meio-2025\/#primaryimage"},"image":{"@id":"https:\/\/www.grupoacocearense.com.br\/noticia\/aco-cearense-assina-trofeu-do-premio-melhores-do-nosso-meio-2025\/#primaryimage"},"thumbnailUrl":"https:\/\/www.grupoacocearense.com.br\/wp-content\/uploads\/2025\/12\/CAPA-PORTAL-scaled-1-1.jpg","datePublished":"2025-12-03T17:23:38+00:00","dateModified":"2025-12-03T17:28:51+00:00","breadcrumb":{"@id":"https:\/\/www.grupoacocearense.com.br\/noticia\/aco-cearense-assina-trofeu-do-premio-melhores-do-nosso-meio-2025\/#breadcrumb"},"inLanguage":"en-US","potentialAction":[{"@type":"ReadAction","target":["https:\/\/www.grupoacocearense.com.br\/noticia\/aco-cearense-assina-trofeu-do-premio-melhores-do-nosso-meio-2025\/"]}]},{"@type":"ImageObject","inLanguage":"en-US","@id":"https:\/\/www.grupoacocearense.com.br\/noticia\/aco-cearense-assina-trofeu-do-premio-melhores-do-nosso-meio-2025\/#primaryimage","url":"https:\/\/www.grupoacocearense.com.br\/wp-content\/uploads\/2025\/12\/CAPA-PORTAL-scaled-1-1.jpg","contentUrl":"https:\/\/www.grupoacocearense.com.br\/wp-content\/uploads\/2025\/12\/CAPA-PORTAL-scaled-1-1.jpg","width":690,"height":463},{"@type":"BreadcrumbList","@id":"https:\/\/www.grupoacocearense.com.br\/noticia\/aco-cearense-assina-trofeu-do-premio-melhores-do-nosso-meio-2025\/#breadcrumb","itemListElement":[{"@type":"ListItem","position":1,"name":"In\u00edcio","item":"https:\/\/www.grupoacocearense.com.br\/"},{"@type":"ListItem","position":2,"name":"Not\u00edcias","item":"https:\/\/previews.elleven.digital\/acocearense\/noticias\/"},{"@type":"ListItem","position":3,"name":"A\u00e7o Cearense assina trof\u00e9u do Pr\u00eamio Melhores do Nosso Meio 2025"}]},{"@type":"WebSite","@id":"https:\/\/previews.elleven.digital\/acocearense\/#website","url":"https:\/\/previews.elleven.digital\/acocearense\/","name":"Cear\u00e1 Steel","description":"In the Brazilian steel market for over 45 years.","alternateName":"A\u00e7o Cearense","potentialAction":[{"@type":"SearchAction","target":{"@type":"EntryPoint","urlTemplate":"https:\/\/previews.elleven.digital\/acocearense\/?s={search_term_string}"},"query-input":{"@type":"PropertyValueSpecification","valueRequired":true,"valueName":"search_term_string"}}],"inLanguage":"en-US"}]}},"_links":{"self":[{"href":"https:\/\/www.grupoacocearense.com.br\/en\/wp-json\/wp\/v2\/noticia\/22665","targetHints":{"allow":["GET"]}}],"collection":[{"href":"https:\/\/www.grupoacocearense.com.br\/en\/wp-json\/wp\/v2\/noticia"}],"about":[{"href":"https:\/\/www.grupoacocearense.com.br\/en\/wp-json\/wp\/v2\/types\/noticia"}],"wp:featuredmedia":[{"embeddable":true,"href":"https:\/\/www.grupoacocearense.com.br\/en\/wp-json\/wp\/v2\/media\/22670"}],"wp:attachment":[{"href":"https:\/\/www.grupoacocearense.com.br\/en\/wp-json\/wp\/v2\/media?parent=22665"}],"wp:term":[{"taxonomy":"categoria-noticia","embeddable":true,"href":"https:\/\/www.grupoacocearense.com.br\/en\/wp-json\/wp\/v2\/categoria-noticia?post=22665"}],"curies":[{"name":"wp","href":"https:\/\/api.w.org\/{rel}","templated":true}]}}