{"id":22660,"date":"2025-12-02T15:59:46","date_gmt":"2025-12-02T18:59:46","guid":{"rendered":"https:\/\/www.grupoacocearense.com.br\/?post_type=noticia&#038;p=22660"},"modified":"2025-12-02T16:04:13","modified_gmt":"2025-12-02T19:04:13","slug":"instituto-aco-cearense-apoia-o-natal-de-luz-do-ceara-2025","status":"publish","type":"noticia","link":"https:\/\/www.grupoacocearense.com.br\/en\/noticia\/instituto-aco-cearense-apoia-o-natal-de-luz-do-ceara-2025\/","title":{"rendered":"Instituto A\u00e7o Cearense supports the Cear\u00e1 Christmas Lights 2025"},"content":{"rendered":"<p>The Instituto A\u00e7o Cearense was present at yet another edition of <strong>Christmas Lights of Cear\u00e1<\/strong>, one of the most traditional and exciting events of Fortaleza&#039;s Christmas celebrations. The initiative, held in the city center, brought together crowds of people for a night of magic, culture, and enchantment.<\/p>\n<p>The official opening featured the arrival of <strong>Santa Claus<\/strong>A moment eagerly awaited by children and families who filled the square. Then, the classic... <strong>Coral of Light<\/strong>, presented in the iconic <strong>Hotel Excelsior<\/strong>[Name], moved the audience with Christmas songs that are already part of the fond memories of Fortaleza residents. To close the night, the singer <strong>Jorge Vercillo<\/strong> He added even more glamour to the event with a special show prepared for the occasion.<\/p>\n<p>By supporting the Christmas Lights event, the Instituto A\u00e7o Cearense reinforces its commitment to initiatives that strengthen local culture, promote community gatherings, and generate a positive impact on the community.<\/p>\n<p>The 2025 Christmas of Lights reaffirms the importance of projects that foster a sense of belonging and keep the tradition of end-of-year festivities alive in Cear\u00e1. Once again, the Instituto A\u00e7o Cearense joins this cultural movement that inspires, moves, and brings people together.<\/p>\n<p>&nbsp;<\/p>","protected":false},"featured_media":22662,"template":"","meta":{"_acf_changed":false,"inline_featured_image":false},"categoria-noticia":[],"class_list":["post-22660","noticia","type-noticia","status-publish","has-post-thumbnail","hentry"],"acf":{"link":""},"yoast_head":"<!-- This site is optimized with the Yoast SEO plugin v27.4 - https:\/\/yoast.com\/product\/yoast-seo-wordpress\/ -->\n<title>Instituto A\u00e7o Cearense apoia o Natal de Luz do Cear\u00e1 2025 - Grupo A\u00e7o Cearense<\/title>\n<meta name=\"description\" content=\"Instituto A\u00e7o Cearense apoia o Natal de Luz 2025, evento que encantou Fortaleza com tradi\u00e7\u00e3o, cultura e celebra\u00e7\u00e3o da magia natalina.\" \/>\n<meta name=\"robots\" content=\"index, follow, max-snippet:-1, max-image-preview:large, max-video-preview:-1\" \/>\n<link rel=\"canonical\" href=\"https:\/\/www.grupoacocearense.com.br\/en\/noticia\/instituto-aco-cearense-apoia-o-natal-de-luz-do-ceara-2025\/\" \/>\n<meta property=\"og:locale\" content=\"en_US\" \/>\n<meta property=\"og:type\" content=\"article\" \/>\n<meta property=\"og:title\" content=\"Instituto A\u00e7o Cearense apoia o Natal de Luz do Cear\u00e1 2025 - Grupo A\u00e7o Cearense\" \/>\n<meta property=\"og:description\" content=\"Instituto A\u00e7o Cearense apoia o Natal de Luz 2025, evento que encantou Fortaleza com tradi\u00e7\u00e3o, cultura e celebra\u00e7\u00e3o da magia natalina.\" \/>\n<meta property=\"og:url\" content=\"https:\/\/www.grupoacocearense.com.br\/en\/noticia\/instituto-aco-cearense-apoia-o-natal-de-luz-do-ceara-2025\/\" \/>\n<meta property=\"og:site_name\" content=\"Grupo A\u00e7o Cearense\" \/>\n<meta property=\"article:modified_time\" content=\"2025-12-02T19:04:13+00:00\" \/>\n<meta property=\"og:image\" content=\"https:\/\/www.grupoacocearense.com.br\/wp-content\/uploads\/2025\/12\/Natal-de-Luz.jpg\" \/>\n\t<meta property=\"og:image:width\" content=\"1280\" \/>\n\t<meta property=\"og:image:height\" content=\"854\" \/>\n\t<meta property=\"og:image:type\" content=\"image\/jpeg\" \/>\n<meta name=\"twitter:card\" content=\"summary_large_image\" \/>\n<meta name=\"twitter:label1\" content=\"Est. reading time\" \/>\n\t<meta name=\"twitter:data1\" content=\"2 minutes\" \/>\n<script type=\"application\/ld+json\" class=\"yoast-schema-graph\">{\"@context\":\"https:\\\/\\\/schema.org\",\"@graph\":[{\"@type\":\"WebPage\",\"@id\":\"https:\\\/\\\/www.grupoacocearense.com.br\\\/noticia\\\/instituto-aco-cearense-apoia-o-natal-de-luz-do-ceara-2025\\\/\",\"url\":\"https:\\\/\\\/www.grupoacocearense.com.br\\\/noticia\\\/instituto-aco-cearense-apoia-o-natal-de-luz-do-ceara-2025\\\/\",\"name\":\"Instituto A\u00e7o Cearense apoia o Natal de Luz do Cear\u00e1 2025 - Grupo A\u00e7o Cearense\",\"isPartOf\":{\"@id\":\"https:\\\/\\\/previews.elleven.digital\\\/acocearense\\\/#website\"},\"primaryImageOfPage\":{\"@id\":\"https:\\\/\\\/www.grupoacocearense.com.br\\\/noticia\\\/instituto-aco-cearense-apoia-o-natal-de-luz-do-ceara-2025\\\/#primaryimage\"},\"image\":{\"@id\":\"https:\\\/\\\/www.grupoacocearense.com.br\\\/noticia\\\/instituto-aco-cearense-apoia-o-natal-de-luz-do-ceara-2025\\\/#primaryimage\"},\"thumbnailUrl\":\"https:\\\/\\\/www.grupoacocearense.com.br\\\/wp-content\\\/uploads\\\/2025\\\/12\\\/Natal-de-Luz.jpg\",\"datePublished\":\"2025-12-02T18:59:46+00:00\",\"dateModified\":\"2025-12-02T19:04:13+00:00\",\"description\":\"Instituto A\u00e7o Cearense apoia o Natal de Luz 2025, evento que encantou Fortaleza com tradi\u00e7\u00e3o, cultura e celebra\u00e7\u00e3o da magia natalina.\",\"breadcrumb\":{\"@id\":\"https:\\\/\\\/www.grupoacocearense.com.br\\\/noticia\\\/instituto-aco-cearense-apoia-o-natal-de-luz-do-ceara-2025\\\/#breadcrumb\"},\"inLanguage\":\"en-US\",\"potentialAction\":[{\"@type\":\"ReadAction\",\"target\":[\"https:\\\/\\\/www.grupoacocearense.com.br\\\/noticia\\\/instituto-aco-cearense-apoia-o-natal-de-luz-do-ceara-2025\\\/\"]}]},{\"@type\":\"ImageObject\",\"inLanguage\":\"en-US\",\"@id\":\"https:\\\/\\\/www.grupoacocearense.com.br\\\/noticia\\\/instituto-aco-cearense-apoia-o-natal-de-luz-do-ceara-2025\\\/#primaryimage\",\"url\":\"https:\\\/\\\/www.grupoacocearense.com.br\\\/wp-content\\\/uploads\\\/2025\\\/12\\\/Natal-de-Luz.jpg\",\"contentUrl\":\"https:\\\/\\\/www.grupoacocearense.com.br\\\/wp-content\\\/uploads\\\/2025\\\/12\\\/Natal-de-Luz.jpg\",\"width\":1280,\"height\":854},{\"@type\":\"BreadcrumbList\",\"@id\":\"https:\\\/\\\/www.grupoacocearense.com.br\\\/noticia\\\/instituto-aco-cearense-apoia-o-natal-de-luz-do-ceara-2025\\\/#breadcrumb\",\"itemListElement\":[{\"@type\":\"ListItem\",\"position\":1,\"name\":\"In\u00edcio\",\"item\":\"https:\\\/\\\/www.grupoacocearense.com.br\\\/\"},{\"@type\":\"ListItem\",\"position\":2,\"name\":\"Not\u00edcias\",\"item\":\"https:\\\/\\\/previews.elleven.digital\\\/acocearense\\\/noticias\\\/\"},{\"@type\":\"ListItem\",\"position\":3,\"name\":\"Instituto A\u00e7o Cearense apoia o Natal de Luz do Cear\u00e1 2025\"}]},{\"@type\":\"WebSite\",\"@id\":\"https:\\\/\\\/previews.elleven.digital\\\/acocearense\\\/#website\",\"url\":\"https:\\\/\\\/previews.elleven.digital\\\/acocearense\\\/\",\"name\":\"A\u00e7o Cearense\",\"description\":\"H\u00e1 mais de 45 anos no mercado brasileiro do a\u00e7o.\",\"alternateName\":\"A\u00e7o Cearense\",\"potentialAction\":[{\"@type\":\"SearchAction\",\"target\":{\"@type\":\"EntryPoint\",\"urlTemplate\":\"https:\\\/\\\/previews.elleven.digital\\\/acocearense\\\/?s={search_term_string}\"},\"query-input\":{\"@type\":\"PropertyValueSpecification\",\"valueRequired\":true,\"valueName\":\"search_term_string\"}}],\"inLanguage\":\"en-US\"}]}<\/script>\n<!-- \/ Yoast SEO plugin. -->","yoast_head_json":{"title":"Instituto A\u00e7o Cearense apoia o Natal de Luz do Cear\u00e1 2025 - Grupo A\u00e7o Cearense","description":"Instituto A\u00e7o Cearense apoia o Natal de Luz 2025, evento que encantou Fortaleza com tradi\u00e7\u00e3o, cultura e celebra\u00e7\u00e3o da magia natalina.","robots":{"index":"index","follow":"follow","max-snippet":"max-snippet:-1","max-image-preview":"max-image-preview:large","max-video-preview":"max-video-preview:-1"},"canonical":"https:\/\/www.grupoacocearense.com.br\/en\/noticia\/instituto-aco-cearense-apoia-o-natal-de-luz-do-ceara-2025\/","og_locale":"en_US","og_type":"article","og_title":"Instituto A\u00e7o Cearense apoia o Natal de Luz do Cear\u00e1 2025 - Grupo A\u00e7o Cearense","og_description":"Instituto A\u00e7o Cearense apoia o Natal de Luz 2025, evento que encantou Fortaleza com tradi\u00e7\u00e3o, cultura e celebra\u00e7\u00e3o da magia natalina.","og_url":"https:\/\/www.grupoacocearense.com.br\/en\/noticia\/instituto-aco-cearense-apoia-o-natal-de-luz-do-ceara-2025\/","og_site_name":"Grupo A\u00e7o Cearense","article_modified_time":"2025-12-02T19:04:13+00:00","og_image":[{"width":1280,"height":854,"url":"https:\/\/www.grupoacocearense.com.br\/wp-content\/uploads\/2025\/12\/Natal-de-Luz.jpg","type":"image\/jpeg"}],"twitter_card":"summary_large_image","twitter_misc":{"Est. reading time":"2 minutes"},"schema":{"@context":"https:\/\/schema.org","@graph":[{"@type":"WebPage","@id":"https:\/\/www.grupoacocearense.com.br\/noticia\/instituto-aco-cearense-apoia-o-natal-de-luz-do-ceara-2025\/","url":"https:\/\/www.grupoacocearense.com.br\/noticia\/instituto-aco-cearense-apoia-o-natal-de-luz-do-ceara-2025\/","name":"Instituto A\u00e7o Cearense apoia o Natal de Luz do Cear\u00e1 2025 - Grupo A\u00e7o Cearense","isPartOf":{"@id":"https:\/\/previews.elleven.digital\/acocearense\/#website"},"primaryImageOfPage":{"@id":"https:\/\/www.grupoacocearense.com.br\/noticia\/instituto-aco-cearense-apoia-o-natal-de-luz-do-ceara-2025\/#primaryimage"},"image":{"@id":"https:\/\/www.grupoacocearense.com.br\/noticia\/instituto-aco-cearense-apoia-o-natal-de-luz-do-ceara-2025\/#primaryimage"},"thumbnailUrl":"https:\/\/www.grupoacocearense.com.br\/wp-content\/uploads\/2025\/12\/Natal-de-Luz.jpg","datePublished":"2025-12-02T18:59:46+00:00","dateModified":"2025-12-02T19:04:13+00:00","description":"Instituto A\u00e7o Cearense apoia o Natal de Luz 2025, evento que encantou Fortaleza com tradi\u00e7\u00e3o, cultura e celebra\u00e7\u00e3o da magia natalina.","breadcrumb":{"@id":"https:\/\/www.grupoacocearense.com.br\/noticia\/instituto-aco-cearense-apoia-o-natal-de-luz-do-ceara-2025\/#breadcrumb"},"inLanguage":"en-US","potentialAction":[{"@type":"ReadAction","target":["https:\/\/www.grupoacocearense.com.br\/noticia\/instituto-aco-cearense-apoia-o-natal-de-luz-do-ceara-2025\/"]}]},{"@type":"ImageObject","inLanguage":"en-US","@id":"https:\/\/www.grupoacocearense.com.br\/noticia\/instituto-aco-cearense-apoia-o-natal-de-luz-do-ceara-2025\/#primaryimage","url":"https:\/\/www.grupoacocearense.com.br\/wp-content\/uploads\/2025\/12\/Natal-de-Luz.jpg","contentUrl":"https:\/\/www.grupoacocearense.com.br\/wp-content\/uploads\/2025\/12\/Natal-de-Luz.jpg","width":1280,"height":854},{"@type":"BreadcrumbList","@id":"https:\/\/www.grupoacocearense.com.br\/noticia\/instituto-aco-cearense-apoia-o-natal-de-luz-do-ceara-2025\/#breadcrumb","itemListElement":[{"@type":"ListItem","position":1,"name":"In\u00edcio","item":"https:\/\/www.grupoacocearense.com.br\/"},{"@type":"ListItem","position":2,"name":"Not\u00edcias","item":"https:\/\/previews.elleven.digital\/acocearense\/noticias\/"},{"@type":"ListItem","position":3,"name":"Instituto A\u00e7o Cearense apoia o Natal de Luz do Cear\u00e1 2025"}]},{"@type":"WebSite","@id":"https:\/\/previews.elleven.digital\/acocearense\/#website","url":"https:\/\/previews.elleven.digital\/acocearense\/","name":"Cear\u00e1 Steel","description":"In the Brazilian steel market for over 45 years.","alternateName":"A\u00e7o Cearense","potentialAction":[{"@type":"SearchAction","target":{"@type":"EntryPoint","urlTemplate":"https:\/\/previews.elleven.digital\/acocearense\/?s={search_term_string}"},"query-input":{"@type":"PropertyValueSpecification","valueRequired":true,"valueName":"search_term_string"}}],"inLanguage":"en-US"}]}},"_links":{"self":[{"href":"https:\/\/www.grupoacocearense.com.br\/en\/wp-json\/wp\/v2\/noticia\/22660","targetHints":{"allow":["GET"]}}],"collection":[{"href":"https:\/\/www.grupoacocearense.com.br\/en\/wp-json\/wp\/v2\/noticia"}],"about":[{"href":"https:\/\/www.grupoacocearense.com.br\/en\/wp-json\/wp\/v2\/types\/noticia"}],"wp:featuredmedia":[{"embeddable":true,"href":"https:\/\/www.grupoacocearense.com.br\/en\/wp-json\/wp\/v2\/media\/22662"}],"wp:attachment":[{"href":"https:\/\/www.grupoacocearense.com.br\/en\/wp-json\/wp\/v2\/media?parent=22660"}],"wp:term":[{"taxonomy":"categoria-noticia","embeddable":true,"href":"https:\/\/www.grupoacocearense.com.br\/en\/wp-json\/wp\/v2\/categoria-noticia?post=22660"}],"curies":[{"name":"wp","href":"https:\/\/api.w.org\/{rel}","templated":true}]}}