{"id":22650,"date":"2025-12-01T15:16:57","date_gmt":"2025-12-01T18:16:57","guid":{"rendered":"https:\/\/www.grupoacocearense.com.br\/?post_type=noticia&#038;p=22650"},"modified":"2025-12-03T14:55:10","modified_gmt":"2025-12-03T17:55:10","slug":"instituto-aco-cearense-recebe-doacoes-do-anjos-do-natal-2025-no-ceara","status":"publish","type":"noticia","link":"https:\/\/www.grupoacocearense.com.br\/en\/noticia\/instituto-aco-cearense-recebe-doacoes-do-anjos-do-natal-2025-no-ceara\/","title":{"rendered":"Instituto A\u00e7o Cearense receives donations from Anjos do Natal 2025 in Cear\u00e1."},"content":{"rendered":"<p>The Instituto A\u00e7o Cearense was present at Anjos do Natal 2025, a benefit show promoted by M\u00e1rcia Travessoni, held on November 23rd at the Teatro RioMar Fortaleza. The event moved the audience by uniting art, music, and solidarity in an evening dedicated to transforming lives during this Christmas season.<\/p>\n<p>With the challenge of raising more than 4,000 basic food baskets for philanthropic institutions in Cear\u00e1, Anjos do Natal (Angels of Christmas) launched its campaign with great force, driven by the participation of supporters and socially engaged companies.<\/p>\n<h3><img decoding=\"async\" class=\"alignnone size-full wp-image-22651\" src=\"https:\/\/www.grupoacocearense.com.br\/wp-content\/uploads\/2025\/12\/20251125_192927382_iOS.heic\" alt=\"\" \/><br \/>\nInstituto A\u00e7o Cearense receives and directs donations.<\/h3>\n<p>This Tuesday, the 25th, the Instituto A\u00e7o Cearense received the basic food baskets collected during the event. The donations have already been directed to four institutions that the Instituto A\u00e7o Cearense continuously supports:<\/p>\n<p><strong>School of Champions<\/strong> \u2013 80 baskets<\/p>\n<p><strong>Child&#039;s Smile<\/strong> \u2013 60 baskets<\/p>\n<p><strong>Little Cottolengo<\/strong> \u2013 60 baskets<\/p>\n<p><strong>ACOLD<\/strong> \u2013 80 baskets<\/p>\n<p>&nbsp;<\/p>\n<p>This initiative reinforces the Instituto A\u00e7o Cearense&#039;s commitment to social impact, strengthening organizations that work daily for the protection, inclusion, and development of children, youth, and people in vulnerable situations.<\/p>\n<p>With another successful edition, Anjos do Natal (Angels of Christmas) consolidates itself as one of the largest solidarity mobilizations in the state. For the Instituto A\u00e7o Cearense (Cear\u00e1 Steel Institute), joining forces with this movement means believing in a future built with unity, empathy, and care.<\/p>","protected":false},"featured_media":22655,"template":"","meta":{"_acf_changed":false,"inline_featured_image":false},"categoria-noticia":[],"class_list":["post-22650","noticia","type-noticia","status-publish","has-post-thumbnail","hentry"],"acf":{"link":""},"yoast_head":"<!-- This site is optimized with the Yoast SEO plugin v27.4 - https:\/\/yoast.com\/product\/yoast-seo-wordpress\/ -->\n<title>Instituto A\u00e7o Cearense recebe doa\u00e7\u00f5es do Anjos do Natal 2025<\/title>\n<meta name=\"description\" content=\"Instituto A\u00e7o Cearense participa do Anjos do Natal 2025, recebe cestas b\u00e1sicas e direciona doa\u00e7\u00f5es para institui\u00e7\u00f5es apoiadas no Cear\u00e1.\" \/>\n<meta name=\"robots\" content=\"index, follow, max-snippet:-1, max-image-preview:large, max-video-preview:-1\" \/>\n<link rel=\"canonical\" href=\"https:\/\/www.grupoacocearense.com.br\/en\/noticia\/instituto-aco-cearense-recebe-doacoes-do-anjos-do-natal-2025-no-ceara\/\" \/>\n<meta property=\"og:locale\" content=\"en_US\" \/>\n<meta property=\"og:type\" content=\"article\" \/>\n<meta property=\"og:title\" content=\"Instituto A\u00e7o Cearense recebe doa\u00e7\u00f5es do Anjos do Natal 2025\" \/>\n<meta property=\"og:description\" content=\"Instituto A\u00e7o Cearense participa do Anjos do Natal 2025, recebe cestas b\u00e1sicas e direciona doa\u00e7\u00f5es para institui\u00e7\u00f5es apoiadas no Cear\u00e1.\" \/>\n<meta property=\"og:url\" content=\"https:\/\/www.grupoacocearense.com.br\/en\/noticia\/instituto-aco-cearense-recebe-doacoes-do-anjos-do-natal-2025-no-ceara\/\" \/>\n<meta property=\"og:site_name\" content=\"Grupo A\u00e7o Cearense\" \/>\n<meta property=\"article:modified_time\" content=\"2025-12-03T17:55:10+00:00\" \/>\n<meta property=\"og:image\" content=\"https:\/\/www.grupoacocearense.com.br\/wp-content\/uploads\/2025\/12\/20251125_195200173_iOS-scaled.jpg\" \/>\n\t<meta property=\"og:image:width\" content=\"2560\" \/>\n\t<meta property=\"og:image:height\" content=\"1920\" \/>\n\t<meta property=\"og:image:type\" content=\"image\/jpeg\" \/>\n<meta name=\"twitter:card\" content=\"summary_large_image\" \/>\n<meta name=\"twitter:label1\" content=\"Est. reading time\" \/>\n\t<meta name=\"twitter:data1\" content=\"2 minutes\" \/>\n<script type=\"application\/ld+json\" class=\"yoast-schema-graph\">{\"@context\":\"https:\\\/\\\/schema.org\",\"@graph\":[{\"@type\":\"WebPage\",\"@id\":\"https:\\\/\\\/www.grupoacocearense.com.br\\\/noticia\\\/instituto-aco-cearense-recebe-doacoes-do-anjos-do-natal-2025-no-ceara\\\/\",\"url\":\"https:\\\/\\\/www.grupoacocearense.com.br\\\/noticia\\\/instituto-aco-cearense-recebe-doacoes-do-anjos-do-natal-2025-no-ceara\\\/\",\"name\":\"Instituto A\u00e7o Cearense recebe doa\u00e7\u00f5es do Anjos do Natal 2025\",\"isPartOf\":{\"@id\":\"https:\\\/\\\/previews.elleven.digital\\\/acocearense\\\/#website\"},\"primaryImageOfPage\":{\"@id\":\"https:\\\/\\\/www.grupoacocearense.com.br\\\/noticia\\\/instituto-aco-cearense-recebe-doacoes-do-anjos-do-natal-2025-no-ceara\\\/#primaryimage\"},\"image\":{\"@id\":\"https:\\\/\\\/www.grupoacocearense.com.br\\\/noticia\\\/instituto-aco-cearense-recebe-doacoes-do-anjos-do-natal-2025-no-ceara\\\/#primaryimage\"},\"thumbnailUrl\":\"https:\\\/\\\/www.grupoacocearense.com.br\\\/wp-content\\\/uploads\\\/2025\\\/12\\\/20251125_195200173_iOS-scaled.jpg\",\"datePublished\":\"2025-12-01T18:16:57+00:00\",\"dateModified\":\"2025-12-03T17:55:10+00:00\",\"description\":\"Instituto A\u00e7o Cearense participa do Anjos do Natal 2025, recebe cestas b\u00e1sicas e direciona doa\u00e7\u00f5es para institui\u00e7\u00f5es apoiadas no Cear\u00e1.\",\"breadcrumb\":{\"@id\":\"https:\\\/\\\/www.grupoacocearense.com.br\\\/noticia\\\/instituto-aco-cearense-recebe-doacoes-do-anjos-do-natal-2025-no-ceara\\\/#breadcrumb\"},\"inLanguage\":\"en-US\",\"potentialAction\":[{\"@type\":\"ReadAction\",\"target\":[\"https:\\\/\\\/www.grupoacocearense.com.br\\\/noticia\\\/instituto-aco-cearense-recebe-doacoes-do-anjos-do-natal-2025-no-ceara\\\/\"]}]},{\"@type\":\"ImageObject\",\"inLanguage\":\"en-US\",\"@id\":\"https:\\\/\\\/www.grupoacocearense.com.br\\\/noticia\\\/instituto-aco-cearense-recebe-doacoes-do-anjos-do-natal-2025-no-ceara\\\/#primaryimage\",\"url\":\"https:\\\/\\\/www.grupoacocearense.com.br\\\/wp-content\\\/uploads\\\/2025\\\/12\\\/20251125_195200173_iOS-scaled.jpg\",\"contentUrl\":\"https:\\\/\\\/www.grupoacocearense.com.br\\\/wp-content\\\/uploads\\\/2025\\\/12\\\/20251125_195200173_iOS-scaled.jpg\",\"width\":2560,\"height\":1920},{\"@type\":\"BreadcrumbList\",\"@id\":\"https:\\\/\\\/www.grupoacocearense.com.br\\\/noticia\\\/instituto-aco-cearense-recebe-doacoes-do-anjos-do-natal-2025-no-ceara\\\/#breadcrumb\",\"itemListElement\":[{\"@type\":\"ListItem\",\"position\":1,\"name\":\"In\u00edcio\",\"item\":\"https:\\\/\\\/www.grupoacocearense.com.br\\\/\"},{\"@type\":\"ListItem\",\"position\":2,\"name\":\"Not\u00edcias\",\"item\":\"https:\\\/\\\/previews.elleven.digital\\\/acocearense\\\/noticias\\\/\"},{\"@type\":\"ListItem\",\"position\":3,\"name\":\"Instituto A\u00e7o Cearense recebe doa\u00e7\u00f5es do Anjos do Natal 2025 no Cear\u00e1\"}]},{\"@type\":\"WebSite\",\"@id\":\"https:\\\/\\\/previews.elleven.digital\\\/acocearense\\\/#website\",\"url\":\"https:\\\/\\\/previews.elleven.digital\\\/acocearense\\\/\",\"name\":\"A\u00e7o Cearense\",\"description\":\"H\u00e1 mais de 45 anos no mercado brasileiro do a\u00e7o.\",\"alternateName\":\"A\u00e7o Cearense\",\"potentialAction\":[{\"@type\":\"SearchAction\",\"target\":{\"@type\":\"EntryPoint\",\"urlTemplate\":\"https:\\\/\\\/previews.elleven.digital\\\/acocearense\\\/?s={search_term_string}\"},\"query-input\":{\"@type\":\"PropertyValueSpecification\",\"valueRequired\":true,\"valueName\":\"search_term_string\"}}],\"inLanguage\":\"en-US\"}]}<\/script>\n<!-- \/ Yoast SEO plugin. -->","yoast_head_json":{"title":"Instituto A\u00e7o Cearense recebe doa\u00e7\u00f5es do Anjos do Natal 2025","description":"Instituto A\u00e7o Cearense participa do Anjos do Natal 2025, recebe cestas b\u00e1sicas e direciona doa\u00e7\u00f5es para institui\u00e7\u00f5es apoiadas no Cear\u00e1.","robots":{"index":"index","follow":"follow","max-snippet":"max-snippet:-1","max-image-preview":"max-image-preview:large","max-video-preview":"max-video-preview:-1"},"canonical":"https:\/\/www.grupoacocearense.com.br\/en\/noticia\/instituto-aco-cearense-recebe-doacoes-do-anjos-do-natal-2025-no-ceara\/","og_locale":"en_US","og_type":"article","og_title":"Instituto A\u00e7o Cearense recebe doa\u00e7\u00f5es do Anjos do Natal 2025","og_description":"Instituto A\u00e7o Cearense participa do Anjos do Natal 2025, recebe cestas b\u00e1sicas e direciona doa\u00e7\u00f5es para institui\u00e7\u00f5es apoiadas no Cear\u00e1.","og_url":"https:\/\/www.grupoacocearense.com.br\/en\/noticia\/instituto-aco-cearense-recebe-doacoes-do-anjos-do-natal-2025-no-ceara\/","og_site_name":"Grupo A\u00e7o Cearense","article_modified_time":"2025-12-03T17:55:10+00:00","og_image":[{"width":2560,"height":1920,"url":"https:\/\/www.grupoacocearense.com.br\/wp-content\/uploads\/2025\/12\/20251125_195200173_iOS-scaled.jpg","type":"image\/jpeg"}],"twitter_card":"summary_large_image","twitter_misc":{"Est. reading time":"2 minutes"},"schema":{"@context":"https:\/\/schema.org","@graph":[{"@type":"WebPage","@id":"https:\/\/www.grupoacocearense.com.br\/noticia\/instituto-aco-cearense-recebe-doacoes-do-anjos-do-natal-2025-no-ceara\/","url":"https:\/\/www.grupoacocearense.com.br\/noticia\/instituto-aco-cearense-recebe-doacoes-do-anjos-do-natal-2025-no-ceara\/","name":"Instituto A\u00e7o Cearense recebe doa\u00e7\u00f5es do Anjos do Natal 2025","isPartOf":{"@id":"https:\/\/previews.elleven.digital\/acocearense\/#website"},"primaryImageOfPage":{"@id":"https:\/\/www.grupoacocearense.com.br\/noticia\/instituto-aco-cearense-recebe-doacoes-do-anjos-do-natal-2025-no-ceara\/#primaryimage"},"image":{"@id":"https:\/\/www.grupoacocearense.com.br\/noticia\/instituto-aco-cearense-recebe-doacoes-do-anjos-do-natal-2025-no-ceara\/#primaryimage"},"thumbnailUrl":"https:\/\/www.grupoacocearense.com.br\/wp-content\/uploads\/2025\/12\/20251125_195200173_iOS-scaled.jpg","datePublished":"2025-12-01T18:16:57+00:00","dateModified":"2025-12-03T17:55:10+00:00","description":"Instituto A\u00e7o Cearense participa do Anjos do Natal 2025, recebe cestas b\u00e1sicas e direciona doa\u00e7\u00f5es para institui\u00e7\u00f5es apoiadas no Cear\u00e1.","breadcrumb":{"@id":"https:\/\/www.grupoacocearense.com.br\/noticia\/instituto-aco-cearense-recebe-doacoes-do-anjos-do-natal-2025-no-ceara\/#breadcrumb"},"inLanguage":"en-US","potentialAction":[{"@type":"ReadAction","target":["https:\/\/www.grupoacocearense.com.br\/noticia\/instituto-aco-cearense-recebe-doacoes-do-anjos-do-natal-2025-no-ceara\/"]}]},{"@type":"ImageObject","inLanguage":"en-US","@id":"https:\/\/www.grupoacocearense.com.br\/noticia\/instituto-aco-cearense-recebe-doacoes-do-anjos-do-natal-2025-no-ceara\/#primaryimage","url":"https:\/\/www.grupoacocearense.com.br\/wp-content\/uploads\/2025\/12\/20251125_195200173_iOS-scaled.jpg","contentUrl":"https:\/\/www.grupoacocearense.com.br\/wp-content\/uploads\/2025\/12\/20251125_195200173_iOS-scaled.jpg","width":2560,"height":1920},{"@type":"BreadcrumbList","@id":"https:\/\/www.grupoacocearense.com.br\/noticia\/instituto-aco-cearense-recebe-doacoes-do-anjos-do-natal-2025-no-ceara\/#breadcrumb","itemListElement":[{"@type":"ListItem","position":1,"name":"In\u00edcio","item":"https:\/\/www.grupoacocearense.com.br\/"},{"@type":"ListItem","position":2,"name":"Not\u00edcias","item":"https:\/\/previews.elleven.digital\/acocearense\/noticias\/"},{"@type":"ListItem","position":3,"name":"Instituto A\u00e7o Cearense recebe doa\u00e7\u00f5es do Anjos do Natal 2025 no Cear\u00e1"}]},{"@type":"WebSite","@id":"https:\/\/previews.elleven.digital\/acocearense\/#website","url":"https:\/\/previews.elleven.digital\/acocearense\/","name":"Cear\u00e1 Steel","description":"In the Brazilian steel market for over 45 years.","alternateName":"A\u00e7o Cearense","potentialAction":[{"@type":"SearchAction","target":{"@type":"EntryPoint","urlTemplate":"https:\/\/previews.elleven.digital\/acocearense\/?s={search_term_string}"},"query-input":{"@type":"PropertyValueSpecification","valueRequired":true,"valueName":"search_term_string"}}],"inLanguage":"en-US"}]}},"_links":{"self":[{"href":"https:\/\/www.grupoacocearense.com.br\/en\/wp-json\/wp\/v2\/noticia\/22650","targetHints":{"allow":["GET"]}}],"collection":[{"href":"https:\/\/www.grupoacocearense.com.br\/en\/wp-json\/wp\/v2\/noticia"}],"about":[{"href":"https:\/\/www.grupoacocearense.com.br\/en\/wp-json\/wp\/v2\/types\/noticia"}],"wp:featuredmedia":[{"embeddable":true,"href":"https:\/\/www.grupoacocearense.com.br\/en\/wp-json\/wp\/v2\/media\/22655"}],"wp:attachment":[{"href":"https:\/\/www.grupoacocearense.com.br\/en\/wp-json\/wp\/v2\/media?parent=22650"}],"wp:term":[{"taxonomy":"categoria-noticia","embeddable":true,"href":"https:\/\/www.grupoacocearense.com.br\/en\/wp-json\/wp\/v2\/categoria-noticia?post=22650"}],"curies":[{"name":"wp","href":"https:\/\/api.w.org\/{rel}","templated":true}]}}