{"id":22647,"date":"2025-11-20T14:50:24","date_gmt":"2025-11-20T17:50:24","guid":{"rendered":"https:\/\/www.grupoacocearense.com.br\/?post_type=noticia&#038;p=22647"},"modified":"2025-12-03T14:57:51","modified_gmt":"2025-12-03T17:57:51","slug":"projeto-crescer-forma-mais-uma-turma-de-jovens-com-aco-cearense-e-instituto-aco-cearense","status":"publish","type":"noticia","link":"https:\/\/www.grupoacocearense.com.br\/en\/noticia\/projeto-crescer-forma-mais-uma-turma-de-jovens-com-aco-cearense-e-instituto-aco-cearense\/","title":{"rendered":"The Crescer Project trains another class of young people with A\u00e7o Cearense and Instituto A\u00e7o Cearense."},"content":{"rendered":"<p>The Instituto A\u00e7o Cearense and A\u00e7o Cearense have completed another edition of <strong>Grow Project<\/strong>, an initiative that offers intensive training for young people from Parque Leblon, in Caucaia, focusing on personal and professional development and preparation for entering the workforce.<\/p>\n<p>Held in partnership with the Human Resources department of A\u00e7o Cearense and with the support of various areas of the company, the course provided participants with a learning journey on topics such as <strong>Self-awareness, communication, professional demeanor, career vision, and first steps in the job market.<\/strong> Crescer&#039;s goal is to deliver essential content in a short period for those starting their professional journey, strengthening skills and opening up new perspectives for the future.<\/p>\n<p>As part of the program, the young people participated in a technical visit to <strong>Cear\u00e1 Steel Matrix<\/strong>During the visit, they learned about strategic sectors, production processes, and the routines of the headquarters. The event also included a roundtable discussion with company employees (Jordan, Naira, and Janaira) who shared their experiences, career paths, and lessons learned, inspiring the participants to build their own career paths.<\/p>\n<p>This edition was made possible thanks to the partnership with... <strong>Santana Patronage<\/strong>, responsible for mobilizing young people and providing support throughout the project. The feedback received reinforces the positive impact of the initiative and its contribution to community development.<\/p>\n<p>The Instituto A\u00e7o Cearense and A\u00e7o Cearense especially thank the professionals involved in conducting the activities.<\/p>","protected":false},"featured_media":22648,"template":"","meta":{"_acf_changed":false,"inline_featured_image":false},"categoria-noticia":[],"class_list":["post-22647","noticia","type-noticia","status-publish","has-post-thumbnail","hentry"],"acf":{"link":""},"yoast_head":"<!-- This site is optimized with the Yoast SEO plugin v27.4 - https:\/\/yoast.com\/product\/yoast-seo-wordpress\/ -->\n<title>A\u00e7o Cearense e Projeto Crescer forma mais uma turma de jovens<\/title>\n<meta name=\"description\" content=\"O Projeto Crescer forma nova turma de jovens em Caucaia, com capacita\u00e7\u00e3o profissional, visita \u00e0 A\u00e7o Cearense e apoio do Instituto A\u00e7o Cearense\" \/>\n<meta name=\"robots\" content=\"index, follow, max-snippet:-1, max-image-preview:large, max-video-preview:-1\" \/>\n<link rel=\"canonical\" href=\"https:\/\/www.grupoacocearense.com.br\/en\/noticia\/projeto-crescer-forma-mais-uma-turma-de-jovens-com-aco-cearense-e-instituto-aco-cearense\/\" \/>\n<meta property=\"og:locale\" content=\"en_US\" \/>\n<meta property=\"og:type\" content=\"article\" \/>\n<meta property=\"og:title\" content=\"A\u00e7o Cearense e Projeto Crescer forma mais uma turma de jovens\" \/>\n<meta property=\"og:description\" content=\"O Projeto Crescer forma nova turma de jovens em Caucaia, com capacita\u00e7\u00e3o profissional, visita \u00e0 A\u00e7o Cearense e apoio do Instituto A\u00e7o Cearense\" \/>\n<meta property=\"og:url\" content=\"https:\/\/www.grupoacocearense.com.br\/en\/noticia\/projeto-crescer-forma-mais-uma-turma-de-jovens-com-aco-cearense-e-instituto-aco-cearense\/\" \/>\n<meta property=\"og:site_name\" content=\"Grupo A\u00e7o Cearense\" \/>\n<meta property=\"article:modified_time\" content=\"2025-12-03T17:57:51+00:00\" \/>\n<meta property=\"og:image\" content=\"https:\/\/www.grupoacocearense.com.br\/wp-content\/uploads\/2025\/12\/image-1.png\" \/>\n\t<meta property=\"og:image:width\" content=\"1280\" \/>\n\t<meta property=\"og:image:height\" content=\"960\" \/>\n\t<meta property=\"og:image:type\" content=\"image\/png\" \/>\n<meta name=\"twitter:card\" content=\"summary_large_image\" \/>\n<meta name=\"twitter:label1\" content=\"Est. reading time\" \/>\n\t<meta name=\"twitter:data1\" content=\"2 minutes\" \/>\n<script type=\"application\/ld+json\" class=\"yoast-schema-graph\">{\"@context\":\"https:\\\/\\\/schema.org\",\"@graph\":[{\"@type\":\"WebPage\",\"@id\":\"https:\\\/\\\/www.grupoacocearense.com.br\\\/noticia\\\/projeto-crescer-forma-mais-uma-turma-de-jovens-com-aco-cearense-e-instituto-aco-cearense\\\/\",\"url\":\"https:\\\/\\\/www.grupoacocearense.com.br\\\/noticia\\\/projeto-crescer-forma-mais-uma-turma-de-jovens-com-aco-cearense-e-instituto-aco-cearense\\\/\",\"name\":\"A\u00e7o Cearense e Projeto Crescer forma mais uma turma de jovens\",\"isPartOf\":{\"@id\":\"https:\\\/\\\/previews.elleven.digital\\\/acocearense\\\/#website\"},\"primaryImageOfPage\":{\"@id\":\"https:\\\/\\\/www.grupoacocearense.com.br\\\/noticia\\\/projeto-crescer-forma-mais-uma-turma-de-jovens-com-aco-cearense-e-instituto-aco-cearense\\\/#primaryimage\"},\"image\":{\"@id\":\"https:\\\/\\\/www.grupoacocearense.com.br\\\/noticia\\\/projeto-crescer-forma-mais-uma-turma-de-jovens-com-aco-cearense-e-instituto-aco-cearense\\\/#primaryimage\"},\"thumbnailUrl\":\"https:\\\/\\\/www.grupoacocearense.com.br\\\/wp-content\\\/uploads\\\/2025\\\/12\\\/image-1.png\",\"datePublished\":\"2025-11-20T17:50:24+00:00\",\"dateModified\":\"2025-12-03T17:57:51+00:00\",\"description\":\"O Projeto Crescer forma nova turma de jovens em Caucaia, com capacita\u00e7\u00e3o profissional, visita \u00e0 A\u00e7o Cearense e apoio do Instituto A\u00e7o Cearense\",\"breadcrumb\":{\"@id\":\"https:\\\/\\\/www.grupoacocearense.com.br\\\/noticia\\\/projeto-crescer-forma-mais-uma-turma-de-jovens-com-aco-cearense-e-instituto-aco-cearense\\\/#breadcrumb\"},\"inLanguage\":\"en-US\",\"potentialAction\":[{\"@type\":\"ReadAction\",\"target\":[\"https:\\\/\\\/www.grupoacocearense.com.br\\\/noticia\\\/projeto-crescer-forma-mais-uma-turma-de-jovens-com-aco-cearense-e-instituto-aco-cearense\\\/\"]}]},{\"@type\":\"ImageObject\",\"inLanguage\":\"en-US\",\"@id\":\"https:\\\/\\\/www.grupoacocearense.com.br\\\/noticia\\\/projeto-crescer-forma-mais-uma-turma-de-jovens-com-aco-cearense-e-instituto-aco-cearense\\\/#primaryimage\",\"url\":\"https:\\\/\\\/www.grupoacocearense.com.br\\\/wp-content\\\/uploads\\\/2025\\\/12\\\/image-1.png\",\"contentUrl\":\"https:\\\/\\\/www.grupoacocearense.com.br\\\/wp-content\\\/uploads\\\/2025\\\/12\\\/image-1.png\",\"width\":1280,\"height\":960},{\"@type\":\"BreadcrumbList\",\"@id\":\"https:\\\/\\\/www.grupoacocearense.com.br\\\/noticia\\\/projeto-crescer-forma-mais-uma-turma-de-jovens-com-aco-cearense-e-instituto-aco-cearense\\\/#breadcrumb\",\"itemListElement\":[{\"@type\":\"ListItem\",\"position\":1,\"name\":\"In\u00edcio\",\"item\":\"https:\\\/\\\/www.grupoacocearense.com.br\\\/\"},{\"@type\":\"ListItem\",\"position\":2,\"name\":\"Not\u00edcias\",\"item\":\"https:\\\/\\\/previews.elleven.digital\\\/acocearense\\\/noticias\\\/\"},{\"@type\":\"ListItem\",\"position\":3,\"name\":\"Projeto Crescer forma mais uma turma de jovens com A\u00e7o Cearense e Instituto A\u00e7o Cearense\"}]},{\"@type\":\"WebSite\",\"@id\":\"https:\\\/\\\/previews.elleven.digital\\\/acocearense\\\/#website\",\"url\":\"https:\\\/\\\/previews.elleven.digital\\\/acocearense\\\/\",\"name\":\"A\u00e7o Cearense\",\"description\":\"H\u00e1 mais de 45 anos no mercado brasileiro do a\u00e7o.\",\"alternateName\":\"A\u00e7o Cearense\",\"potentialAction\":[{\"@type\":\"SearchAction\",\"target\":{\"@type\":\"EntryPoint\",\"urlTemplate\":\"https:\\\/\\\/previews.elleven.digital\\\/acocearense\\\/?s={search_term_string}\"},\"query-input\":{\"@type\":\"PropertyValueSpecification\",\"valueRequired\":true,\"valueName\":\"search_term_string\"}}],\"inLanguage\":\"en-US\"}]}<\/script>\n<!-- \/ Yoast SEO plugin. -->","yoast_head_json":{"title":"A\u00e7o Cearense e Projeto Crescer forma mais uma turma de jovens","description":"O Projeto Crescer forma nova turma de jovens em Caucaia, com capacita\u00e7\u00e3o profissional, visita \u00e0 A\u00e7o Cearense e apoio do Instituto A\u00e7o Cearense","robots":{"index":"index","follow":"follow","max-snippet":"max-snippet:-1","max-image-preview":"max-image-preview:large","max-video-preview":"max-video-preview:-1"},"canonical":"https:\/\/www.grupoacocearense.com.br\/en\/noticia\/projeto-crescer-forma-mais-uma-turma-de-jovens-com-aco-cearense-e-instituto-aco-cearense\/","og_locale":"en_US","og_type":"article","og_title":"A\u00e7o Cearense e Projeto Crescer forma mais uma turma de jovens","og_description":"O Projeto Crescer forma nova turma de jovens em Caucaia, com capacita\u00e7\u00e3o profissional, visita \u00e0 A\u00e7o Cearense e apoio do Instituto A\u00e7o Cearense","og_url":"https:\/\/www.grupoacocearense.com.br\/en\/noticia\/projeto-crescer-forma-mais-uma-turma-de-jovens-com-aco-cearense-e-instituto-aco-cearense\/","og_site_name":"Grupo A\u00e7o Cearense","article_modified_time":"2025-12-03T17:57:51+00:00","og_image":[{"width":1280,"height":960,"url":"https:\/\/www.grupoacocearense.com.br\/wp-content\/uploads\/2025\/12\/image-1.png","type":"image\/png"}],"twitter_card":"summary_large_image","twitter_misc":{"Est. reading time":"2 minutes"},"schema":{"@context":"https:\/\/schema.org","@graph":[{"@type":"WebPage","@id":"https:\/\/www.grupoacocearense.com.br\/noticia\/projeto-crescer-forma-mais-uma-turma-de-jovens-com-aco-cearense-e-instituto-aco-cearense\/","url":"https:\/\/www.grupoacocearense.com.br\/noticia\/projeto-crescer-forma-mais-uma-turma-de-jovens-com-aco-cearense-e-instituto-aco-cearense\/","name":"A\u00e7o Cearense e Projeto Crescer forma mais uma turma de jovens","isPartOf":{"@id":"https:\/\/previews.elleven.digital\/acocearense\/#website"},"primaryImageOfPage":{"@id":"https:\/\/www.grupoacocearense.com.br\/noticia\/projeto-crescer-forma-mais-uma-turma-de-jovens-com-aco-cearense-e-instituto-aco-cearense\/#primaryimage"},"image":{"@id":"https:\/\/www.grupoacocearense.com.br\/noticia\/projeto-crescer-forma-mais-uma-turma-de-jovens-com-aco-cearense-e-instituto-aco-cearense\/#primaryimage"},"thumbnailUrl":"https:\/\/www.grupoacocearense.com.br\/wp-content\/uploads\/2025\/12\/image-1.png","datePublished":"2025-11-20T17:50:24+00:00","dateModified":"2025-12-03T17:57:51+00:00","description":"O Projeto Crescer forma nova turma de jovens em Caucaia, com capacita\u00e7\u00e3o profissional, visita \u00e0 A\u00e7o Cearense e apoio do Instituto A\u00e7o Cearense","breadcrumb":{"@id":"https:\/\/www.grupoacocearense.com.br\/noticia\/projeto-crescer-forma-mais-uma-turma-de-jovens-com-aco-cearense-e-instituto-aco-cearense\/#breadcrumb"},"inLanguage":"en-US","potentialAction":[{"@type":"ReadAction","target":["https:\/\/www.grupoacocearense.com.br\/noticia\/projeto-crescer-forma-mais-uma-turma-de-jovens-com-aco-cearense-e-instituto-aco-cearense\/"]}]},{"@type":"ImageObject","inLanguage":"en-US","@id":"https:\/\/www.grupoacocearense.com.br\/noticia\/projeto-crescer-forma-mais-uma-turma-de-jovens-com-aco-cearense-e-instituto-aco-cearense\/#primaryimage","url":"https:\/\/www.grupoacocearense.com.br\/wp-content\/uploads\/2025\/12\/image-1.png","contentUrl":"https:\/\/www.grupoacocearense.com.br\/wp-content\/uploads\/2025\/12\/image-1.png","width":1280,"height":960},{"@type":"BreadcrumbList","@id":"https:\/\/www.grupoacocearense.com.br\/noticia\/projeto-crescer-forma-mais-uma-turma-de-jovens-com-aco-cearense-e-instituto-aco-cearense\/#breadcrumb","itemListElement":[{"@type":"ListItem","position":1,"name":"In\u00edcio","item":"https:\/\/www.grupoacocearense.com.br\/"},{"@type":"ListItem","position":2,"name":"Not\u00edcias","item":"https:\/\/previews.elleven.digital\/acocearense\/noticias\/"},{"@type":"ListItem","position":3,"name":"Projeto Crescer forma mais uma turma de jovens com A\u00e7o Cearense e Instituto A\u00e7o Cearense"}]},{"@type":"WebSite","@id":"https:\/\/previews.elleven.digital\/acocearense\/#website","url":"https:\/\/previews.elleven.digital\/acocearense\/","name":"Cear\u00e1 Steel","description":"In the Brazilian steel market for over 45 years.","alternateName":"A\u00e7o Cearense","potentialAction":[{"@type":"SearchAction","target":{"@type":"EntryPoint","urlTemplate":"https:\/\/previews.elleven.digital\/acocearense\/?s={search_term_string}"},"query-input":{"@type":"PropertyValueSpecification","valueRequired":true,"valueName":"search_term_string"}}],"inLanguage":"en-US"}]}},"_links":{"self":[{"href":"https:\/\/www.grupoacocearense.com.br\/en\/wp-json\/wp\/v2\/noticia\/22647","targetHints":{"allow":["GET"]}}],"collection":[{"href":"https:\/\/www.grupoacocearense.com.br\/en\/wp-json\/wp\/v2\/noticia"}],"about":[{"href":"https:\/\/www.grupoacocearense.com.br\/en\/wp-json\/wp\/v2\/types\/noticia"}],"wp:featuredmedia":[{"embeddable":true,"href":"https:\/\/www.grupoacocearense.com.br\/en\/wp-json\/wp\/v2\/media\/22648"}],"wp:attachment":[{"href":"https:\/\/www.grupoacocearense.com.br\/en\/wp-json\/wp\/v2\/media?parent=22647"}],"wp:term":[{"taxonomy":"categoria-noticia","embeddable":true,"href":"https:\/\/www.grupoacocearense.com.br\/en\/wp-json\/wp\/v2\/categoria-noticia?post=22647"}],"curies":[{"name":"wp","href":"https:\/\/api.w.org\/{rel}","templated":true}]}}