{"id":22634,"date":"2025-10-25T14:30:26","date_gmt":"2025-10-25T17:30:26","guid":{"rendered":"https:\/\/www.grupoacocearense.com.br\/?post_type=noticia&#038;p=22634"},"modified":"2025-11-18T14:36:27","modified_gmt":"2025-11-18T17:36:27","slug":"instituto-aco-cearense-participa-da-3a-edicao-do-dia-do-voluntariado-no-complexo-do-pecem","status":"publish","type":"noticia","link":"https:\/\/www.grupoacocearense.com.br\/en\/noticia\/instituto-aco-cearense-participa-da-3a-edicao-do-dia-do-voluntariado-no-complexo-do-pecem\/","title":{"rendered":"Instituto A\u00e7o Cearense participates in the 3rd edition of Volunteer Day at the Pec\u00e9m Complex."},"content":{"rendered":"<p>The Instituto A\u00e7o Cearense was present at the 3rd edition of <strong>Volunteer Day<\/strong>, a mobilization focused on the care and support of children from communities surrounding the Pec\u00e9m Complex. The action was carried out simultaneously in three public schools in the region, bringing together volunteers from partner companies, teachers, and students.<\/p>\n<p>The activities took place in <strong>EEIEF Saul Gomes de Matos<\/strong> (Cau\u00edpe Plateau \u2013 Caucaia), <strong>EEIEF Luiz Rocha Mota<\/strong> (Cau\u00edpe \u2013 Caucaia) and <strong>EEF Poetess Abigail Sampaio<\/strong> (Parada \u2013 Pec\u00e9m, S\u00e3o Gon\u00e7alo do Amarante), where playful, educational experiences integrated into the daily lives of local communities were promoted.<\/p>\n<p>The Instituto A\u00e7o Cearense believes that volunteering is a movement that <strong>It strengthens bonds, awakens potential, and builds the future through collective care.<\/strong><\/p>\n<blockquote><p><em>\u201cWhen we mobilize people to look out for one another, we are building a network that sustains the present and prepares for tomorrow. Every act of care transforms realities.\u201d<\/em> Luciana Rabelo, coordinator of the Institute, points this out.<\/p><\/blockquote>\n<p>This action reinforces the Institute&#039;s commitment to... <strong>education, well-being, citizenship and social inclusion.<\/strong><\/p>","protected":false},"featured_media":22635,"template":"","meta":{"_acf_changed":false,"inline_featured_image":false},"categoria-noticia":[],"class_list":["post-22634","noticia","type-noticia","status-publish","has-post-thumbnail","hentry"],"acf":{"link":""},"yoast_head":"<!-- This site is optimized with the Yoast SEO plugin v27.4 - https:\/\/yoast.com\/product\/yoast-seo-wordpress\/ -->\n<title>Instituto A\u00e7o Cearense participa do Dia do Voluntariado<\/title>\n<meta name=\"description\" content=\"O Instituto A\u00e7o Cearense participou da 3\u00aa edi\u00e7\u00e3o do Dia do Voluntariado, a\u00e7\u00e3o realizada promovendo atividades educativas e acolhimento.\" \/>\n<meta name=\"robots\" content=\"index, follow, max-snippet:-1, max-image-preview:large, max-video-preview:-1\" \/>\n<link rel=\"canonical\" href=\"https:\/\/www.grupoacocearense.com.br\/en\/noticia\/instituto-aco-cearense-participa-da-3a-edicao-do-dia-do-voluntariado-no-complexo-do-pecem\/\" \/>\n<meta property=\"og:locale\" content=\"en_US\" \/>\n<meta property=\"og:type\" content=\"article\" \/>\n<meta property=\"og:title\" content=\"Instituto A\u00e7o Cearense participa do Dia do Voluntariado\" \/>\n<meta property=\"og:description\" content=\"O Instituto A\u00e7o Cearense participou da 3\u00aa edi\u00e7\u00e3o do Dia do Voluntariado, a\u00e7\u00e3o realizada promovendo atividades educativas e acolhimento.\" \/>\n<meta property=\"og:url\" content=\"https:\/\/www.grupoacocearense.com.br\/en\/noticia\/instituto-aco-cearense-participa-da-3a-edicao-do-dia-do-voluntariado-no-complexo-do-pecem\/\" \/>\n<meta property=\"og:site_name\" content=\"Grupo A\u00e7o Cearense\" \/>\n<meta property=\"article:modified_time\" content=\"2025-11-18T17:36:27+00:00\" \/>\n<meta property=\"og:image\" content=\"https:\/\/www.grupoacocearense.com.br\/wp-content\/uploads\/2025\/11\/Foto-137-scaled.jpg\" \/>\n\t<meta property=\"og:image:width\" content=\"2560\" \/>\n\t<meta property=\"og:image:height\" content=\"1707\" \/>\n\t<meta property=\"og:image:type\" content=\"image\/jpeg\" \/>\n<meta name=\"twitter:card\" content=\"summary_large_image\" \/>\n<meta name=\"twitter:label1\" content=\"Est. reading time\" \/>\n\t<meta name=\"twitter:data1\" content=\"1 minute\" \/>\n<script type=\"application\/ld+json\" class=\"yoast-schema-graph\">{\"@context\":\"https:\\\/\\\/schema.org\",\"@graph\":[{\"@type\":\"WebPage\",\"@id\":\"https:\\\/\\\/www.grupoacocearense.com.br\\\/noticia\\\/instituto-aco-cearense-participa-da-3a-edicao-do-dia-do-voluntariado-no-complexo-do-pecem\\\/\",\"url\":\"https:\\\/\\\/www.grupoacocearense.com.br\\\/noticia\\\/instituto-aco-cearense-participa-da-3a-edicao-do-dia-do-voluntariado-no-complexo-do-pecem\\\/\",\"name\":\"Instituto A\u00e7o Cearense participa do Dia do Voluntariado\",\"isPartOf\":{\"@id\":\"https:\\\/\\\/previews.elleven.digital\\\/acocearense\\\/#website\"},\"primaryImageOfPage\":{\"@id\":\"https:\\\/\\\/www.grupoacocearense.com.br\\\/noticia\\\/instituto-aco-cearense-participa-da-3a-edicao-do-dia-do-voluntariado-no-complexo-do-pecem\\\/#primaryimage\"},\"image\":{\"@id\":\"https:\\\/\\\/www.grupoacocearense.com.br\\\/noticia\\\/instituto-aco-cearense-participa-da-3a-edicao-do-dia-do-voluntariado-no-complexo-do-pecem\\\/#primaryimage\"},\"thumbnailUrl\":\"https:\\\/\\\/www.grupoacocearense.com.br\\\/wp-content\\\/uploads\\\/2025\\\/11\\\/Foto-137-scaled.jpg\",\"datePublished\":\"2025-10-25T17:30:26+00:00\",\"dateModified\":\"2025-11-18T17:36:27+00:00\",\"description\":\"O Instituto A\u00e7o Cearense participou da 3\u00aa edi\u00e7\u00e3o do Dia do Voluntariado, a\u00e7\u00e3o realizada promovendo atividades educativas e acolhimento.\",\"breadcrumb\":{\"@id\":\"https:\\\/\\\/www.grupoacocearense.com.br\\\/noticia\\\/instituto-aco-cearense-participa-da-3a-edicao-do-dia-do-voluntariado-no-complexo-do-pecem\\\/#breadcrumb\"},\"inLanguage\":\"en-US\",\"potentialAction\":[{\"@type\":\"ReadAction\",\"target\":[\"https:\\\/\\\/www.grupoacocearense.com.br\\\/noticia\\\/instituto-aco-cearense-participa-da-3a-edicao-do-dia-do-voluntariado-no-complexo-do-pecem\\\/\"]}]},{\"@type\":\"ImageObject\",\"inLanguage\":\"en-US\",\"@id\":\"https:\\\/\\\/www.grupoacocearense.com.br\\\/noticia\\\/instituto-aco-cearense-participa-da-3a-edicao-do-dia-do-voluntariado-no-complexo-do-pecem\\\/#primaryimage\",\"url\":\"https:\\\/\\\/www.grupoacocearense.com.br\\\/wp-content\\\/uploads\\\/2025\\\/11\\\/Foto-137-scaled.jpg\",\"contentUrl\":\"https:\\\/\\\/www.grupoacocearense.com.br\\\/wp-content\\\/uploads\\\/2025\\\/11\\\/Foto-137-scaled.jpg\",\"width\":2560,\"height\":1707},{\"@type\":\"BreadcrumbList\",\"@id\":\"https:\\\/\\\/www.grupoacocearense.com.br\\\/noticia\\\/instituto-aco-cearense-participa-da-3a-edicao-do-dia-do-voluntariado-no-complexo-do-pecem\\\/#breadcrumb\",\"itemListElement\":[{\"@type\":\"ListItem\",\"position\":1,\"name\":\"In\u00edcio\",\"item\":\"https:\\\/\\\/www.grupoacocearense.com.br\\\/\"},{\"@type\":\"ListItem\",\"position\":2,\"name\":\"Not\u00edcias\",\"item\":\"https:\\\/\\\/previews.elleven.digital\\\/acocearense\\\/noticias\\\/\"},{\"@type\":\"ListItem\",\"position\":3,\"name\":\"Instituto A\u00e7o Cearense participa da 3\u00aa edi\u00e7\u00e3o do Dia do Voluntariado no Complexo do Pec\u00e9m\"}]},{\"@type\":\"WebSite\",\"@id\":\"https:\\\/\\\/previews.elleven.digital\\\/acocearense\\\/#website\",\"url\":\"https:\\\/\\\/previews.elleven.digital\\\/acocearense\\\/\",\"name\":\"A\u00e7o Cearense\",\"description\":\"H\u00e1 mais de 45 anos no mercado brasileiro do a\u00e7o.\",\"alternateName\":\"A\u00e7o Cearense\",\"potentialAction\":[{\"@type\":\"SearchAction\",\"target\":{\"@type\":\"EntryPoint\",\"urlTemplate\":\"https:\\\/\\\/previews.elleven.digital\\\/acocearense\\\/?s={search_term_string}\"},\"query-input\":{\"@type\":\"PropertyValueSpecification\",\"valueRequired\":true,\"valueName\":\"search_term_string\"}}],\"inLanguage\":\"en-US\"}]}<\/script>\n<!-- \/ Yoast SEO plugin. -->","yoast_head_json":{"title":"Instituto A\u00e7o Cearense participa do Dia do Voluntariado","description":"O Instituto A\u00e7o Cearense participou da 3\u00aa edi\u00e7\u00e3o do Dia do Voluntariado, a\u00e7\u00e3o realizada promovendo atividades educativas e acolhimento.","robots":{"index":"index","follow":"follow","max-snippet":"max-snippet:-1","max-image-preview":"max-image-preview:large","max-video-preview":"max-video-preview:-1"},"canonical":"https:\/\/www.grupoacocearense.com.br\/en\/noticia\/instituto-aco-cearense-participa-da-3a-edicao-do-dia-do-voluntariado-no-complexo-do-pecem\/","og_locale":"en_US","og_type":"article","og_title":"Instituto A\u00e7o Cearense participa do Dia do Voluntariado","og_description":"O Instituto A\u00e7o Cearense participou da 3\u00aa edi\u00e7\u00e3o do Dia do Voluntariado, a\u00e7\u00e3o realizada promovendo atividades educativas e acolhimento.","og_url":"https:\/\/www.grupoacocearense.com.br\/en\/noticia\/instituto-aco-cearense-participa-da-3a-edicao-do-dia-do-voluntariado-no-complexo-do-pecem\/","og_site_name":"Grupo A\u00e7o Cearense","article_modified_time":"2025-11-18T17:36:27+00:00","og_image":[{"width":2560,"height":1707,"url":"https:\/\/www.grupoacocearense.com.br\/wp-content\/uploads\/2025\/11\/Foto-137-scaled.jpg","type":"image\/jpeg"}],"twitter_card":"summary_large_image","twitter_misc":{"Est. reading time":"1 minute"},"schema":{"@context":"https:\/\/schema.org","@graph":[{"@type":"WebPage","@id":"https:\/\/www.grupoacocearense.com.br\/noticia\/instituto-aco-cearense-participa-da-3a-edicao-do-dia-do-voluntariado-no-complexo-do-pecem\/","url":"https:\/\/www.grupoacocearense.com.br\/noticia\/instituto-aco-cearense-participa-da-3a-edicao-do-dia-do-voluntariado-no-complexo-do-pecem\/","name":"Instituto A\u00e7o Cearense participa do Dia do Voluntariado","isPartOf":{"@id":"https:\/\/previews.elleven.digital\/acocearense\/#website"},"primaryImageOfPage":{"@id":"https:\/\/www.grupoacocearense.com.br\/noticia\/instituto-aco-cearense-participa-da-3a-edicao-do-dia-do-voluntariado-no-complexo-do-pecem\/#primaryimage"},"image":{"@id":"https:\/\/www.grupoacocearense.com.br\/noticia\/instituto-aco-cearense-participa-da-3a-edicao-do-dia-do-voluntariado-no-complexo-do-pecem\/#primaryimage"},"thumbnailUrl":"https:\/\/www.grupoacocearense.com.br\/wp-content\/uploads\/2025\/11\/Foto-137-scaled.jpg","datePublished":"2025-10-25T17:30:26+00:00","dateModified":"2025-11-18T17:36:27+00:00","description":"O Instituto A\u00e7o Cearense participou da 3\u00aa edi\u00e7\u00e3o do Dia do Voluntariado, a\u00e7\u00e3o realizada promovendo atividades educativas e acolhimento.","breadcrumb":{"@id":"https:\/\/www.grupoacocearense.com.br\/noticia\/instituto-aco-cearense-participa-da-3a-edicao-do-dia-do-voluntariado-no-complexo-do-pecem\/#breadcrumb"},"inLanguage":"en-US","potentialAction":[{"@type":"ReadAction","target":["https:\/\/www.grupoacocearense.com.br\/noticia\/instituto-aco-cearense-participa-da-3a-edicao-do-dia-do-voluntariado-no-complexo-do-pecem\/"]}]},{"@type":"ImageObject","inLanguage":"en-US","@id":"https:\/\/www.grupoacocearense.com.br\/noticia\/instituto-aco-cearense-participa-da-3a-edicao-do-dia-do-voluntariado-no-complexo-do-pecem\/#primaryimage","url":"https:\/\/www.grupoacocearense.com.br\/wp-content\/uploads\/2025\/11\/Foto-137-scaled.jpg","contentUrl":"https:\/\/www.grupoacocearense.com.br\/wp-content\/uploads\/2025\/11\/Foto-137-scaled.jpg","width":2560,"height":1707},{"@type":"BreadcrumbList","@id":"https:\/\/www.grupoacocearense.com.br\/noticia\/instituto-aco-cearense-participa-da-3a-edicao-do-dia-do-voluntariado-no-complexo-do-pecem\/#breadcrumb","itemListElement":[{"@type":"ListItem","position":1,"name":"In\u00edcio","item":"https:\/\/www.grupoacocearense.com.br\/"},{"@type":"ListItem","position":2,"name":"Not\u00edcias","item":"https:\/\/previews.elleven.digital\/acocearense\/noticias\/"},{"@type":"ListItem","position":3,"name":"Instituto A\u00e7o Cearense participa da 3\u00aa edi\u00e7\u00e3o do Dia do Voluntariado no Complexo do Pec\u00e9m"}]},{"@type":"WebSite","@id":"https:\/\/previews.elleven.digital\/acocearense\/#website","url":"https:\/\/previews.elleven.digital\/acocearense\/","name":"Cear\u00e1 Steel","description":"In the Brazilian steel market for over 45 years.","alternateName":"A\u00e7o Cearense","potentialAction":[{"@type":"SearchAction","target":{"@type":"EntryPoint","urlTemplate":"https:\/\/previews.elleven.digital\/acocearense\/?s={search_term_string}"},"query-input":{"@type":"PropertyValueSpecification","valueRequired":true,"valueName":"search_term_string"}}],"inLanguage":"en-US"}]}},"_links":{"self":[{"href":"https:\/\/www.grupoacocearense.com.br\/en\/wp-json\/wp\/v2\/noticia\/22634","targetHints":{"allow":["GET"]}}],"collection":[{"href":"https:\/\/www.grupoacocearense.com.br\/en\/wp-json\/wp\/v2\/noticia"}],"about":[{"href":"https:\/\/www.grupoacocearense.com.br\/en\/wp-json\/wp\/v2\/types\/noticia"}],"wp:featuredmedia":[{"embeddable":true,"href":"https:\/\/www.grupoacocearense.com.br\/en\/wp-json\/wp\/v2\/media\/22635"}],"wp:attachment":[{"href":"https:\/\/www.grupoacocearense.com.br\/en\/wp-json\/wp\/v2\/media?parent=22634"}],"wp:term":[{"taxonomy":"categoria-noticia","embeddable":true,"href":"https:\/\/www.grupoacocearense.com.br\/en\/wp-json\/wp\/v2\/categoria-noticia?post=22634"}],"curies":[{"name":"wp","href":"https:\/\/api.w.org\/{rel}","templated":true}]}}