{"id":22630,"date":"2025-11-18T14:26:19","date_gmt":"2025-11-18T17:26:19","guid":{"rendered":"https:\/\/www.grupoacocearense.com.br\/?post_type=noticia&#038;p=22630"},"modified":"2025-11-18T14:29:07","modified_gmt":"2025-11-18T17:29:07","slug":"aco-cearense-apresenta-na-casacor-ceara-2025","status":"publish","type":"noticia","link":"https:\/\/www.grupoacocearense.com.br\/en\/noticia\/aco-cearense-apresenta-na-casacor-ceara-2025\/","title":{"rendered":"A\u00e7o Cearense presents the &quot;From Fire to Steel&quot; environment at CASACOR Cear\u00e1 2025."},"content":{"rendered":"<h3><strong>An experience that reveals the beauty of raw materials as art, architecture, and purpose.<\/strong><\/h3>\n<p style=\"text-align: left;\">At CASACOR Cear\u00e1 2025, A\u00e7o Cearense presents an experience that combines sensitivity and strength:<\/p>\n<p style=\"text-align: left;\">The environment<strong>From Fire to Steel<\/strong>\u201d, designed by architect Marcelo Franco.<\/p>\n<p style=\"text-align: left;\">The space guides the visitor through the journey of steel, its origin, its meaning, and its symbolic power.<strong>, <\/strong>Showing how texture, light, joinery, and structure can evoke sensations and awaken new ways of creating. Inspired by iron in its rawest form, the architect reveals the soul of the project: an architecture that is born from the raw material, but goes beyond it.<\/p>\n<blockquote><p>\u201c<em>We bring an architectural nobility, of form, of feeling, and transform it into something more. The main point of the project is to present, in a simple way, an architecture that would spark curiosity, not only for the material, but also for the structure as a whole.\u201d<\/em> \u2014 Marcelo Franco, architect of the project.<\/p><\/blockquote>\n<p style=\"text-align: left;\">More than just an environment, &quot;From Fire to Steel&quot; is an experience that integrates matter and feeling, translating the essence of A\u00e7o Cearense: transforming possibilities into structures that build tomorrow.<\/p>\n<p><img loading=\"lazy\" decoding=\"async\" class=\"alignnone wp-image-22632\" src=\"https:\/\/www.grupoacocearense.com.br\/wp-content\/uploads\/2025\/11\/Marcelo-Franco-17-300x200.jpg\" alt=\"\" width=\"871\" height=\"580\" srcset=\"https:\/\/www.grupoacocearense.com.br\/wp-content\/uploads\/2025\/11\/Marcelo-Franco-17-300x200.jpg 300w, https:\/\/www.grupoacocearense.com.br\/wp-content\/uploads\/2025\/11\/Marcelo-Franco-17-1024x683.jpg 1024w, https:\/\/www.grupoacocearense.com.br\/wp-content\/uploads\/2025\/11\/Marcelo-Franco-17-768x512.jpg 768w, https:\/\/www.grupoacocearense.com.br\/wp-content\/uploads\/2025\/11\/Marcelo-Franco-17-1536x1024.jpg 1536w, https:\/\/www.grupoacocearense.com.br\/wp-content\/uploads\/2025\/11\/Marcelo-Franco-17-2048x1365.jpg 2048w, https:\/\/www.grupoacocearense.com.br\/wp-content\/uploads\/2025\/11\/Marcelo-Franco-17-18x12.jpg 18w\" sizes=\"auto, (max-width: 871px) 100vw, 871px\" \/><\/p>\n<p style=\"text-align: left;\">In addition to the sensory immersion, CASACOR visitors had special conditions at <em>A\u00e7o Cearense Online Store<\/em>, with a complete line of sheets, pipes, roofing tiles and construction products, always with the reliability and quality that are part of our history.<\/p>\n<p data-prosemirror-content-type=\"node\" data-prosemirror-node-name=\"paragraph\" data-prosemirror-node-block=\"true\" data-pm-slice=\"1 1 []\"><em data-prosemirror-content-type=\"mark\" data-prosemirror-mark-name=\"em\">Also visit our online store (<\/em><a href=\"http:\/\/loja.acocearense.com.br\" data-prosemirror-content-type=\"mark\" data-prosemirror-mark-name=\"link\"><em data-prosemirror-content-type=\"mark\" data-prosemirror-mark-name=\"em\">loja.acocearense.com.br<\/em><\/a><em data-prosemirror-content-type=\"mark\" data-prosemirror-mark-name=\"em\">) and enjoy exclusive benefits..<\/em><\/p>","protected":false},"featured_media":22631,"template":"","meta":{"_acf_changed":false,"inline_featured_image":false},"categoria-noticia":[],"class_list":["post-22630","noticia","type-noticia","status-publish","has-post-thumbnail","hentry"],"acf":{"link":""},"yoast_head":"<!-- This site is optimized with the Yoast SEO plugin v27.4 - https:\/\/yoast.com\/product\/yoast-seo-wordpress\/ -->\n<title>A\u00e7o Cearense apresenta ambiente na CASACOR Cear\u00e1 2025.<\/title>\n<meta name=\"description\" content=\"A A\u00e7o Cearense apresenta o ambiente \u201cDo Fogo ao A\u00e7o\u201d na CASACOR Cear\u00e1 2025, assinado que destaca a beleza do a\u00e7o em sua forma mais pura.\" \/>\n<meta name=\"robots\" content=\"index, follow, max-snippet:-1, max-image-preview:large, max-video-preview:-1\" \/>\n<link rel=\"canonical\" href=\"https:\/\/www.grupoacocearense.com.br\/en\/noticia\/aco-cearense-apresenta-na-casacor-ceara-2025\/\" \/>\n<meta property=\"og:locale\" content=\"en_US\" \/>\n<meta property=\"og:type\" content=\"article\" \/>\n<meta property=\"og:title\" content=\"A\u00e7o Cearense apresenta ambiente na CASACOR Cear\u00e1 2025.\" \/>\n<meta property=\"og:description\" content=\"A A\u00e7o Cearense apresenta o ambiente \u201cDo Fogo ao A\u00e7o\u201d na CASACOR Cear\u00e1 2025, assinado que destaca a beleza do a\u00e7o em sua forma mais pura.\" \/>\n<meta property=\"og:url\" content=\"https:\/\/www.grupoacocearense.com.br\/en\/noticia\/aco-cearense-apresenta-na-casacor-ceara-2025\/\" \/>\n<meta property=\"og:site_name\" content=\"Grupo A\u00e7o Cearense\" \/>\n<meta property=\"article:modified_time\" content=\"2025-11-18T17:29:07+00:00\" \/>\n<meta property=\"og:image\" content=\"https:\/\/www.grupoacocearense.com.br\/wp-content\/uploads\/2025\/11\/Fachada-Noturna-2-scaled.jpg\" \/>\n\t<meta property=\"og:image:width\" content=\"2560\" \/>\n\t<meta property=\"og:image:height\" content=\"1707\" \/>\n\t<meta property=\"og:image:type\" content=\"image\/jpeg\" \/>\n<meta name=\"twitter:card\" content=\"summary_large_image\" \/>\n<meta name=\"twitter:label1\" content=\"Est. reading time\" \/>\n\t<meta name=\"twitter:data1\" content=\"2 minutes\" \/>\n<script type=\"application\/ld+json\" class=\"yoast-schema-graph\">{\"@context\":\"https:\\\/\\\/schema.org\",\"@graph\":[{\"@type\":\"WebPage\",\"@id\":\"https:\\\/\\\/www.grupoacocearense.com.br\\\/noticia\\\/aco-cearense-apresenta-na-casacor-ceara-2025\\\/\",\"url\":\"https:\\\/\\\/www.grupoacocearense.com.br\\\/noticia\\\/aco-cearense-apresenta-na-casacor-ceara-2025\\\/\",\"name\":\"A\u00e7o Cearense apresenta ambiente na CASACOR Cear\u00e1 2025.\",\"isPartOf\":{\"@id\":\"https:\\\/\\\/previews.elleven.digital\\\/acocearense\\\/#website\"},\"primaryImageOfPage\":{\"@id\":\"https:\\\/\\\/www.grupoacocearense.com.br\\\/noticia\\\/aco-cearense-apresenta-na-casacor-ceara-2025\\\/#primaryimage\"},\"image\":{\"@id\":\"https:\\\/\\\/www.grupoacocearense.com.br\\\/noticia\\\/aco-cearense-apresenta-na-casacor-ceara-2025\\\/#primaryimage\"},\"thumbnailUrl\":\"https:\\\/\\\/www.grupoacocearense.com.br\\\/wp-content\\\/uploads\\\/2025\\\/11\\\/Fachada-Noturna-2-scaled.jpg\",\"datePublished\":\"2025-11-18T17:26:19+00:00\",\"dateModified\":\"2025-11-18T17:29:07+00:00\",\"description\":\"A A\u00e7o Cearense apresenta o ambiente \u201cDo Fogo ao A\u00e7o\u201d na CASACOR Cear\u00e1 2025, assinado que destaca a beleza do a\u00e7o em sua forma mais pura.\",\"breadcrumb\":{\"@id\":\"https:\\\/\\\/www.grupoacocearense.com.br\\\/noticia\\\/aco-cearense-apresenta-na-casacor-ceara-2025\\\/#breadcrumb\"},\"inLanguage\":\"en-US\",\"potentialAction\":[{\"@type\":\"ReadAction\",\"target\":[\"https:\\\/\\\/www.grupoacocearense.com.br\\\/noticia\\\/aco-cearense-apresenta-na-casacor-ceara-2025\\\/\"]}]},{\"@type\":\"ImageObject\",\"inLanguage\":\"en-US\",\"@id\":\"https:\\\/\\\/www.grupoacocearense.com.br\\\/noticia\\\/aco-cearense-apresenta-na-casacor-ceara-2025\\\/#primaryimage\",\"url\":\"https:\\\/\\\/www.grupoacocearense.com.br\\\/wp-content\\\/uploads\\\/2025\\\/11\\\/Fachada-Noturna-2-scaled.jpg\",\"contentUrl\":\"https:\\\/\\\/www.grupoacocearense.com.br\\\/wp-content\\\/uploads\\\/2025\\\/11\\\/Fachada-Noturna-2-scaled.jpg\",\"width\":2560,\"height\":1707},{\"@type\":\"BreadcrumbList\",\"@id\":\"https:\\\/\\\/www.grupoacocearense.com.br\\\/noticia\\\/aco-cearense-apresenta-na-casacor-ceara-2025\\\/#breadcrumb\",\"itemListElement\":[{\"@type\":\"ListItem\",\"position\":1,\"name\":\"In\u00edcio\",\"item\":\"https:\\\/\\\/www.grupoacocearense.com.br\\\/\"},{\"@type\":\"ListItem\",\"position\":2,\"name\":\"Not\u00edcias\",\"item\":\"https:\\\/\\\/previews.elleven.digital\\\/acocearense\\\/noticias\\\/\"},{\"@type\":\"ListItem\",\"position\":3,\"name\":\"A\u00e7o Cearense apresenta o ambiente \u201cDo Fogo ao A\u00e7o\u201d na CASACOR Cear\u00e1 2025\"}]},{\"@type\":\"WebSite\",\"@id\":\"https:\\\/\\\/previews.elleven.digital\\\/acocearense\\\/#website\",\"url\":\"https:\\\/\\\/previews.elleven.digital\\\/acocearense\\\/\",\"name\":\"A\u00e7o Cearense\",\"description\":\"H\u00e1 mais de 45 anos no mercado brasileiro do a\u00e7o.\",\"alternateName\":\"A\u00e7o Cearense\",\"potentialAction\":[{\"@type\":\"SearchAction\",\"target\":{\"@type\":\"EntryPoint\",\"urlTemplate\":\"https:\\\/\\\/previews.elleven.digital\\\/acocearense\\\/?s={search_term_string}\"},\"query-input\":{\"@type\":\"PropertyValueSpecification\",\"valueRequired\":true,\"valueName\":\"search_term_string\"}}],\"inLanguage\":\"en-US\"}]}<\/script>\n<!-- \/ Yoast SEO plugin. -->","yoast_head_json":{"title":"A\u00e7o Cearense apresenta ambiente na CASACOR Cear\u00e1 2025.","description":"A A\u00e7o Cearense apresenta o ambiente \u201cDo Fogo ao A\u00e7o\u201d na CASACOR Cear\u00e1 2025, assinado que destaca a beleza do a\u00e7o em sua forma mais pura.","robots":{"index":"index","follow":"follow","max-snippet":"max-snippet:-1","max-image-preview":"max-image-preview:large","max-video-preview":"max-video-preview:-1"},"canonical":"https:\/\/www.grupoacocearense.com.br\/en\/noticia\/aco-cearense-apresenta-na-casacor-ceara-2025\/","og_locale":"en_US","og_type":"article","og_title":"A\u00e7o Cearense apresenta ambiente na CASACOR Cear\u00e1 2025.","og_description":"A A\u00e7o Cearense apresenta o ambiente \u201cDo Fogo ao A\u00e7o\u201d na CASACOR Cear\u00e1 2025, assinado que destaca a beleza do a\u00e7o em sua forma mais pura.","og_url":"https:\/\/www.grupoacocearense.com.br\/en\/noticia\/aco-cearense-apresenta-na-casacor-ceara-2025\/","og_site_name":"Grupo A\u00e7o Cearense","article_modified_time":"2025-11-18T17:29:07+00:00","og_image":[{"width":2560,"height":1707,"url":"https:\/\/www.grupoacocearense.com.br\/wp-content\/uploads\/2025\/11\/Fachada-Noturna-2-scaled.jpg","type":"image\/jpeg"}],"twitter_card":"summary_large_image","twitter_misc":{"Est. reading time":"2 minutes"},"schema":{"@context":"https:\/\/schema.org","@graph":[{"@type":"WebPage","@id":"https:\/\/www.grupoacocearense.com.br\/noticia\/aco-cearense-apresenta-na-casacor-ceara-2025\/","url":"https:\/\/www.grupoacocearense.com.br\/noticia\/aco-cearense-apresenta-na-casacor-ceara-2025\/","name":"A\u00e7o Cearense apresenta ambiente na CASACOR Cear\u00e1 2025.","isPartOf":{"@id":"https:\/\/previews.elleven.digital\/acocearense\/#website"},"primaryImageOfPage":{"@id":"https:\/\/www.grupoacocearense.com.br\/noticia\/aco-cearense-apresenta-na-casacor-ceara-2025\/#primaryimage"},"image":{"@id":"https:\/\/www.grupoacocearense.com.br\/noticia\/aco-cearense-apresenta-na-casacor-ceara-2025\/#primaryimage"},"thumbnailUrl":"https:\/\/www.grupoacocearense.com.br\/wp-content\/uploads\/2025\/11\/Fachada-Noturna-2-scaled.jpg","datePublished":"2025-11-18T17:26:19+00:00","dateModified":"2025-11-18T17:29:07+00:00","description":"A A\u00e7o Cearense apresenta o ambiente \u201cDo Fogo ao A\u00e7o\u201d na CASACOR Cear\u00e1 2025, assinado que destaca a beleza do a\u00e7o em sua forma mais pura.","breadcrumb":{"@id":"https:\/\/www.grupoacocearense.com.br\/noticia\/aco-cearense-apresenta-na-casacor-ceara-2025\/#breadcrumb"},"inLanguage":"en-US","potentialAction":[{"@type":"ReadAction","target":["https:\/\/www.grupoacocearense.com.br\/noticia\/aco-cearense-apresenta-na-casacor-ceara-2025\/"]}]},{"@type":"ImageObject","inLanguage":"en-US","@id":"https:\/\/www.grupoacocearense.com.br\/noticia\/aco-cearense-apresenta-na-casacor-ceara-2025\/#primaryimage","url":"https:\/\/www.grupoacocearense.com.br\/wp-content\/uploads\/2025\/11\/Fachada-Noturna-2-scaled.jpg","contentUrl":"https:\/\/www.grupoacocearense.com.br\/wp-content\/uploads\/2025\/11\/Fachada-Noturna-2-scaled.jpg","width":2560,"height":1707},{"@type":"BreadcrumbList","@id":"https:\/\/www.grupoacocearense.com.br\/noticia\/aco-cearense-apresenta-na-casacor-ceara-2025\/#breadcrumb","itemListElement":[{"@type":"ListItem","position":1,"name":"In\u00edcio","item":"https:\/\/www.grupoacocearense.com.br\/"},{"@type":"ListItem","position":2,"name":"Not\u00edcias","item":"https:\/\/previews.elleven.digital\/acocearense\/noticias\/"},{"@type":"ListItem","position":3,"name":"A\u00e7o Cearense apresenta o ambiente \u201cDo Fogo ao A\u00e7o\u201d na CASACOR Cear\u00e1 2025"}]},{"@type":"WebSite","@id":"https:\/\/previews.elleven.digital\/acocearense\/#website","url":"https:\/\/previews.elleven.digital\/acocearense\/","name":"Cear\u00e1 Steel","description":"In the Brazilian steel market for over 45 years.","alternateName":"A\u00e7o Cearense","potentialAction":[{"@type":"SearchAction","target":{"@type":"EntryPoint","urlTemplate":"https:\/\/previews.elleven.digital\/acocearense\/?s={search_term_string}"},"query-input":{"@type":"PropertyValueSpecification","valueRequired":true,"valueName":"search_term_string"}}],"inLanguage":"en-US"}]}},"_links":{"self":[{"href":"https:\/\/www.grupoacocearense.com.br\/en\/wp-json\/wp\/v2\/noticia\/22630","targetHints":{"allow":["GET"]}}],"collection":[{"href":"https:\/\/www.grupoacocearense.com.br\/en\/wp-json\/wp\/v2\/noticia"}],"about":[{"href":"https:\/\/www.grupoacocearense.com.br\/en\/wp-json\/wp\/v2\/types\/noticia"}],"wp:featuredmedia":[{"embeddable":true,"href":"https:\/\/www.grupoacocearense.com.br\/en\/wp-json\/wp\/v2\/media\/22631"}],"wp:attachment":[{"href":"https:\/\/www.grupoacocearense.com.br\/en\/wp-json\/wp\/v2\/media?parent=22630"}],"wp:term":[{"taxonomy":"categoria-noticia","embeddable":true,"href":"https:\/\/www.grupoacocearense.com.br\/en\/wp-json\/wp\/v2\/categoria-noticia?post=22630"}],"curies":[{"name":"wp","href":"https:\/\/api.w.org\/{rel}","templated":true}]}}