{"id":22612,"date":"2025-11-17T16:06:44","date_gmt":"2025-11-17T19:06:44","guid":{"rendered":"https:\/\/www.grupoacocearense.com.br\/?post_type=noticia&#038;p=22612"},"modified":"2025-11-17T16:06:44","modified_gmt":"2025-11-17T19:06:44","slug":"sinobras-e-destaque-no-premio-anamaco","status":"publish","type":"noticia","link":"https:\/\/www.grupoacocearense.com.br\/en\/noticia\/sinobras-e-destaque-no-premio-anamaco\/","title":{"rendered":"SINOBRAS is highlighted at the Anamaco Award."},"content":{"rendered":"<p>SINOBRAS celebrates another milestone in its trajectory of industrial excellence. The company was highlighted in the Anamaco 2025 Award, reinforcing its commitment to quality, innovation, and the trust built alongside clients and partners throughout the country.<\/p>\n<p>The result reaffirms SINOBRAS&#039; relevance in the market and its continuous work to offer high-performance products that drive the development of the construction industry. The award recognizes the commitment of the teams and their dedication to delivering safe and efficient solutions for different applications.<\/p>\n<p>Check out the results:<\/p>\n<ul>\n<li>3rd place in the Steel Mesh or Screens for Concrete segment, Spraying category.<br \/>\n\u2022 Honorable mention, Spraying category<br \/>\n\u2022 3rd place in the Steel Rebar segment, categories: Spraying and Large Clients<br \/>\n\u2022 Honorable mention, Spraying and Major Clients categories<\/li>\n<\/ul>\n<p>Each recognition reinforces our commitment to quality and continuous improvement.<\/p>","protected":false},"featured_media":22613,"template":"","meta":{"_acf_changed":false,"inline_featured_image":false},"categoria-noticia":[14],"class_list":["post-22612","noticia","type-noticia","status-publish","has-post-thumbnail","hentry","categoria-noticia-noticias"],"acf":{"link":""},"yoast_head":"<!-- This site is optimized with the Yoast SEO plugin v27.4 - https:\/\/yoast.com\/product\/yoast-seo-wordpress\/ -->\n<title>SINOBRAS \u00e9 destaque no Pr\u00eamio Anamaco. - Grupo A\u00e7o Cearense<\/title>\n<meta name=\"description\" content=\"A SINOBRAS celebra mais um marco em sua trajet\u00f3ria de excel\u00eancia industrial, refor\u00e7ando seu compromisso com a qualidade e a inova\u00e7\u00e3o.\" \/>\n<meta name=\"robots\" content=\"index, follow, max-snippet:-1, max-image-preview:large, max-video-preview:-1\" \/>\n<link rel=\"canonical\" href=\"https:\/\/www.grupoacocearense.com.br\/en\/noticia\/sinobras-e-destaque-no-premio-anamaco\/\" \/>\n<meta property=\"og:locale\" content=\"en_US\" \/>\n<meta property=\"og:type\" content=\"article\" \/>\n<meta property=\"og:title\" content=\"SINOBRAS \u00e9 destaque no Pr\u00eamio Anamaco. - Grupo A\u00e7o Cearense\" \/>\n<meta property=\"og:description\" content=\"A SINOBRAS celebra mais um marco em sua trajet\u00f3ria de excel\u00eancia industrial, refor\u00e7ando seu compromisso com a qualidade e a inova\u00e7\u00e3o.\" \/>\n<meta property=\"og:url\" content=\"https:\/\/www.grupoacocearense.com.br\/en\/noticia\/sinobras-e-destaque-no-premio-anamaco\/\" \/>\n<meta property=\"og:site_name\" content=\"Grupo A\u00e7o Cearense\" \/>\n<meta property=\"og:image\" content=\"https:\/\/www.grupoacocearense.com.br\/wp-content\/uploads\/2025\/11\/Premiacao-ANAMACO_2025_1200x900.jpg\" \/>\n\t<meta property=\"og:image:width\" content=\"1200\" \/>\n\t<meta property=\"og:image:height\" content=\"900\" \/>\n\t<meta property=\"og:image:type\" content=\"image\/jpeg\" \/>\n<meta name=\"twitter:card\" content=\"summary_large_image\" \/>\n<meta name=\"twitter:label1\" content=\"Est. reading time\" \/>\n\t<meta name=\"twitter:data1\" content=\"1 minute\" \/>\n<script type=\"application\/ld+json\" class=\"yoast-schema-graph\">{\"@context\":\"https:\\\/\\\/schema.org\",\"@graph\":[{\"@type\":\"WebPage\",\"@id\":\"https:\\\/\\\/www.grupoacocearense.com.br\\\/noticia\\\/sinobras-e-destaque-no-premio-anamaco\\\/\",\"url\":\"https:\\\/\\\/www.grupoacocearense.com.br\\\/noticia\\\/sinobras-e-destaque-no-premio-anamaco\\\/\",\"name\":\"SINOBRAS \u00e9 destaque no Pr\u00eamio Anamaco. - Grupo A\u00e7o Cearense\",\"isPartOf\":{\"@id\":\"https:\\\/\\\/previews.elleven.digital\\\/acocearense\\\/#website\"},\"primaryImageOfPage\":{\"@id\":\"https:\\\/\\\/www.grupoacocearense.com.br\\\/noticia\\\/sinobras-e-destaque-no-premio-anamaco\\\/#primaryimage\"},\"image\":{\"@id\":\"https:\\\/\\\/www.grupoacocearense.com.br\\\/noticia\\\/sinobras-e-destaque-no-premio-anamaco\\\/#primaryimage\"},\"thumbnailUrl\":\"https:\\\/\\\/www.grupoacocearense.com.br\\\/wp-content\\\/uploads\\\/2025\\\/11\\\/Premiacao-ANAMACO_2025_1200x900.jpg\",\"datePublished\":\"2025-11-17T19:06:44+00:00\",\"description\":\"A SINOBRAS celebra mais um marco em sua trajet\u00f3ria de excel\u00eancia industrial, refor\u00e7ando seu compromisso com a qualidade e a inova\u00e7\u00e3o.\",\"breadcrumb\":{\"@id\":\"https:\\\/\\\/www.grupoacocearense.com.br\\\/noticia\\\/sinobras-e-destaque-no-premio-anamaco\\\/#breadcrumb\"},\"inLanguage\":\"en-US\",\"potentialAction\":[{\"@type\":\"ReadAction\",\"target\":[\"https:\\\/\\\/www.grupoacocearense.com.br\\\/noticia\\\/sinobras-e-destaque-no-premio-anamaco\\\/\"]}]},{\"@type\":\"ImageObject\",\"inLanguage\":\"en-US\",\"@id\":\"https:\\\/\\\/www.grupoacocearense.com.br\\\/noticia\\\/sinobras-e-destaque-no-premio-anamaco\\\/#primaryimage\",\"url\":\"https:\\\/\\\/www.grupoacocearense.com.br\\\/wp-content\\\/uploads\\\/2025\\\/11\\\/Premiacao-ANAMACO_2025_1200x900.jpg\",\"contentUrl\":\"https:\\\/\\\/www.grupoacocearense.com.br\\\/wp-content\\\/uploads\\\/2025\\\/11\\\/Premiacao-ANAMACO_2025_1200x900.jpg\",\"width\":1200,\"height\":900},{\"@type\":\"BreadcrumbList\",\"@id\":\"https:\\\/\\\/www.grupoacocearense.com.br\\\/noticia\\\/sinobras-e-destaque-no-premio-anamaco\\\/#breadcrumb\",\"itemListElement\":[{\"@type\":\"ListItem\",\"position\":1,\"name\":\"In\u00edcio\",\"item\":\"https:\\\/\\\/www.grupoacocearense.com.br\\\/\"},{\"@type\":\"ListItem\",\"position\":2,\"name\":\"Not\u00edcias\",\"item\":\"https:\\\/\\\/previews.elleven.digital\\\/acocearense\\\/noticias\\\/\"},{\"@type\":\"ListItem\",\"position\":3,\"name\":\"SINOBRAS \u00e9 destaque no Pr\u00eamio Anamaco.\"}]},{\"@type\":\"WebSite\",\"@id\":\"https:\\\/\\\/previews.elleven.digital\\\/acocearense\\\/#website\",\"url\":\"https:\\\/\\\/previews.elleven.digital\\\/acocearense\\\/\",\"name\":\"A\u00e7o Cearense\",\"description\":\"H\u00e1 mais de 45 anos no mercado brasileiro do a\u00e7o.\",\"alternateName\":\"A\u00e7o Cearense\",\"potentialAction\":[{\"@type\":\"SearchAction\",\"target\":{\"@type\":\"EntryPoint\",\"urlTemplate\":\"https:\\\/\\\/previews.elleven.digital\\\/acocearense\\\/?s={search_term_string}\"},\"query-input\":{\"@type\":\"PropertyValueSpecification\",\"valueRequired\":true,\"valueName\":\"search_term_string\"}}],\"inLanguage\":\"en-US\"}]}<\/script>\n<!-- \/ Yoast SEO plugin. -->","yoast_head_json":{"title":"SINOBRAS \u00e9 destaque no Pr\u00eamio Anamaco. - Grupo A\u00e7o Cearense","description":"A SINOBRAS celebra mais um marco em sua trajet\u00f3ria de excel\u00eancia industrial, refor\u00e7ando seu compromisso com a qualidade e a inova\u00e7\u00e3o.","robots":{"index":"index","follow":"follow","max-snippet":"max-snippet:-1","max-image-preview":"max-image-preview:large","max-video-preview":"max-video-preview:-1"},"canonical":"https:\/\/www.grupoacocearense.com.br\/en\/noticia\/sinobras-e-destaque-no-premio-anamaco\/","og_locale":"en_US","og_type":"article","og_title":"SINOBRAS \u00e9 destaque no Pr\u00eamio Anamaco. - Grupo A\u00e7o Cearense","og_description":"A SINOBRAS celebra mais um marco em sua trajet\u00f3ria de excel\u00eancia industrial, refor\u00e7ando seu compromisso com a qualidade e a inova\u00e7\u00e3o.","og_url":"https:\/\/www.grupoacocearense.com.br\/en\/noticia\/sinobras-e-destaque-no-premio-anamaco\/","og_site_name":"Grupo A\u00e7o Cearense","og_image":[{"width":1200,"height":900,"url":"https:\/\/www.grupoacocearense.com.br\/wp-content\/uploads\/2025\/11\/Premiacao-ANAMACO_2025_1200x900.jpg","type":"image\/jpeg"}],"twitter_card":"summary_large_image","twitter_misc":{"Est. reading time":"1 minute"},"schema":{"@context":"https:\/\/schema.org","@graph":[{"@type":"WebPage","@id":"https:\/\/www.grupoacocearense.com.br\/noticia\/sinobras-e-destaque-no-premio-anamaco\/","url":"https:\/\/www.grupoacocearense.com.br\/noticia\/sinobras-e-destaque-no-premio-anamaco\/","name":"SINOBRAS \u00e9 destaque no Pr\u00eamio Anamaco. - Grupo A\u00e7o Cearense","isPartOf":{"@id":"https:\/\/previews.elleven.digital\/acocearense\/#website"},"primaryImageOfPage":{"@id":"https:\/\/www.grupoacocearense.com.br\/noticia\/sinobras-e-destaque-no-premio-anamaco\/#primaryimage"},"image":{"@id":"https:\/\/www.grupoacocearense.com.br\/noticia\/sinobras-e-destaque-no-premio-anamaco\/#primaryimage"},"thumbnailUrl":"https:\/\/www.grupoacocearense.com.br\/wp-content\/uploads\/2025\/11\/Premiacao-ANAMACO_2025_1200x900.jpg","datePublished":"2025-11-17T19:06:44+00:00","description":"A SINOBRAS celebra mais um marco em sua trajet\u00f3ria de excel\u00eancia industrial, refor\u00e7ando seu compromisso com a qualidade e a inova\u00e7\u00e3o.","breadcrumb":{"@id":"https:\/\/www.grupoacocearense.com.br\/noticia\/sinobras-e-destaque-no-premio-anamaco\/#breadcrumb"},"inLanguage":"en-US","potentialAction":[{"@type":"ReadAction","target":["https:\/\/www.grupoacocearense.com.br\/noticia\/sinobras-e-destaque-no-premio-anamaco\/"]}]},{"@type":"ImageObject","inLanguage":"en-US","@id":"https:\/\/www.grupoacocearense.com.br\/noticia\/sinobras-e-destaque-no-premio-anamaco\/#primaryimage","url":"https:\/\/www.grupoacocearense.com.br\/wp-content\/uploads\/2025\/11\/Premiacao-ANAMACO_2025_1200x900.jpg","contentUrl":"https:\/\/www.grupoacocearense.com.br\/wp-content\/uploads\/2025\/11\/Premiacao-ANAMACO_2025_1200x900.jpg","width":1200,"height":900},{"@type":"BreadcrumbList","@id":"https:\/\/www.grupoacocearense.com.br\/noticia\/sinobras-e-destaque-no-premio-anamaco\/#breadcrumb","itemListElement":[{"@type":"ListItem","position":1,"name":"In\u00edcio","item":"https:\/\/www.grupoacocearense.com.br\/"},{"@type":"ListItem","position":2,"name":"Not\u00edcias","item":"https:\/\/previews.elleven.digital\/acocearense\/noticias\/"},{"@type":"ListItem","position":3,"name":"SINOBRAS \u00e9 destaque no Pr\u00eamio Anamaco."}]},{"@type":"WebSite","@id":"https:\/\/previews.elleven.digital\/acocearense\/#website","url":"https:\/\/previews.elleven.digital\/acocearense\/","name":"Cear\u00e1 Steel","description":"In the Brazilian steel market for over 45 years.","alternateName":"A\u00e7o Cearense","potentialAction":[{"@type":"SearchAction","target":{"@type":"EntryPoint","urlTemplate":"https:\/\/previews.elleven.digital\/acocearense\/?s={search_term_string}"},"query-input":{"@type":"PropertyValueSpecification","valueRequired":true,"valueName":"search_term_string"}}],"inLanguage":"en-US"}]}},"_links":{"self":[{"href":"https:\/\/www.grupoacocearense.com.br\/en\/wp-json\/wp\/v2\/noticia\/22612","targetHints":{"allow":["GET"]}}],"collection":[{"href":"https:\/\/www.grupoacocearense.com.br\/en\/wp-json\/wp\/v2\/noticia"}],"about":[{"href":"https:\/\/www.grupoacocearense.com.br\/en\/wp-json\/wp\/v2\/types\/noticia"}],"wp:featuredmedia":[{"embeddable":true,"href":"https:\/\/www.grupoacocearense.com.br\/en\/wp-json\/wp\/v2\/media\/22613"}],"wp:attachment":[{"href":"https:\/\/www.grupoacocearense.com.br\/en\/wp-json\/wp\/v2\/media?parent=22612"}],"wp:term":[{"taxonomy":"categoria-noticia","embeddable":true,"href":"https:\/\/www.grupoacocearense.com.br\/en\/wp-json\/wp\/v2\/categoria-noticia?post=22612"}],"curies":[{"name":"wp","href":"https:\/\/api.w.org\/{rel}","templated":true}]}}