{"id":22609,"date":"2025-11-13T12:38:59","date_gmt":"2025-11-13T15:38:59","guid":{"rendered":"https:\/\/www.grupoacocearense.com.br\/?post_type=noticia&#038;p=22609"},"modified":"2025-11-13T12:56:53","modified_gmt":"2025-11-13T15:56:53","slug":"confira-a-agenda-de-participacao-da-sinobras-na-cop30","status":"publish","type":"noticia","link":"https:\/\/www.grupoacocearense.com.br\/en\/noticia\/confira-a-agenda-de-participacao-da-sinobras-na-cop30\/","title":{"rendered":"Check out SINOBRAS&#039;s participation schedule at COP30."},"content":{"rendered":"<p>&nbsp;<\/p>\n<p>SINOBRAS is a sponsor of the COP+ Journey, an initiative of FIEPA and CNI that mobilizes Brazilian industry towards COP 30, the Conference of the Parties of the United Nations (UN). The project promotes a sustainable development agenda for the Amazon, strengthening the industrial sector&#039;s commitment to a greener and more responsible future.<\/p>\n<p>SINOBRAS&#039; participation reflects its values and actions in favor of sustainability. The company invests in reforestation with eucalyptus and corymbia clones and has already captured 982,000 tons of CO\u2082 with its growing forests, demonstrating concrete results in mitigating environmental impacts.<\/p>\n<p>By participating in the COP+ Journey, SINOBRAS reaffirms its role as an agent of transformation and a partner in regional development, contributing to building a more sustainable future for the Amazon.<\/p>\n<p><strong>SINOBRAS&#039;s participation agenda at the COP+ Conference:<\/strong><\/p>\n<ul>\n<li><strong>13\/11<\/strong> \u2013 <strong>Sustainable Excellence Forum<\/strong>, with the theme &quot;Guidelines for a low-carbon industry&quot; and the award-winning cases showcasing the best solutions from the Amazonian industry.<\/li>\n<li><strong>15\/11<\/strong> \u2013 <strong>Panel &quot;<em>Opportunities for Applying Sustainable Energy Solutions in Industrial Districts<\/em><\/strong><br \/>\n\u2013 Ian Correa (VP of Operations)<\/li>\n<li><strong>15\/11<\/strong> \u2013 <strong>Presentation of <em>Success Stories \u2013 \u201c<\/em><\/strong><em>Climate Governance and Institutional Coordination: Connections for a Sustainable Amazon.<\/em><br \/>\n\u2013 Junimara Chaves (Sustainability Manager)<\/li>\n<li><strong>20\/11<\/strong> \u2013 <strong>Panel <em>&quot;Sustainable Construction: The Future of Infrastructure in the Amazon&quot;<\/em><\/strong><br \/>\n\u2013 Ian Correa (VP of Operations)<\/li>\n<\/ul>\n<p>SINOBRAS remains committed to innovation, responsibility, and collective action, joining forces with other institutions and companies in pursuit of a development model that values the environment and drives sustainable growth in the region.<\/p>","protected":false},"featured_media":22605,"template":"","meta":{"_acf_changed":false,"inline_featured_image":false},"categoria-noticia":[14],"class_list":["post-22609","noticia","type-noticia","status-publish","has-post-thumbnail","hentry","categoria-noticia-noticias"],"acf":{"link":""},"yoast_head":"<!-- This site is optimized with the Yoast SEO plugin v27.4 - https:\/\/yoast.com\/product\/yoast-seo-wordpress\/ -->\n<title>Confira a agenda de participa\u00e7\u00e3o da SINOBRAS na COP30. - Grupo A\u00e7o Cearense<\/title>\n<meta name=\"description\" content=\"A participa\u00e7\u00e3o da SINOBRAS na COP30 reflete seus valores e a\u00e7\u00f5es em prol da sustentabilidade. Confira a agenda de participa\u00e7\u00e3o na Jornada.\" \/>\n<meta name=\"robots\" content=\"index, follow, max-snippet:-1, max-image-preview:large, max-video-preview:-1\" \/>\n<link rel=\"canonical\" href=\"https:\/\/www.grupoacocearense.com.br\/en\/noticia\/confira-a-agenda-de-participacao-da-sinobras-na-cop30\/\" \/>\n<meta property=\"og:locale\" content=\"en_US\" \/>\n<meta property=\"og:type\" content=\"article\" \/>\n<meta property=\"og:title\" content=\"Confira a agenda de participa\u00e7\u00e3o da SINOBRAS na COP30. - Grupo A\u00e7o Cearense\" \/>\n<meta property=\"og:description\" content=\"A participa\u00e7\u00e3o da SINOBRAS na COP30 reflete seus valores e a\u00e7\u00f5es em prol da sustentabilidade. Confira a agenda de participa\u00e7\u00e3o na Jornada.\" \/>\n<meta property=\"og:url\" content=\"https:\/\/www.grupoacocearense.com.br\/en\/noticia\/confira-a-agenda-de-participacao-da-sinobras-na-cop30\/\" \/>\n<meta property=\"og:site_name\" content=\"Grupo A\u00e7o Cearense\" \/>\n<meta property=\"article:modified_time\" content=\"2025-11-13T15:56:53+00:00\" \/>\n<meta property=\"og:image\" content=\"https:\/\/www.grupoacocearense.com.br\/wp-content\/uploads\/2025\/11\/participacao-COP_1200x900-copy.jpg\" \/>\n\t<meta property=\"og:image:width\" content=\"1200\" \/>\n\t<meta property=\"og:image:height\" content=\"900\" \/>\n\t<meta property=\"og:image:type\" content=\"image\/jpeg\" \/>\n<meta name=\"twitter:card\" content=\"summary_large_image\" \/>\n<meta name=\"twitter:label1\" content=\"Est. reading time\" \/>\n\t<meta name=\"twitter:data1\" content=\"2 minutes\" \/>\n<script type=\"application\/ld+json\" class=\"yoast-schema-graph\">{\"@context\":\"https:\\\/\\\/schema.org\",\"@graph\":[{\"@type\":\"WebPage\",\"@id\":\"https:\\\/\\\/www.grupoacocearense.com.br\\\/noticia\\\/confira-a-agenda-de-participacao-da-sinobras-na-cop30\\\/\",\"url\":\"https:\\\/\\\/www.grupoacocearense.com.br\\\/noticia\\\/confira-a-agenda-de-participacao-da-sinobras-na-cop30\\\/\",\"name\":\"Confira a agenda de participa\u00e7\u00e3o da SINOBRAS na COP30. - Grupo A\u00e7o Cearense\",\"isPartOf\":{\"@id\":\"https:\\\/\\\/previews.elleven.digital\\\/acocearense\\\/#website\"},\"primaryImageOfPage\":{\"@id\":\"https:\\\/\\\/www.grupoacocearense.com.br\\\/noticia\\\/confira-a-agenda-de-participacao-da-sinobras-na-cop30\\\/#primaryimage\"},\"image\":{\"@id\":\"https:\\\/\\\/www.grupoacocearense.com.br\\\/noticia\\\/confira-a-agenda-de-participacao-da-sinobras-na-cop30\\\/#primaryimage\"},\"thumbnailUrl\":\"https:\\\/\\\/www.grupoacocearense.com.br\\\/wp-content\\\/uploads\\\/2025\\\/11\\\/participacao-COP_1200x900-copy.jpg\",\"datePublished\":\"2025-11-13T15:38:59+00:00\",\"dateModified\":\"2025-11-13T15:56:53+00:00\",\"description\":\"A participa\u00e7\u00e3o da SINOBRAS na COP30 reflete seus valores e a\u00e7\u00f5es em prol da sustentabilidade. Confira a agenda de participa\u00e7\u00e3o na Jornada.\",\"breadcrumb\":{\"@id\":\"https:\\\/\\\/www.grupoacocearense.com.br\\\/noticia\\\/confira-a-agenda-de-participacao-da-sinobras-na-cop30\\\/#breadcrumb\"},\"inLanguage\":\"en-US\",\"potentialAction\":[{\"@type\":\"ReadAction\",\"target\":[\"https:\\\/\\\/www.grupoacocearense.com.br\\\/noticia\\\/confira-a-agenda-de-participacao-da-sinobras-na-cop30\\\/\"]}]},{\"@type\":\"ImageObject\",\"inLanguage\":\"en-US\",\"@id\":\"https:\\\/\\\/www.grupoacocearense.com.br\\\/noticia\\\/confira-a-agenda-de-participacao-da-sinobras-na-cop30\\\/#primaryimage\",\"url\":\"https:\\\/\\\/www.grupoacocearense.com.br\\\/wp-content\\\/uploads\\\/2025\\\/11\\\/participacao-COP_1200x900-copy.jpg\",\"contentUrl\":\"https:\\\/\\\/www.grupoacocearense.com.br\\\/wp-content\\\/uploads\\\/2025\\\/11\\\/participacao-COP_1200x900-copy.jpg\",\"width\":1200,\"height\":900},{\"@type\":\"BreadcrumbList\",\"@id\":\"https:\\\/\\\/www.grupoacocearense.com.br\\\/noticia\\\/confira-a-agenda-de-participacao-da-sinobras-na-cop30\\\/#breadcrumb\",\"itemListElement\":[{\"@type\":\"ListItem\",\"position\":1,\"name\":\"In\u00edcio\",\"item\":\"https:\\\/\\\/www.grupoacocearense.com.br\\\/\"},{\"@type\":\"ListItem\",\"position\":2,\"name\":\"Not\u00edcias\",\"item\":\"https:\\\/\\\/previews.elleven.digital\\\/acocearense\\\/noticias\\\/\"},{\"@type\":\"ListItem\",\"position\":3,\"name\":\"Confira a agenda de participa\u00e7\u00e3o da SINOBRAS na COP30.\"}]},{\"@type\":\"WebSite\",\"@id\":\"https:\\\/\\\/previews.elleven.digital\\\/acocearense\\\/#website\",\"url\":\"https:\\\/\\\/previews.elleven.digital\\\/acocearense\\\/\",\"name\":\"A\u00e7o Cearense\",\"description\":\"H\u00e1 mais de 45 anos no mercado brasileiro do a\u00e7o.\",\"alternateName\":\"A\u00e7o Cearense\",\"potentialAction\":[{\"@type\":\"SearchAction\",\"target\":{\"@type\":\"EntryPoint\",\"urlTemplate\":\"https:\\\/\\\/previews.elleven.digital\\\/acocearense\\\/?s={search_term_string}\"},\"query-input\":{\"@type\":\"PropertyValueSpecification\",\"valueRequired\":true,\"valueName\":\"search_term_string\"}}],\"inLanguage\":\"en-US\"}]}<\/script>\n<!-- \/ Yoast SEO plugin. -->","yoast_head_json":{"title":"Confira a agenda de participa\u00e7\u00e3o da SINOBRAS na COP30. - Grupo A\u00e7o Cearense","description":"A participa\u00e7\u00e3o da SINOBRAS na COP30 reflete seus valores e a\u00e7\u00f5es em prol da sustentabilidade. Confira a agenda de participa\u00e7\u00e3o na Jornada.","robots":{"index":"index","follow":"follow","max-snippet":"max-snippet:-1","max-image-preview":"max-image-preview:large","max-video-preview":"max-video-preview:-1"},"canonical":"https:\/\/www.grupoacocearense.com.br\/en\/noticia\/confira-a-agenda-de-participacao-da-sinobras-na-cop30\/","og_locale":"en_US","og_type":"article","og_title":"Confira a agenda de participa\u00e7\u00e3o da SINOBRAS na COP30. - Grupo A\u00e7o Cearense","og_description":"A participa\u00e7\u00e3o da SINOBRAS na COP30 reflete seus valores e a\u00e7\u00f5es em prol da sustentabilidade. Confira a agenda de participa\u00e7\u00e3o na Jornada.","og_url":"https:\/\/www.grupoacocearense.com.br\/en\/noticia\/confira-a-agenda-de-participacao-da-sinobras-na-cop30\/","og_site_name":"Grupo A\u00e7o Cearense","article_modified_time":"2025-11-13T15:56:53+00:00","og_image":[{"width":1200,"height":900,"url":"https:\/\/www.grupoacocearense.com.br\/wp-content\/uploads\/2025\/11\/participacao-COP_1200x900-copy.jpg","type":"image\/jpeg"}],"twitter_card":"summary_large_image","twitter_misc":{"Est. reading time":"2 minutes"},"schema":{"@context":"https:\/\/schema.org","@graph":[{"@type":"WebPage","@id":"https:\/\/www.grupoacocearense.com.br\/noticia\/confira-a-agenda-de-participacao-da-sinobras-na-cop30\/","url":"https:\/\/www.grupoacocearense.com.br\/noticia\/confira-a-agenda-de-participacao-da-sinobras-na-cop30\/","name":"Confira a agenda de participa\u00e7\u00e3o da SINOBRAS na COP30. - Grupo A\u00e7o Cearense","isPartOf":{"@id":"https:\/\/previews.elleven.digital\/acocearense\/#website"},"primaryImageOfPage":{"@id":"https:\/\/www.grupoacocearense.com.br\/noticia\/confira-a-agenda-de-participacao-da-sinobras-na-cop30\/#primaryimage"},"image":{"@id":"https:\/\/www.grupoacocearense.com.br\/noticia\/confira-a-agenda-de-participacao-da-sinobras-na-cop30\/#primaryimage"},"thumbnailUrl":"https:\/\/www.grupoacocearense.com.br\/wp-content\/uploads\/2025\/11\/participacao-COP_1200x900-copy.jpg","datePublished":"2025-11-13T15:38:59+00:00","dateModified":"2025-11-13T15:56:53+00:00","description":"A participa\u00e7\u00e3o da SINOBRAS na COP30 reflete seus valores e a\u00e7\u00f5es em prol da sustentabilidade. Confira a agenda de participa\u00e7\u00e3o na Jornada.","breadcrumb":{"@id":"https:\/\/www.grupoacocearense.com.br\/noticia\/confira-a-agenda-de-participacao-da-sinobras-na-cop30\/#breadcrumb"},"inLanguage":"en-US","potentialAction":[{"@type":"ReadAction","target":["https:\/\/www.grupoacocearense.com.br\/noticia\/confira-a-agenda-de-participacao-da-sinobras-na-cop30\/"]}]},{"@type":"ImageObject","inLanguage":"en-US","@id":"https:\/\/www.grupoacocearense.com.br\/noticia\/confira-a-agenda-de-participacao-da-sinobras-na-cop30\/#primaryimage","url":"https:\/\/www.grupoacocearense.com.br\/wp-content\/uploads\/2025\/11\/participacao-COP_1200x900-copy.jpg","contentUrl":"https:\/\/www.grupoacocearense.com.br\/wp-content\/uploads\/2025\/11\/participacao-COP_1200x900-copy.jpg","width":1200,"height":900},{"@type":"BreadcrumbList","@id":"https:\/\/www.grupoacocearense.com.br\/noticia\/confira-a-agenda-de-participacao-da-sinobras-na-cop30\/#breadcrumb","itemListElement":[{"@type":"ListItem","position":1,"name":"In\u00edcio","item":"https:\/\/www.grupoacocearense.com.br\/"},{"@type":"ListItem","position":2,"name":"Not\u00edcias","item":"https:\/\/previews.elleven.digital\/acocearense\/noticias\/"},{"@type":"ListItem","position":3,"name":"Confira a agenda de participa\u00e7\u00e3o da SINOBRAS na COP30."}]},{"@type":"WebSite","@id":"https:\/\/previews.elleven.digital\/acocearense\/#website","url":"https:\/\/previews.elleven.digital\/acocearense\/","name":"Cear\u00e1 Steel","description":"In the Brazilian steel market for over 45 years.","alternateName":"A\u00e7o Cearense","potentialAction":[{"@type":"SearchAction","target":{"@type":"EntryPoint","urlTemplate":"https:\/\/previews.elleven.digital\/acocearense\/?s={search_term_string}"},"query-input":{"@type":"PropertyValueSpecification","valueRequired":true,"valueName":"search_term_string"}}],"inLanguage":"en-US"}]}},"_links":{"self":[{"href":"https:\/\/www.grupoacocearense.com.br\/en\/wp-json\/wp\/v2\/noticia\/22609","targetHints":{"allow":["GET"]}}],"collection":[{"href":"https:\/\/www.grupoacocearense.com.br\/en\/wp-json\/wp\/v2\/noticia"}],"about":[{"href":"https:\/\/www.grupoacocearense.com.br\/en\/wp-json\/wp\/v2\/types\/noticia"}],"wp:featuredmedia":[{"embeddable":true,"href":"https:\/\/www.grupoacocearense.com.br\/en\/wp-json\/wp\/v2\/media\/22605"}],"wp:attachment":[{"href":"https:\/\/www.grupoacocearense.com.br\/en\/wp-json\/wp\/v2\/media?parent=22609"}],"wp:term":[{"taxonomy":"categoria-noticia","embeddable":true,"href":"https:\/\/www.grupoacocearense.com.br\/en\/wp-json\/wp\/v2\/categoria-noticia?post=22609"}],"curies":[{"name":"wp","href":"https:\/\/api.w.org\/{rel}","templated":true}]}}