{"id":22595,"date":"2025-10-21T00:00:31","date_gmt":"2025-10-21T03:00:31","guid":{"rendered":"https:\/\/www.grupoacocearense.com.br\/?post_type=noticia&#038;p=22595"},"modified":"2025-11-06T14:43:45","modified_gmt":"2025-11-06T17:43:45","slug":"instituto-aco-cearense-compartilha-abordagem-de-esg-e-impacto-social","status":"publish","type":"noticia","link":"https:\/\/www.grupoacocearense.com.br\/en\/noticia\/instituto-aco-cearense-compartilha-abordagem-de-esg-e-impacto-social\/","title":{"rendered":"Instituto A\u00e7o Cearense shares its ESG approach and social impact at an event hosted by Social Brasilis and Ninna Hub."},"content":{"rendered":"<p>The Instituto A\u00e7o Cearense was present at the 2nd in-person meeting \u201cESG and its Supply Chain: From Sustainability to Social Impact\u201d, promoted by <strong>Social Brazil<\/strong> and by <strong>Ninna Hub<\/strong>, bringing together managers and researchers from the areas of Human Resources, Institutional Relations, Social Responsibility and ESG from medium and large companies.<\/p>\n<p>Representing the Institute, the coordinator of social projects <strong>Luciana Rabelo<\/strong> She participated as a speaker and shared reflections on shared responsibility when integrating sustainable practices into production and supply chains.<\/p>\n<p>During her speech, Luciana emphasized that sustainability goes beyond resource management; it&#039;s about how we care for people, territories, and possible futures.<\/p>\n<p>\u201cTaking care of the supply chain means taking care of people, territories, and the planet. By integrating ESG principles into our choices and partnerships, we transform sustainability into action and responsibility into real social impact. Each committed supplier, each improved process, and each conscious decision brings us closer to a common purpose: generating shared and lasting prosperity,\u201d he emphasized.<\/p>\n<p>Participation reinforces the commitment of the Instituto A\u00e7o Cearense to building <strong>collaborative paths<\/strong>, aligning<strong> social development, governance, accountability and the future.<\/strong><\/p>\n<p>Follow the initiatives of the Instituto A\u00e7o Cearense and be part of this transformation.<\/p>","protected":false},"featured_media":22596,"template":"","meta":{"_acf_changed":false,"inline_featured_image":false},"categoria-noticia":[],"class_list":["post-22595","noticia","type-noticia","status-publish","has-post-thumbnail","hentry"],"acf":{"link":""},"yoast_head":"<!-- This site is optimized with the Yoast SEO plugin v27.4 - https:\/\/yoast.com\/product\/yoast-seo-wordpress\/ -->\n<title>Instituto A\u00e7o Cearense refor\u00e7a compromisso com ESG e sociedade<\/title>\n<meta name=\"description\" content=\"Em evento do Social Brasilis e Ninna Hub, Instituto A\u00e7o Cearense destaca a import\u00e2ncia do ESG na cadeia de fornecimento com pessoas e futuro.\" \/>\n<meta name=\"robots\" content=\"index, follow, max-snippet:-1, max-image-preview:large, max-video-preview:-1\" \/>\n<link rel=\"canonical\" href=\"https:\/\/www.grupoacocearense.com.br\/en\/noticia\/instituto-aco-cearense-compartilha-abordagem-de-esg-e-impacto-social\/\" \/>\n<meta property=\"og:locale\" content=\"en_US\" \/>\n<meta property=\"og:type\" content=\"article\" \/>\n<meta property=\"og:title\" content=\"Instituto A\u00e7o Cearense refor\u00e7a compromisso com ESG e sociedade\" \/>\n<meta property=\"og:description\" content=\"Em evento do Social Brasilis e Ninna Hub, Instituto A\u00e7o Cearense destaca a import\u00e2ncia do ESG na cadeia de fornecimento com pessoas e futuro.\" \/>\n<meta property=\"og:url\" content=\"https:\/\/www.grupoacocearense.com.br\/en\/noticia\/instituto-aco-cearense-compartilha-abordagem-de-esg-e-impacto-social\/\" \/>\n<meta property=\"og:site_name\" content=\"Grupo A\u00e7o Cearense\" \/>\n<meta property=\"article:modified_time\" content=\"2025-11-06T17:43:45+00:00\" \/>\n<meta property=\"og:image\" content=\"https:\/\/www.grupoacocearense.com.br\/wp-content\/uploads\/2025\/11\/ESG_1.png\" \/>\n\t<meta property=\"og:image:width\" content=\"1280\" \/>\n\t<meta property=\"og:image:height\" content=\"960\" \/>\n\t<meta property=\"og:image:type\" content=\"image\/png\" \/>\n<meta name=\"twitter:card\" content=\"summary_large_image\" \/>\n<meta name=\"twitter:label1\" content=\"Est. reading time\" \/>\n\t<meta name=\"twitter:data1\" content=\"2 minutes\" \/>\n<script type=\"application\/ld+json\" class=\"yoast-schema-graph\">{\"@context\":\"https:\\\/\\\/schema.org\",\"@graph\":[{\"@type\":\"WebPage\",\"@id\":\"https:\\\/\\\/www.grupoacocearense.com.br\\\/noticia\\\/instituto-aco-cearense-compartilha-abordagem-de-esg-e-impacto-social\\\/\",\"url\":\"https:\\\/\\\/www.grupoacocearense.com.br\\\/noticia\\\/instituto-aco-cearense-compartilha-abordagem-de-esg-e-impacto-social\\\/\",\"name\":\"Instituto A\u00e7o Cearense refor\u00e7a compromisso com ESG e sociedade\",\"isPartOf\":{\"@id\":\"https:\\\/\\\/previews.elleven.digital\\\/acocearense\\\/#website\"},\"primaryImageOfPage\":{\"@id\":\"https:\\\/\\\/www.grupoacocearense.com.br\\\/noticia\\\/instituto-aco-cearense-compartilha-abordagem-de-esg-e-impacto-social\\\/#primaryimage\"},\"image\":{\"@id\":\"https:\\\/\\\/www.grupoacocearense.com.br\\\/noticia\\\/instituto-aco-cearense-compartilha-abordagem-de-esg-e-impacto-social\\\/#primaryimage\"},\"thumbnailUrl\":\"https:\\\/\\\/www.grupoacocearense.com.br\\\/wp-content\\\/uploads\\\/2025\\\/11\\\/ESG_1.png\",\"datePublished\":\"2025-10-21T03:00:31+00:00\",\"dateModified\":\"2025-11-06T17:43:45+00:00\",\"description\":\"Em evento do Social Brasilis e Ninna Hub, Instituto A\u00e7o Cearense destaca a import\u00e2ncia do ESG na cadeia de fornecimento com pessoas e futuro.\",\"breadcrumb\":{\"@id\":\"https:\\\/\\\/www.grupoacocearense.com.br\\\/noticia\\\/instituto-aco-cearense-compartilha-abordagem-de-esg-e-impacto-social\\\/#breadcrumb\"},\"inLanguage\":\"en-US\",\"potentialAction\":[{\"@type\":\"ReadAction\",\"target\":[\"https:\\\/\\\/www.grupoacocearense.com.br\\\/noticia\\\/instituto-aco-cearense-compartilha-abordagem-de-esg-e-impacto-social\\\/\"]}]},{\"@type\":\"ImageObject\",\"inLanguage\":\"en-US\",\"@id\":\"https:\\\/\\\/www.grupoacocearense.com.br\\\/noticia\\\/instituto-aco-cearense-compartilha-abordagem-de-esg-e-impacto-social\\\/#primaryimage\",\"url\":\"https:\\\/\\\/www.grupoacocearense.com.br\\\/wp-content\\\/uploads\\\/2025\\\/11\\\/ESG_1.png\",\"contentUrl\":\"https:\\\/\\\/www.grupoacocearense.com.br\\\/wp-content\\\/uploads\\\/2025\\\/11\\\/ESG_1.png\",\"width\":1280,\"height\":960},{\"@type\":\"BreadcrumbList\",\"@id\":\"https:\\\/\\\/www.grupoacocearense.com.br\\\/noticia\\\/instituto-aco-cearense-compartilha-abordagem-de-esg-e-impacto-social\\\/#breadcrumb\",\"itemListElement\":[{\"@type\":\"ListItem\",\"position\":1,\"name\":\"In\u00edcio\",\"item\":\"https:\\\/\\\/www.grupoacocearense.com.br\\\/\"},{\"@type\":\"ListItem\",\"position\":2,\"name\":\"Not\u00edcias\",\"item\":\"https:\\\/\\\/previews.elleven.digital\\\/acocearense\\\/noticias\\\/\"},{\"@type\":\"ListItem\",\"position\":3,\"name\":\"Instituto A\u00e7o Cearense compartilha abordagem de ESG e impacto social em evento do Social Brasilis e Ninna Hub\"}]},{\"@type\":\"WebSite\",\"@id\":\"https:\\\/\\\/previews.elleven.digital\\\/acocearense\\\/#website\",\"url\":\"https:\\\/\\\/previews.elleven.digital\\\/acocearense\\\/\",\"name\":\"A\u00e7o Cearense\",\"description\":\"H\u00e1 mais de 45 anos no mercado brasileiro do a\u00e7o.\",\"alternateName\":\"A\u00e7o Cearense\",\"potentialAction\":[{\"@type\":\"SearchAction\",\"target\":{\"@type\":\"EntryPoint\",\"urlTemplate\":\"https:\\\/\\\/previews.elleven.digital\\\/acocearense\\\/?s={search_term_string}\"},\"query-input\":{\"@type\":\"PropertyValueSpecification\",\"valueRequired\":true,\"valueName\":\"search_term_string\"}}],\"inLanguage\":\"en-US\"}]}<\/script>\n<!-- \/ Yoast SEO plugin. -->","yoast_head_json":{"title":"Instituto A\u00e7o Cearense refor\u00e7a compromisso com ESG e sociedade","description":"Em evento do Social Brasilis e Ninna Hub, Instituto A\u00e7o Cearense destaca a import\u00e2ncia do ESG na cadeia de fornecimento com pessoas e futuro.","robots":{"index":"index","follow":"follow","max-snippet":"max-snippet:-1","max-image-preview":"max-image-preview:large","max-video-preview":"max-video-preview:-1"},"canonical":"https:\/\/www.grupoacocearense.com.br\/en\/noticia\/instituto-aco-cearense-compartilha-abordagem-de-esg-e-impacto-social\/","og_locale":"en_US","og_type":"article","og_title":"Instituto A\u00e7o Cearense refor\u00e7a compromisso com ESG e sociedade","og_description":"Em evento do Social Brasilis e Ninna Hub, Instituto A\u00e7o Cearense destaca a import\u00e2ncia do ESG na cadeia de fornecimento com pessoas e futuro.","og_url":"https:\/\/www.grupoacocearense.com.br\/en\/noticia\/instituto-aco-cearense-compartilha-abordagem-de-esg-e-impacto-social\/","og_site_name":"Grupo A\u00e7o Cearense","article_modified_time":"2025-11-06T17:43:45+00:00","og_image":[{"width":1280,"height":960,"url":"https:\/\/www.grupoacocearense.com.br\/wp-content\/uploads\/2025\/11\/ESG_1.png","type":"image\/png"}],"twitter_card":"summary_large_image","twitter_misc":{"Est. reading time":"2 minutes"},"schema":{"@context":"https:\/\/schema.org","@graph":[{"@type":"WebPage","@id":"https:\/\/www.grupoacocearense.com.br\/noticia\/instituto-aco-cearense-compartilha-abordagem-de-esg-e-impacto-social\/","url":"https:\/\/www.grupoacocearense.com.br\/noticia\/instituto-aco-cearense-compartilha-abordagem-de-esg-e-impacto-social\/","name":"Instituto A\u00e7o Cearense refor\u00e7a compromisso com ESG e sociedade","isPartOf":{"@id":"https:\/\/previews.elleven.digital\/acocearense\/#website"},"primaryImageOfPage":{"@id":"https:\/\/www.grupoacocearense.com.br\/noticia\/instituto-aco-cearense-compartilha-abordagem-de-esg-e-impacto-social\/#primaryimage"},"image":{"@id":"https:\/\/www.grupoacocearense.com.br\/noticia\/instituto-aco-cearense-compartilha-abordagem-de-esg-e-impacto-social\/#primaryimage"},"thumbnailUrl":"https:\/\/www.grupoacocearense.com.br\/wp-content\/uploads\/2025\/11\/ESG_1.png","datePublished":"2025-10-21T03:00:31+00:00","dateModified":"2025-11-06T17:43:45+00:00","description":"Em evento do Social Brasilis e Ninna Hub, Instituto A\u00e7o Cearense destaca a import\u00e2ncia do ESG na cadeia de fornecimento com pessoas e futuro.","breadcrumb":{"@id":"https:\/\/www.grupoacocearense.com.br\/noticia\/instituto-aco-cearense-compartilha-abordagem-de-esg-e-impacto-social\/#breadcrumb"},"inLanguage":"en-US","potentialAction":[{"@type":"ReadAction","target":["https:\/\/www.grupoacocearense.com.br\/noticia\/instituto-aco-cearense-compartilha-abordagem-de-esg-e-impacto-social\/"]}]},{"@type":"ImageObject","inLanguage":"en-US","@id":"https:\/\/www.grupoacocearense.com.br\/noticia\/instituto-aco-cearense-compartilha-abordagem-de-esg-e-impacto-social\/#primaryimage","url":"https:\/\/www.grupoacocearense.com.br\/wp-content\/uploads\/2025\/11\/ESG_1.png","contentUrl":"https:\/\/www.grupoacocearense.com.br\/wp-content\/uploads\/2025\/11\/ESG_1.png","width":1280,"height":960},{"@type":"BreadcrumbList","@id":"https:\/\/www.grupoacocearense.com.br\/noticia\/instituto-aco-cearense-compartilha-abordagem-de-esg-e-impacto-social\/#breadcrumb","itemListElement":[{"@type":"ListItem","position":1,"name":"In\u00edcio","item":"https:\/\/www.grupoacocearense.com.br\/"},{"@type":"ListItem","position":2,"name":"Not\u00edcias","item":"https:\/\/previews.elleven.digital\/acocearense\/noticias\/"},{"@type":"ListItem","position":3,"name":"Instituto A\u00e7o Cearense compartilha abordagem de ESG e impacto social em evento do Social Brasilis e Ninna Hub"}]},{"@type":"WebSite","@id":"https:\/\/previews.elleven.digital\/acocearense\/#website","url":"https:\/\/previews.elleven.digital\/acocearense\/","name":"Cear\u00e1 Steel","description":"In the Brazilian steel market for over 45 years.","alternateName":"A\u00e7o Cearense","potentialAction":[{"@type":"SearchAction","target":{"@type":"EntryPoint","urlTemplate":"https:\/\/previews.elleven.digital\/acocearense\/?s={search_term_string}"},"query-input":{"@type":"PropertyValueSpecification","valueRequired":true,"valueName":"search_term_string"}}],"inLanguage":"en-US"}]}},"_links":{"self":[{"href":"https:\/\/www.grupoacocearense.com.br\/en\/wp-json\/wp\/v2\/noticia\/22595","targetHints":{"allow":["GET"]}}],"collection":[{"href":"https:\/\/www.grupoacocearense.com.br\/en\/wp-json\/wp\/v2\/noticia"}],"about":[{"href":"https:\/\/www.grupoacocearense.com.br\/en\/wp-json\/wp\/v2\/types\/noticia"}],"wp:featuredmedia":[{"embeddable":true,"href":"https:\/\/www.grupoacocearense.com.br\/en\/wp-json\/wp\/v2\/media\/22596"}],"wp:attachment":[{"href":"https:\/\/www.grupoacocearense.com.br\/en\/wp-json\/wp\/v2\/media?parent=22595"}],"wp:term":[{"taxonomy":"categoria-noticia","embeddable":true,"href":"https:\/\/www.grupoacocearense.com.br\/en\/wp-json\/wp\/v2\/categoria-noticia?post=22595"}],"curies":[{"name":"wp","href":"https:\/\/api.w.org\/{rel}","templated":true}]}}