{"id":2147,"date":"2022-08-16T17:35:33","date_gmt":"2022-08-16T20:35:33","guid":{"rendered":"https:\/\/www.grupoacocearense.com.br\/?post_type=noticia&#038;p=2147"},"modified":"2025-05-07T17:35:59","modified_gmt":"2025-05-07T20:35:59","slug":"grupo-aco-cearense-apoia-casacor-ceara-2022-que-traz-o-tema-infinito-particular","status":"publish","type":"noticia","link":"https:\/\/www.grupoacocearense.com.br\/en\/noticia\/grupo-aco-cearense-apoia-casacor-ceara-2022-que-traz-o-tema-infinito-particular\/","title":{"rendered":"A\u00e7o Cearense Group supports CASACOR Cear\u00e1 2022, which features the theme \u201cPrivate Infinity\u201d"},"content":{"rendered":"<p>Grupo A\u00e7o Cearense is once again a partner of CASACOR Cear\u00e1, an event that provides spaces for the state&#039;s leading architects, interior designers, and landscapers to showcase their work to an increasingly large and discerning audience. This year&#039;s exhibition will be themed &quot;Private Infinity,&quot; which references biographical homes that transcend styles.<\/p>\n<p>The highlight of this edition will be the 80m2 lounge designed by the Group, in collaboration with architect Racine Mour\u00e3o, who has over 30 years of experience in the market. This is another way for the company to strengthen its purpose and strengthen relationships with partners and clients.<\/p>\n<p>Vilmar Ferreira, president of Grupo A\u00e7o Cearense, will be honored at the opening cocktail party for CASA COR Cear\u00e1, which will take place on October 8th. In 2022, the event will continue in its hybrid format, taking place from October 11th to November 27th at Av. Rui Barbosa, 901 \u2013 Meireles, Fortaleza. In total, 33 spaces will be created by the most renowned professionals in the field.<\/p>\n<p>&nbsp;<\/p>\n<p><strong>More information for the Press:<\/strong><\/p>\n<p>AD2M Communication<br \/>\n<a href=\"http:\/\/www.ad2m.com.br\/\">www.ad2m.com.br<\/a>\u00a0| (85) 3258.1001<br \/>\nKarol de Andrade \u2013\u00a0<a href=\"mailto:karolandrade@ad2m.com.br\">karolandrade@ad2m.com.br<\/a>\u00a0| +55 (85) 9.8604.4441<br \/>\nWaldirene Lisboa \u2013\u00a0<a href=\"mailto:waldirene@ad2m.com.br\">waldirene@ad2m.com.br<\/a>\u00a0| +55 (85) 9.96695790<br \/>\nMauro Costa \u2013\u00a0<a href=\"mailto:maurocosta@ad2m.com.br\">maurocosta@ad2m.com.br<\/a>\u00a0| +55 (85) 9.8879.8474<\/p>","protected":false},"featured_media":2123,"template":"","meta":{"_acf_changed":false,"inline_featured_image":false},"categoria-noticia":[],"class_list":["post-2147","noticia","type-noticia","status-publish","has-post-thumbnail","hentry"],"acf":{"link":""},"yoast_head":"<!-- This site is optimized with the Yoast SEO plugin v27.4 - https:\/\/yoast.com\/product\/yoast-seo-wordpress\/ -->\n<title>Grupo A\u00e7o Cearense apoia CASACOR Cear\u00e1 2022 que traz o tema \u201cInfinito Particular\u201d - Grupo A\u00e7o Cearense<\/title>\n<meta name=\"robots\" content=\"index, follow, max-snippet:-1, max-image-preview:large, max-video-preview:-1\" \/>\n<link rel=\"canonical\" href=\"https:\/\/previews.elleven.digital\/acocearense\/noticia\/grupo-aco-cearense-apoia-casacor-ceara-2022-que-traz-o-tema-infinito-particular\/\" \/>\n<meta property=\"og:locale\" content=\"en_US\" \/>\n<meta property=\"og:type\" content=\"article\" \/>\n<meta property=\"og:title\" content=\"Grupo A\u00e7o Cearense apoia CASACOR Cear\u00e1 2022 que traz o tema \u201cInfinito Particular\u201d - Grupo A\u00e7o Cearense\" \/>\n<meta property=\"og:description\" content=\"O Grupo A\u00e7o Cearense mais uma vez \u00e9 parceiro da CASACOR Cear\u00e1, evento que abre(...)\" \/>\n<meta property=\"og:url\" content=\"https:\/\/previews.elleven.digital\/acocearense\/noticia\/grupo-aco-cearense-apoia-casacor-ceara-2022-que-traz-o-tema-infinito-particular\/\" \/>\n<meta property=\"og:site_name\" content=\"Grupo A\u00e7o Cearense\" \/>\n<meta property=\"article:modified_time\" content=\"2025-05-07T20:35:59+00:00\" \/>\n<meta property=\"og:image\" content=\"https:\/\/previews.elleven.digital\/acocearense\/wp-content\/uploads\/2025\/05\/casacor-2022-768x576-1.jpg\" \/>\n\t<meta property=\"og:image:width\" content=\"768\" \/>\n\t<meta property=\"og:image:height\" content=\"576\" \/>\n\t<meta property=\"og:image:type\" content=\"image\/jpeg\" \/>\n<meta name=\"twitter:card\" content=\"summary_large_image\" \/>\n<meta name=\"twitter:label1\" content=\"Est. reading time\" \/>\n\t<meta name=\"twitter:data1\" content=\"1 minute\" \/>\n<script type=\"application\/ld+json\" class=\"yoast-schema-graph\">{\"@context\":\"https:\\\/\\\/schema.org\",\"@graph\":[{\"@type\":\"WebPage\",\"@id\":\"https:\\\/\\\/previews.elleven.digital\\\/acocearense\\\/noticia\\\/grupo-aco-cearense-apoia-casacor-ceara-2022-que-traz-o-tema-infinito-particular\\\/\",\"url\":\"https:\\\/\\\/previews.elleven.digital\\\/acocearense\\\/noticia\\\/grupo-aco-cearense-apoia-casacor-ceara-2022-que-traz-o-tema-infinito-particular\\\/\",\"name\":\"Grupo A\u00e7o Cearense apoia CASACOR Cear\u00e1 2022 que traz o tema \u201cInfinito Particular\u201d - Grupo A\u00e7o Cearense\",\"isPartOf\":{\"@id\":\"https:\\\/\\\/previews.elleven.digital\\\/acocearense\\\/#website\"},\"primaryImageOfPage\":{\"@id\":\"https:\\\/\\\/previews.elleven.digital\\\/acocearense\\\/noticia\\\/grupo-aco-cearense-apoia-casacor-ceara-2022-que-traz-o-tema-infinito-particular\\\/#primaryimage\"},\"image\":{\"@id\":\"https:\\\/\\\/previews.elleven.digital\\\/acocearense\\\/noticia\\\/grupo-aco-cearense-apoia-casacor-ceara-2022-que-traz-o-tema-infinito-particular\\\/#primaryimage\"},\"thumbnailUrl\":\"https:\\\/\\\/www.grupoacocearense.com.br\\\/wp-content\\\/uploads\\\/2025\\\/05\\\/casacor-2022-768x576-1.jpg\",\"datePublished\":\"2022-08-16T20:35:33+00:00\",\"dateModified\":\"2025-05-07T20:35:59+00:00\",\"breadcrumb\":{\"@id\":\"https:\\\/\\\/previews.elleven.digital\\\/acocearense\\\/noticia\\\/grupo-aco-cearense-apoia-casacor-ceara-2022-que-traz-o-tema-infinito-particular\\\/#breadcrumb\"},\"inLanguage\":\"en-US\",\"potentialAction\":[{\"@type\":\"ReadAction\",\"target\":[\"https:\\\/\\\/previews.elleven.digital\\\/acocearense\\\/noticia\\\/grupo-aco-cearense-apoia-casacor-ceara-2022-que-traz-o-tema-infinito-particular\\\/\"]}]},{\"@type\":\"ImageObject\",\"inLanguage\":\"en-US\",\"@id\":\"https:\\\/\\\/previews.elleven.digital\\\/acocearense\\\/noticia\\\/grupo-aco-cearense-apoia-casacor-ceara-2022-que-traz-o-tema-infinito-particular\\\/#primaryimage\",\"url\":\"https:\\\/\\\/www.grupoacocearense.com.br\\\/wp-content\\\/uploads\\\/2025\\\/05\\\/casacor-2022-768x576-1.jpg\",\"contentUrl\":\"https:\\\/\\\/www.grupoacocearense.com.br\\\/wp-content\\\/uploads\\\/2025\\\/05\\\/casacor-2022-768x576-1.jpg\",\"width\":768,\"height\":576},{\"@type\":\"BreadcrumbList\",\"@id\":\"https:\\\/\\\/previews.elleven.digital\\\/acocearense\\\/noticia\\\/grupo-aco-cearense-apoia-casacor-ceara-2022-que-traz-o-tema-infinito-particular\\\/#breadcrumb\",\"itemListElement\":[{\"@type\":\"ListItem\",\"position\":1,\"name\":\"In\u00edcio\",\"item\":\"https:\\\/\\\/www.grupoacocearense.com.br\\\/\"},{\"@type\":\"ListItem\",\"position\":2,\"name\":\"Not\u00edcias\",\"item\":\"https:\\\/\\\/previews.elleven.digital\\\/acocearense\\\/noticias\\\/\"},{\"@type\":\"ListItem\",\"position\":3,\"name\":\"Grupo A\u00e7o Cearense apoia CASACOR Cear\u00e1 2022 que traz o tema \u201cInfinito Particular\u201d\"}]},{\"@type\":\"WebSite\",\"@id\":\"https:\\\/\\\/previews.elleven.digital\\\/acocearense\\\/#website\",\"url\":\"https:\\\/\\\/previews.elleven.digital\\\/acocearense\\\/\",\"name\":\"A\u00e7o Cearense\",\"description\":\"H\u00e1 mais de 45 anos no mercado brasileiro do a\u00e7o.\",\"alternateName\":\"A\u00e7o Cearense\",\"potentialAction\":[{\"@type\":\"SearchAction\",\"target\":{\"@type\":\"EntryPoint\",\"urlTemplate\":\"https:\\\/\\\/previews.elleven.digital\\\/acocearense\\\/?s={search_term_string}\"},\"query-input\":{\"@type\":\"PropertyValueSpecification\",\"valueRequired\":true,\"valueName\":\"search_term_string\"}}],\"inLanguage\":\"en-US\"}]}<\/script>\n<!-- \/ Yoast SEO plugin. -->","yoast_head_json":{"title":"Grupo A\u00e7o Cearense apoia CASACOR Cear\u00e1 2022 que traz o tema \u201cInfinito Particular\u201d - Grupo A\u00e7o Cearense","robots":{"index":"index","follow":"follow","max-snippet":"max-snippet:-1","max-image-preview":"max-image-preview:large","max-video-preview":"max-video-preview:-1"},"canonical":"https:\/\/previews.elleven.digital\/acocearense\/noticia\/grupo-aco-cearense-apoia-casacor-ceara-2022-que-traz-o-tema-infinito-particular\/","og_locale":"en_US","og_type":"article","og_title":"Grupo A\u00e7o Cearense apoia CASACOR Cear\u00e1 2022 que traz o tema \u201cInfinito Particular\u201d - Grupo A\u00e7o Cearense","og_description":"O Grupo A\u00e7o Cearense mais uma vez \u00e9 parceiro da CASACOR Cear\u00e1, evento que abre(...)","og_url":"https:\/\/previews.elleven.digital\/acocearense\/noticia\/grupo-aco-cearense-apoia-casacor-ceara-2022-que-traz-o-tema-infinito-particular\/","og_site_name":"Grupo A\u00e7o Cearense","article_modified_time":"2025-05-07T20:35:59+00:00","og_image":[{"width":768,"height":576,"url":"https:\/\/previews.elleven.digital\/acocearense\/wp-content\/uploads\/2025\/05\/casacor-2022-768x576-1.jpg","type":"image\/jpeg"}],"twitter_card":"summary_large_image","twitter_misc":{"Est. reading time":"1 minute"},"schema":{"@context":"https:\/\/schema.org","@graph":[{"@type":"WebPage","@id":"https:\/\/previews.elleven.digital\/acocearense\/noticia\/grupo-aco-cearense-apoia-casacor-ceara-2022-que-traz-o-tema-infinito-particular\/","url":"https:\/\/previews.elleven.digital\/acocearense\/noticia\/grupo-aco-cearense-apoia-casacor-ceara-2022-que-traz-o-tema-infinito-particular\/","name":"Grupo A\u00e7o Cearense apoia CASACOR Cear\u00e1 2022 que traz o tema \u201cInfinito Particular\u201d - Grupo A\u00e7o Cearense","isPartOf":{"@id":"https:\/\/previews.elleven.digital\/acocearense\/#website"},"primaryImageOfPage":{"@id":"https:\/\/previews.elleven.digital\/acocearense\/noticia\/grupo-aco-cearense-apoia-casacor-ceara-2022-que-traz-o-tema-infinito-particular\/#primaryimage"},"image":{"@id":"https:\/\/previews.elleven.digital\/acocearense\/noticia\/grupo-aco-cearense-apoia-casacor-ceara-2022-que-traz-o-tema-infinito-particular\/#primaryimage"},"thumbnailUrl":"https:\/\/www.grupoacocearense.com.br\/wp-content\/uploads\/2025\/05\/casacor-2022-768x576-1.jpg","datePublished":"2022-08-16T20:35:33+00:00","dateModified":"2025-05-07T20:35:59+00:00","breadcrumb":{"@id":"https:\/\/previews.elleven.digital\/acocearense\/noticia\/grupo-aco-cearense-apoia-casacor-ceara-2022-que-traz-o-tema-infinito-particular\/#breadcrumb"},"inLanguage":"en-US","potentialAction":[{"@type":"ReadAction","target":["https:\/\/previews.elleven.digital\/acocearense\/noticia\/grupo-aco-cearense-apoia-casacor-ceara-2022-que-traz-o-tema-infinito-particular\/"]}]},{"@type":"ImageObject","inLanguage":"en-US","@id":"https:\/\/previews.elleven.digital\/acocearense\/noticia\/grupo-aco-cearense-apoia-casacor-ceara-2022-que-traz-o-tema-infinito-particular\/#primaryimage","url":"https:\/\/www.grupoacocearense.com.br\/wp-content\/uploads\/2025\/05\/casacor-2022-768x576-1.jpg","contentUrl":"https:\/\/www.grupoacocearense.com.br\/wp-content\/uploads\/2025\/05\/casacor-2022-768x576-1.jpg","width":768,"height":576},{"@type":"BreadcrumbList","@id":"https:\/\/previews.elleven.digital\/acocearense\/noticia\/grupo-aco-cearense-apoia-casacor-ceara-2022-que-traz-o-tema-infinito-particular\/#breadcrumb","itemListElement":[{"@type":"ListItem","position":1,"name":"In\u00edcio","item":"https:\/\/www.grupoacocearense.com.br\/"},{"@type":"ListItem","position":2,"name":"Not\u00edcias","item":"https:\/\/previews.elleven.digital\/acocearense\/noticias\/"},{"@type":"ListItem","position":3,"name":"Grupo A\u00e7o Cearense apoia CASACOR Cear\u00e1 2022 que traz o tema \u201cInfinito Particular\u201d"}]},{"@type":"WebSite","@id":"https:\/\/previews.elleven.digital\/acocearense\/#website","url":"https:\/\/previews.elleven.digital\/acocearense\/","name":"Cear\u00e1 Steel","description":"In the Brazilian steel market for over 45 years.","alternateName":"A\u00e7o Cearense","potentialAction":[{"@type":"SearchAction","target":{"@type":"EntryPoint","urlTemplate":"https:\/\/previews.elleven.digital\/acocearense\/?s={search_term_string}"},"query-input":{"@type":"PropertyValueSpecification","valueRequired":true,"valueName":"search_term_string"}}],"inLanguage":"en-US"}]}},"_links":{"self":[{"href":"https:\/\/www.grupoacocearense.com.br\/en\/wp-json\/wp\/v2\/noticia\/2147","targetHints":{"allow":["GET"]}}],"collection":[{"href":"https:\/\/www.grupoacocearense.com.br\/en\/wp-json\/wp\/v2\/noticia"}],"about":[{"href":"https:\/\/www.grupoacocearense.com.br\/en\/wp-json\/wp\/v2\/types\/noticia"}],"wp:featuredmedia":[{"embeddable":true,"href":"https:\/\/www.grupoacocearense.com.br\/en\/wp-json\/wp\/v2\/media\/2123"}],"wp:attachment":[{"href":"https:\/\/www.grupoacocearense.com.br\/en\/wp-json\/wp\/v2\/media?parent=2147"}],"wp:term":[{"taxonomy":"categoria-noticia","embeddable":true,"href":"https:\/\/www.grupoacocearense.com.br\/en\/wp-json\/wp\/v2\/categoria-noticia?post=2147"}],"curies":[{"name":"wp","href":"https:\/\/api.w.org\/{rel}","templated":true}]}}