{"id":2143,"date":"2022-04-29T17:33:54","date_gmt":"2022-04-29T20:33:54","guid":{"rendered":"https:\/\/www.grupoacocearense.com.br\/?post_type=noticia&#038;p=2143"},"modified":"2025-05-07T17:34:37","modified_gmt":"2025-05-07T20:34:37","slug":"grupo-aco-cearense-promove-acao-de-educacao-ambiental-para-filhos-dos-colaboradores","status":"publish","type":"noticia","link":"https:\/\/www.grupoacocearense.com.br\/en\/noticia\/grupo-aco-cearense-promove-acao-de-educacao-ambiental-para-filhos-dos-colaboradores\/","title":{"rendered":"A\u00e7o Cearense Group promotes environmental education for employees&#039; children"},"content":{"rendered":"<p><img loading=\"lazy\" decoding=\"async\" class=\"alignnone size-medium wp-image-10840 aligncenter\" src=\"https:\/\/www.grupoacocearense.com.br\/wp-content\/uploads\/2022\/05\/Projeto-Educacional-A%E2%80%A1o-Cearense-24-300x225.png\" sizes=\"auto, (max-width: 300px) 100vw, 300px\" srcset=\"https:\/\/www.grupoacocearense.com.br\/wp-content\/uploads\/2022\/05\/Projeto-Educacional-A\u2021o-Cearense-24-300x225.png 300w, https:\/\/www.grupoacocearense.com.br\/wp-content\/uploads\/2022\/05\/Projeto-Educacional-A\u2021o-Cearense-24-768x576.png 768w, https:\/\/www.grupoacocearense.com.br\/wp-content\/uploads\/2022\/05\/Projeto-Educacional-A\u2021o-Cearense-24.png 800w\" alt=\"\" width=\"300\" height=\"225\" \/><\/p>\n<p><em>The action takes place in the company&#039;s industry and in Coc\u00f3 Park<\/em><\/p>\n<p>Environmental education is a form of learning aimed at raising people&#039;s awareness of the environment, ensuring a new approach to preserving the planet for the future. With this in mind, the A\u00e7o Cearense Group, through the IAC \u2013 Instituto A\u00e7o Cearense, is promoting the &quot;Environmental Education&quot; project, which aims to share knowledge with the families of its employees. The initiative took place today at A\u00e7o Cearense Industrial and will initially run until Tuesday (3) at Parque do Coc\u00f3.<\/p>\n<p>Around 15 children and teenagers, aged between 12 and 17, children of the Group&#039;s employees, are participating in the program, which includes activities such as educational lectures, selective collection activities, the Educa Parque operation, a seedling workshop, a trail, a picnic, a film screening, an exhibition of sustainable products, a quiz, a raffle, and a guided trail.<\/p>\n<p>According to Carlos Yves Cavalcanti, Sustainability Manager, the idea for the project emerged from suggestions from his team members. The idea was to promote environmental awareness and the possibility of passing it on to everyone at Grupo A\u00e7o Cearense, their children, and neighboring communities. &quot;We believe that thinking about the environment and how to preserve it for future generations is a duty for all of us as a society. Grupo A\u00e7o Cearense promotes numerous actions and projects to preserve and mitigate environmental impacts. Promoting sustainable knowledge, values, and practices is part of our daily lives, which is why the Environmental Education project is being developed so that it can extend beyond the company walls, reaching employees&#039; families and the communities where they live, thereby multiplying this knowledge,&quot; he explains.<\/p>\n<p>&nbsp;<\/p>\n<p><strong>More information for the Press:<\/strong><\/p>\n<p>AD2M Communication Engineering<\/p>\n<p><a href=\"http:\/\/www.ad2m.com.br\/\">www.ad2m.com.br<\/a>\u00a0| (85) 3258.1001<\/p>\n<p>Camila Grangeiro \u2013 camilagrangeiro@ad2m.com.br | (85) 9.9659.6890<\/p>\n<p>Waldirene Lisboa \u2013 waldirene@ad2m.com.br | +55 (85) 9.966957901<\/p>\n<p>Mauro Costa \u2013 maurocosta@ad2m.com.br | (85) 9.8879.8474<\/p>","protected":false},"featured_media":2125,"template":"","meta":{"_acf_changed":false,"inline_featured_image":false},"categoria-noticia":[],"class_list":["post-2143","noticia","type-noticia","status-publish","has-post-thumbnail","hentry"],"acf":{"link":""},"yoast_head":"<!-- This site is optimized with the Yoast SEO plugin v27.4 - https:\/\/yoast.com\/product\/yoast-seo-wordpress\/ -->\n<title>Grupo A\u00e7o Cearense promove a\u00e7\u00e3o de educa\u00e7\u00e3o ambiental para filhos dos colaboradores - Grupo A\u00e7o Cearense<\/title>\n<meta name=\"robots\" content=\"index, follow, max-snippet:-1, max-image-preview:large, max-video-preview:-1\" \/>\n<link rel=\"canonical\" href=\"https:\/\/previews.elleven.digital\/acocearense\/noticia\/grupo-aco-cearense-promove-acao-de-educacao-ambiental-para-filhos-dos-colaboradores\/\" \/>\n<meta property=\"og:locale\" content=\"en_US\" \/>\n<meta property=\"og:type\" content=\"article\" \/>\n<meta property=\"og:title\" content=\"Grupo A\u00e7o Cearense promove a\u00e7\u00e3o de educa\u00e7\u00e3o ambiental para filhos dos colaboradores - Grupo A\u00e7o Cearense\" \/>\n<meta property=\"og:description\" content=\"A a\u00e7\u00e3o acontece na ind\u00fastria da empresa e no Parque do Coc\u00f3 A Educa\u00e7\u00e3o ambiental(...)\" \/>\n<meta property=\"og:url\" content=\"https:\/\/previews.elleven.digital\/acocearense\/noticia\/grupo-aco-cearense-promove-acao-de-educacao-ambiental-para-filhos-dos-colaboradores\/\" \/>\n<meta property=\"og:site_name\" content=\"Grupo A\u00e7o Cearense\" \/>\n<meta property=\"article:modified_time\" content=\"2025-05-07T20:34:37+00:00\" \/>\n<meta property=\"og:image\" content=\"https:\/\/previews.elleven.digital\/acocearense\/wp-content\/uploads\/2025\/05\/Projeto-Educacional-A\u2021o-Cearense-14-768x576-1.png\" \/>\n\t<meta property=\"og:image:width\" content=\"768\" \/>\n\t<meta property=\"og:image:height\" content=\"576\" \/>\n\t<meta property=\"og:image:type\" content=\"image\/png\" \/>\n<meta name=\"twitter:card\" content=\"summary_large_image\" \/>\n<meta name=\"twitter:label1\" content=\"Est. reading time\" \/>\n\t<meta name=\"twitter:data1\" content=\"3 minutes\" \/>\n<script type=\"application\/ld+json\" class=\"yoast-schema-graph\">{\"@context\":\"https:\\\/\\\/schema.org\",\"@graph\":[{\"@type\":\"WebPage\",\"@id\":\"https:\\\/\\\/previews.elleven.digital\\\/acocearense\\\/noticia\\\/grupo-aco-cearense-promove-acao-de-educacao-ambiental-para-filhos-dos-colaboradores\\\/\",\"url\":\"https:\\\/\\\/previews.elleven.digital\\\/acocearense\\\/noticia\\\/grupo-aco-cearense-promove-acao-de-educacao-ambiental-para-filhos-dos-colaboradores\\\/\",\"name\":\"Grupo A\u00e7o Cearense promove a\u00e7\u00e3o de educa\u00e7\u00e3o ambiental para filhos dos colaboradores - Grupo A\u00e7o Cearense\",\"isPartOf\":{\"@id\":\"https:\\\/\\\/previews.elleven.digital\\\/acocearense\\\/#website\"},\"primaryImageOfPage\":{\"@id\":\"https:\\\/\\\/previews.elleven.digital\\\/acocearense\\\/noticia\\\/grupo-aco-cearense-promove-acao-de-educacao-ambiental-para-filhos-dos-colaboradores\\\/#primaryimage\"},\"image\":{\"@id\":\"https:\\\/\\\/previews.elleven.digital\\\/acocearense\\\/noticia\\\/grupo-aco-cearense-promove-acao-de-educacao-ambiental-para-filhos-dos-colaboradores\\\/#primaryimage\"},\"thumbnailUrl\":\"https:\\\/\\\/www.grupoacocearense.com.br\\\/wp-content\\\/uploads\\\/2025\\\/05\\\/Projeto-Educacional-A\u2021o-Cearense-14-768x576-1.png\",\"datePublished\":\"2022-04-29T20:33:54+00:00\",\"dateModified\":\"2025-05-07T20:34:37+00:00\",\"breadcrumb\":{\"@id\":\"https:\\\/\\\/previews.elleven.digital\\\/acocearense\\\/noticia\\\/grupo-aco-cearense-promove-acao-de-educacao-ambiental-para-filhos-dos-colaboradores\\\/#breadcrumb\"},\"inLanguage\":\"en-US\",\"potentialAction\":[{\"@type\":\"ReadAction\",\"target\":[\"https:\\\/\\\/previews.elleven.digital\\\/acocearense\\\/noticia\\\/grupo-aco-cearense-promove-acao-de-educacao-ambiental-para-filhos-dos-colaboradores\\\/\"]}]},{\"@type\":\"ImageObject\",\"inLanguage\":\"en-US\",\"@id\":\"https:\\\/\\\/previews.elleven.digital\\\/acocearense\\\/noticia\\\/grupo-aco-cearense-promove-acao-de-educacao-ambiental-para-filhos-dos-colaboradores\\\/#primaryimage\",\"url\":\"https:\\\/\\\/www.grupoacocearense.com.br\\\/wp-content\\\/uploads\\\/2025\\\/05\\\/Projeto-Educacional-A\u2021o-Cearense-14-768x576-1.png\",\"contentUrl\":\"https:\\\/\\\/www.grupoacocearense.com.br\\\/wp-content\\\/uploads\\\/2025\\\/05\\\/Projeto-Educacional-A\u2021o-Cearense-14-768x576-1.png\",\"width\":768,\"height\":576},{\"@type\":\"BreadcrumbList\",\"@id\":\"https:\\\/\\\/previews.elleven.digital\\\/acocearense\\\/noticia\\\/grupo-aco-cearense-promove-acao-de-educacao-ambiental-para-filhos-dos-colaboradores\\\/#breadcrumb\",\"itemListElement\":[{\"@type\":\"ListItem\",\"position\":1,\"name\":\"In\u00edcio\",\"item\":\"https:\\\/\\\/www.grupoacocearense.com.br\\\/\"},{\"@type\":\"ListItem\",\"position\":2,\"name\":\"Not\u00edcias\",\"item\":\"https:\\\/\\\/previews.elleven.digital\\\/acocearense\\\/noticias\\\/\"},{\"@type\":\"ListItem\",\"position\":3,\"name\":\"Grupo A\u00e7o Cearense promove a\u00e7\u00e3o de educa\u00e7\u00e3o ambiental para filhos dos colaboradores\"}]},{\"@type\":\"WebSite\",\"@id\":\"https:\\\/\\\/previews.elleven.digital\\\/acocearense\\\/#website\",\"url\":\"https:\\\/\\\/previews.elleven.digital\\\/acocearense\\\/\",\"name\":\"A\u00e7o Cearense\",\"description\":\"H\u00e1 mais de 45 anos no mercado brasileiro do a\u00e7o.\",\"alternateName\":\"A\u00e7o Cearense\",\"potentialAction\":[{\"@type\":\"SearchAction\",\"target\":{\"@type\":\"EntryPoint\",\"urlTemplate\":\"https:\\\/\\\/previews.elleven.digital\\\/acocearense\\\/?s={search_term_string}\"},\"query-input\":{\"@type\":\"PropertyValueSpecification\",\"valueRequired\":true,\"valueName\":\"search_term_string\"}}],\"inLanguage\":\"en-US\"}]}<\/script>\n<!-- \/ Yoast SEO plugin. -->","yoast_head_json":{"title":"Grupo A\u00e7o Cearense promove a\u00e7\u00e3o de educa\u00e7\u00e3o ambiental para filhos dos colaboradores - Grupo A\u00e7o Cearense","robots":{"index":"index","follow":"follow","max-snippet":"max-snippet:-1","max-image-preview":"max-image-preview:large","max-video-preview":"max-video-preview:-1"},"canonical":"https:\/\/previews.elleven.digital\/acocearense\/noticia\/grupo-aco-cearense-promove-acao-de-educacao-ambiental-para-filhos-dos-colaboradores\/","og_locale":"en_US","og_type":"article","og_title":"Grupo A\u00e7o Cearense promove a\u00e7\u00e3o de educa\u00e7\u00e3o ambiental para filhos dos colaboradores - Grupo A\u00e7o Cearense","og_description":"A a\u00e7\u00e3o acontece na ind\u00fastria da empresa e no Parque do Coc\u00f3 A Educa\u00e7\u00e3o ambiental(...)","og_url":"https:\/\/previews.elleven.digital\/acocearense\/noticia\/grupo-aco-cearense-promove-acao-de-educacao-ambiental-para-filhos-dos-colaboradores\/","og_site_name":"Grupo A\u00e7o Cearense","article_modified_time":"2025-05-07T20:34:37+00:00","og_image":[{"width":768,"height":576,"url":"https:\/\/previews.elleven.digital\/acocearense\/wp-content\/uploads\/2025\/05\/Projeto-Educacional-A\u2021o-Cearense-14-768x576-1.png","type":"image\/png"}],"twitter_card":"summary_large_image","twitter_misc":{"Est. reading time":"3 minutes"},"schema":{"@context":"https:\/\/schema.org","@graph":[{"@type":"WebPage","@id":"https:\/\/previews.elleven.digital\/acocearense\/noticia\/grupo-aco-cearense-promove-acao-de-educacao-ambiental-para-filhos-dos-colaboradores\/","url":"https:\/\/previews.elleven.digital\/acocearense\/noticia\/grupo-aco-cearense-promove-acao-de-educacao-ambiental-para-filhos-dos-colaboradores\/","name":"Grupo A\u00e7o Cearense promove a\u00e7\u00e3o de educa\u00e7\u00e3o ambiental para filhos dos colaboradores - Grupo A\u00e7o Cearense","isPartOf":{"@id":"https:\/\/previews.elleven.digital\/acocearense\/#website"},"primaryImageOfPage":{"@id":"https:\/\/previews.elleven.digital\/acocearense\/noticia\/grupo-aco-cearense-promove-acao-de-educacao-ambiental-para-filhos-dos-colaboradores\/#primaryimage"},"image":{"@id":"https:\/\/previews.elleven.digital\/acocearense\/noticia\/grupo-aco-cearense-promove-acao-de-educacao-ambiental-para-filhos-dos-colaboradores\/#primaryimage"},"thumbnailUrl":"https:\/\/www.grupoacocearense.com.br\/wp-content\/uploads\/2025\/05\/Projeto-Educacional-A\u2021o-Cearense-14-768x576-1.png","datePublished":"2022-04-29T20:33:54+00:00","dateModified":"2025-05-07T20:34:37+00:00","breadcrumb":{"@id":"https:\/\/previews.elleven.digital\/acocearense\/noticia\/grupo-aco-cearense-promove-acao-de-educacao-ambiental-para-filhos-dos-colaboradores\/#breadcrumb"},"inLanguage":"en-US","potentialAction":[{"@type":"ReadAction","target":["https:\/\/previews.elleven.digital\/acocearense\/noticia\/grupo-aco-cearense-promove-acao-de-educacao-ambiental-para-filhos-dos-colaboradores\/"]}]},{"@type":"ImageObject","inLanguage":"en-US","@id":"https:\/\/previews.elleven.digital\/acocearense\/noticia\/grupo-aco-cearense-promove-acao-de-educacao-ambiental-para-filhos-dos-colaboradores\/#primaryimage","url":"https:\/\/www.grupoacocearense.com.br\/wp-content\/uploads\/2025\/05\/Projeto-Educacional-A\u2021o-Cearense-14-768x576-1.png","contentUrl":"https:\/\/www.grupoacocearense.com.br\/wp-content\/uploads\/2025\/05\/Projeto-Educacional-A\u2021o-Cearense-14-768x576-1.png","width":768,"height":576},{"@type":"BreadcrumbList","@id":"https:\/\/previews.elleven.digital\/acocearense\/noticia\/grupo-aco-cearense-promove-acao-de-educacao-ambiental-para-filhos-dos-colaboradores\/#breadcrumb","itemListElement":[{"@type":"ListItem","position":1,"name":"In\u00edcio","item":"https:\/\/www.grupoacocearense.com.br\/"},{"@type":"ListItem","position":2,"name":"Not\u00edcias","item":"https:\/\/previews.elleven.digital\/acocearense\/noticias\/"},{"@type":"ListItem","position":3,"name":"Grupo A\u00e7o Cearense promove a\u00e7\u00e3o de educa\u00e7\u00e3o ambiental para filhos dos colaboradores"}]},{"@type":"WebSite","@id":"https:\/\/previews.elleven.digital\/acocearense\/#website","url":"https:\/\/previews.elleven.digital\/acocearense\/","name":"Cear\u00e1 Steel","description":"In the Brazilian steel market for over 45 years.","alternateName":"A\u00e7o Cearense","potentialAction":[{"@type":"SearchAction","target":{"@type":"EntryPoint","urlTemplate":"https:\/\/previews.elleven.digital\/acocearense\/?s={search_term_string}"},"query-input":{"@type":"PropertyValueSpecification","valueRequired":true,"valueName":"search_term_string"}}],"inLanguage":"en-US"}]}},"_links":{"self":[{"href":"https:\/\/www.grupoacocearense.com.br\/en\/wp-json\/wp\/v2\/noticia\/2143","targetHints":{"allow":["GET"]}}],"collection":[{"href":"https:\/\/www.grupoacocearense.com.br\/en\/wp-json\/wp\/v2\/noticia"}],"about":[{"href":"https:\/\/www.grupoacocearense.com.br\/en\/wp-json\/wp\/v2\/types\/noticia"}],"wp:featuredmedia":[{"embeddable":true,"href":"https:\/\/www.grupoacocearense.com.br\/en\/wp-json\/wp\/v2\/media\/2125"}],"wp:attachment":[{"href":"https:\/\/www.grupoacocearense.com.br\/en\/wp-json\/wp\/v2\/media?parent=2143"}],"wp:term":[{"taxonomy":"categoria-noticia","embeddable":true,"href":"https:\/\/www.grupoacocearense.com.br\/en\/wp-json\/wp\/v2\/categoria-noticia?post=2143"}],"curies":[{"name":"wp","href":"https:\/\/api.w.org\/{rel}","templated":true}]}}