{"id":2140,"date":"2022-03-29T17:33:21","date_gmt":"2022-03-29T20:33:21","guid":{"rendered":"https:\/\/www.grupoacocearense.com.br\/?post_type=noticia&#038;p=2140"},"modified":"2025-05-07T17:33:49","modified_gmt":"2025-05-07T20:33:49","slug":"aco-cearense-apoia-projeto-de-formacao-musical-para-jovens-do-pecem","status":"publish","type":"noticia","link":"https:\/\/www.grupoacocearense.com.br\/en\/noticia\/aco-cearense-apoia-projeto-de-formacao-musical-para-jovens-do-pecem\/","title":{"rendered":"A\u00e7o Cearense supports music training project for young people in Pec\u00e9m"},"content":{"rendered":"<p><em>The initiative will be carried out by the Association of Companies of the Pec\u00e9m Industrial and Port Complex (AECIPP) and will benefit more than 200 young people<\/em><\/p>\n<p>Music awakens creativity, stimulates body awareness, attention, and concentration. Beyond these benefits, music education can foster inclusion and socialization if replicated among socially vulnerable youth. Within this context, A\u00e7o Cearense Industrial, one of the A\u00e7o Cearense Group companies, is supporting the &quot;Pec\u00e9m Symphony Academy&quot; project for children and youth in the community.<\/p>\n<p>The project will provide students with musical training through ensemble practice, leading to the formation of the Pec\u00e9m Children&#039;s and Youth Symphony Orchestra in the near future. The initiative will provide 228 spots in 2022, 114 per semester, for children and young people aged 6 to 11, from public or private schools.<\/p>\n<p>Luciana Rabelo, coordinator of the Instituto A\u00e7o Cearense, who attended and participated in the project&#039;s launch, reinforces Grupo A\u00e7o Cearense&#039;s commitment to initiatives that foster cultural and artistic development for children and young people. &quot;We always seek to support projects that have social relevance. Our partnership with AECIPP has been going on for a long time, always guided by our commitment to the community through initiatives and programs that promote collective social well-being. Therefore, we are delighted to support the Pec\u00e9m Symphony Academy,&quot; says the coordinator.<\/p>\n<p>The project is scheduled to begin on March 30th at the Euclides Pereira Gomes School. Students will have instrument lessons and musical training twice a week.<\/p>\n<p>&nbsp;<\/p>\n<p><strong>More information for the Press:<\/strong><\/p>\n<p>AD2M Communication Engineering<\/p>\n<p><a href=\"http:\/\/www.ad2m.com.br\/\">www.ad2m.com.br<\/a>\u00a0| (85) 3258.1001<\/p>\n<p>Camila Grangeiro \u2013\u00a0<a href=\"mailto:camilagrangeiro@ad2m.com.br\">camilagrangeiro@ad2m.com.br<\/a>\u00a0| (85) 9.9659.6890<\/p>\n<p>Waldirene Lisboa \u2013 waldirene@<a href=\"http:\/\/ad2m.com.br\/\">ad2m.com.br<\/a>\u00a0| (85) 9.9669.5790<\/p>\n<p>Mauro Costa \u2013\u00a0<a href=\"mailto:maurocosta@ad2m.com.br\">maurocosta@ad2m.com.br<\/a>\u00a0| (85) 9.8879.8474<\/p>","protected":false},"featured_media":2126,"template":"","meta":{"_acf_changed":false,"inline_featured_image":false},"categoria-noticia":[],"class_list":["post-2140","noticia","type-noticia","status-publish","has-post-thumbnail","hentry"],"acf":{"link":""},"yoast_head":"<!-- This site is optimized with the Yoast SEO plugin v27.4 - https:\/\/yoast.com\/product\/yoast-seo-wordpress\/ -->\n<title>A\u00e7o Cearense apoia projeto de forma\u00e7\u00e3o musical para jovens do Pec\u00e9m - Grupo A\u00e7o Cearense<\/title>\n<meta name=\"robots\" content=\"index, follow, max-snippet:-1, max-image-preview:large, max-video-preview:-1\" \/>\n<link rel=\"canonical\" href=\"https:\/\/previews.elleven.digital\/acocearense\/noticia\/aco-cearense-apoia-projeto-de-formacao-musical-para-jovens-do-pecem\/\" \/>\n<meta property=\"og:locale\" content=\"en_US\" \/>\n<meta property=\"og:type\" content=\"article\" \/>\n<meta property=\"og:title\" content=\"A\u00e7o Cearense apoia projeto de forma\u00e7\u00e3o musical para jovens do Pec\u00e9m - Grupo A\u00e7o Cearense\" \/>\n<meta property=\"og:description\" content=\"A iniciativa ser\u00e1 realizada pela Associa\u00e7\u00e3o das Empresas do Complexo Industrial e Portu\u00e1rio do Pec\u00e9m(...)\" \/>\n<meta property=\"og:url\" content=\"https:\/\/previews.elleven.digital\/acocearense\/noticia\/aco-cearense-apoia-projeto-de-formacao-musical-para-jovens-do-pecem\/\" \/>\n<meta property=\"og:site_name\" content=\"Grupo A\u00e7o Cearense\" \/>\n<meta property=\"article:modified_time\" content=\"2025-05-07T20:33:49+00:00\" \/>\n<meta property=\"og:image\" content=\"https:\/\/previews.elleven.digital\/acocearense\/wp-content\/uploads\/2025\/05\/Academia-Sinfoica-768x576-1.png\" \/>\n\t<meta property=\"og:image:width\" content=\"768\" \/>\n\t<meta property=\"og:image:height\" content=\"576\" \/>\n\t<meta property=\"og:image:type\" content=\"image\/png\" \/>\n<meta name=\"twitter:card\" content=\"summary_large_image\" \/>\n<meta name=\"twitter:label1\" content=\"Est. reading time\" \/>\n\t<meta name=\"twitter:data1\" content=\"2 minutes\" \/>\n<script type=\"application\/ld+json\" class=\"yoast-schema-graph\">{\"@context\":\"https:\\\/\\\/schema.org\",\"@graph\":[{\"@type\":\"WebPage\",\"@id\":\"https:\\\/\\\/previews.elleven.digital\\\/acocearense\\\/noticia\\\/aco-cearense-apoia-projeto-de-formacao-musical-para-jovens-do-pecem\\\/\",\"url\":\"https:\\\/\\\/previews.elleven.digital\\\/acocearense\\\/noticia\\\/aco-cearense-apoia-projeto-de-formacao-musical-para-jovens-do-pecem\\\/\",\"name\":\"A\u00e7o Cearense apoia projeto de forma\u00e7\u00e3o musical para jovens do Pec\u00e9m - Grupo A\u00e7o Cearense\",\"isPartOf\":{\"@id\":\"https:\\\/\\\/previews.elleven.digital\\\/acocearense\\\/#website\"},\"primaryImageOfPage\":{\"@id\":\"https:\\\/\\\/previews.elleven.digital\\\/acocearense\\\/noticia\\\/aco-cearense-apoia-projeto-de-formacao-musical-para-jovens-do-pecem\\\/#primaryimage\"},\"image\":{\"@id\":\"https:\\\/\\\/previews.elleven.digital\\\/acocearense\\\/noticia\\\/aco-cearense-apoia-projeto-de-formacao-musical-para-jovens-do-pecem\\\/#primaryimage\"},\"thumbnailUrl\":\"https:\\\/\\\/www.grupoacocearense.com.br\\\/wp-content\\\/uploads\\\/2025\\\/05\\\/Academia-Sinfoica-768x576-1.png\",\"datePublished\":\"2022-03-29T20:33:21+00:00\",\"dateModified\":\"2025-05-07T20:33:49+00:00\",\"breadcrumb\":{\"@id\":\"https:\\\/\\\/previews.elleven.digital\\\/acocearense\\\/noticia\\\/aco-cearense-apoia-projeto-de-formacao-musical-para-jovens-do-pecem\\\/#breadcrumb\"},\"inLanguage\":\"en-US\",\"potentialAction\":[{\"@type\":\"ReadAction\",\"target\":[\"https:\\\/\\\/previews.elleven.digital\\\/acocearense\\\/noticia\\\/aco-cearense-apoia-projeto-de-formacao-musical-para-jovens-do-pecem\\\/\"]}]},{\"@type\":\"ImageObject\",\"inLanguage\":\"en-US\",\"@id\":\"https:\\\/\\\/previews.elleven.digital\\\/acocearense\\\/noticia\\\/aco-cearense-apoia-projeto-de-formacao-musical-para-jovens-do-pecem\\\/#primaryimage\",\"url\":\"https:\\\/\\\/www.grupoacocearense.com.br\\\/wp-content\\\/uploads\\\/2025\\\/05\\\/Academia-Sinfoica-768x576-1.png\",\"contentUrl\":\"https:\\\/\\\/www.grupoacocearense.com.br\\\/wp-content\\\/uploads\\\/2025\\\/05\\\/Academia-Sinfoica-768x576-1.png\",\"width\":768,\"height\":576},{\"@type\":\"BreadcrumbList\",\"@id\":\"https:\\\/\\\/previews.elleven.digital\\\/acocearense\\\/noticia\\\/aco-cearense-apoia-projeto-de-formacao-musical-para-jovens-do-pecem\\\/#breadcrumb\",\"itemListElement\":[{\"@type\":\"ListItem\",\"position\":1,\"name\":\"In\u00edcio\",\"item\":\"https:\\\/\\\/www.grupoacocearense.com.br\\\/\"},{\"@type\":\"ListItem\",\"position\":2,\"name\":\"Not\u00edcias\",\"item\":\"https:\\\/\\\/previews.elleven.digital\\\/acocearense\\\/noticias\\\/\"},{\"@type\":\"ListItem\",\"position\":3,\"name\":\"A\u00e7o Cearense apoia projeto de forma\u00e7\u00e3o musical para jovens do Pec\u00e9m\"}]},{\"@type\":\"WebSite\",\"@id\":\"https:\\\/\\\/previews.elleven.digital\\\/acocearense\\\/#website\",\"url\":\"https:\\\/\\\/previews.elleven.digital\\\/acocearense\\\/\",\"name\":\"A\u00e7o Cearense\",\"description\":\"H\u00e1 mais de 45 anos no mercado brasileiro do a\u00e7o.\",\"alternateName\":\"A\u00e7o Cearense\",\"potentialAction\":[{\"@type\":\"SearchAction\",\"target\":{\"@type\":\"EntryPoint\",\"urlTemplate\":\"https:\\\/\\\/previews.elleven.digital\\\/acocearense\\\/?s={search_term_string}\"},\"query-input\":{\"@type\":\"PropertyValueSpecification\",\"valueRequired\":true,\"valueName\":\"search_term_string\"}}],\"inLanguage\":\"en-US\"}]}<\/script>\n<!-- \/ Yoast SEO plugin. -->","yoast_head_json":{"title":"A\u00e7o Cearense apoia projeto de forma\u00e7\u00e3o musical para jovens do Pec\u00e9m - Grupo A\u00e7o Cearense","robots":{"index":"index","follow":"follow","max-snippet":"max-snippet:-1","max-image-preview":"max-image-preview:large","max-video-preview":"max-video-preview:-1"},"canonical":"https:\/\/previews.elleven.digital\/acocearense\/noticia\/aco-cearense-apoia-projeto-de-formacao-musical-para-jovens-do-pecem\/","og_locale":"en_US","og_type":"article","og_title":"A\u00e7o Cearense apoia projeto de forma\u00e7\u00e3o musical para jovens do Pec\u00e9m - Grupo A\u00e7o Cearense","og_description":"A iniciativa ser\u00e1 realizada pela Associa\u00e7\u00e3o das Empresas do Complexo Industrial e Portu\u00e1rio do Pec\u00e9m(...)","og_url":"https:\/\/previews.elleven.digital\/acocearense\/noticia\/aco-cearense-apoia-projeto-de-formacao-musical-para-jovens-do-pecem\/","og_site_name":"Grupo A\u00e7o Cearense","article_modified_time":"2025-05-07T20:33:49+00:00","og_image":[{"width":768,"height":576,"url":"https:\/\/previews.elleven.digital\/acocearense\/wp-content\/uploads\/2025\/05\/Academia-Sinfoica-768x576-1.png","type":"image\/png"}],"twitter_card":"summary_large_image","twitter_misc":{"Est. reading time":"2 minutes"},"schema":{"@context":"https:\/\/schema.org","@graph":[{"@type":"WebPage","@id":"https:\/\/previews.elleven.digital\/acocearense\/noticia\/aco-cearense-apoia-projeto-de-formacao-musical-para-jovens-do-pecem\/","url":"https:\/\/previews.elleven.digital\/acocearense\/noticia\/aco-cearense-apoia-projeto-de-formacao-musical-para-jovens-do-pecem\/","name":"A\u00e7o Cearense apoia projeto de forma\u00e7\u00e3o musical para jovens do Pec\u00e9m - Grupo A\u00e7o Cearense","isPartOf":{"@id":"https:\/\/previews.elleven.digital\/acocearense\/#website"},"primaryImageOfPage":{"@id":"https:\/\/previews.elleven.digital\/acocearense\/noticia\/aco-cearense-apoia-projeto-de-formacao-musical-para-jovens-do-pecem\/#primaryimage"},"image":{"@id":"https:\/\/previews.elleven.digital\/acocearense\/noticia\/aco-cearense-apoia-projeto-de-formacao-musical-para-jovens-do-pecem\/#primaryimage"},"thumbnailUrl":"https:\/\/www.grupoacocearense.com.br\/wp-content\/uploads\/2025\/05\/Academia-Sinfoica-768x576-1.png","datePublished":"2022-03-29T20:33:21+00:00","dateModified":"2025-05-07T20:33:49+00:00","breadcrumb":{"@id":"https:\/\/previews.elleven.digital\/acocearense\/noticia\/aco-cearense-apoia-projeto-de-formacao-musical-para-jovens-do-pecem\/#breadcrumb"},"inLanguage":"en-US","potentialAction":[{"@type":"ReadAction","target":["https:\/\/previews.elleven.digital\/acocearense\/noticia\/aco-cearense-apoia-projeto-de-formacao-musical-para-jovens-do-pecem\/"]}]},{"@type":"ImageObject","inLanguage":"en-US","@id":"https:\/\/previews.elleven.digital\/acocearense\/noticia\/aco-cearense-apoia-projeto-de-formacao-musical-para-jovens-do-pecem\/#primaryimage","url":"https:\/\/www.grupoacocearense.com.br\/wp-content\/uploads\/2025\/05\/Academia-Sinfoica-768x576-1.png","contentUrl":"https:\/\/www.grupoacocearense.com.br\/wp-content\/uploads\/2025\/05\/Academia-Sinfoica-768x576-1.png","width":768,"height":576},{"@type":"BreadcrumbList","@id":"https:\/\/previews.elleven.digital\/acocearense\/noticia\/aco-cearense-apoia-projeto-de-formacao-musical-para-jovens-do-pecem\/#breadcrumb","itemListElement":[{"@type":"ListItem","position":1,"name":"In\u00edcio","item":"https:\/\/www.grupoacocearense.com.br\/"},{"@type":"ListItem","position":2,"name":"Not\u00edcias","item":"https:\/\/previews.elleven.digital\/acocearense\/noticias\/"},{"@type":"ListItem","position":3,"name":"A\u00e7o Cearense apoia projeto de forma\u00e7\u00e3o musical para jovens do Pec\u00e9m"}]},{"@type":"WebSite","@id":"https:\/\/previews.elleven.digital\/acocearense\/#website","url":"https:\/\/previews.elleven.digital\/acocearense\/","name":"Cear\u00e1 Steel","description":"In the Brazilian steel market for over 45 years.","alternateName":"A\u00e7o Cearense","potentialAction":[{"@type":"SearchAction","target":{"@type":"EntryPoint","urlTemplate":"https:\/\/previews.elleven.digital\/acocearense\/?s={search_term_string}"},"query-input":{"@type":"PropertyValueSpecification","valueRequired":true,"valueName":"search_term_string"}}],"inLanguage":"en-US"}]}},"_links":{"self":[{"href":"https:\/\/www.grupoacocearense.com.br\/en\/wp-json\/wp\/v2\/noticia\/2140","targetHints":{"allow":["GET"]}}],"collection":[{"href":"https:\/\/www.grupoacocearense.com.br\/en\/wp-json\/wp\/v2\/noticia"}],"about":[{"href":"https:\/\/www.grupoacocearense.com.br\/en\/wp-json\/wp\/v2\/types\/noticia"}],"wp:featuredmedia":[{"embeddable":true,"href":"https:\/\/www.grupoacocearense.com.br\/en\/wp-json\/wp\/v2\/media\/2126"}],"wp:attachment":[{"href":"https:\/\/www.grupoacocearense.com.br\/en\/wp-json\/wp\/v2\/media?parent=2140"}],"wp:term":[{"taxonomy":"categoria-noticia","embeddable":true,"href":"https:\/\/www.grupoacocearense.com.br\/en\/wp-json\/wp\/v2\/categoria-noticia?post=2140"}],"curies":[{"name":"wp","href":"https:\/\/api.w.org\/{rel}","templated":true}]}}