{"id":2139,"date":"2022-01-18T17:32:49","date_gmt":"2022-01-18T20:32:49","guid":{"rendered":"https:\/\/www.grupoacocearense.com.br\/?post_type=noticia&#038;p=2139"},"modified":"2025-05-07T17:33:15","modified_gmt":"2025-05-07T20:33:15","slug":"aline-ferreira-e-eleita-a-melhor-executiva-do-ceara","status":"publish","type":"noticia","link":"https:\/\/www.grupoacocearense.com.br\/en\/noticia\/aline-ferreira-e-eleita-a-melhor-executiva-do-ceara\/","title":{"rendered":"Aline Ferreira is elected the best executive in Cear\u00e1"},"content":{"rendered":"<p>The Commercial and Financial Vice President of Grupo A\u00e7o Cearense, Aline Ferreira, is the winner of the Best Executive in Cear\u00e1 category, of MT Indica 2021, an award created by journalist M\u00e1rcia Travessoni to elect the best of the year in 19 categories, announced last Friday (28).<\/p>\n<p>The ranking listed ten important female figures from the state who are leading major businesses. Aline Ferreira was elected by the general public with 34,89% of the votes, in a vote that lasted approximately five months. For the executive, this recognition was an honor. &quot;I was surprised by the nomination and very happy with the result, especially considering the other executives I greatly admire who were also nominated. It&#039;s an honor to have been recognized by the popular vote, and I appreciate all the affection shown by those who believe in my work. This recognition reflects everything I have learned and achieved through my family, who are my foundation, the team at Grupo A\u00e7o Cearense, who teaches and supports me every day, everyone who, in some way, is part of my story, and, above all, God, who blesses me with so many opportunities,&quot; she emphasizes.<\/p>\n<p>Aline Ferreira is an executive partner and vice president of commercial and financial affairs at the A\u00e7o Cearense group, and is also responsible for the company&#039;s Human Resources, Management and Processes, Marketing, S&amp;OP, and Technology departments. The group has four companies and an institute located in the states of Par\u00e1, Tocantins, and Cear\u00e1, with strong domestic operations and a presence in the steel and metallurgy segment. Aline is also an ambassador and mentor for Endeavor Brasil, an advisory board member for Lide Cear\u00e1, and president of the Advisory Board of the Associa\u00e7\u00e3o J\u00fanior Achievement Cear\u00e1.<\/p>\n<p>&nbsp;<\/p>\n<p><strong>More information for the Press:<\/strong><\/p>\n<p>AD2M Communication Engineering<\/p>\n<p><a href=\"http:\/\/www.ad2m.com.br\/\">www.ad2m.com.br<\/a>\u00a0| (85) 3258.1001<\/p>\n<p>Camila Grangeiro \u2013 camilagrangeiro@ad2m.com.br | (85) 9.9659.6890<\/p>\n<p>Waldirene Lisboa \u2013 waldirene@ad2m.com.br | (85) 9.9669.5790<\/p>\n<p>Mauro Costa \u2013 maurocosta@ad2m.com.br | (85) 9.8879.8474<\/p>","protected":false},"featured_media":2127,"template":"","meta":{"_acf_changed":false,"inline_featured_image":false},"categoria-noticia":[],"class_list":["post-2139","noticia","type-noticia","status-publish","has-post-thumbnail","hentry"],"acf":{"link":""},"yoast_head":"<!-- This site is optimized with the Yoast SEO plugin v27.4 - https:\/\/yoast.com\/product\/yoast-seo-wordpress\/ -->\n<title>Aline Ferreira \u00e9 eleita a melhor executiva do Cear\u00e1 - Grupo A\u00e7o Cearense<\/title>\n<meta name=\"robots\" content=\"index, follow, max-snippet:-1, max-image-preview:large, max-video-preview:-1\" \/>\n<link rel=\"canonical\" href=\"https:\/\/previews.elleven.digital\/acocearense\/noticia\/aline-ferreira-e-eleita-a-melhor-executiva-do-ceara\/\" \/>\n<meta property=\"og:locale\" content=\"en_US\" \/>\n<meta property=\"og:type\" content=\"article\" \/>\n<meta property=\"og:title\" content=\"Aline Ferreira \u00e9 eleita a melhor executiva do Cear\u00e1 - Grupo A\u00e7o Cearense\" \/>\n<meta property=\"og:description\" content=\"A vice-presidente Comercial e Financeira do Grupo A\u00e7o Cearense,\u00a0Aline\u00a0Ferreira, \u00e9 a vencedora da categoria Melhor(...)\" \/>\n<meta property=\"og:url\" content=\"https:\/\/previews.elleven.digital\/acocearense\/noticia\/aline-ferreira-e-eleita-a-melhor-executiva-do-ceara\/\" \/>\n<meta property=\"og:site_name\" content=\"Grupo A\u00e7o Cearense\" \/>\n<meta property=\"article:modified_time\" content=\"2025-05-07T20:33:15+00:00\" \/>\n<meta property=\"og:image\" content=\"https:\/\/previews.elleven.digital\/acocearense\/wp-content\/uploads\/2025\/05\/Aline-Ferreira_Premio-MT-copy-768x576-1.png\" \/>\n\t<meta property=\"og:image:width\" content=\"768\" \/>\n\t<meta property=\"og:image:height\" content=\"576\" \/>\n\t<meta property=\"og:image:type\" content=\"image\/png\" \/>\n<meta name=\"twitter:card\" content=\"summary_large_image\" \/>\n<meta name=\"twitter:label1\" content=\"Est. reading time\" \/>\n\t<meta name=\"twitter:data1\" content=\"2 minutes\" \/>\n<script type=\"application\/ld+json\" class=\"yoast-schema-graph\">{\"@context\":\"https:\\\/\\\/schema.org\",\"@graph\":[{\"@type\":\"WebPage\",\"@id\":\"https:\\\/\\\/previews.elleven.digital\\\/acocearense\\\/noticia\\\/aline-ferreira-e-eleita-a-melhor-executiva-do-ceara\\\/\",\"url\":\"https:\\\/\\\/previews.elleven.digital\\\/acocearense\\\/noticia\\\/aline-ferreira-e-eleita-a-melhor-executiva-do-ceara\\\/\",\"name\":\"Aline Ferreira \u00e9 eleita a melhor executiva do Cear\u00e1 - Grupo A\u00e7o Cearense\",\"isPartOf\":{\"@id\":\"https:\\\/\\\/previews.elleven.digital\\\/acocearense\\\/#website\"},\"primaryImageOfPage\":{\"@id\":\"https:\\\/\\\/previews.elleven.digital\\\/acocearense\\\/noticia\\\/aline-ferreira-e-eleita-a-melhor-executiva-do-ceara\\\/#primaryimage\"},\"image\":{\"@id\":\"https:\\\/\\\/previews.elleven.digital\\\/acocearense\\\/noticia\\\/aline-ferreira-e-eleita-a-melhor-executiva-do-ceara\\\/#primaryimage\"},\"thumbnailUrl\":\"https:\\\/\\\/www.grupoacocearense.com.br\\\/wp-content\\\/uploads\\\/2025\\\/05\\\/Aline-Ferreira_Premio-MT-copy-768x576-1.png\",\"datePublished\":\"2022-01-18T20:32:49+00:00\",\"dateModified\":\"2025-05-07T20:33:15+00:00\",\"breadcrumb\":{\"@id\":\"https:\\\/\\\/previews.elleven.digital\\\/acocearense\\\/noticia\\\/aline-ferreira-e-eleita-a-melhor-executiva-do-ceara\\\/#breadcrumb\"},\"inLanguage\":\"en-US\",\"potentialAction\":[{\"@type\":\"ReadAction\",\"target\":[\"https:\\\/\\\/previews.elleven.digital\\\/acocearense\\\/noticia\\\/aline-ferreira-e-eleita-a-melhor-executiva-do-ceara\\\/\"]}]},{\"@type\":\"ImageObject\",\"inLanguage\":\"en-US\",\"@id\":\"https:\\\/\\\/previews.elleven.digital\\\/acocearense\\\/noticia\\\/aline-ferreira-e-eleita-a-melhor-executiva-do-ceara\\\/#primaryimage\",\"url\":\"https:\\\/\\\/www.grupoacocearense.com.br\\\/wp-content\\\/uploads\\\/2025\\\/05\\\/Aline-Ferreira_Premio-MT-copy-768x576-1.png\",\"contentUrl\":\"https:\\\/\\\/www.grupoacocearense.com.br\\\/wp-content\\\/uploads\\\/2025\\\/05\\\/Aline-Ferreira_Premio-MT-copy-768x576-1.png\",\"width\":768,\"height\":576},{\"@type\":\"BreadcrumbList\",\"@id\":\"https:\\\/\\\/previews.elleven.digital\\\/acocearense\\\/noticia\\\/aline-ferreira-e-eleita-a-melhor-executiva-do-ceara\\\/#breadcrumb\",\"itemListElement\":[{\"@type\":\"ListItem\",\"position\":1,\"name\":\"In\u00edcio\",\"item\":\"https:\\\/\\\/www.grupoacocearense.com.br\\\/\"},{\"@type\":\"ListItem\",\"position\":2,\"name\":\"Not\u00edcias\",\"item\":\"https:\\\/\\\/previews.elleven.digital\\\/acocearense\\\/noticias\\\/\"},{\"@type\":\"ListItem\",\"position\":3,\"name\":\"Aline Ferreira \u00e9 eleita a melhor executiva do Cear\u00e1\"}]},{\"@type\":\"WebSite\",\"@id\":\"https:\\\/\\\/previews.elleven.digital\\\/acocearense\\\/#website\",\"url\":\"https:\\\/\\\/previews.elleven.digital\\\/acocearense\\\/\",\"name\":\"A\u00e7o Cearense\",\"description\":\"H\u00e1 mais de 45 anos no mercado brasileiro do a\u00e7o.\",\"alternateName\":\"A\u00e7o Cearense\",\"potentialAction\":[{\"@type\":\"SearchAction\",\"target\":{\"@type\":\"EntryPoint\",\"urlTemplate\":\"https:\\\/\\\/previews.elleven.digital\\\/acocearense\\\/?s={search_term_string}\"},\"query-input\":{\"@type\":\"PropertyValueSpecification\",\"valueRequired\":true,\"valueName\":\"search_term_string\"}}],\"inLanguage\":\"en-US\"}]}<\/script>\n<!-- \/ Yoast SEO plugin. -->","yoast_head_json":{"title":"Aline Ferreira \u00e9 eleita a melhor executiva do Cear\u00e1 - Grupo A\u00e7o Cearense","robots":{"index":"index","follow":"follow","max-snippet":"max-snippet:-1","max-image-preview":"max-image-preview:large","max-video-preview":"max-video-preview:-1"},"canonical":"https:\/\/previews.elleven.digital\/acocearense\/noticia\/aline-ferreira-e-eleita-a-melhor-executiva-do-ceara\/","og_locale":"en_US","og_type":"article","og_title":"Aline Ferreira \u00e9 eleita a melhor executiva do Cear\u00e1 - Grupo A\u00e7o Cearense","og_description":"A vice-presidente Comercial e Financeira do Grupo A\u00e7o Cearense,\u00a0Aline\u00a0Ferreira, \u00e9 a vencedora da categoria Melhor(...)","og_url":"https:\/\/previews.elleven.digital\/acocearense\/noticia\/aline-ferreira-e-eleita-a-melhor-executiva-do-ceara\/","og_site_name":"Grupo A\u00e7o Cearense","article_modified_time":"2025-05-07T20:33:15+00:00","og_image":[{"width":768,"height":576,"url":"https:\/\/previews.elleven.digital\/acocearense\/wp-content\/uploads\/2025\/05\/Aline-Ferreira_Premio-MT-copy-768x576-1.png","type":"image\/png"}],"twitter_card":"summary_large_image","twitter_misc":{"Est. reading time":"2 minutes"},"schema":{"@context":"https:\/\/schema.org","@graph":[{"@type":"WebPage","@id":"https:\/\/previews.elleven.digital\/acocearense\/noticia\/aline-ferreira-e-eleita-a-melhor-executiva-do-ceara\/","url":"https:\/\/previews.elleven.digital\/acocearense\/noticia\/aline-ferreira-e-eleita-a-melhor-executiva-do-ceara\/","name":"Aline Ferreira \u00e9 eleita a melhor executiva do Cear\u00e1 - Grupo A\u00e7o Cearense","isPartOf":{"@id":"https:\/\/previews.elleven.digital\/acocearense\/#website"},"primaryImageOfPage":{"@id":"https:\/\/previews.elleven.digital\/acocearense\/noticia\/aline-ferreira-e-eleita-a-melhor-executiva-do-ceara\/#primaryimage"},"image":{"@id":"https:\/\/previews.elleven.digital\/acocearense\/noticia\/aline-ferreira-e-eleita-a-melhor-executiva-do-ceara\/#primaryimage"},"thumbnailUrl":"https:\/\/www.grupoacocearense.com.br\/wp-content\/uploads\/2025\/05\/Aline-Ferreira_Premio-MT-copy-768x576-1.png","datePublished":"2022-01-18T20:32:49+00:00","dateModified":"2025-05-07T20:33:15+00:00","breadcrumb":{"@id":"https:\/\/previews.elleven.digital\/acocearense\/noticia\/aline-ferreira-e-eleita-a-melhor-executiva-do-ceara\/#breadcrumb"},"inLanguage":"en-US","potentialAction":[{"@type":"ReadAction","target":["https:\/\/previews.elleven.digital\/acocearense\/noticia\/aline-ferreira-e-eleita-a-melhor-executiva-do-ceara\/"]}]},{"@type":"ImageObject","inLanguage":"en-US","@id":"https:\/\/previews.elleven.digital\/acocearense\/noticia\/aline-ferreira-e-eleita-a-melhor-executiva-do-ceara\/#primaryimage","url":"https:\/\/www.grupoacocearense.com.br\/wp-content\/uploads\/2025\/05\/Aline-Ferreira_Premio-MT-copy-768x576-1.png","contentUrl":"https:\/\/www.grupoacocearense.com.br\/wp-content\/uploads\/2025\/05\/Aline-Ferreira_Premio-MT-copy-768x576-1.png","width":768,"height":576},{"@type":"BreadcrumbList","@id":"https:\/\/previews.elleven.digital\/acocearense\/noticia\/aline-ferreira-e-eleita-a-melhor-executiva-do-ceara\/#breadcrumb","itemListElement":[{"@type":"ListItem","position":1,"name":"In\u00edcio","item":"https:\/\/www.grupoacocearense.com.br\/"},{"@type":"ListItem","position":2,"name":"Not\u00edcias","item":"https:\/\/previews.elleven.digital\/acocearense\/noticias\/"},{"@type":"ListItem","position":3,"name":"Aline Ferreira \u00e9 eleita a melhor executiva do Cear\u00e1"}]},{"@type":"WebSite","@id":"https:\/\/previews.elleven.digital\/acocearense\/#website","url":"https:\/\/previews.elleven.digital\/acocearense\/","name":"Cear\u00e1 Steel","description":"In the Brazilian steel market for over 45 years.","alternateName":"A\u00e7o Cearense","potentialAction":[{"@type":"SearchAction","target":{"@type":"EntryPoint","urlTemplate":"https:\/\/previews.elleven.digital\/acocearense\/?s={search_term_string}"},"query-input":{"@type":"PropertyValueSpecification","valueRequired":true,"valueName":"search_term_string"}}],"inLanguage":"en-US"}]}},"_links":{"self":[{"href":"https:\/\/www.grupoacocearense.com.br\/en\/wp-json\/wp\/v2\/noticia\/2139","targetHints":{"allow":["GET"]}}],"collection":[{"href":"https:\/\/www.grupoacocearense.com.br\/en\/wp-json\/wp\/v2\/noticia"}],"about":[{"href":"https:\/\/www.grupoacocearense.com.br\/en\/wp-json\/wp\/v2\/types\/noticia"}],"wp:featuredmedia":[{"embeddable":true,"href":"https:\/\/www.grupoacocearense.com.br\/en\/wp-json\/wp\/v2\/media\/2127"}],"wp:attachment":[{"href":"https:\/\/www.grupoacocearense.com.br\/en\/wp-json\/wp\/v2\/media?parent=2139"}],"wp:term":[{"taxonomy":"categoria-noticia","embeddable":true,"href":"https:\/\/www.grupoacocearense.com.br\/en\/wp-json\/wp\/v2\/categoria-noticia?post=2139"}],"curies":[{"name":"wp","href":"https:\/\/api.w.org\/{rel}","templated":true}]}}