{"id":2138,"date":"2021-10-18T17:32:08","date_gmt":"2021-10-18T20:32:08","guid":{"rendered":"https:\/\/www.grupoacocearense.com.br\/?post_type=noticia&#038;p=2138"},"modified":"2025-05-07T17:32:43","modified_gmt":"2025-05-07T20:32:43","slug":"entre-as-maiores-e-melhores-empresas-do-pais-grupo-aco-cearense-figura-em-mais-um-ranking-nacional","status":"publish","type":"noticia","link":"https:\/\/www.grupoacocearense.com.br\/en\/noticia\/entre-as-maiores-e-melhores-empresas-do-pais-grupo-aco-cearense-figura-em-mais-um-ranking-nacional\/","title":{"rendered":"Among the largest and best companies in the country, Grupo A\u00e7o Cearense appears in yet another national ranking"},"content":{"rendered":"<p>The institution is among the five best companies in Financial Performance and Corporate Governance, according to \u00c9poca Neg\u00f3cios 360\u00ba<\/p>\n<p>Grupo A\u00e7o Cearense is once again among the largest companies in the country, this time in the special \u00c9poca Neg\u00f3cios 360\u00ba edition. This year, the Group ranks 261st among the 500 largest companies in the country, rising 30 positions compared to the previous year. The Group also ranks 149th among the 418 best companies in excellence, standing out in various sectors of the economy, also achieving 3rd place in the Financial Performance indicator and 5th in the Corporate Governance indicator, within the Mining and Steel segment.<\/p>\n<p>The yearbook aims to select the best companies in the country, based on a survey conducted by the Dom Cabral Foundation. It is one of the most comprehensive business rankings, recognizing companies committed to the pursuit of excellence, classified according to the dimensions of financial performance, corporate governance, innovation, people, sustainability, and vision for the future.<\/p>","protected":false},"featured_media":2128,"template":"","meta":{"_acf_changed":false,"inline_featured_image":false},"categoria-noticia":[],"class_list":["post-2138","noticia","type-noticia","status-publish","has-post-thumbnail","hentry"],"acf":{"link":""},"yoast_head":"<!-- This site is optimized with the Yoast SEO plugin v27.4 - https:\/\/yoast.com\/product\/yoast-seo-wordpress\/ -->\n<title>Entre as maiores e melhores empresas do pa\u00eds, Grupo A\u00e7o Cearense figura em mais um ranking nacional - Grupo A\u00e7o Cearense<\/title>\n<meta name=\"robots\" content=\"index, follow, max-snippet:-1, max-image-preview:large, max-video-preview:-1\" \/>\n<link rel=\"canonical\" href=\"https:\/\/previews.elleven.digital\/acocearense\/noticia\/entre-as-maiores-e-melhores-empresas-do-pais-grupo-aco-cearense-figura-em-mais-um-ranking-nacional\/\" \/>\n<meta property=\"og:locale\" content=\"en_US\" \/>\n<meta property=\"og:type\" content=\"article\" \/>\n<meta property=\"og:title\" content=\"Entre as maiores e melhores empresas do pa\u00eds, Grupo A\u00e7o Cearense figura em mais um ranking nacional - Grupo A\u00e7o Cearense\" \/>\n<meta property=\"og:description\" content=\"A institui\u00e7\u00e3o est\u00e1 entre as cinco melhores empresas em Desempenho Financeiro e Governan\u00e7a Corporativa, segundo(...)\" \/>\n<meta property=\"og:url\" content=\"https:\/\/previews.elleven.digital\/acocearense\/noticia\/entre-as-maiores-e-melhores-empresas-do-pais-grupo-aco-cearense-figura-em-mais-um-ranking-nacional\/\" \/>\n<meta property=\"og:site_name\" content=\"Grupo A\u00e7o Cearense\" \/>\n<meta property=\"article:modified_time\" content=\"2025-05-07T20:32:43+00:00\" \/>\n<meta property=\"og:image\" content=\"https:\/\/previews.elleven.digital\/acocearense\/wp-content\/uploads\/2025\/05\/MATERIA_SITE_800x600-768x576-1.jpg\" \/>\n\t<meta property=\"og:image:width\" content=\"768\" \/>\n\t<meta property=\"og:image:height\" content=\"576\" \/>\n\t<meta property=\"og:image:type\" content=\"image\/jpeg\" \/>\n<meta name=\"twitter:card\" content=\"summary_large_image\" \/>\n<meta name=\"twitter:label1\" content=\"Est. reading time\" \/>\n\t<meta name=\"twitter:data1\" content=\"2 minutes\" \/>\n<script type=\"application\/ld+json\" class=\"yoast-schema-graph\">{\"@context\":\"https:\\\/\\\/schema.org\",\"@graph\":[{\"@type\":\"WebPage\",\"@id\":\"https:\\\/\\\/previews.elleven.digital\\\/acocearense\\\/noticia\\\/entre-as-maiores-e-melhores-empresas-do-pais-grupo-aco-cearense-figura-em-mais-um-ranking-nacional\\\/\",\"url\":\"https:\\\/\\\/previews.elleven.digital\\\/acocearense\\\/noticia\\\/entre-as-maiores-e-melhores-empresas-do-pais-grupo-aco-cearense-figura-em-mais-um-ranking-nacional\\\/\",\"name\":\"Entre as maiores e melhores empresas do pa\u00eds, Grupo A\u00e7o Cearense figura em mais um ranking nacional - Grupo A\u00e7o Cearense\",\"isPartOf\":{\"@id\":\"https:\\\/\\\/previews.elleven.digital\\\/acocearense\\\/#website\"},\"primaryImageOfPage\":{\"@id\":\"https:\\\/\\\/previews.elleven.digital\\\/acocearense\\\/noticia\\\/entre-as-maiores-e-melhores-empresas-do-pais-grupo-aco-cearense-figura-em-mais-um-ranking-nacional\\\/#primaryimage\"},\"image\":{\"@id\":\"https:\\\/\\\/previews.elleven.digital\\\/acocearense\\\/noticia\\\/entre-as-maiores-e-melhores-empresas-do-pais-grupo-aco-cearense-figura-em-mais-um-ranking-nacional\\\/#primaryimage\"},\"thumbnailUrl\":\"https:\\\/\\\/www.grupoacocearense.com.br\\\/wp-content\\\/uploads\\\/2025\\\/05\\\/MATERIA_SITE_800x600-768x576-1.jpg\",\"datePublished\":\"2021-10-18T20:32:08+00:00\",\"dateModified\":\"2025-05-07T20:32:43+00:00\",\"breadcrumb\":{\"@id\":\"https:\\\/\\\/previews.elleven.digital\\\/acocearense\\\/noticia\\\/entre-as-maiores-e-melhores-empresas-do-pais-grupo-aco-cearense-figura-em-mais-um-ranking-nacional\\\/#breadcrumb\"},\"inLanguage\":\"en-US\",\"potentialAction\":[{\"@type\":\"ReadAction\",\"target\":[\"https:\\\/\\\/previews.elleven.digital\\\/acocearense\\\/noticia\\\/entre-as-maiores-e-melhores-empresas-do-pais-grupo-aco-cearense-figura-em-mais-um-ranking-nacional\\\/\"]}]},{\"@type\":\"ImageObject\",\"inLanguage\":\"en-US\",\"@id\":\"https:\\\/\\\/previews.elleven.digital\\\/acocearense\\\/noticia\\\/entre-as-maiores-e-melhores-empresas-do-pais-grupo-aco-cearense-figura-em-mais-um-ranking-nacional\\\/#primaryimage\",\"url\":\"https:\\\/\\\/www.grupoacocearense.com.br\\\/wp-content\\\/uploads\\\/2025\\\/05\\\/MATERIA_SITE_800x600-768x576-1.jpg\",\"contentUrl\":\"https:\\\/\\\/www.grupoacocearense.com.br\\\/wp-content\\\/uploads\\\/2025\\\/05\\\/MATERIA_SITE_800x600-768x576-1.jpg\",\"width\":768,\"height\":576},{\"@type\":\"BreadcrumbList\",\"@id\":\"https:\\\/\\\/previews.elleven.digital\\\/acocearense\\\/noticia\\\/entre-as-maiores-e-melhores-empresas-do-pais-grupo-aco-cearense-figura-em-mais-um-ranking-nacional\\\/#breadcrumb\",\"itemListElement\":[{\"@type\":\"ListItem\",\"position\":1,\"name\":\"In\u00edcio\",\"item\":\"https:\\\/\\\/www.grupoacocearense.com.br\\\/\"},{\"@type\":\"ListItem\",\"position\":2,\"name\":\"Not\u00edcias\",\"item\":\"https:\\\/\\\/previews.elleven.digital\\\/acocearense\\\/noticias\\\/\"},{\"@type\":\"ListItem\",\"position\":3,\"name\":\"Entre as maiores e melhores empresas do pa\u00eds, Grupo A\u00e7o Cearense figura em mais um ranking nacional\"}]},{\"@type\":\"WebSite\",\"@id\":\"https:\\\/\\\/previews.elleven.digital\\\/acocearense\\\/#website\",\"url\":\"https:\\\/\\\/previews.elleven.digital\\\/acocearense\\\/\",\"name\":\"A\u00e7o Cearense\",\"description\":\"H\u00e1 mais de 45 anos no mercado brasileiro do a\u00e7o.\",\"alternateName\":\"A\u00e7o Cearense\",\"potentialAction\":[{\"@type\":\"SearchAction\",\"target\":{\"@type\":\"EntryPoint\",\"urlTemplate\":\"https:\\\/\\\/previews.elleven.digital\\\/acocearense\\\/?s={search_term_string}\"},\"query-input\":{\"@type\":\"PropertyValueSpecification\",\"valueRequired\":true,\"valueName\":\"search_term_string\"}}],\"inLanguage\":\"en-US\"}]}<\/script>\n<!-- \/ Yoast SEO plugin. -->","yoast_head_json":{"title":"Entre as maiores e melhores empresas do pa\u00eds, Grupo A\u00e7o Cearense figura em mais um ranking nacional - Grupo A\u00e7o Cearense","robots":{"index":"index","follow":"follow","max-snippet":"max-snippet:-1","max-image-preview":"max-image-preview:large","max-video-preview":"max-video-preview:-1"},"canonical":"https:\/\/previews.elleven.digital\/acocearense\/noticia\/entre-as-maiores-e-melhores-empresas-do-pais-grupo-aco-cearense-figura-em-mais-um-ranking-nacional\/","og_locale":"en_US","og_type":"article","og_title":"Entre as maiores e melhores empresas do pa\u00eds, Grupo A\u00e7o Cearense figura em mais um ranking nacional - Grupo A\u00e7o Cearense","og_description":"A institui\u00e7\u00e3o est\u00e1 entre as cinco melhores empresas em Desempenho Financeiro e Governan\u00e7a Corporativa, segundo(...)","og_url":"https:\/\/previews.elleven.digital\/acocearense\/noticia\/entre-as-maiores-e-melhores-empresas-do-pais-grupo-aco-cearense-figura-em-mais-um-ranking-nacional\/","og_site_name":"Grupo A\u00e7o Cearense","article_modified_time":"2025-05-07T20:32:43+00:00","og_image":[{"width":768,"height":576,"url":"https:\/\/previews.elleven.digital\/acocearense\/wp-content\/uploads\/2025\/05\/MATERIA_SITE_800x600-768x576-1.jpg","type":"image\/jpeg"}],"twitter_card":"summary_large_image","twitter_misc":{"Est. reading time":"2 minutes"},"schema":{"@context":"https:\/\/schema.org","@graph":[{"@type":"WebPage","@id":"https:\/\/previews.elleven.digital\/acocearense\/noticia\/entre-as-maiores-e-melhores-empresas-do-pais-grupo-aco-cearense-figura-em-mais-um-ranking-nacional\/","url":"https:\/\/previews.elleven.digital\/acocearense\/noticia\/entre-as-maiores-e-melhores-empresas-do-pais-grupo-aco-cearense-figura-em-mais-um-ranking-nacional\/","name":"Entre as maiores e melhores empresas do pa\u00eds, Grupo A\u00e7o Cearense figura em mais um ranking nacional - Grupo A\u00e7o Cearense","isPartOf":{"@id":"https:\/\/previews.elleven.digital\/acocearense\/#website"},"primaryImageOfPage":{"@id":"https:\/\/previews.elleven.digital\/acocearense\/noticia\/entre-as-maiores-e-melhores-empresas-do-pais-grupo-aco-cearense-figura-em-mais-um-ranking-nacional\/#primaryimage"},"image":{"@id":"https:\/\/previews.elleven.digital\/acocearense\/noticia\/entre-as-maiores-e-melhores-empresas-do-pais-grupo-aco-cearense-figura-em-mais-um-ranking-nacional\/#primaryimage"},"thumbnailUrl":"https:\/\/www.grupoacocearense.com.br\/wp-content\/uploads\/2025\/05\/MATERIA_SITE_800x600-768x576-1.jpg","datePublished":"2021-10-18T20:32:08+00:00","dateModified":"2025-05-07T20:32:43+00:00","breadcrumb":{"@id":"https:\/\/previews.elleven.digital\/acocearense\/noticia\/entre-as-maiores-e-melhores-empresas-do-pais-grupo-aco-cearense-figura-em-mais-um-ranking-nacional\/#breadcrumb"},"inLanguage":"en-US","potentialAction":[{"@type":"ReadAction","target":["https:\/\/previews.elleven.digital\/acocearense\/noticia\/entre-as-maiores-e-melhores-empresas-do-pais-grupo-aco-cearense-figura-em-mais-um-ranking-nacional\/"]}]},{"@type":"ImageObject","inLanguage":"en-US","@id":"https:\/\/previews.elleven.digital\/acocearense\/noticia\/entre-as-maiores-e-melhores-empresas-do-pais-grupo-aco-cearense-figura-em-mais-um-ranking-nacional\/#primaryimage","url":"https:\/\/www.grupoacocearense.com.br\/wp-content\/uploads\/2025\/05\/MATERIA_SITE_800x600-768x576-1.jpg","contentUrl":"https:\/\/www.grupoacocearense.com.br\/wp-content\/uploads\/2025\/05\/MATERIA_SITE_800x600-768x576-1.jpg","width":768,"height":576},{"@type":"BreadcrumbList","@id":"https:\/\/previews.elleven.digital\/acocearense\/noticia\/entre-as-maiores-e-melhores-empresas-do-pais-grupo-aco-cearense-figura-em-mais-um-ranking-nacional\/#breadcrumb","itemListElement":[{"@type":"ListItem","position":1,"name":"In\u00edcio","item":"https:\/\/www.grupoacocearense.com.br\/"},{"@type":"ListItem","position":2,"name":"Not\u00edcias","item":"https:\/\/previews.elleven.digital\/acocearense\/noticias\/"},{"@type":"ListItem","position":3,"name":"Entre as maiores e melhores empresas do pa\u00eds, Grupo A\u00e7o Cearense figura em mais um ranking nacional"}]},{"@type":"WebSite","@id":"https:\/\/previews.elleven.digital\/acocearense\/#website","url":"https:\/\/previews.elleven.digital\/acocearense\/","name":"Cear\u00e1 Steel","description":"In the Brazilian steel market for over 45 years.","alternateName":"A\u00e7o Cearense","potentialAction":[{"@type":"SearchAction","target":{"@type":"EntryPoint","urlTemplate":"https:\/\/previews.elleven.digital\/acocearense\/?s={search_term_string}"},"query-input":{"@type":"PropertyValueSpecification","valueRequired":true,"valueName":"search_term_string"}}],"inLanguage":"en-US"}]}},"_links":{"self":[{"href":"https:\/\/www.grupoacocearense.com.br\/en\/wp-json\/wp\/v2\/noticia\/2138","targetHints":{"allow":["GET"]}}],"collection":[{"href":"https:\/\/www.grupoacocearense.com.br\/en\/wp-json\/wp\/v2\/noticia"}],"about":[{"href":"https:\/\/www.grupoacocearense.com.br\/en\/wp-json\/wp\/v2\/types\/noticia"}],"wp:featuredmedia":[{"embeddable":true,"href":"https:\/\/www.grupoacocearense.com.br\/en\/wp-json\/wp\/v2\/media\/2128"}],"wp:attachment":[{"href":"https:\/\/www.grupoacocearense.com.br\/en\/wp-json\/wp\/v2\/media?parent=2138"}],"wp:term":[{"taxonomy":"categoria-noticia","embeddable":true,"href":"https:\/\/www.grupoacocearense.com.br\/en\/wp-json\/wp\/v2\/categoria-noticia?post=2138"}],"curies":[{"name":"wp","href":"https:\/\/api.w.org\/{rel}","templated":true}]}}