{"id":2119,"date":"2021-06-08T17:23:35","date_gmt":"2021-06-08T20:23:35","guid":{"rendered":"https:\/\/www.grupoacocearense.com.br\/?post_type=noticia&#038;p=2119"},"modified":"2025-05-07T17:24:00","modified_gmt":"2025-05-07T20:24:00","slug":"desenvolvimento-de-talentos-grupo-aco-cearense-promove-programa-de-qualificacao-para-colaboradores","status":"publish","type":"noticia","link":"https:\/\/www.grupoacocearense.com.br\/en\/noticia\/desenvolvimento-de-talentos-grupo-aco-cearense-promove-programa-de-qualificacao-para-colaboradores\/","title":{"rendered":"Talent development: Grupo A\u00e7o Cearense promotes qualification program for employees"},"content":{"rendered":"<p>With the aim of training and strengthening its professionals, Grupo A\u00e7o Cearense is promoting \u201cQualifica\u00e7o\u201d, a development program for its employees.<\/p>\n<p>The program was created based on the Group&#039;s Human Development and Organizational Culture principles, aiming to attract, develop, and retain teams, contributing to the sustainability of the business. Through Qualifica\u00e7o, employees have the opportunity to participate in a complete learning cycle aimed at enhancing their technical and behavioral skills.<\/p>\n<p>According to Human Resources Manager Valqu\u00edria Ferreira, the program began in 2020 at SINOBRAS, a Group company located in Marab\u00e1, Par\u00e1, and is now being expanded to the Group&#039;s other companies: A\u00e7o Cearense Industrial, A\u00e7o Cearense Comercial, and SINOBRAS Florestal. &quot;Given the success of the program at SINOBRAS, we believed it would be important to expand it to other companies. Employees participate in knowledge and training paths that reinforce their existing professional knowledge,&quot; she explains.<\/p>\n<p>Employees have already begun participating in the first learning paths. &quot;The project will be a major contribution to my professional growth and development. Having the opportunity to participate in training, receive content, and put into practice all the new knowledge I&#039;ve acquired will maximize my results and improve my performance in the workplace. I&#039;m full of expectations and very motivated by this incredible challenge,&quot; says Jorge Siqueira, Production Management and Process Analyst at A\u00e7o Cearense Industrial.<\/p>\n<p><img loading=\"lazy\" decoding=\"async\" class=\"size-full wp-image-10476 aligncenter\" src=\"https:\/\/www.grupoacocearense.com.br\/wp-content\/uploads\/2021\/06\/Desenvolvimento-de-talentos-Grupo-Aco-Cearense-promove-programa-de-qualificacao-para-colaboradores-2.png\" sizes=\"auto, (max-width: 800px) 100vw, 800px\" srcset=\"https:\/\/www.grupoacocearense.com.br\/wp-content\/uploads\/2021\/06\/Desenvolvimento-de-talentos-Grupo-Aco-Cearense-promove-programa-de-qualificacao-para-colaboradores-2.png 800w, https:\/\/www.grupoacocearense.com.br\/wp-content\/uploads\/2021\/06\/Desenvolvimento-de-talentos-Grupo-Aco-Cearense-promove-programa-de-qualificacao-para-colaboradores-2-300x225.png 300w, https:\/\/www.grupoacocearense.com.br\/wp-content\/uploads\/2021\/06\/Desenvolvimento-de-talentos-Grupo-Aco-Cearense-promove-programa-de-qualificacao-para-colaboradores-2-768x576.png 768w\" alt=\"Desenvolvimento de talentos Grupo A\u00e7o Cearense promove programa de qualifica\u00e7\u00e3o para colaboradores\" width=\"800\" height=\"600\" \/><\/p>","protected":false},"featured_media":2106,"template":"","meta":{"_acf_changed":false,"inline_featured_image":false},"categoria-noticia":[],"class_list":["post-2119","noticia","type-noticia","status-publish","has-post-thumbnail","hentry"],"acf":{"link":""},"yoast_head":"<!-- This site is optimized with the Yoast SEO plugin v27.4 - https:\/\/yoast.com\/product\/yoast-seo-wordpress\/ -->\n<title>Desenvolvimento de talentos: Grupo A\u00e7o Cearense promove programa de qualifica\u00e7\u00e3o para colaboradores - Grupo A\u00e7o Cearense<\/title>\n<meta name=\"robots\" content=\"index, follow, max-snippet:-1, max-image-preview:large, max-video-preview:-1\" \/>\n<link rel=\"canonical\" href=\"https:\/\/previews.elleven.digital\/acocearense\/noticia\/desenvolvimento-de-talentos-grupo-aco-cearense-promove-programa-de-qualificacao-para-colaboradores\/\" \/>\n<meta property=\"og:locale\" content=\"en_US\" \/>\n<meta property=\"og:type\" content=\"article\" \/>\n<meta property=\"og:title\" content=\"Desenvolvimento de talentos: Grupo A\u00e7o Cearense promove programa de qualifica\u00e7\u00e3o para colaboradores - Grupo A\u00e7o Cearense\" \/>\n<meta property=\"og:description\" content=\"Com o objetivo de capacitar e fortalecer seus profissionais, o Grupo A\u00e7o Cearense est\u00e1 promovendo(...)\" \/>\n<meta property=\"og:url\" content=\"https:\/\/previews.elleven.digital\/acocearense\/noticia\/desenvolvimento-de-talentos-grupo-aco-cearense-promove-programa-de-qualificacao-para-colaboradores\/\" \/>\n<meta property=\"og:site_name\" content=\"Grupo A\u00e7o Cearense\" \/>\n<meta property=\"article:modified_time\" content=\"2025-05-07T20:24:00+00:00\" \/>\n<meta property=\"og:image\" content=\"https:\/\/previews.elleven.digital\/acocearense\/wp-content\/uploads\/2025\/05\/Desenvolvimento-de-talentos-Grupo-Aco-Cearense-promove-programa-de-qualificacao-para-colaboradores-768x576-1.png\" \/>\n\t<meta property=\"og:image:width\" content=\"768\" \/>\n\t<meta property=\"og:image:height\" content=\"576\" \/>\n\t<meta property=\"og:image:type\" content=\"image\/png\" \/>\n<meta name=\"twitter:card\" content=\"summary_large_image\" \/>\n<meta name=\"twitter:label1\" content=\"Est. reading time\" \/>\n\t<meta name=\"twitter:data1\" content=\"2 minutes\" \/>\n<script type=\"application\/ld+json\" class=\"yoast-schema-graph\">{\"@context\":\"https:\\\/\\\/schema.org\",\"@graph\":[{\"@type\":\"WebPage\",\"@id\":\"https:\\\/\\\/previews.elleven.digital\\\/acocearense\\\/noticia\\\/desenvolvimento-de-talentos-grupo-aco-cearense-promove-programa-de-qualificacao-para-colaboradores\\\/\",\"url\":\"https:\\\/\\\/previews.elleven.digital\\\/acocearense\\\/noticia\\\/desenvolvimento-de-talentos-grupo-aco-cearense-promove-programa-de-qualificacao-para-colaboradores\\\/\",\"name\":\"Desenvolvimento de talentos: Grupo A\u00e7o Cearense promove programa de qualifica\u00e7\u00e3o para colaboradores - Grupo A\u00e7o Cearense\",\"isPartOf\":{\"@id\":\"https:\\\/\\\/previews.elleven.digital\\\/acocearense\\\/#website\"},\"primaryImageOfPage\":{\"@id\":\"https:\\\/\\\/previews.elleven.digital\\\/acocearense\\\/noticia\\\/desenvolvimento-de-talentos-grupo-aco-cearense-promove-programa-de-qualificacao-para-colaboradores\\\/#primaryimage\"},\"image\":{\"@id\":\"https:\\\/\\\/previews.elleven.digital\\\/acocearense\\\/noticia\\\/desenvolvimento-de-talentos-grupo-aco-cearense-promove-programa-de-qualificacao-para-colaboradores\\\/#primaryimage\"},\"thumbnailUrl\":\"https:\\\/\\\/www.grupoacocearense.com.br\\\/wp-content\\\/uploads\\\/2025\\\/05\\\/Desenvolvimento-de-talentos-Grupo-Aco-Cearense-promove-programa-de-qualificacao-para-colaboradores-768x576-1.png\",\"datePublished\":\"2021-06-08T20:23:35+00:00\",\"dateModified\":\"2025-05-07T20:24:00+00:00\",\"breadcrumb\":{\"@id\":\"https:\\\/\\\/previews.elleven.digital\\\/acocearense\\\/noticia\\\/desenvolvimento-de-talentos-grupo-aco-cearense-promove-programa-de-qualificacao-para-colaboradores\\\/#breadcrumb\"},\"inLanguage\":\"en-US\",\"potentialAction\":[{\"@type\":\"ReadAction\",\"target\":[\"https:\\\/\\\/previews.elleven.digital\\\/acocearense\\\/noticia\\\/desenvolvimento-de-talentos-grupo-aco-cearense-promove-programa-de-qualificacao-para-colaboradores\\\/\"]}]},{\"@type\":\"ImageObject\",\"inLanguage\":\"en-US\",\"@id\":\"https:\\\/\\\/previews.elleven.digital\\\/acocearense\\\/noticia\\\/desenvolvimento-de-talentos-grupo-aco-cearense-promove-programa-de-qualificacao-para-colaboradores\\\/#primaryimage\",\"url\":\"https:\\\/\\\/www.grupoacocearense.com.br\\\/wp-content\\\/uploads\\\/2025\\\/05\\\/Desenvolvimento-de-talentos-Grupo-Aco-Cearense-promove-programa-de-qualificacao-para-colaboradores-768x576-1.png\",\"contentUrl\":\"https:\\\/\\\/www.grupoacocearense.com.br\\\/wp-content\\\/uploads\\\/2025\\\/05\\\/Desenvolvimento-de-talentos-Grupo-Aco-Cearense-promove-programa-de-qualificacao-para-colaboradores-768x576-1.png\",\"width\":768,\"height\":576},{\"@type\":\"BreadcrumbList\",\"@id\":\"https:\\\/\\\/previews.elleven.digital\\\/acocearense\\\/noticia\\\/desenvolvimento-de-talentos-grupo-aco-cearense-promove-programa-de-qualificacao-para-colaboradores\\\/#breadcrumb\",\"itemListElement\":[{\"@type\":\"ListItem\",\"position\":1,\"name\":\"In\u00edcio\",\"item\":\"https:\\\/\\\/www.grupoacocearense.com.br\\\/\"},{\"@type\":\"ListItem\",\"position\":2,\"name\":\"Not\u00edcias\",\"item\":\"https:\\\/\\\/previews.elleven.digital\\\/acocearense\\\/noticias\\\/\"},{\"@type\":\"ListItem\",\"position\":3,\"name\":\"Desenvolvimento de talentos: Grupo A\u00e7o Cearense promove programa de qualifica\u00e7\u00e3o para colaboradores\"}]},{\"@type\":\"WebSite\",\"@id\":\"https:\\\/\\\/previews.elleven.digital\\\/acocearense\\\/#website\",\"url\":\"https:\\\/\\\/previews.elleven.digital\\\/acocearense\\\/\",\"name\":\"A\u00e7o Cearense\",\"description\":\"H\u00e1 mais de 45 anos no mercado brasileiro do a\u00e7o.\",\"alternateName\":\"A\u00e7o Cearense\",\"potentialAction\":[{\"@type\":\"SearchAction\",\"target\":{\"@type\":\"EntryPoint\",\"urlTemplate\":\"https:\\\/\\\/previews.elleven.digital\\\/acocearense\\\/?s={search_term_string}\"},\"query-input\":{\"@type\":\"PropertyValueSpecification\",\"valueRequired\":true,\"valueName\":\"search_term_string\"}}],\"inLanguage\":\"en-US\"}]}<\/script>\n<!-- \/ Yoast SEO plugin. -->","yoast_head_json":{"title":"Desenvolvimento de talentos: Grupo A\u00e7o Cearense promove programa de qualifica\u00e7\u00e3o para colaboradores - Grupo A\u00e7o Cearense","robots":{"index":"index","follow":"follow","max-snippet":"max-snippet:-1","max-image-preview":"max-image-preview:large","max-video-preview":"max-video-preview:-1"},"canonical":"https:\/\/previews.elleven.digital\/acocearense\/noticia\/desenvolvimento-de-talentos-grupo-aco-cearense-promove-programa-de-qualificacao-para-colaboradores\/","og_locale":"en_US","og_type":"article","og_title":"Desenvolvimento de talentos: Grupo A\u00e7o Cearense promove programa de qualifica\u00e7\u00e3o para colaboradores - Grupo A\u00e7o Cearense","og_description":"Com o objetivo de capacitar e fortalecer seus profissionais, o Grupo A\u00e7o Cearense est\u00e1 promovendo(...)","og_url":"https:\/\/previews.elleven.digital\/acocearense\/noticia\/desenvolvimento-de-talentos-grupo-aco-cearense-promove-programa-de-qualificacao-para-colaboradores\/","og_site_name":"Grupo A\u00e7o Cearense","article_modified_time":"2025-05-07T20:24:00+00:00","og_image":[{"width":768,"height":576,"url":"https:\/\/previews.elleven.digital\/acocearense\/wp-content\/uploads\/2025\/05\/Desenvolvimento-de-talentos-Grupo-Aco-Cearense-promove-programa-de-qualificacao-para-colaboradores-768x576-1.png","type":"image\/png"}],"twitter_card":"summary_large_image","twitter_misc":{"Est. reading time":"2 minutes"},"schema":{"@context":"https:\/\/schema.org","@graph":[{"@type":"WebPage","@id":"https:\/\/previews.elleven.digital\/acocearense\/noticia\/desenvolvimento-de-talentos-grupo-aco-cearense-promove-programa-de-qualificacao-para-colaboradores\/","url":"https:\/\/previews.elleven.digital\/acocearense\/noticia\/desenvolvimento-de-talentos-grupo-aco-cearense-promove-programa-de-qualificacao-para-colaboradores\/","name":"Desenvolvimento de talentos: Grupo A\u00e7o Cearense promove programa de qualifica\u00e7\u00e3o para colaboradores - Grupo A\u00e7o Cearense","isPartOf":{"@id":"https:\/\/previews.elleven.digital\/acocearense\/#website"},"primaryImageOfPage":{"@id":"https:\/\/previews.elleven.digital\/acocearense\/noticia\/desenvolvimento-de-talentos-grupo-aco-cearense-promove-programa-de-qualificacao-para-colaboradores\/#primaryimage"},"image":{"@id":"https:\/\/previews.elleven.digital\/acocearense\/noticia\/desenvolvimento-de-talentos-grupo-aco-cearense-promove-programa-de-qualificacao-para-colaboradores\/#primaryimage"},"thumbnailUrl":"https:\/\/www.grupoacocearense.com.br\/wp-content\/uploads\/2025\/05\/Desenvolvimento-de-talentos-Grupo-Aco-Cearense-promove-programa-de-qualificacao-para-colaboradores-768x576-1.png","datePublished":"2021-06-08T20:23:35+00:00","dateModified":"2025-05-07T20:24:00+00:00","breadcrumb":{"@id":"https:\/\/previews.elleven.digital\/acocearense\/noticia\/desenvolvimento-de-talentos-grupo-aco-cearense-promove-programa-de-qualificacao-para-colaboradores\/#breadcrumb"},"inLanguage":"en-US","potentialAction":[{"@type":"ReadAction","target":["https:\/\/previews.elleven.digital\/acocearense\/noticia\/desenvolvimento-de-talentos-grupo-aco-cearense-promove-programa-de-qualificacao-para-colaboradores\/"]}]},{"@type":"ImageObject","inLanguage":"en-US","@id":"https:\/\/previews.elleven.digital\/acocearense\/noticia\/desenvolvimento-de-talentos-grupo-aco-cearense-promove-programa-de-qualificacao-para-colaboradores\/#primaryimage","url":"https:\/\/www.grupoacocearense.com.br\/wp-content\/uploads\/2025\/05\/Desenvolvimento-de-talentos-Grupo-Aco-Cearense-promove-programa-de-qualificacao-para-colaboradores-768x576-1.png","contentUrl":"https:\/\/www.grupoacocearense.com.br\/wp-content\/uploads\/2025\/05\/Desenvolvimento-de-talentos-Grupo-Aco-Cearense-promove-programa-de-qualificacao-para-colaboradores-768x576-1.png","width":768,"height":576},{"@type":"BreadcrumbList","@id":"https:\/\/previews.elleven.digital\/acocearense\/noticia\/desenvolvimento-de-talentos-grupo-aco-cearense-promove-programa-de-qualificacao-para-colaboradores\/#breadcrumb","itemListElement":[{"@type":"ListItem","position":1,"name":"In\u00edcio","item":"https:\/\/www.grupoacocearense.com.br\/"},{"@type":"ListItem","position":2,"name":"Not\u00edcias","item":"https:\/\/previews.elleven.digital\/acocearense\/noticias\/"},{"@type":"ListItem","position":3,"name":"Desenvolvimento de talentos: Grupo A\u00e7o Cearense promove programa de qualifica\u00e7\u00e3o para colaboradores"}]},{"@type":"WebSite","@id":"https:\/\/previews.elleven.digital\/acocearense\/#website","url":"https:\/\/previews.elleven.digital\/acocearense\/","name":"Cear\u00e1 Steel","description":"In the Brazilian steel market for over 45 years.","alternateName":"A\u00e7o Cearense","potentialAction":[{"@type":"SearchAction","target":{"@type":"EntryPoint","urlTemplate":"https:\/\/previews.elleven.digital\/acocearense\/?s={search_term_string}"},"query-input":{"@type":"PropertyValueSpecification","valueRequired":true,"valueName":"search_term_string"}}],"inLanguage":"en-US"}]}},"_links":{"self":[{"href":"https:\/\/www.grupoacocearense.com.br\/en\/wp-json\/wp\/v2\/noticia\/2119","targetHints":{"allow":["GET"]}}],"collection":[{"href":"https:\/\/www.grupoacocearense.com.br\/en\/wp-json\/wp\/v2\/noticia"}],"about":[{"href":"https:\/\/www.grupoacocearense.com.br\/en\/wp-json\/wp\/v2\/types\/noticia"}],"wp:featuredmedia":[{"embeddable":true,"href":"https:\/\/www.grupoacocearense.com.br\/en\/wp-json\/wp\/v2\/media\/2106"}],"wp:attachment":[{"href":"https:\/\/www.grupoacocearense.com.br\/en\/wp-json\/wp\/v2\/media?parent=2119"}],"wp:term":[{"taxonomy":"categoria-noticia","embeddable":true,"href":"https:\/\/www.grupoacocearense.com.br\/en\/wp-json\/wp\/v2\/categoria-noticia?post=2119"}],"curies":[{"name":"wp","href":"https:\/\/api.w.org\/{rel}","templated":true}]}}