{"id":2101,"date":"2021-04-16T17:15:51","date_gmt":"2021-04-16T20:15:51","guid":{"rendered":"https:\/\/www.grupoacocearense.com.br\/?post_type=noticia&#038;p=2101"},"modified":"2025-05-07T17:16:11","modified_gmt":"2025-05-07T20:16:11","slug":"instituto-aco-cearense-doa-recursos-para-beneficiar-saude-publica-e-alimentacao-de-familias-carentes","status":"publish","type":"noticia","link":"https:\/\/www.grupoacocearense.com.br\/en\/noticia\/instituto-aco-cearense-doa-recursos-para-beneficiar-saude-publica-e-alimentacao-de-familias-carentes\/","title":{"rendered":"Instituto A\u00e7o Cearense donates resources to benefit public health and nutrition for needy families"},"content":{"rendered":"<p><i>This month, the institution is donating hospital supplies and 4,000 basic food baskets.<\/i><\/p>\n<div>\n<p>The coronavirus pandemic has gone down in history as one of humanity&#039;s greatest crises. Given the current global situation, the private sector has taken significant steps to mitigate its impact. In solidarity with those suffering from the spread of COVID-19, the A\u00e7o Cearense Institute of the A\u00e7o Cearense Group donated hospital supplies to the Fortaleza healthcare network and basic food baskets to needy families.<\/p>\n<p>The institution donated ventilators (adult, pediatric, and neonatal) and leased equipment for the assembly of units at the Fortaleza General Hospital (HGF) and for air conditioning. The Institute also donated 2,000 basic food baskets to socially vulnerable families in Fortaleza, Caucaia, and S\u00e3o Gon\u00e7alo do Amarante, and sent another 2,000 baskets to a joint effort with the Federation of Industries of the State of Cear\u00e1 (FIEC).<\/p>\n<p>For Rosemeire Matos, president of the Instituto A\u00e7o Cearense, these donations are part of a movement the institution sees as essential. &quot;Bringing help and a measure of relief to people directly impacted by the pandemic is a social duty. Grupo A\u00e7o Cearense is a company that embodies human values in its corporate purpose, and that&#039;s why our institute was created\u2014to transform lives, contribute to a more just society, and assist those most in need,&quot; she states.<\/p>\n<p>The Instituto A\u00e7o Cearense has been actively involved in social initiatives throughout its 11 years of existence and has intensified its contributions since March 2020. The Grupo A\u00e7o Cearense has made several donations during the pandemic, such as donating oxygen cylinders to city halls in Cear\u00e1 and Par\u00e1, and also donating tons of food, masks, school kits, COVID tests, medicines, cleaning supplies, and personal hygiene products to underserved communities.<\/p>\n<\/div>\n<div><img loading=\"lazy\" decoding=\"async\" class=\"size-full wp-image-10221 aligncenter\" src=\"https:\/\/www.grupoacocearense.com.br\/wp-content\/uploads\/2021\/04\/Instituto-Aco-Cearense-doa-recursos-para-beneficiar-saude-publica-e-alimentacao-de-familias-carentes-2.jpg\" sizes=\"auto, (max-width: 800px) 100vw, 800px\" srcset=\"https:\/\/www.grupoacocearense.com.br\/wp-content\/uploads\/2021\/04\/Instituto-Aco-Cearense-doa-recursos-para-beneficiar-saude-publica-e-alimentacao-de-familias-carentes-2.jpg 800w, https:\/\/www.grupoacocearense.com.br\/wp-content\/uploads\/2021\/04\/Instituto-Aco-Cearense-doa-recursos-para-beneficiar-saude-publica-e-alimentacao-de-familias-carentes-2-300x169.jpg 300w, https:\/\/www.grupoacocearense.com.br\/wp-content\/uploads\/2021\/04\/Instituto-Aco-Cearense-doa-recursos-para-beneficiar-saude-publica-e-alimentacao-de-familias-carentes-2-768x432.jpg 768w\" alt=\"Instituto A\u00e7o Cearense doa recursos para beneficiar sa\u00fade p\u00fablica e alimenta\u00e7\u00e3o de fam\u00edlias carentes 2\" width=\"800\" height=\"450\" \/><\/div>","protected":false},"featured_media":2085,"template":"","meta":{"_acf_changed":false,"inline_featured_image":false},"categoria-noticia":[],"class_list":["post-2101","noticia","type-noticia","status-publish","has-post-thumbnail","hentry"],"acf":{"link":""},"yoast_head":"<!-- This site is optimized with the Yoast SEO plugin v27.4 - https:\/\/yoast.com\/product\/yoast-seo-wordpress\/ -->\n<title>Instituto A\u00e7o Cearense doa recursos para beneficiar sa\u00fade p\u00fablica e alimenta\u00e7\u00e3o de fam\u00edlias carentes - Grupo A\u00e7o Cearense<\/title>\n<meta name=\"robots\" content=\"index, follow, max-snippet:-1, max-image-preview:large, max-video-preview:-1\" \/>\n<link rel=\"canonical\" href=\"https:\/\/previews.elleven.digital\/acocearense\/noticia\/instituto-aco-cearense-doa-recursos-para-beneficiar-saude-publica-e-alimentacao-de-familias-carentes\/\" \/>\n<meta property=\"og:locale\" content=\"en_US\" \/>\n<meta property=\"og:type\" content=\"article\" \/>\n<meta property=\"og:title\" content=\"Instituto A\u00e7o Cearense doa recursos para beneficiar sa\u00fade p\u00fablica e alimenta\u00e7\u00e3o de fam\u00edlias carentes - Grupo A\u00e7o Cearense\" \/>\n<meta property=\"og:description\" content=\"Neste m\u00eas, a institui\u00e7\u00e3o est\u00e1 doando insumos hospitalares e 4 mil cestas b\u00e1sicas. A pandemia(...)\" \/>\n<meta property=\"og:url\" content=\"https:\/\/previews.elleven.digital\/acocearense\/noticia\/instituto-aco-cearense-doa-recursos-para-beneficiar-saude-publica-e-alimentacao-de-familias-carentes\/\" \/>\n<meta property=\"og:site_name\" content=\"Grupo A\u00e7o Cearense\" \/>\n<meta property=\"article:modified_time\" content=\"2025-05-07T20:16:11+00:00\" \/>\n<meta property=\"og:image\" content=\"https:\/\/previews.elleven.digital\/acocearense\/wp-content\/uploads\/2025\/05\/Instituto-Aco-Cearense-doa-recursos-para-beneficiar-saude-publica-e-alimentacao-de-familias-carentes-768x575-1.jpg\" \/>\n\t<meta property=\"og:image:width\" content=\"768\" \/>\n\t<meta property=\"og:image:height\" content=\"575\" \/>\n\t<meta property=\"og:image:type\" content=\"image\/jpeg\" \/>\n<meta name=\"twitter:card\" content=\"summary_large_image\" \/>\n<meta name=\"twitter:label1\" content=\"Est. reading time\" \/>\n\t<meta name=\"twitter:data1\" content=\"1 minute\" \/>\n<script type=\"application\/ld+json\" class=\"yoast-schema-graph\">{\"@context\":\"https:\\\/\\\/schema.org\",\"@graph\":[{\"@type\":\"WebPage\",\"@id\":\"https:\\\/\\\/previews.elleven.digital\\\/acocearense\\\/noticia\\\/instituto-aco-cearense-doa-recursos-para-beneficiar-saude-publica-e-alimentacao-de-familias-carentes\\\/\",\"url\":\"https:\\\/\\\/previews.elleven.digital\\\/acocearense\\\/noticia\\\/instituto-aco-cearense-doa-recursos-para-beneficiar-saude-publica-e-alimentacao-de-familias-carentes\\\/\",\"name\":\"Instituto A\u00e7o Cearense doa recursos para beneficiar sa\u00fade p\u00fablica e alimenta\u00e7\u00e3o de fam\u00edlias carentes - Grupo A\u00e7o Cearense\",\"isPartOf\":{\"@id\":\"https:\\\/\\\/previews.elleven.digital\\\/acocearense\\\/#website\"},\"primaryImageOfPage\":{\"@id\":\"https:\\\/\\\/previews.elleven.digital\\\/acocearense\\\/noticia\\\/instituto-aco-cearense-doa-recursos-para-beneficiar-saude-publica-e-alimentacao-de-familias-carentes\\\/#primaryimage\"},\"image\":{\"@id\":\"https:\\\/\\\/previews.elleven.digital\\\/acocearense\\\/noticia\\\/instituto-aco-cearense-doa-recursos-para-beneficiar-saude-publica-e-alimentacao-de-familias-carentes\\\/#primaryimage\"},\"thumbnailUrl\":\"https:\\\/\\\/www.grupoacocearense.com.br\\\/wp-content\\\/uploads\\\/2025\\\/05\\\/Instituto-Aco-Cearense-doa-recursos-para-beneficiar-saude-publica-e-alimentacao-de-familias-carentes-768x575-1.jpg\",\"datePublished\":\"2021-04-16T20:15:51+00:00\",\"dateModified\":\"2025-05-07T20:16:11+00:00\",\"breadcrumb\":{\"@id\":\"https:\\\/\\\/previews.elleven.digital\\\/acocearense\\\/noticia\\\/instituto-aco-cearense-doa-recursos-para-beneficiar-saude-publica-e-alimentacao-de-familias-carentes\\\/#breadcrumb\"},\"inLanguage\":\"en-US\",\"potentialAction\":[{\"@type\":\"ReadAction\",\"target\":[\"https:\\\/\\\/previews.elleven.digital\\\/acocearense\\\/noticia\\\/instituto-aco-cearense-doa-recursos-para-beneficiar-saude-publica-e-alimentacao-de-familias-carentes\\\/\"]}]},{\"@type\":\"ImageObject\",\"inLanguage\":\"en-US\",\"@id\":\"https:\\\/\\\/previews.elleven.digital\\\/acocearense\\\/noticia\\\/instituto-aco-cearense-doa-recursos-para-beneficiar-saude-publica-e-alimentacao-de-familias-carentes\\\/#primaryimage\",\"url\":\"https:\\\/\\\/www.grupoacocearense.com.br\\\/wp-content\\\/uploads\\\/2025\\\/05\\\/Instituto-Aco-Cearense-doa-recursos-para-beneficiar-saude-publica-e-alimentacao-de-familias-carentes-768x575-1.jpg\",\"contentUrl\":\"https:\\\/\\\/www.grupoacocearense.com.br\\\/wp-content\\\/uploads\\\/2025\\\/05\\\/Instituto-Aco-Cearense-doa-recursos-para-beneficiar-saude-publica-e-alimentacao-de-familias-carentes-768x575-1.jpg\",\"width\":768,\"height\":575},{\"@type\":\"BreadcrumbList\",\"@id\":\"https:\\\/\\\/previews.elleven.digital\\\/acocearense\\\/noticia\\\/instituto-aco-cearense-doa-recursos-para-beneficiar-saude-publica-e-alimentacao-de-familias-carentes\\\/#breadcrumb\",\"itemListElement\":[{\"@type\":\"ListItem\",\"position\":1,\"name\":\"In\u00edcio\",\"item\":\"https:\\\/\\\/www.grupoacocearense.com.br\\\/\"},{\"@type\":\"ListItem\",\"position\":2,\"name\":\"Not\u00edcias\",\"item\":\"https:\\\/\\\/previews.elleven.digital\\\/acocearense\\\/noticias\\\/\"},{\"@type\":\"ListItem\",\"position\":3,\"name\":\"Instituto A\u00e7o Cearense doa recursos para beneficiar sa\u00fade p\u00fablica e alimenta\u00e7\u00e3o de fam\u00edlias carentes\"}]},{\"@type\":\"WebSite\",\"@id\":\"https:\\\/\\\/previews.elleven.digital\\\/acocearense\\\/#website\",\"url\":\"https:\\\/\\\/previews.elleven.digital\\\/acocearense\\\/\",\"name\":\"A\u00e7o Cearense\",\"description\":\"H\u00e1 mais de 45 anos no mercado brasileiro do a\u00e7o.\",\"alternateName\":\"A\u00e7o Cearense\",\"potentialAction\":[{\"@type\":\"SearchAction\",\"target\":{\"@type\":\"EntryPoint\",\"urlTemplate\":\"https:\\\/\\\/previews.elleven.digital\\\/acocearense\\\/?s={search_term_string}\"},\"query-input\":{\"@type\":\"PropertyValueSpecification\",\"valueRequired\":true,\"valueName\":\"search_term_string\"}}],\"inLanguage\":\"en-US\"}]}<\/script>\n<!-- \/ Yoast SEO plugin. -->","yoast_head_json":{"title":"Instituto A\u00e7o Cearense doa recursos para beneficiar sa\u00fade p\u00fablica e alimenta\u00e7\u00e3o de fam\u00edlias carentes - Grupo A\u00e7o Cearense","robots":{"index":"index","follow":"follow","max-snippet":"max-snippet:-1","max-image-preview":"max-image-preview:large","max-video-preview":"max-video-preview:-1"},"canonical":"https:\/\/previews.elleven.digital\/acocearense\/noticia\/instituto-aco-cearense-doa-recursos-para-beneficiar-saude-publica-e-alimentacao-de-familias-carentes\/","og_locale":"en_US","og_type":"article","og_title":"Instituto A\u00e7o Cearense doa recursos para beneficiar sa\u00fade p\u00fablica e alimenta\u00e7\u00e3o de fam\u00edlias carentes - Grupo A\u00e7o Cearense","og_description":"Neste m\u00eas, a institui\u00e7\u00e3o est\u00e1 doando insumos hospitalares e 4 mil cestas b\u00e1sicas. A pandemia(...)","og_url":"https:\/\/previews.elleven.digital\/acocearense\/noticia\/instituto-aco-cearense-doa-recursos-para-beneficiar-saude-publica-e-alimentacao-de-familias-carentes\/","og_site_name":"Grupo A\u00e7o Cearense","article_modified_time":"2025-05-07T20:16:11+00:00","og_image":[{"width":768,"height":575,"url":"https:\/\/previews.elleven.digital\/acocearense\/wp-content\/uploads\/2025\/05\/Instituto-Aco-Cearense-doa-recursos-para-beneficiar-saude-publica-e-alimentacao-de-familias-carentes-768x575-1.jpg","type":"image\/jpeg"}],"twitter_card":"summary_large_image","twitter_misc":{"Est. reading time":"1 minute"},"schema":{"@context":"https:\/\/schema.org","@graph":[{"@type":"WebPage","@id":"https:\/\/previews.elleven.digital\/acocearense\/noticia\/instituto-aco-cearense-doa-recursos-para-beneficiar-saude-publica-e-alimentacao-de-familias-carentes\/","url":"https:\/\/previews.elleven.digital\/acocearense\/noticia\/instituto-aco-cearense-doa-recursos-para-beneficiar-saude-publica-e-alimentacao-de-familias-carentes\/","name":"Instituto A\u00e7o Cearense doa recursos para beneficiar sa\u00fade p\u00fablica e alimenta\u00e7\u00e3o de fam\u00edlias carentes - Grupo A\u00e7o Cearense","isPartOf":{"@id":"https:\/\/previews.elleven.digital\/acocearense\/#website"},"primaryImageOfPage":{"@id":"https:\/\/previews.elleven.digital\/acocearense\/noticia\/instituto-aco-cearense-doa-recursos-para-beneficiar-saude-publica-e-alimentacao-de-familias-carentes\/#primaryimage"},"image":{"@id":"https:\/\/previews.elleven.digital\/acocearense\/noticia\/instituto-aco-cearense-doa-recursos-para-beneficiar-saude-publica-e-alimentacao-de-familias-carentes\/#primaryimage"},"thumbnailUrl":"https:\/\/www.grupoacocearense.com.br\/wp-content\/uploads\/2025\/05\/Instituto-Aco-Cearense-doa-recursos-para-beneficiar-saude-publica-e-alimentacao-de-familias-carentes-768x575-1.jpg","datePublished":"2021-04-16T20:15:51+00:00","dateModified":"2025-05-07T20:16:11+00:00","breadcrumb":{"@id":"https:\/\/previews.elleven.digital\/acocearense\/noticia\/instituto-aco-cearense-doa-recursos-para-beneficiar-saude-publica-e-alimentacao-de-familias-carentes\/#breadcrumb"},"inLanguage":"en-US","potentialAction":[{"@type":"ReadAction","target":["https:\/\/previews.elleven.digital\/acocearense\/noticia\/instituto-aco-cearense-doa-recursos-para-beneficiar-saude-publica-e-alimentacao-de-familias-carentes\/"]}]},{"@type":"ImageObject","inLanguage":"en-US","@id":"https:\/\/previews.elleven.digital\/acocearense\/noticia\/instituto-aco-cearense-doa-recursos-para-beneficiar-saude-publica-e-alimentacao-de-familias-carentes\/#primaryimage","url":"https:\/\/www.grupoacocearense.com.br\/wp-content\/uploads\/2025\/05\/Instituto-Aco-Cearense-doa-recursos-para-beneficiar-saude-publica-e-alimentacao-de-familias-carentes-768x575-1.jpg","contentUrl":"https:\/\/www.grupoacocearense.com.br\/wp-content\/uploads\/2025\/05\/Instituto-Aco-Cearense-doa-recursos-para-beneficiar-saude-publica-e-alimentacao-de-familias-carentes-768x575-1.jpg","width":768,"height":575},{"@type":"BreadcrumbList","@id":"https:\/\/previews.elleven.digital\/acocearense\/noticia\/instituto-aco-cearense-doa-recursos-para-beneficiar-saude-publica-e-alimentacao-de-familias-carentes\/#breadcrumb","itemListElement":[{"@type":"ListItem","position":1,"name":"In\u00edcio","item":"https:\/\/www.grupoacocearense.com.br\/"},{"@type":"ListItem","position":2,"name":"Not\u00edcias","item":"https:\/\/previews.elleven.digital\/acocearense\/noticias\/"},{"@type":"ListItem","position":3,"name":"Instituto A\u00e7o Cearense doa recursos para beneficiar sa\u00fade p\u00fablica e alimenta\u00e7\u00e3o de fam\u00edlias carentes"}]},{"@type":"WebSite","@id":"https:\/\/previews.elleven.digital\/acocearense\/#website","url":"https:\/\/previews.elleven.digital\/acocearense\/","name":"Cear\u00e1 Steel","description":"In the Brazilian steel market for over 45 years.","alternateName":"A\u00e7o Cearense","potentialAction":[{"@type":"SearchAction","target":{"@type":"EntryPoint","urlTemplate":"https:\/\/previews.elleven.digital\/acocearense\/?s={search_term_string}"},"query-input":{"@type":"PropertyValueSpecification","valueRequired":true,"valueName":"search_term_string"}}],"inLanguage":"en-US"}]}},"_links":{"self":[{"href":"https:\/\/www.grupoacocearense.com.br\/en\/wp-json\/wp\/v2\/noticia\/2101","targetHints":{"allow":["GET"]}}],"collection":[{"href":"https:\/\/www.grupoacocearense.com.br\/en\/wp-json\/wp\/v2\/noticia"}],"about":[{"href":"https:\/\/www.grupoacocearense.com.br\/en\/wp-json\/wp\/v2\/types\/noticia"}],"wp:featuredmedia":[{"embeddable":true,"href":"https:\/\/www.grupoacocearense.com.br\/en\/wp-json\/wp\/v2\/media\/2085"}],"wp:attachment":[{"href":"https:\/\/www.grupoacocearense.com.br\/en\/wp-json\/wp\/v2\/media?parent=2101"}],"wp:term":[{"taxonomy":"categoria-noticia","embeddable":true,"href":"https:\/\/www.grupoacocearense.com.br\/en\/wp-json\/wp\/v2\/categoria-noticia?post=2101"}],"curies":[{"name":"wp","href":"https:\/\/api.w.org\/{rel}","templated":true}]}}