{"id":2100,"date":"2021-04-09T17:15:05","date_gmt":"2021-04-09T20:15:05","guid":{"rendered":"https:\/\/www.grupoacocearense.com.br\/?post_type=noticia&#038;p=2100"},"modified":"2025-05-07T17:15:46","modified_gmt":"2025-05-07T20:15:46","slug":"sinobras-faz-doacao-de-cilindros-de-oxigenio-para-secretaria-de-saude-de-maraba","status":"publish","type":"noticia","link":"https:\/\/www.grupoacocearense.com.br\/en\/noticia\/sinobras-faz-doacao-de-cilindros-de-oxigenio-para-secretaria-de-saude-de-maraba\/","title":{"rendered":"SINOBRAS donates oxygen cylinders to the Marab\u00e1 Health Department"},"content":{"rendered":"<p>In solidarity with the difficult times the country has been facing since the beginning of the COVID-19 pandemic, the A\u00e7o Cearense Group has been taking steps to support the regions where its companies operate. To this end, SINOBRAS provided more oxygen cylinders to the Marab\u00e1 City Hall for use in the city&#039;s hospital network.<\/p>\n<p>The partnership with the Marab\u00e1 City Hall should alleviate the situation at the Municipal Hospital, which currently requires oxygen to supply the wing created for COVID-19 patients, according to Municipal Health Secretary Valmir Silva Moura. &quot;We currently have a hospital within a hospital: the building we already had and the annex we built for COVID-19 patients, which currently has more patients than the other wings. The structure set up outside the hospital has no oxygen piping, so we need the cylinders to continue treating the patients currently hospitalized. We are going through a difficult time, and this partnership is important to combat the pandemic,&quot; explains the secretary.<\/p>\n<p>Raynner Caldeira, supply manager at Grupo A\u00e7o Cearense, explains that the oxygen shortage has even affected industrial processes, but that the company has been committed to helping with what it understands as the most important thing: preserving lives. &quot;We understand the difficulties the municipality is facing. As an industry, we are even halting some work fronts due to the oxygen shortage. So our current effort to purchase these cylinders is solely to help the Health Department get through this difficult period. As far as we&#039;re concerned, this partnership will be implemented whenever necessary,&quot; the manager assures.<\/p>\n<p>The A\u00e7o Cearense Group has been implementing actions to combat the pandemic since April 2020, through the Instituto A\u00e7o Cearense and its companies, to mitigate the effects of the spread of Covid-19. This is the second time that SINOBRAS has donated oxygen cylinders to the Marab\u00e1 City Hall, in addition to other campaigns donating basic food baskets, masks, and cleaning and personal hygiene supplies to underserved communities.<\/p>","protected":false},"featured_media":2086,"template":"","meta":{"_acf_changed":false,"inline_featured_image":false},"categoria-noticia":[],"class_list":["post-2100","noticia","type-noticia","status-publish","has-post-thumbnail","hentry"],"acf":{"link":""},"yoast_head":"<!-- This site is optimized with the Yoast SEO plugin v27.4 - https:\/\/yoast.com\/product\/yoast-seo-wordpress\/ -->\n<title>SINOBRAS faz doa\u00e7\u00e3o de cilindros de oxig\u00eanio para Secretaria de Sa\u00fade de Marab\u00e1 - Grupo A\u00e7o Cearense<\/title>\n<meta name=\"robots\" content=\"index, follow, max-snippet:-1, max-image-preview:large, max-video-preview:-1\" \/>\n<link rel=\"canonical\" href=\"https:\/\/previews.elleven.digital\/acocearense\/noticia\/sinobras-faz-doacao-de-cilindros-de-oxigenio-para-secretaria-de-saude-de-maraba\/\" \/>\n<meta property=\"og:locale\" content=\"en_US\" \/>\n<meta property=\"og:type\" content=\"article\" \/>\n<meta property=\"og:title\" content=\"SINOBRAS faz doa\u00e7\u00e3o de cilindros de oxig\u00eanio para Secretaria de Sa\u00fade de Marab\u00e1 - Grupo A\u00e7o Cearense\" \/>\n<meta property=\"og:description\" content=\"Em solidariedade ao momento delicado que o pa\u00eds vem passando, desde o in\u00edcio da pandemia(...)\" \/>\n<meta property=\"og:url\" content=\"https:\/\/previews.elleven.digital\/acocearense\/noticia\/sinobras-faz-doacao-de-cilindros-de-oxigenio-para-secretaria-de-saude-de-maraba\/\" \/>\n<meta property=\"og:site_name\" content=\"Grupo A\u00e7o Cearense\" \/>\n<meta property=\"article:modified_time\" content=\"2025-05-07T20:15:46+00:00\" \/>\n<meta property=\"og:image\" content=\"https:\/\/previews.elleven.digital\/acocearense\/wp-content\/uploads\/2025\/05\/2-768x576-1.png\" \/>\n\t<meta property=\"og:image:width\" content=\"768\" \/>\n\t<meta property=\"og:image:height\" content=\"576\" \/>\n\t<meta property=\"og:image:type\" content=\"image\/png\" \/>\n<meta name=\"twitter:card\" content=\"summary_large_image\" \/>\n<meta name=\"twitter:label1\" content=\"Est. reading time\" \/>\n\t<meta name=\"twitter:data1\" content=\"3 minutes\" \/>\n<script type=\"application\/ld+json\" class=\"yoast-schema-graph\">{\"@context\":\"https:\\\/\\\/schema.org\",\"@graph\":[{\"@type\":\"WebPage\",\"@id\":\"https:\\\/\\\/previews.elleven.digital\\\/acocearense\\\/noticia\\\/sinobras-faz-doacao-de-cilindros-de-oxigenio-para-secretaria-de-saude-de-maraba\\\/\",\"url\":\"https:\\\/\\\/previews.elleven.digital\\\/acocearense\\\/noticia\\\/sinobras-faz-doacao-de-cilindros-de-oxigenio-para-secretaria-de-saude-de-maraba\\\/\",\"name\":\"SINOBRAS faz doa\u00e7\u00e3o de cilindros de oxig\u00eanio para Secretaria de Sa\u00fade de Marab\u00e1 - Grupo A\u00e7o Cearense\",\"isPartOf\":{\"@id\":\"https:\\\/\\\/previews.elleven.digital\\\/acocearense\\\/#website\"},\"primaryImageOfPage\":{\"@id\":\"https:\\\/\\\/previews.elleven.digital\\\/acocearense\\\/noticia\\\/sinobras-faz-doacao-de-cilindros-de-oxigenio-para-secretaria-de-saude-de-maraba\\\/#primaryimage\"},\"image\":{\"@id\":\"https:\\\/\\\/previews.elleven.digital\\\/acocearense\\\/noticia\\\/sinobras-faz-doacao-de-cilindros-de-oxigenio-para-secretaria-de-saude-de-maraba\\\/#primaryimage\"},\"thumbnailUrl\":\"https:\\\/\\\/www.grupoacocearense.com.br\\\/wp-content\\\/uploads\\\/2025\\\/05\\\/2-768x576-1.png\",\"datePublished\":\"2021-04-09T20:15:05+00:00\",\"dateModified\":\"2025-05-07T20:15:46+00:00\",\"breadcrumb\":{\"@id\":\"https:\\\/\\\/previews.elleven.digital\\\/acocearense\\\/noticia\\\/sinobras-faz-doacao-de-cilindros-de-oxigenio-para-secretaria-de-saude-de-maraba\\\/#breadcrumb\"},\"inLanguage\":\"en-US\",\"potentialAction\":[{\"@type\":\"ReadAction\",\"target\":[\"https:\\\/\\\/previews.elleven.digital\\\/acocearense\\\/noticia\\\/sinobras-faz-doacao-de-cilindros-de-oxigenio-para-secretaria-de-saude-de-maraba\\\/\"]}]},{\"@type\":\"ImageObject\",\"inLanguage\":\"en-US\",\"@id\":\"https:\\\/\\\/previews.elleven.digital\\\/acocearense\\\/noticia\\\/sinobras-faz-doacao-de-cilindros-de-oxigenio-para-secretaria-de-saude-de-maraba\\\/#primaryimage\",\"url\":\"https:\\\/\\\/www.grupoacocearense.com.br\\\/wp-content\\\/uploads\\\/2025\\\/05\\\/2-768x576-1.png\",\"contentUrl\":\"https:\\\/\\\/www.grupoacocearense.com.br\\\/wp-content\\\/uploads\\\/2025\\\/05\\\/2-768x576-1.png\",\"width\":768,\"height\":576},{\"@type\":\"BreadcrumbList\",\"@id\":\"https:\\\/\\\/previews.elleven.digital\\\/acocearense\\\/noticia\\\/sinobras-faz-doacao-de-cilindros-de-oxigenio-para-secretaria-de-saude-de-maraba\\\/#breadcrumb\",\"itemListElement\":[{\"@type\":\"ListItem\",\"position\":1,\"name\":\"In\u00edcio\",\"item\":\"https:\\\/\\\/www.grupoacocearense.com.br\\\/\"},{\"@type\":\"ListItem\",\"position\":2,\"name\":\"Not\u00edcias\",\"item\":\"https:\\\/\\\/previews.elleven.digital\\\/acocearense\\\/noticias\\\/\"},{\"@type\":\"ListItem\",\"position\":3,\"name\":\"SINOBRAS faz doa\u00e7\u00e3o de cilindros de oxig\u00eanio para Secretaria de Sa\u00fade de Marab\u00e1\"}]},{\"@type\":\"WebSite\",\"@id\":\"https:\\\/\\\/previews.elleven.digital\\\/acocearense\\\/#website\",\"url\":\"https:\\\/\\\/previews.elleven.digital\\\/acocearense\\\/\",\"name\":\"A\u00e7o Cearense\",\"description\":\"H\u00e1 mais de 45 anos no mercado brasileiro do a\u00e7o.\",\"alternateName\":\"A\u00e7o Cearense\",\"potentialAction\":[{\"@type\":\"SearchAction\",\"target\":{\"@type\":\"EntryPoint\",\"urlTemplate\":\"https:\\\/\\\/previews.elleven.digital\\\/acocearense\\\/?s={search_term_string}\"},\"query-input\":{\"@type\":\"PropertyValueSpecification\",\"valueRequired\":true,\"valueName\":\"search_term_string\"}}],\"inLanguage\":\"en-US\"}]}<\/script>\n<!-- \/ Yoast SEO plugin. -->","yoast_head_json":{"title":"SINOBRAS faz doa\u00e7\u00e3o de cilindros de oxig\u00eanio para Secretaria de Sa\u00fade de Marab\u00e1 - Grupo A\u00e7o Cearense","robots":{"index":"index","follow":"follow","max-snippet":"max-snippet:-1","max-image-preview":"max-image-preview:large","max-video-preview":"max-video-preview:-1"},"canonical":"https:\/\/previews.elleven.digital\/acocearense\/noticia\/sinobras-faz-doacao-de-cilindros-de-oxigenio-para-secretaria-de-saude-de-maraba\/","og_locale":"en_US","og_type":"article","og_title":"SINOBRAS faz doa\u00e7\u00e3o de cilindros de oxig\u00eanio para Secretaria de Sa\u00fade de Marab\u00e1 - Grupo A\u00e7o Cearense","og_description":"Em solidariedade ao momento delicado que o pa\u00eds vem passando, desde o in\u00edcio da pandemia(...)","og_url":"https:\/\/previews.elleven.digital\/acocearense\/noticia\/sinobras-faz-doacao-de-cilindros-de-oxigenio-para-secretaria-de-saude-de-maraba\/","og_site_name":"Grupo A\u00e7o Cearense","article_modified_time":"2025-05-07T20:15:46+00:00","og_image":[{"width":768,"height":576,"url":"https:\/\/previews.elleven.digital\/acocearense\/wp-content\/uploads\/2025\/05\/2-768x576-1.png","type":"image\/png"}],"twitter_card":"summary_large_image","twitter_misc":{"Est. reading time":"3 minutes"},"schema":{"@context":"https:\/\/schema.org","@graph":[{"@type":"WebPage","@id":"https:\/\/previews.elleven.digital\/acocearense\/noticia\/sinobras-faz-doacao-de-cilindros-de-oxigenio-para-secretaria-de-saude-de-maraba\/","url":"https:\/\/previews.elleven.digital\/acocearense\/noticia\/sinobras-faz-doacao-de-cilindros-de-oxigenio-para-secretaria-de-saude-de-maraba\/","name":"SINOBRAS faz doa\u00e7\u00e3o de cilindros de oxig\u00eanio para Secretaria de Sa\u00fade de Marab\u00e1 - Grupo A\u00e7o Cearense","isPartOf":{"@id":"https:\/\/previews.elleven.digital\/acocearense\/#website"},"primaryImageOfPage":{"@id":"https:\/\/previews.elleven.digital\/acocearense\/noticia\/sinobras-faz-doacao-de-cilindros-de-oxigenio-para-secretaria-de-saude-de-maraba\/#primaryimage"},"image":{"@id":"https:\/\/previews.elleven.digital\/acocearense\/noticia\/sinobras-faz-doacao-de-cilindros-de-oxigenio-para-secretaria-de-saude-de-maraba\/#primaryimage"},"thumbnailUrl":"https:\/\/www.grupoacocearense.com.br\/wp-content\/uploads\/2025\/05\/2-768x576-1.png","datePublished":"2021-04-09T20:15:05+00:00","dateModified":"2025-05-07T20:15:46+00:00","breadcrumb":{"@id":"https:\/\/previews.elleven.digital\/acocearense\/noticia\/sinobras-faz-doacao-de-cilindros-de-oxigenio-para-secretaria-de-saude-de-maraba\/#breadcrumb"},"inLanguage":"en-US","potentialAction":[{"@type":"ReadAction","target":["https:\/\/previews.elleven.digital\/acocearense\/noticia\/sinobras-faz-doacao-de-cilindros-de-oxigenio-para-secretaria-de-saude-de-maraba\/"]}]},{"@type":"ImageObject","inLanguage":"en-US","@id":"https:\/\/previews.elleven.digital\/acocearense\/noticia\/sinobras-faz-doacao-de-cilindros-de-oxigenio-para-secretaria-de-saude-de-maraba\/#primaryimage","url":"https:\/\/www.grupoacocearense.com.br\/wp-content\/uploads\/2025\/05\/2-768x576-1.png","contentUrl":"https:\/\/www.grupoacocearense.com.br\/wp-content\/uploads\/2025\/05\/2-768x576-1.png","width":768,"height":576},{"@type":"BreadcrumbList","@id":"https:\/\/previews.elleven.digital\/acocearense\/noticia\/sinobras-faz-doacao-de-cilindros-de-oxigenio-para-secretaria-de-saude-de-maraba\/#breadcrumb","itemListElement":[{"@type":"ListItem","position":1,"name":"In\u00edcio","item":"https:\/\/www.grupoacocearense.com.br\/"},{"@type":"ListItem","position":2,"name":"Not\u00edcias","item":"https:\/\/previews.elleven.digital\/acocearense\/noticias\/"},{"@type":"ListItem","position":3,"name":"SINOBRAS faz doa\u00e7\u00e3o de cilindros de oxig\u00eanio para Secretaria de Sa\u00fade de Marab\u00e1"}]},{"@type":"WebSite","@id":"https:\/\/previews.elleven.digital\/acocearense\/#website","url":"https:\/\/previews.elleven.digital\/acocearense\/","name":"Cear\u00e1 Steel","description":"In the Brazilian steel market for over 45 years.","alternateName":"A\u00e7o Cearense","potentialAction":[{"@type":"SearchAction","target":{"@type":"EntryPoint","urlTemplate":"https:\/\/previews.elleven.digital\/acocearense\/?s={search_term_string}"},"query-input":{"@type":"PropertyValueSpecification","valueRequired":true,"valueName":"search_term_string"}}],"inLanguage":"en-US"}]}},"_links":{"self":[{"href":"https:\/\/www.grupoacocearense.com.br\/en\/wp-json\/wp\/v2\/noticia\/2100","targetHints":{"allow":["GET"]}}],"collection":[{"href":"https:\/\/www.grupoacocearense.com.br\/en\/wp-json\/wp\/v2\/noticia"}],"about":[{"href":"https:\/\/www.grupoacocearense.com.br\/en\/wp-json\/wp\/v2\/types\/noticia"}],"wp:featuredmedia":[{"embeddable":true,"href":"https:\/\/www.grupoacocearense.com.br\/en\/wp-json\/wp\/v2\/media\/2086"}],"wp:attachment":[{"href":"https:\/\/www.grupoacocearense.com.br\/en\/wp-json\/wp\/v2\/media?parent=2100"}],"wp:term":[{"taxonomy":"categoria-noticia","embeddable":true,"href":"https:\/\/www.grupoacocearense.com.br\/en\/wp-json\/wp\/v2\/categoria-noticia?post=2100"}],"curies":[{"name":"wp","href":"https:\/\/api.w.org\/{rel}","templated":true}]}}