{"id":2098,"date":"2021-03-26T17:13:57","date_gmt":"2021-03-26T20:13:57","guid":{"rendered":"https:\/\/www.grupoacocearense.com.br\/?post_type=noticia&#038;p=2098"},"modified":"2025-05-07T17:14:20","modified_gmt":"2025-05-07T20:14:20","slug":"sinobras-apresenta-case-de-sucesso-com-projeto-de-inclusao-de-pcds-em-audiencia-do-ministerio-publico-do-trabalho","status":"publish","type":"noticia","link":"https:\/\/www.grupoacocearense.com.br\/en\/noticia\/sinobras-apresenta-case-de-sucesso-com-projeto-de-inclusao-de-pcds-em-audiencia-do-ministerio-publico-do-trabalho\/","title":{"rendered":"SINOBRAS presents a successful case study with a project to include people with disabilities at a hearing held by the Labor Prosecutor&#039;s Office"},"content":{"rendered":"<p>The inclusion of people with disabilities goes far beyond compliance with legislation. Providing a suitable and inclusive environment, respecting differences, supporting initiatives, and combating prejudice are the main ways to promote this inclusion. Aware of its role as a company that transforms the reality of an entire community, SINOBRAS invests in initiatives to provide a suitable workspace for people with disabilities. For this reason, it was invited to present its success story at a public hearing held by the Public Ministry of Labor, held last Friday, March 19th, for the presentation and launch of the + Inclusion Project.<\/p>\n<p>The meeting was held virtually and was attended by representatives from the Public Ministry of Labor, the Marab\u00e1 City Hall, the Municipal Council for Persons with Disabilities, private companies, and social organizations serving people with disabilities. The + Inclusion Project aims to create a database of people with disabilities for employment in southern and southeastern Par\u00e1, helping employers hire people with disabilities and matching them with available positions.<\/p>\n<p>On the occasion, Admilson Rocha, HR consultant at SINOBRAS, and Sara Linda, legal coordinator at SINOBRAS, presented the data and actions the company has implemented to accommodate professionals with disabilities. Among the initiatives is an Educational Project that teaches Brazilian Sign Language (Libras) to all employees in the departments that have hired deaf employees, as well as a training project where people with disabilities undergo an 11-month training course, already with a formal employment contract and full employee benefits, while they qualify for their roles.<\/p>\n<p>SINOBRAS also has an adapted structure with tactile flooring, access ramps, handrails, doors, adapted cafeterias, and restrooms, and constantly raises awareness among its employees in partnership with educational agencies and institutions. For legal coordinator Sara Linda, these initiatives go beyond what the law requires. &quot;The company goes far beyond compliance with the law. Today, we have a staff of over 60 people with disabilities who have been effectively integrated into the company, and we are prepared to contribute to their growth in the job market. We know that doing our part also means providing dignity and pride to all these employees. We are always open to welcoming and respecting all differences,&quot; she emphasizes.<\/p>","protected":false},"featured_media":2088,"template":"","meta":{"_acf_changed":false,"inline_featured_image":false},"categoria-noticia":[],"class_list":["post-2098","noticia","type-noticia","status-publish","has-post-thumbnail","hentry"],"acf":{"link":""},"yoast_head":"<!-- This site is optimized with the Yoast SEO plugin v27.4 - https:\/\/yoast.com\/product\/yoast-seo-wordpress\/ -->\n<title>SINOBRAS apresenta case de sucesso com projeto de inclus\u00e3o de PcDs em audi\u00eancia do Minist\u00e9rio P\u00fablico do Trabalho - Grupo A\u00e7o Cearense<\/title>\n<meta name=\"robots\" content=\"index, follow, max-snippet:-1, max-image-preview:large, max-video-preview:-1\" \/>\n<link rel=\"canonical\" href=\"https:\/\/previews.elleven.digital\/acocearense\/noticia\/sinobras-apresenta-case-de-sucesso-com-projeto-de-inclusao-de-pcds-em-audiencia-do-ministerio-publico-do-trabalho\/\" \/>\n<meta property=\"og:locale\" content=\"en_US\" \/>\n<meta property=\"og:type\" content=\"article\" \/>\n<meta property=\"og:title\" content=\"SINOBRAS apresenta case de sucesso com projeto de inclus\u00e3o de PcDs em audi\u00eancia do Minist\u00e9rio P\u00fablico do Trabalho - Grupo A\u00e7o Cearense\" \/>\n<meta property=\"og:description\" content=\"A inclus\u00e3o de pessoas com defici\u00eancia vai muito al\u00e9m do cumprimento da legisla\u00e7\u00e3o. Proporcionar um(...)\" \/>\n<meta property=\"og:url\" content=\"https:\/\/previews.elleven.digital\/acocearense\/noticia\/sinobras-apresenta-case-de-sucesso-com-projeto-de-inclusao-de-pcds-em-audiencia-do-ministerio-publico-do-trabalho\/\" \/>\n<meta property=\"og:site_name\" content=\"Grupo A\u00e7o Cearense\" \/>\n<meta property=\"article:modified_time\" content=\"2025-05-07T20:14:20+00:00\" \/>\n<meta property=\"og:image\" content=\"https:\/\/previews.elleven.digital\/acocearense\/wp-content\/uploads\/2025\/05\/case-sinobras-768x576-1.jpg\" \/>\n\t<meta property=\"og:image:width\" content=\"768\" \/>\n\t<meta property=\"og:image:height\" content=\"576\" \/>\n\t<meta property=\"og:image:type\" content=\"image\/jpeg\" \/>\n<meta name=\"twitter:card\" content=\"summary_large_image\" \/>\n<meta name=\"twitter:label1\" content=\"Est. reading time\" \/>\n\t<meta name=\"twitter:data1\" content=\"3 minutes\" \/>\n<script type=\"application\/ld+json\" class=\"yoast-schema-graph\">{\"@context\":\"https:\\\/\\\/schema.org\",\"@graph\":[{\"@type\":\"WebPage\",\"@id\":\"https:\\\/\\\/previews.elleven.digital\\\/acocearense\\\/noticia\\\/sinobras-apresenta-case-de-sucesso-com-projeto-de-inclusao-de-pcds-em-audiencia-do-ministerio-publico-do-trabalho\\\/\",\"url\":\"https:\\\/\\\/previews.elleven.digital\\\/acocearense\\\/noticia\\\/sinobras-apresenta-case-de-sucesso-com-projeto-de-inclusao-de-pcds-em-audiencia-do-ministerio-publico-do-trabalho\\\/\",\"name\":\"SINOBRAS apresenta case de sucesso com projeto de inclus\u00e3o de PcDs em audi\u00eancia do Minist\u00e9rio P\u00fablico do Trabalho - Grupo A\u00e7o Cearense\",\"isPartOf\":{\"@id\":\"https:\\\/\\\/previews.elleven.digital\\\/acocearense\\\/#website\"},\"primaryImageOfPage\":{\"@id\":\"https:\\\/\\\/previews.elleven.digital\\\/acocearense\\\/noticia\\\/sinobras-apresenta-case-de-sucesso-com-projeto-de-inclusao-de-pcds-em-audiencia-do-ministerio-publico-do-trabalho\\\/#primaryimage\"},\"image\":{\"@id\":\"https:\\\/\\\/previews.elleven.digital\\\/acocearense\\\/noticia\\\/sinobras-apresenta-case-de-sucesso-com-projeto-de-inclusao-de-pcds-em-audiencia-do-ministerio-publico-do-trabalho\\\/#primaryimage\"},\"thumbnailUrl\":\"https:\\\/\\\/www.grupoacocearense.com.br\\\/wp-content\\\/uploads\\\/2025\\\/05\\\/case-sinobras-768x576-1.jpg\",\"datePublished\":\"2021-03-26T20:13:57+00:00\",\"dateModified\":\"2025-05-07T20:14:20+00:00\",\"breadcrumb\":{\"@id\":\"https:\\\/\\\/previews.elleven.digital\\\/acocearense\\\/noticia\\\/sinobras-apresenta-case-de-sucesso-com-projeto-de-inclusao-de-pcds-em-audiencia-do-ministerio-publico-do-trabalho\\\/#breadcrumb\"},\"inLanguage\":\"en-US\",\"potentialAction\":[{\"@type\":\"ReadAction\",\"target\":[\"https:\\\/\\\/previews.elleven.digital\\\/acocearense\\\/noticia\\\/sinobras-apresenta-case-de-sucesso-com-projeto-de-inclusao-de-pcds-em-audiencia-do-ministerio-publico-do-trabalho\\\/\"]}]},{\"@type\":\"ImageObject\",\"inLanguage\":\"en-US\",\"@id\":\"https:\\\/\\\/previews.elleven.digital\\\/acocearense\\\/noticia\\\/sinobras-apresenta-case-de-sucesso-com-projeto-de-inclusao-de-pcds-em-audiencia-do-ministerio-publico-do-trabalho\\\/#primaryimage\",\"url\":\"https:\\\/\\\/www.grupoacocearense.com.br\\\/wp-content\\\/uploads\\\/2025\\\/05\\\/case-sinobras-768x576-1.jpg\",\"contentUrl\":\"https:\\\/\\\/www.grupoacocearense.com.br\\\/wp-content\\\/uploads\\\/2025\\\/05\\\/case-sinobras-768x576-1.jpg\",\"width\":768,\"height\":576},{\"@type\":\"BreadcrumbList\",\"@id\":\"https:\\\/\\\/previews.elleven.digital\\\/acocearense\\\/noticia\\\/sinobras-apresenta-case-de-sucesso-com-projeto-de-inclusao-de-pcds-em-audiencia-do-ministerio-publico-do-trabalho\\\/#breadcrumb\",\"itemListElement\":[{\"@type\":\"ListItem\",\"position\":1,\"name\":\"In\u00edcio\",\"item\":\"https:\\\/\\\/www.grupoacocearense.com.br\\\/\"},{\"@type\":\"ListItem\",\"position\":2,\"name\":\"Not\u00edcias\",\"item\":\"https:\\\/\\\/previews.elleven.digital\\\/acocearense\\\/noticias\\\/\"},{\"@type\":\"ListItem\",\"position\":3,\"name\":\"SINOBRAS apresenta case de sucesso com projeto de inclus\u00e3o de PcDs em audi\u00eancia do Minist\u00e9rio P\u00fablico do Trabalho\"}]},{\"@type\":\"WebSite\",\"@id\":\"https:\\\/\\\/previews.elleven.digital\\\/acocearense\\\/#website\",\"url\":\"https:\\\/\\\/previews.elleven.digital\\\/acocearense\\\/\",\"name\":\"A\u00e7o Cearense\",\"description\":\"H\u00e1 mais de 45 anos no mercado brasileiro do a\u00e7o.\",\"alternateName\":\"A\u00e7o Cearense\",\"potentialAction\":[{\"@type\":\"SearchAction\",\"target\":{\"@type\":\"EntryPoint\",\"urlTemplate\":\"https:\\\/\\\/previews.elleven.digital\\\/acocearense\\\/?s={search_term_string}\"},\"query-input\":{\"@type\":\"PropertyValueSpecification\",\"valueRequired\":true,\"valueName\":\"search_term_string\"}}],\"inLanguage\":\"en-US\"}]}<\/script>\n<!-- \/ Yoast SEO plugin. -->","yoast_head_json":{"title":"SINOBRAS presents a success story with a project for the inclusion of people with disabilities at a hearing of the Labor Public Prosecutor&#039;s Office - Grupo A\u00e7o Cearense","robots":{"index":"index","follow":"follow","max-snippet":"max-snippet:-1","max-image-preview":"max-image-preview:large","max-video-preview":"max-video-preview:-1"},"canonical":"https:\/\/previews.elleven.digital\/acocearense\/noticia\/sinobras-apresenta-case-de-sucesso-com-projeto-de-inclusao-de-pcds-em-audiencia-do-ministerio-publico-do-trabalho\/","og_locale":"en_US","og_type":"article","og_title":"SINOBRAS apresenta case de sucesso com projeto de inclus\u00e3o de PcDs em audi\u00eancia do Minist\u00e9rio P\u00fablico do Trabalho - Grupo A\u00e7o Cearense","og_description":"A inclus\u00e3o de pessoas com defici\u00eancia vai muito al\u00e9m do cumprimento da legisla\u00e7\u00e3o. Proporcionar um(...)","og_url":"https:\/\/previews.elleven.digital\/acocearense\/noticia\/sinobras-apresenta-case-de-sucesso-com-projeto-de-inclusao-de-pcds-em-audiencia-do-ministerio-publico-do-trabalho\/","og_site_name":"Grupo A\u00e7o Cearense","article_modified_time":"2025-05-07T20:14:20+00:00","og_image":[{"width":768,"height":576,"url":"https:\/\/previews.elleven.digital\/acocearense\/wp-content\/uploads\/2025\/05\/case-sinobras-768x576-1.jpg","type":"image\/jpeg"}],"twitter_card":"summary_large_image","twitter_misc":{"Est. reading time":"3 minutes"},"schema":{"@context":"https:\/\/schema.org","@graph":[{"@type":"WebPage","@id":"https:\/\/previews.elleven.digital\/acocearense\/noticia\/sinobras-apresenta-case-de-sucesso-com-projeto-de-inclusao-de-pcds-em-audiencia-do-ministerio-publico-do-trabalho\/","url":"https:\/\/previews.elleven.digital\/acocearense\/noticia\/sinobras-apresenta-case-de-sucesso-com-projeto-de-inclusao-de-pcds-em-audiencia-do-ministerio-publico-do-trabalho\/","name":"SINOBRAS presents a success story with a project for the inclusion of people with disabilities at a hearing of the Labor Public Prosecutor&#039;s Office - Grupo A\u00e7o Cearense","isPartOf":{"@id":"https:\/\/previews.elleven.digital\/acocearense\/#website"},"primaryImageOfPage":{"@id":"https:\/\/previews.elleven.digital\/acocearense\/noticia\/sinobras-apresenta-case-de-sucesso-com-projeto-de-inclusao-de-pcds-em-audiencia-do-ministerio-publico-do-trabalho\/#primaryimage"},"image":{"@id":"https:\/\/previews.elleven.digital\/acocearense\/noticia\/sinobras-apresenta-case-de-sucesso-com-projeto-de-inclusao-de-pcds-em-audiencia-do-ministerio-publico-do-trabalho\/#primaryimage"},"thumbnailUrl":"https:\/\/www.grupoacocearense.com.br\/wp-content\/uploads\/2025\/05\/case-sinobras-768x576-1.jpg","datePublished":"2021-03-26T20:13:57+00:00","dateModified":"2025-05-07T20:14:20+00:00","breadcrumb":{"@id":"https:\/\/previews.elleven.digital\/acocearense\/noticia\/sinobras-apresenta-case-de-sucesso-com-projeto-de-inclusao-de-pcds-em-audiencia-do-ministerio-publico-do-trabalho\/#breadcrumb"},"inLanguage":"en-US","potentialAction":[{"@type":"ReadAction","target":["https:\/\/previews.elleven.digital\/acocearense\/noticia\/sinobras-apresenta-case-de-sucesso-com-projeto-de-inclusao-de-pcds-em-audiencia-do-ministerio-publico-do-trabalho\/"]}]},{"@type":"ImageObject","inLanguage":"en-US","@id":"https:\/\/previews.elleven.digital\/acocearense\/noticia\/sinobras-apresenta-case-de-sucesso-com-projeto-de-inclusao-de-pcds-em-audiencia-do-ministerio-publico-do-trabalho\/#primaryimage","url":"https:\/\/www.grupoacocearense.com.br\/wp-content\/uploads\/2025\/05\/case-sinobras-768x576-1.jpg","contentUrl":"https:\/\/www.grupoacocearense.com.br\/wp-content\/uploads\/2025\/05\/case-sinobras-768x576-1.jpg","width":768,"height":576},{"@type":"BreadcrumbList","@id":"https:\/\/previews.elleven.digital\/acocearense\/noticia\/sinobras-apresenta-case-de-sucesso-com-projeto-de-inclusao-de-pcds-em-audiencia-do-ministerio-publico-do-trabalho\/#breadcrumb","itemListElement":[{"@type":"ListItem","position":1,"name":"In\u00edcio","item":"https:\/\/www.grupoacocearense.com.br\/"},{"@type":"ListItem","position":2,"name":"Not\u00edcias","item":"https:\/\/previews.elleven.digital\/acocearense\/noticias\/"},{"@type":"ListItem","position":3,"name":"SINOBRAS apresenta case de sucesso com projeto de inclus\u00e3o de PcDs em audi\u00eancia do Minist\u00e9rio P\u00fablico do Trabalho"}]},{"@type":"WebSite","@id":"https:\/\/previews.elleven.digital\/acocearense\/#website","url":"https:\/\/previews.elleven.digital\/acocearense\/","name":"Cear\u00e1 Steel","description":"In the Brazilian steel market for over 45 years.","alternateName":"A\u00e7o Cearense","potentialAction":[{"@type":"SearchAction","target":{"@type":"EntryPoint","urlTemplate":"https:\/\/previews.elleven.digital\/acocearense\/?s={search_term_string}"},"query-input":{"@type":"PropertyValueSpecification","valueRequired":true,"valueName":"search_term_string"}}],"inLanguage":"en-US"}]}},"_links":{"self":[{"href":"https:\/\/www.grupoacocearense.com.br\/en\/wp-json\/wp\/v2\/noticia\/2098","targetHints":{"allow":["GET"]}}],"collection":[{"href":"https:\/\/www.grupoacocearense.com.br\/en\/wp-json\/wp\/v2\/noticia"}],"about":[{"href":"https:\/\/www.grupoacocearense.com.br\/en\/wp-json\/wp\/v2\/types\/noticia"}],"wp:featuredmedia":[{"embeddable":true,"href":"https:\/\/www.grupoacocearense.com.br\/en\/wp-json\/wp\/v2\/media\/2088"}],"wp:attachment":[{"href":"https:\/\/www.grupoacocearense.com.br\/en\/wp-json\/wp\/v2\/media?parent=2098"}],"wp:term":[{"taxonomy":"categoria-noticia","embeddable":true,"href":"https:\/\/www.grupoacocearense.com.br\/en\/wp-json\/wp\/v2\/categoria-noticia?post=2098"}],"curies":[{"name":"wp","href":"https:\/\/api.w.org\/{rel}","templated":true}]}}