{"id":2078,"date":"2020-12-16T17:06:41","date_gmt":"2020-12-16T20:06:41","guid":{"rendered":"https:\/\/www.grupoacocearense.com.br\/?post_type=noticia&#038;p=2078"},"modified":"2025-05-07T17:07:07","modified_gmt":"2025-05-07T20:07:07","slug":"instituto-aco-cearense-presenteou-mais-de-400-criancas-carentes-na-campanha-abraco-feliz","status":"publish","type":"noticia","link":"https:\/\/www.grupoacocearense.com.br\/en\/noticia\/instituto-aco-cearense-presenteou-mais-de-400-criancas-carentes-na-campanha-abraco-feliz\/","title":{"rendered":"Instituto A\u00e7o Cearense gave gifts to more than 400 needy children in the Happy Hug Campaign"},"content":{"rendered":"<p>A completely different year is the least we can say about 2020. There were many changes and great difficulties, but solidarity was the greatest learning experience we will take away from this challenging time. Six years ago, the Instituto A\u00e7o Cearense launched a campaign called &quot;Abra\u00e7o Feliz&quot; (Happy Embrace), which, as the name suggests, delivers a warm hug, accompanied by a Christmas gift, to children in socially vulnerable situations. This year, the campaign took on a new format and provided gifts to more than 400 children from four institutions in December.<\/p>\n<p>Due to the COVID-19 pandemic, the campaign was adapted to a digital format. The letters written annually by children from the organizations supported by the organization were transformed into audio files this year. Christmas trees were placed throughout A\u00e7o Cearense Group companies in Cear\u00e1, Par\u00e1, and Tocantins, and inside the Christmas decorations were photos of the children, accompanied by a code that allowed employees to register and receive an audio message from the child with their request. The gifts donated by employees were sent to the organizations and distributed to the children there.<\/p>\n<p>Amanda Feij\u00f3, commercial manager at A\u00e7o Cearense Comercial, chose to give gifts to two children this year as a way to make Christmas a little more special. &quot;I always participate in the campaign, and this year I was a little sad because the children couldn&#039;t come here to receive our hugs. On the other hand, I thought the company&#039;s approach to ensuring they didn&#039;t miss out on gifts was very innovative. In the end, I even received a thank you video from the children I gave gifts to, and I was quite touched,&quot; says the manager.<\/p>\n<h2>About the Cear\u00e1 Steel Institute<\/h2>\n<p>The A\u00e7o Cearense Institute is responsible for all of the A\u00e7o Cearense Group&#039;s social, educational, sports, and entrepreneurial initiatives, contributing to the development of Cear\u00e1, Par\u00e1, and Tocantins, where A\u00e7o Cearense Comercial, A\u00e7o Cearense Industrial, SINOBRAS, and SINOBRAS FLORESTAL, all of which are part of the Group, are located. With over R$1.4 billion invested, 167 institutions have already been served, benefiting over 80,000 people.<\/p>","protected":false},"featured_media":2068,"template":"","meta":{"_acf_changed":false,"inline_featured_image":false},"categoria-noticia":[],"class_list":["post-2078","noticia","type-noticia","status-publish","has-post-thumbnail","hentry"],"acf":{"link":""},"yoast_head":"<!-- This site is optimized with the Yoast SEO plugin v27.4 - https:\/\/yoast.com\/product\/yoast-seo-wordpress\/ -->\n<title>Instituto A\u00e7o Cearense presenteou mais de 400 crian\u00e7as carentes na Campanha Abra\u00e7o Feliz - Grupo A\u00e7o Cearense<\/title>\n<meta name=\"robots\" content=\"index, follow, max-snippet:-1, max-image-preview:large, max-video-preview:-1\" \/>\n<link rel=\"canonical\" href=\"https:\/\/previews.elleven.digital\/acocearense\/noticia\/instituto-aco-cearense-presenteou-mais-de-400-criancas-carentes-na-campanha-abraco-feliz\/\" \/>\n<meta property=\"og:locale\" content=\"en_US\" \/>\n<meta property=\"og:type\" content=\"article\" \/>\n<meta property=\"og:title\" content=\"Instituto A\u00e7o Cearense presenteou mais de 400 crian\u00e7as carentes na Campanha Abra\u00e7o Feliz - Grupo A\u00e7o Cearense\" \/>\n<meta property=\"og:description\" content=\"Um ano totalmente diferente \u00e9 o m\u00ednimo que podemos falar de 2020. Houve muitas mudan\u00e7as(...)\" \/>\n<meta property=\"og:url\" content=\"https:\/\/previews.elleven.digital\/acocearense\/noticia\/instituto-aco-cearense-presenteou-mais-de-400-criancas-carentes-na-campanha-abraco-feliz\/\" \/>\n<meta property=\"og:site_name\" content=\"Grupo A\u00e7o Cearense\" \/>\n<meta property=\"article:modified_time\" content=\"2025-05-07T20:07:07+00:00\" \/>\n<meta property=\"og:image\" content=\"https:\/\/previews.elleven.digital\/acocearense\/wp-content\/uploads\/2025\/05\/Abraco-Feliz-2-768x576-1.jpeg\" \/>\n\t<meta property=\"og:image:width\" content=\"768\" \/>\n\t<meta property=\"og:image:height\" content=\"576\" \/>\n\t<meta property=\"og:image:type\" content=\"image\/jpeg\" \/>\n<meta name=\"twitter:card\" content=\"summary_large_image\" \/>\n<meta name=\"twitter:label1\" content=\"Est. reading time\" \/>\n\t<meta name=\"twitter:data1\" content=\"3 minutes\" \/>\n<script type=\"application\/ld+json\" class=\"yoast-schema-graph\">{\"@context\":\"https:\\\/\\\/schema.org\",\"@graph\":[{\"@type\":\"WebPage\",\"@id\":\"https:\\\/\\\/previews.elleven.digital\\\/acocearense\\\/noticia\\\/instituto-aco-cearense-presenteou-mais-de-400-criancas-carentes-na-campanha-abraco-feliz\\\/\",\"url\":\"https:\\\/\\\/previews.elleven.digital\\\/acocearense\\\/noticia\\\/instituto-aco-cearense-presenteou-mais-de-400-criancas-carentes-na-campanha-abraco-feliz\\\/\",\"name\":\"Instituto A\u00e7o Cearense presenteou mais de 400 crian\u00e7as carentes na Campanha Abra\u00e7o Feliz - Grupo A\u00e7o Cearense\",\"isPartOf\":{\"@id\":\"https:\\\/\\\/previews.elleven.digital\\\/acocearense\\\/#website\"},\"primaryImageOfPage\":{\"@id\":\"https:\\\/\\\/previews.elleven.digital\\\/acocearense\\\/noticia\\\/instituto-aco-cearense-presenteou-mais-de-400-criancas-carentes-na-campanha-abraco-feliz\\\/#primaryimage\"},\"image\":{\"@id\":\"https:\\\/\\\/previews.elleven.digital\\\/acocearense\\\/noticia\\\/instituto-aco-cearense-presenteou-mais-de-400-criancas-carentes-na-campanha-abraco-feliz\\\/#primaryimage\"},\"thumbnailUrl\":\"https:\\\/\\\/www.grupoacocearense.com.br\\\/wp-content\\\/uploads\\\/2025\\\/05\\\/Abraco-Feliz-2-768x576-1.jpeg\",\"datePublished\":\"2020-12-16T20:06:41+00:00\",\"dateModified\":\"2025-05-07T20:07:07+00:00\",\"breadcrumb\":{\"@id\":\"https:\\\/\\\/previews.elleven.digital\\\/acocearense\\\/noticia\\\/instituto-aco-cearense-presenteou-mais-de-400-criancas-carentes-na-campanha-abraco-feliz\\\/#breadcrumb\"},\"inLanguage\":\"en-US\",\"potentialAction\":[{\"@type\":\"ReadAction\",\"target\":[\"https:\\\/\\\/previews.elleven.digital\\\/acocearense\\\/noticia\\\/instituto-aco-cearense-presenteou-mais-de-400-criancas-carentes-na-campanha-abraco-feliz\\\/\"]}]},{\"@type\":\"ImageObject\",\"inLanguage\":\"en-US\",\"@id\":\"https:\\\/\\\/previews.elleven.digital\\\/acocearense\\\/noticia\\\/instituto-aco-cearense-presenteou-mais-de-400-criancas-carentes-na-campanha-abraco-feliz\\\/#primaryimage\",\"url\":\"https:\\\/\\\/www.grupoacocearense.com.br\\\/wp-content\\\/uploads\\\/2025\\\/05\\\/Abraco-Feliz-2-768x576-1.jpeg\",\"contentUrl\":\"https:\\\/\\\/www.grupoacocearense.com.br\\\/wp-content\\\/uploads\\\/2025\\\/05\\\/Abraco-Feliz-2-768x576-1.jpeg\",\"width\":768,\"height\":576},{\"@type\":\"BreadcrumbList\",\"@id\":\"https:\\\/\\\/previews.elleven.digital\\\/acocearense\\\/noticia\\\/instituto-aco-cearense-presenteou-mais-de-400-criancas-carentes-na-campanha-abraco-feliz\\\/#breadcrumb\",\"itemListElement\":[{\"@type\":\"ListItem\",\"position\":1,\"name\":\"In\u00edcio\",\"item\":\"https:\\\/\\\/www.grupoacocearense.com.br\\\/\"},{\"@type\":\"ListItem\",\"position\":2,\"name\":\"Not\u00edcias\",\"item\":\"https:\\\/\\\/previews.elleven.digital\\\/acocearense\\\/noticias\\\/\"},{\"@type\":\"ListItem\",\"position\":3,\"name\":\"Instituto A\u00e7o Cearense presenteou mais de 400 crian\u00e7as carentes na Campanha Abra\u00e7o Feliz\"}]},{\"@type\":\"WebSite\",\"@id\":\"https:\\\/\\\/previews.elleven.digital\\\/acocearense\\\/#website\",\"url\":\"https:\\\/\\\/previews.elleven.digital\\\/acocearense\\\/\",\"name\":\"A\u00e7o Cearense\",\"description\":\"H\u00e1 mais de 45 anos no mercado brasileiro do a\u00e7o.\",\"alternateName\":\"A\u00e7o Cearense\",\"potentialAction\":[{\"@type\":\"SearchAction\",\"target\":{\"@type\":\"EntryPoint\",\"urlTemplate\":\"https:\\\/\\\/previews.elleven.digital\\\/acocearense\\\/?s={search_term_string}\"},\"query-input\":{\"@type\":\"PropertyValueSpecification\",\"valueRequired\":true,\"valueName\":\"search_term_string\"}}],\"inLanguage\":\"en-US\"}]}<\/script>\n<!-- \/ Yoast SEO plugin. -->","yoast_head_json":{"title":"Instituto A\u00e7o Cearense presenteou mais de 400 crian\u00e7as carentes na Campanha Abra\u00e7o Feliz - Grupo A\u00e7o Cearense","robots":{"index":"index","follow":"follow","max-snippet":"max-snippet:-1","max-image-preview":"max-image-preview:large","max-video-preview":"max-video-preview:-1"},"canonical":"https:\/\/previews.elleven.digital\/acocearense\/noticia\/instituto-aco-cearense-presenteou-mais-de-400-criancas-carentes-na-campanha-abraco-feliz\/","og_locale":"en_US","og_type":"article","og_title":"Instituto A\u00e7o Cearense presenteou mais de 400 crian\u00e7as carentes na Campanha Abra\u00e7o Feliz - Grupo A\u00e7o Cearense","og_description":"Um ano totalmente diferente \u00e9 o m\u00ednimo que podemos falar de 2020. Houve muitas mudan\u00e7as(...)","og_url":"https:\/\/previews.elleven.digital\/acocearense\/noticia\/instituto-aco-cearense-presenteou-mais-de-400-criancas-carentes-na-campanha-abraco-feliz\/","og_site_name":"Grupo A\u00e7o Cearense","article_modified_time":"2025-05-07T20:07:07+00:00","og_image":[{"width":768,"height":576,"url":"https:\/\/previews.elleven.digital\/acocearense\/wp-content\/uploads\/2025\/05\/Abraco-Feliz-2-768x576-1.jpeg","type":"image\/jpeg"}],"twitter_card":"summary_large_image","twitter_misc":{"Est. reading time":"3 minutes"},"schema":{"@context":"https:\/\/schema.org","@graph":[{"@type":"WebPage","@id":"https:\/\/previews.elleven.digital\/acocearense\/noticia\/instituto-aco-cearense-presenteou-mais-de-400-criancas-carentes-na-campanha-abraco-feliz\/","url":"https:\/\/previews.elleven.digital\/acocearense\/noticia\/instituto-aco-cearense-presenteou-mais-de-400-criancas-carentes-na-campanha-abraco-feliz\/","name":"Instituto A\u00e7o Cearense presenteou mais de 400 crian\u00e7as carentes na Campanha Abra\u00e7o Feliz - Grupo A\u00e7o Cearense","isPartOf":{"@id":"https:\/\/previews.elleven.digital\/acocearense\/#website"},"primaryImageOfPage":{"@id":"https:\/\/previews.elleven.digital\/acocearense\/noticia\/instituto-aco-cearense-presenteou-mais-de-400-criancas-carentes-na-campanha-abraco-feliz\/#primaryimage"},"image":{"@id":"https:\/\/previews.elleven.digital\/acocearense\/noticia\/instituto-aco-cearense-presenteou-mais-de-400-criancas-carentes-na-campanha-abraco-feliz\/#primaryimage"},"thumbnailUrl":"https:\/\/www.grupoacocearense.com.br\/wp-content\/uploads\/2025\/05\/Abraco-Feliz-2-768x576-1.jpeg","datePublished":"2020-12-16T20:06:41+00:00","dateModified":"2025-05-07T20:07:07+00:00","breadcrumb":{"@id":"https:\/\/previews.elleven.digital\/acocearense\/noticia\/instituto-aco-cearense-presenteou-mais-de-400-criancas-carentes-na-campanha-abraco-feliz\/#breadcrumb"},"inLanguage":"en-US","potentialAction":[{"@type":"ReadAction","target":["https:\/\/previews.elleven.digital\/acocearense\/noticia\/instituto-aco-cearense-presenteou-mais-de-400-criancas-carentes-na-campanha-abraco-feliz\/"]}]},{"@type":"ImageObject","inLanguage":"en-US","@id":"https:\/\/previews.elleven.digital\/acocearense\/noticia\/instituto-aco-cearense-presenteou-mais-de-400-criancas-carentes-na-campanha-abraco-feliz\/#primaryimage","url":"https:\/\/www.grupoacocearense.com.br\/wp-content\/uploads\/2025\/05\/Abraco-Feliz-2-768x576-1.jpeg","contentUrl":"https:\/\/www.grupoacocearense.com.br\/wp-content\/uploads\/2025\/05\/Abraco-Feliz-2-768x576-1.jpeg","width":768,"height":576},{"@type":"BreadcrumbList","@id":"https:\/\/previews.elleven.digital\/acocearense\/noticia\/instituto-aco-cearense-presenteou-mais-de-400-criancas-carentes-na-campanha-abraco-feliz\/#breadcrumb","itemListElement":[{"@type":"ListItem","position":1,"name":"In\u00edcio","item":"https:\/\/www.grupoacocearense.com.br\/"},{"@type":"ListItem","position":2,"name":"Not\u00edcias","item":"https:\/\/previews.elleven.digital\/acocearense\/noticias\/"},{"@type":"ListItem","position":3,"name":"Instituto A\u00e7o Cearense presenteou mais de 400 crian\u00e7as carentes na Campanha Abra\u00e7o Feliz"}]},{"@type":"WebSite","@id":"https:\/\/previews.elleven.digital\/acocearense\/#website","url":"https:\/\/previews.elleven.digital\/acocearense\/","name":"Cear\u00e1 Steel","description":"In the Brazilian steel market for over 45 years.","alternateName":"A\u00e7o Cearense","potentialAction":[{"@type":"SearchAction","target":{"@type":"EntryPoint","urlTemplate":"https:\/\/previews.elleven.digital\/acocearense\/?s={search_term_string}"},"query-input":{"@type":"PropertyValueSpecification","valueRequired":true,"valueName":"search_term_string"}}],"inLanguage":"en-US"}]}},"_links":{"self":[{"href":"https:\/\/www.grupoacocearense.com.br\/en\/wp-json\/wp\/v2\/noticia\/2078","targetHints":{"allow":["GET"]}}],"collection":[{"href":"https:\/\/www.grupoacocearense.com.br\/en\/wp-json\/wp\/v2\/noticia"}],"about":[{"href":"https:\/\/www.grupoacocearense.com.br\/en\/wp-json\/wp\/v2\/types\/noticia"}],"wp:featuredmedia":[{"embeddable":true,"href":"https:\/\/www.grupoacocearense.com.br\/en\/wp-json\/wp\/v2\/media\/2068"}],"wp:attachment":[{"href":"https:\/\/www.grupoacocearense.com.br\/en\/wp-json\/wp\/v2\/media?parent=2078"}],"wp:term":[{"taxonomy":"categoria-noticia","embeddable":true,"href":"https:\/\/www.grupoacocearense.com.br\/en\/wp-json\/wp\/v2\/categoria-noticia?post=2078"}],"curies":[{"name":"wp","href":"https:\/\/api.w.org\/{rel}","templated":true}]}}