{"id":2060,"date":"2020-10-01T16:59:50","date_gmt":"2020-10-01T19:59:50","guid":{"rendered":"https:\/\/www.grupoacocearense.com.br\/?post_type=noticia&#038;p=2060"},"modified":"2025-05-07T17:00:18","modified_gmt":"2025-05-07T20:00:18","slug":"instituto-aco-cearense-inicia-campanha-para-promover-a-transformacao-de-mais-vidas","status":"publish","type":"noticia","link":"https:\/\/www.grupoacocearense.com.br\/en\/noticia\/instituto-aco-cearense-inicia-campanha-para-promover-a-transformacao-de-mais-vidas\/","title":{"rendered":"Instituto A\u00e7o Cearense launches campaign to promote the transformation of more lives"},"content":{"rendered":"<p align=\"justify\">During the Sales Meeting, the Transforming Lives Campaign was launched by the Instituto A\u00e7o Cearense to enhance the actions carried out and seek support to promote more health, education, culture and sports in the lives of children, adolescents, young people, adults, the elderly and everyone who needs help.<\/p>\n<p align=\"justify\">Poet Br\u00e1ulio Bessa was invited to share a bit of the story of solidarity in an institutional video. Watch:<\/p>\n<p align=\"justify\"><a href=\"https:\/\/www.youtube.com\/watch?v=F3I-06AAWjw\"><img loading=\"lazy\" decoding=\"async\" class=\"size-medium wp-image-8892 aligncenter\" src=\"https:\/\/www.grupoacocearense.com.br\/wp-content\/uploads\/2020\/10\/a%C3%A7%C3%A3o-gac-1-300x167.png\" sizes=\"auto, (max-width: 300px) 100vw, 300px\" srcset=\"https:\/\/www.grupoacocearense.com.br\/wp-content\/uploads\/2020\/10\/a\u00e7\u00e3o-gac-1-300x167.png 300w, https:\/\/www.grupoacocearense.com.br\/wp-content\/uploads\/2020\/10\/a\u00e7\u00e3o-gac-1.png 741w\" alt=\"\" width=\"300\" height=\"167\" \/><\/a><\/p>\n<p>The Instituto A\u00e7o Cearense has been developing strong social work for over 10 years in Cear\u00e1, Par\u00e1, and Tocantins, providing financial support, assistance, and close monitoring of social institutions&#039; initiatives. Since its founding, more than R$14 million has been invested in 167 institutions, benefiting over 80,000 people.<\/p>\n<p align=\"justify\"><img loading=\"lazy\" decoding=\"async\" class=\"alignright size-medium wp-image-8888\" src=\"https:\/\/www.grupoacocearense.com.br\/wp-content\/uploads\/2020\/10\/unnamed-4-225x300.jpg\" sizes=\"auto, (max-width: 225px) 100vw, 225px\" srcset=\"https:\/\/www.grupoacocearense.com.br\/wp-content\/uploads\/2020\/10\/unnamed-4-225x300.jpg 225w, https:\/\/www.grupoacocearense.com.br\/wp-content\/uploads\/2020\/10\/unnamed-4-768x1024.jpg 768w, https:\/\/www.grupoacocearense.com.br\/wp-content\/uploads\/2020\/10\/unnamed-4.jpg 960w\" alt=\"\" width=\"225\" height=\"300\" \/><\/p>\n<p align=\"justify\">Rosemeire Matos, President of the Instituto A\u00e7o Cearense and Administrative Director of Grupo A\u00e7o Cearense, spoke about the campaign: \u201cWe believe that together we can do even more for society and transform the lives of many people.<\/p>\n<p align=\"justify\">With more support, we can go further, and the Instituto A\u00e7o Cearense plays a key role in monitoring, assisting, and distributing, in the best possible way, all the money raised for these people. Therefore, we invite you all to be part of this transformation!<\/p>\n<p align=\"justify\">Now, the opportunity to help is in the hands of anyone who volunteers. Do you want to be part of this life-changing journey? It&#039;s simple:<\/p>\n<ul>\n<li>\n<p align=\"justify\">Make your donation by bank transfer or bank slip,\u00a0<u><a href=\"https:\/\/www49.bb.com.br\/pagar-receber\/#\/cm49eyJvcHIiOiJwZyIsImlkIjoiMzYwMDc4MmMtYTExZC00NDBkLThhNTgtM2ZiOWJiYWM1NTQ2IiwicGoiOnRydWV9\">clicking here.<\/a><\/u><\/p>\n<\/li>\n<li>\n<p align=\"justify\">Donate through the Benfeitoria Platform with a credit or debit card,\u00a0<u><a href=\"https:\/\/benfeitoria.com\/iactransformandovidas\">clicking here.<\/a><\/u><\/p>\n<\/li>\n<\/ul>","protected":false},"featured_media":2046,"template":"","meta":{"_acf_changed":false,"inline_featured_image":false},"categoria-noticia":[],"class_list":["post-2060","noticia","type-noticia","status-publish","has-post-thumbnail","hentry"],"acf":{"link":""},"yoast_head":"<!-- This site is optimized with the Yoast SEO plugin v27.4 - https:\/\/yoast.com\/product\/yoast-seo-wordpress\/ -->\n<title>Instituto A\u00e7o Cearense inicia campanha para promover a transforma\u00e7\u00e3o de mais vidas - Grupo A\u00e7o Cearense<\/title>\n<meta name=\"robots\" content=\"index, follow, max-snippet:-1, max-image-preview:large, max-video-preview:-1\" \/>\n<link rel=\"canonical\" href=\"https:\/\/previews.elleven.digital\/acocearense\/noticia\/instituto-aco-cearense-inicia-campanha-para-promover-a-transformacao-de-mais-vidas\/\" \/>\n<meta property=\"og:locale\" content=\"en_US\" \/>\n<meta property=\"og:type\" content=\"article\" \/>\n<meta property=\"og:title\" content=\"Instituto A\u00e7o Cearense inicia campanha para promover a transforma\u00e7\u00e3o de mais vidas - Grupo A\u00e7o Cearense\" \/>\n<meta property=\"og:description\" content=\"Durante o Encontro de Vendas, a Campanha Transformando Vidas foi lan\u00e7ada pelo Instituto A\u00e7o Cearense(...)\" \/>\n<meta property=\"og:url\" content=\"https:\/\/previews.elleven.digital\/acocearense\/noticia\/instituto-aco-cearense-inicia-campanha-para-promover-a-transformacao-de-mais-vidas\/\" \/>\n<meta property=\"og:site_name\" content=\"Grupo A\u00e7o Cearense\" \/>\n<meta property=\"article:modified_time\" content=\"2025-05-07T20:00:18+00:00\" \/>\n<meta property=\"og:image\" content=\"https:\/\/previews.elleven.digital\/acocearense\/wp-content\/uploads\/2025\/05\/unnamed-3.png\" \/>\n\t<meta property=\"og:image:width\" content=\"564\" \/>\n\t<meta property=\"og:image:height\" content=\"530\" \/>\n\t<meta property=\"og:image:type\" content=\"image\/png\" \/>\n<meta name=\"twitter:card\" content=\"summary_large_image\" \/>\n<meta name=\"twitter:label1\" content=\"Est. reading time\" \/>\n\t<meta name=\"twitter:data1\" content=\"2 minutes\" \/>\n<script type=\"application\/ld+json\" class=\"yoast-schema-graph\">{\"@context\":\"https:\\\/\\\/schema.org\",\"@graph\":[{\"@type\":\"WebPage\",\"@id\":\"https:\\\/\\\/previews.elleven.digital\\\/acocearense\\\/noticia\\\/instituto-aco-cearense-inicia-campanha-para-promover-a-transformacao-de-mais-vidas\\\/\",\"url\":\"https:\\\/\\\/previews.elleven.digital\\\/acocearense\\\/noticia\\\/instituto-aco-cearense-inicia-campanha-para-promover-a-transformacao-de-mais-vidas\\\/\",\"name\":\"Instituto A\u00e7o Cearense inicia campanha para promover a transforma\u00e7\u00e3o de mais vidas - Grupo A\u00e7o Cearense\",\"isPartOf\":{\"@id\":\"https:\\\/\\\/previews.elleven.digital\\\/acocearense\\\/#website\"},\"primaryImageOfPage\":{\"@id\":\"https:\\\/\\\/previews.elleven.digital\\\/acocearense\\\/noticia\\\/instituto-aco-cearense-inicia-campanha-para-promover-a-transformacao-de-mais-vidas\\\/#primaryimage\"},\"image\":{\"@id\":\"https:\\\/\\\/previews.elleven.digital\\\/acocearense\\\/noticia\\\/instituto-aco-cearense-inicia-campanha-para-promover-a-transformacao-de-mais-vidas\\\/#primaryimage\"},\"thumbnailUrl\":\"https:\\\/\\\/www.grupoacocearense.com.br\\\/wp-content\\\/uploads\\\/2025\\\/05\\\/unnamed-3.png\",\"datePublished\":\"2020-10-01T19:59:50+00:00\",\"dateModified\":\"2025-05-07T20:00:18+00:00\",\"breadcrumb\":{\"@id\":\"https:\\\/\\\/previews.elleven.digital\\\/acocearense\\\/noticia\\\/instituto-aco-cearense-inicia-campanha-para-promover-a-transformacao-de-mais-vidas\\\/#breadcrumb\"},\"inLanguage\":\"en-US\",\"potentialAction\":[{\"@type\":\"ReadAction\",\"target\":[\"https:\\\/\\\/previews.elleven.digital\\\/acocearense\\\/noticia\\\/instituto-aco-cearense-inicia-campanha-para-promover-a-transformacao-de-mais-vidas\\\/\"]}]},{\"@type\":\"ImageObject\",\"inLanguage\":\"en-US\",\"@id\":\"https:\\\/\\\/previews.elleven.digital\\\/acocearense\\\/noticia\\\/instituto-aco-cearense-inicia-campanha-para-promover-a-transformacao-de-mais-vidas\\\/#primaryimage\",\"url\":\"https:\\\/\\\/www.grupoacocearense.com.br\\\/wp-content\\\/uploads\\\/2025\\\/05\\\/unnamed-3.png\",\"contentUrl\":\"https:\\\/\\\/www.grupoacocearense.com.br\\\/wp-content\\\/uploads\\\/2025\\\/05\\\/unnamed-3.png\",\"width\":564,\"height\":530},{\"@type\":\"BreadcrumbList\",\"@id\":\"https:\\\/\\\/previews.elleven.digital\\\/acocearense\\\/noticia\\\/instituto-aco-cearense-inicia-campanha-para-promover-a-transformacao-de-mais-vidas\\\/#breadcrumb\",\"itemListElement\":[{\"@type\":\"ListItem\",\"position\":1,\"name\":\"In\u00edcio\",\"item\":\"https:\\\/\\\/www.grupoacocearense.com.br\\\/\"},{\"@type\":\"ListItem\",\"position\":2,\"name\":\"Not\u00edcias\",\"item\":\"https:\\\/\\\/previews.elleven.digital\\\/acocearense\\\/noticias\\\/\"},{\"@type\":\"ListItem\",\"position\":3,\"name\":\"Instituto A\u00e7o Cearense inicia campanha para promover a transforma\u00e7\u00e3o de mais vidas\"}]},{\"@type\":\"WebSite\",\"@id\":\"https:\\\/\\\/previews.elleven.digital\\\/acocearense\\\/#website\",\"url\":\"https:\\\/\\\/previews.elleven.digital\\\/acocearense\\\/\",\"name\":\"A\u00e7o Cearense\",\"description\":\"H\u00e1 mais de 45 anos no mercado brasileiro do a\u00e7o.\",\"alternateName\":\"A\u00e7o Cearense\",\"potentialAction\":[{\"@type\":\"SearchAction\",\"target\":{\"@type\":\"EntryPoint\",\"urlTemplate\":\"https:\\\/\\\/previews.elleven.digital\\\/acocearense\\\/?s={search_term_string}\"},\"query-input\":{\"@type\":\"PropertyValueSpecification\",\"valueRequired\":true,\"valueName\":\"search_term_string\"}}],\"inLanguage\":\"en-US\"}]}<\/script>\n<!-- \/ Yoast SEO plugin. -->","yoast_head_json":{"title":"Instituto A\u00e7o Cearense launches campaign to promote the transformation of more lives - Grupo A\u00e7o Cearense","robots":{"index":"index","follow":"follow","max-snippet":"max-snippet:-1","max-image-preview":"max-image-preview:large","max-video-preview":"max-video-preview:-1"},"canonical":"https:\/\/previews.elleven.digital\/acocearense\/noticia\/instituto-aco-cearense-inicia-campanha-para-promover-a-transformacao-de-mais-vidas\/","og_locale":"en_US","og_type":"article","og_title":"Instituto A\u00e7o Cearense inicia campanha para promover a transforma\u00e7\u00e3o de mais vidas - Grupo A\u00e7o Cearense","og_description":"Durante o Encontro de Vendas, a Campanha Transformando Vidas foi lan\u00e7ada pelo Instituto A\u00e7o Cearense(...)","og_url":"https:\/\/previews.elleven.digital\/acocearense\/noticia\/instituto-aco-cearense-inicia-campanha-para-promover-a-transformacao-de-mais-vidas\/","og_site_name":"Grupo A\u00e7o Cearense","article_modified_time":"2025-05-07T20:00:18+00:00","og_image":[{"width":564,"height":530,"url":"https:\/\/previews.elleven.digital\/acocearense\/wp-content\/uploads\/2025\/05\/unnamed-3.png","type":"image\/png"}],"twitter_card":"summary_large_image","twitter_misc":{"Est. reading time":"2 minutes"},"schema":{"@context":"https:\/\/schema.org","@graph":[{"@type":"WebPage","@id":"https:\/\/previews.elleven.digital\/acocearense\/noticia\/instituto-aco-cearense-inicia-campanha-para-promover-a-transformacao-de-mais-vidas\/","url":"https:\/\/previews.elleven.digital\/acocearense\/noticia\/instituto-aco-cearense-inicia-campanha-para-promover-a-transformacao-de-mais-vidas\/","name":"Instituto A\u00e7o Cearense launches campaign to promote the transformation of more lives - Grupo A\u00e7o Cearense","isPartOf":{"@id":"https:\/\/previews.elleven.digital\/acocearense\/#website"},"primaryImageOfPage":{"@id":"https:\/\/previews.elleven.digital\/acocearense\/noticia\/instituto-aco-cearense-inicia-campanha-para-promover-a-transformacao-de-mais-vidas\/#primaryimage"},"image":{"@id":"https:\/\/previews.elleven.digital\/acocearense\/noticia\/instituto-aco-cearense-inicia-campanha-para-promover-a-transformacao-de-mais-vidas\/#primaryimage"},"thumbnailUrl":"https:\/\/www.grupoacocearense.com.br\/wp-content\/uploads\/2025\/05\/unnamed-3.png","datePublished":"2020-10-01T19:59:50+00:00","dateModified":"2025-05-07T20:00:18+00:00","breadcrumb":{"@id":"https:\/\/previews.elleven.digital\/acocearense\/noticia\/instituto-aco-cearense-inicia-campanha-para-promover-a-transformacao-de-mais-vidas\/#breadcrumb"},"inLanguage":"en-US","potentialAction":[{"@type":"ReadAction","target":["https:\/\/previews.elleven.digital\/acocearense\/noticia\/instituto-aco-cearense-inicia-campanha-para-promover-a-transformacao-de-mais-vidas\/"]}]},{"@type":"ImageObject","inLanguage":"en-US","@id":"https:\/\/previews.elleven.digital\/acocearense\/noticia\/instituto-aco-cearense-inicia-campanha-para-promover-a-transformacao-de-mais-vidas\/#primaryimage","url":"https:\/\/www.grupoacocearense.com.br\/wp-content\/uploads\/2025\/05\/unnamed-3.png","contentUrl":"https:\/\/www.grupoacocearense.com.br\/wp-content\/uploads\/2025\/05\/unnamed-3.png","width":564,"height":530},{"@type":"BreadcrumbList","@id":"https:\/\/previews.elleven.digital\/acocearense\/noticia\/instituto-aco-cearense-inicia-campanha-para-promover-a-transformacao-de-mais-vidas\/#breadcrumb","itemListElement":[{"@type":"ListItem","position":1,"name":"In\u00edcio","item":"https:\/\/www.grupoacocearense.com.br\/"},{"@type":"ListItem","position":2,"name":"Not\u00edcias","item":"https:\/\/previews.elleven.digital\/acocearense\/noticias\/"},{"@type":"ListItem","position":3,"name":"Instituto A\u00e7o Cearense inicia campanha para promover a transforma\u00e7\u00e3o de mais vidas"}]},{"@type":"WebSite","@id":"https:\/\/previews.elleven.digital\/acocearense\/#website","url":"https:\/\/previews.elleven.digital\/acocearense\/","name":"Cear\u00e1 Steel","description":"In the Brazilian steel market for over 45 years.","alternateName":"A\u00e7o Cearense","potentialAction":[{"@type":"SearchAction","target":{"@type":"EntryPoint","urlTemplate":"https:\/\/previews.elleven.digital\/acocearense\/?s={search_term_string}"},"query-input":{"@type":"PropertyValueSpecification","valueRequired":true,"valueName":"search_term_string"}}],"inLanguage":"en-US"}]}},"_links":{"self":[{"href":"https:\/\/www.grupoacocearense.com.br\/en\/wp-json\/wp\/v2\/noticia\/2060","targetHints":{"allow":["GET"]}}],"collection":[{"href":"https:\/\/www.grupoacocearense.com.br\/en\/wp-json\/wp\/v2\/noticia"}],"about":[{"href":"https:\/\/www.grupoacocearense.com.br\/en\/wp-json\/wp\/v2\/types\/noticia"}],"wp:featuredmedia":[{"embeddable":true,"href":"https:\/\/www.grupoacocearense.com.br\/en\/wp-json\/wp\/v2\/media\/2046"}],"wp:attachment":[{"href":"https:\/\/www.grupoacocearense.com.br\/en\/wp-json\/wp\/v2\/media?parent=2060"}],"wp:term":[{"taxonomy":"categoria-noticia","embeddable":true,"href":"https:\/\/www.grupoacocearense.com.br\/en\/wp-json\/wp\/v2\/categoria-noticia?post=2060"}],"curies":[{"name":"wp","href":"https:\/\/api.w.org\/{rel}","templated":true}]}}