{"id":2054,"date":"2020-09-10T16:55:53","date_gmt":"2020-09-10T19:55:53","guid":{"rendered":"https:\/\/www.grupoacocearense.com.br\/?post_type=noticia&#038;p=2054"},"modified":"2025-05-07T16:56:35","modified_gmt":"2025-05-07T19:56:35","slug":"gilberto-silva-conquista-1o-lugar-no-campeonato-cearense-de-ciclismo","status":"publish","type":"noticia","link":"https:\/\/www.grupoacocearense.com.br\/en\/noticia\/gilberto-silva-conquista-1o-lugar-no-campeonato-cearense-de-ciclismo\/","title":{"rendered":"Gilberto Silva wins 1st place in the Cear\u00e1 Cycling Championship"},"content":{"rendered":"<p>The athlete sponsored by the A\u00e7o Cearense Institute and also a driver for SETRAN at A\u00e7o Cearense Comercial is back in cycling competitions. After a few months away due to the pandemic, racing has resumed in Cear\u00e1, and Gilberto Silva already has something to celebrate. Having placed first in the Horto Cycling Challenge, which took place on August 23rd, the athlete is already among the top-ranked athletes in the Cear\u00e1 State Championship.<\/p>\n<p><img loading=\"lazy\" decoding=\"async\" class=\"alignright size-medium wp-image-8650\" src=\"https:\/\/www.grupoacocearense.com.br\/wp-content\/uploads\/2020\/09\/atleta-300x225.jpg\" alt=\"\" width=\"300\" height=\"225\" \/><br \/>\nThe Desafio do Horto, a race held in the city of Maranguape, became a stage of the Cear\u00e1 XC Championship (Cross-country - a cycling discipline within Mountain Bike), and with the victory, Gilberto moved up to 3rd place in the Cear\u00e1 rankings. According to the cyclist, even during the pandemic, he continued training. &quot;Since cycling is an individual sport, I continued training hard and preparing for the return of racing. I&#039;m happy that competitions are returning safely and that my efforts are being rewarded,&quot; says Gilberto, who is awaiting the schedule of the next Cear\u00e1 Championship races to determine his future participation.<\/p>","protected":false},"featured_media":2052,"template":"","meta":{"_acf_changed":false,"inline_featured_image":false},"categoria-noticia":[],"class_list":["post-2054","noticia","type-noticia","status-publish","has-post-thumbnail","hentry"],"acf":{"link":""},"yoast_head":"<!-- This site is optimized with the Yoast SEO plugin v27.4 - https:\/\/yoast.com\/product\/yoast-seo-wordpress\/ -->\n<title>Gilberto Silva conquista 1\u00ba lugar no Campeonato Cearense de Ciclismo - Grupo A\u00e7o Cearense<\/title>\n<meta name=\"robots\" content=\"index, follow, max-snippet:-1, max-image-preview:large, max-video-preview:-1\" \/>\n<link rel=\"canonical\" href=\"https:\/\/previews.elleven.digital\/acocearense\/noticia\/gilberto-silva-conquista-1o-lugar-no-campeonato-cearense-de-ciclismo\/\" \/>\n<meta property=\"og:locale\" content=\"en_US\" \/>\n<meta property=\"og:type\" content=\"article\" \/>\n<meta property=\"og:title\" content=\"Gilberto Silva conquista 1\u00ba lugar no Campeonato Cearense de Ciclismo - Grupo A\u00e7o Cearense\" \/>\n<meta property=\"og:description\" content=\"O atleta patrocinado pelo Instituto A\u00e7o Cearense e tamb\u00e9m motorista do SETRAN na A\u00e7o Cearense(...)\" \/>\n<meta property=\"og:url\" content=\"https:\/\/previews.elleven.digital\/acocearense\/noticia\/gilberto-silva-conquista-1o-lugar-no-campeonato-cearense-de-ciclismo\/\" \/>\n<meta property=\"og:site_name\" content=\"Grupo A\u00e7o Cearense\" \/>\n<meta property=\"article:modified_time\" content=\"2025-05-07T19:56:35+00:00\" \/>\n<meta property=\"og:image\" content=\"https:\/\/previews.elleven.digital\/acocearense\/wp-content\/uploads\/2025\/05\/gac-atleta-1.png\" \/>\n\t<meta property=\"og:image:width\" content=\"459\" \/>\n\t<meta property=\"og:image:height\" content=\"459\" \/>\n\t<meta property=\"og:image:type\" content=\"image\/png\" \/>\n<meta name=\"twitter:card\" content=\"summary_large_image\" \/>\n<meta name=\"twitter:label1\" content=\"Est. reading time\" \/>\n\t<meta name=\"twitter:data1\" content=\"2 minutes\" \/>\n<script type=\"application\/ld+json\" class=\"yoast-schema-graph\">{\"@context\":\"https:\\\/\\\/schema.org\",\"@graph\":[{\"@type\":\"WebPage\",\"@id\":\"https:\\\/\\\/previews.elleven.digital\\\/acocearense\\\/noticia\\\/gilberto-silva-conquista-1o-lugar-no-campeonato-cearense-de-ciclismo\\\/\",\"url\":\"https:\\\/\\\/previews.elleven.digital\\\/acocearense\\\/noticia\\\/gilberto-silva-conquista-1o-lugar-no-campeonato-cearense-de-ciclismo\\\/\",\"name\":\"Gilberto Silva conquista 1\u00ba lugar no Campeonato Cearense de Ciclismo - Grupo A\u00e7o Cearense\",\"isPartOf\":{\"@id\":\"https:\\\/\\\/previews.elleven.digital\\\/acocearense\\\/#website\"},\"primaryImageOfPage\":{\"@id\":\"https:\\\/\\\/previews.elleven.digital\\\/acocearense\\\/noticia\\\/gilberto-silva-conquista-1o-lugar-no-campeonato-cearense-de-ciclismo\\\/#primaryimage\"},\"image\":{\"@id\":\"https:\\\/\\\/previews.elleven.digital\\\/acocearense\\\/noticia\\\/gilberto-silva-conquista-1o-lugar-no-campeonato-cearense-de-ciclismo\\\/#primaryimage\"},\"thumbnailUrl\":\"https:\\\/\\\/www.grupoacocearense.com.br\\\/wp-content\\\/uploads\\\/2025\\\/05\\\/gac-atleta-1.png\",\"datePublished\":\"2020-09-10T19:55:53+00:00\",\"dateModified\":\"2025-05-07T19:56:35+00:00\",\"breadcrumb\":{\"@id\":\"https:\\\/\\\/previews.elleven.digital\\\/acocearense\\\/noticia\\\/gilberto-silva-conquista-1o-lugar-no-campeonato-cearense-de-ciclismo\\\/#breadcrumb\"},\"inLanguage\":\"en-US\",\"potentialAction\":[{\"@type\":\"ReadAction\",\"target\":[\"https:\\\/\\\/previews.elleven.digital\\\/acocearense\\\/noticia\\\/gilberto-silva-conquista-1o-lugar-no-campeonato-cearense-de-ciclismo\\\/\"]}]},{\"@type\":\"ImageObject\",\"inLanguage\":\"en-US\",\"@id\":\"https:\\\/\\\/previews.elleven.digital\\\/acocearense\\\/noticia\\\/gilberto-silva-conquista-1o-lugar-no-campeonato-cearense-de-ciclismo\\\/#primaryimage\",\"url\":\"https:\\\/\\\/www.grupoacocearense.com.br\\\/wp-content\\\/uploads\\\/2025\\\/05\\\/gac-atleta-1.png\",\"contentUrl\":\"https:\\\/\\\/www.grupoacocearense.com.br\\\/wp-content\\\/uploads\\\/2025\\\/05\\\/gac-atleta-1.png\",\"width\":459,\"height\":459},{\"@type\":\"BreadcrumbList\",\"@id\":\"https:\\\/\\\/previews.elleven.digital\\\/acocearense\\\/noticia\\\/gilberto-silva-conquista-1o-lugar-no-campeonato-cearense-de-ciclismo\\\/#breadcrumb\",\"itemListElement\":[{\"@type\":\"ListItem\",\"position\":1,\"name\":\"In\u00edcio\",\"item\":\"https:\\\/\\\/www.grupoacocearense.com.br\\\/\"},{\"@type\":\"ListItem\",\"position\":2,\"name\":\"Not\u00edcias\",\"item\":\"https:\\\/\\\/previews.elleven.digital\\\/acocearense\\\/noticias\\\/\"},{\"@type\":\"ListItem\",\"position\":3,\"name\":\"Gilberto Silva conquista 1\u00ba lugar no Campeonato Cearense de Ciclismo\"}]},{\"@type\":\"WebSite\",\"@id\":\"https:\\\/\\\/previews.elleven.digital\\\/acocearense\\\/#website\",\"url\":\"https:\\\/\\\/previews.elleven.digital\\\/acocearense\\\/\",\"name\":\"A\u00e7o Cearense\",\"description\":\"H\u00e1 mais de 45 anos no mercado brasileiro do a\u00e7o.\",\"alternateName\":\"A\u00e7o Cearense\",\"potentialAction\":[{\"@type\":\"SearchAction\",\"target\":{\"@type\":\"EntryPoint\",\"urlTemplate\":\"https:\\\/\\\/previews.elleven.digital\\\/acocearense\\\/?s={search_term_string}\"},\"query-input\":{\"@type\":\"PropertyValueSpecification\",\"valueRequired\":true,\"valueName\":\"search_term_string\"}}],\"inLanguage\":\"en-US\"}]}<\/script>\n<!-- \/ Yoast SEO plugin. -->","yoast_head_json":{"title":"Gilberto Silva conquista 1\u00ba lugar no Campeonato Cearense de Ciclismo - Grupo A\u00e7o Cearense","robots":{"index":"index","follow":"follow","max-snippet":"max-snippet:-1","max-image-preview":"max-image-preview:large","max-video-preview":"max-video-preview:-1"},"canonical":"https:\/\/previews.elleven.digital\/acocearense\/noticia\/gilberto-silva-conquista-1o-lugar-no-campeonato-cearense-de-ciclismo\/","og_locale":"en_US","og_type":"article","og_title":"Gilberto Silva conquista 1\u00ba lugar no Campeonato Cearense de Ciclismo - Grupo A\u00e7o Cearense","og_description":"O atleta patrocinado pelo Instituto A\u00e7o Cearense e tamb\u00e9m motorista do SETRAN na A\u00e7o Cearense(...)","og_url":"https:\/\/previews.elleven.digital\/acocearense\/noticia\/gilberto-silva-conquista-1o-lugar-no-campeonato-cearense-de-ciclismo\/","og_site_name":"Grupo A\u00e7o Cearense","article_modified_time":"2025-05-07T19:56:35+00:00","og_image":[{"width":459,"height":459,"url":"https:\/\/previews.elleven.digital\/acocearense\/wp-content\/uploads\/2025\/05\/gac-atleta-1.png","type":"image\/png"}],"twitter_card":"summary_large_image","twitter_misc":{"Est. reading time":"2 minutes"},"schema":{"@context":"https:\/\/schema.org","@graph":[{"@type":"WebPage","@id":"https:\/\/previews.elleven.digital\/acocearense\/noticia\/gilberto-silva-conquista-1o-lugar-no-campeonato-cearense-de-ciclismo\/","url":"https:\/\/previews.elleven.digital\/acocearense\/noticia\/gilberto-silva-conquista-1o-lugar-no-campeonato-cearense-de-ciclismo\/","name":"Gilberto Silva conquista 1\u00ba lugar no Campeonato Cearense de Ciclismo - Grupo A\u00e7o Cearense","isPartOf":{"@id":"https:\/\/previews.elleven.digital\/acocearense\/#website"},"primaryImageOfPage":{"@id":"https:\/\/previews.elleven.digital\/acocearense\/noticia\/gilberto-silva-conquista-1o-lugar-no-campeonato-cearense-de-ciclismo\/#primaryimage"},"image":{"@id":"https:\/\/previews.elleven.digital\/acocearense\/noticia\/gilberto-silva-conquista-1o-lugar-no-campeonato-cearense-de-ciclismo\/#primaryimage"},"thumbnailUrl":"https:\/\/www.grupoacocearense.com.br\/wp-content\/uploads\/2025\/05\/gac-atleta-1.png","datePublished":"2020-09-10T19:55:53+00:00","dateModified":"2025-05-07T19:56:35+00:00","breadcrumb":{"@id":"https:\/\/previews.elleven.digital\/acocearense\/noticia\/gilberto-silva-conquista-1o-lugar-no-campeonato-cearense-de-ciclismo\/#breadcrumb"},"inLanguage":"en-US","potentialAction":[{"@type":"ReadAction","target":["https:\/\/previews.elleven.digital\/acocearense\/noticia\/gilberto-silva-conquista-1o-lugar-no-campeonato-cearense-de-ciclismo\/"]}]},{"@type":"ImageObject","inLanguage":"en-US","@id":"https:\/\/previews.elleven.digital\/acocearense\/noticia\/gilberto-silva-conquista-1o-lugar-no-campeonato-cearense-de-ciclismo\/#primaryimage","url":"https:\/\/www.grupoacocearense.com.br\/wp-content\/uploads\/2025\/05\/gac-atleta-1.png","contentUrl":"https:\/\/www.grupoacocearense.com.br\/wp-content\/uploads\/2025\/05\/gac-atleta-1.png","width":459,"height":459},{"@type":"BreadcrumbList","@id":"https:\/\/previews.elleven.digital\/acocearense\/noticia\/gilberto-silva-conquista-1o-lugar-no-campeonato-cearense-de-ciclismo\/#breadcrumb","itemListElement":[{"@type":"ListItem","position":1,"name":"In\u00edcio","item":"https:\/\/www.grupoacocearense.com.br\/"},{"@type":"ListItem","position":2,"name":"Not\u00edcias","item":"https:\/\/previews.elleven.digital\/acocearense\/noticias\/"},{"@type":"ListItem","position":3,"name":"Gilberto Silva conquista 1\u00ba lugar no Campeonato Cearense de Ciclismo"}]},{"@type":"WebSite","@id":"https:\/\/previews.elleven.digital\/acocearense\/#website","url":"https:\/\/previews.elleven.digital\/acocearense\/","name":"Cear\u00e1 Steel","description":"In the Brazilian steel market for over 45 years.","alternateName":"A\u00e7o Cearense","potentialAction":[{"@type":"SearchAction","target":{"@type":"EntryPoint","urlTemplate":"https:\/\/previews.elleven.digital\/acocearense\/?s={search_term_string}"},"query-input":{"@type":"PropertyValueSpecification","valueRequired":true,"valueName":"search_term_string"}}],"inLanguage":"en-US"}]}},"_links":{"self":[{"href":"https:\/\/www.grupoacocearense.com.br\/en\/wp-json\/wp\/v2\/noticia\/2054","targetHints":{"allow":["GET"]}}],"collection":[{"href":"https:\/\/www.grupoacocearense.com.br\/en\/wp-json\/wp\/v2\/noticia"}],"about":[{"href":"https:\/\/www.grupoacocearense.com.br\/en\/wp-json\/wp\/v2\/types\/noticia"}],"wp:featuredmedia":[{"embeddable":true,"href":"https:\/\/www.grupoacocearense.com.br\/en\/wp-json\/wp\/v2\/media\/2052"}],"wp:attachment":[{"href":"https:\/\/www.grupoacocearense.com.br\/en\/wp-json\/wp\/v2\/media?parent=2054"}],"wp:term":[{"taxonomy":"categoria-noticia","embeddable":true,"href":"https:\/\/www.grupoacocearense.com.br\/en\/wp-json\/wp\/v2\/categoria-noticia?post=2054"}],"curies":[{"name":"wp","href":"https:\/\/api.w.org\/{rel}","templated":true}]}}