{"id":2040,"date":"2020-08-27T16:51:48","date_gmt":"2020-08-27T19:51:48","guid":{"rendered":"https:\/\/www.grupoacocearense.com.br\/?post_type=noticia&#038;p=2040"},"modified":"2025-05-07T16:52:16","modified_gmt":"2025-05-07T19:52:16","slug":"sinobras-retoma-o-programa-qualificaco","status":"publish","type":"noticia","link":"https:\/\/www.grupoacocearense.com.br\/en\/noticia\/sinobras-retoma-o-programa-qualificaco\/","title":{"rendered":"SINOBRAS resumes the QualificA\u00e7o Program"},"content":{"rendered":"<p>It took place yesterday (26), in the SINOBRAS Auditorium, following all safety protocols, the WarmUp \u201cwarming up\u201d of QualificA\u00e7o \u2013 Program for the Development of Planners and Analysts of Methods and Processes.<\/p>\n<p>The event was attended by Milton Lima, Industrial Director, and Cinthia Cavalcanti, Director of Organizational Development and IT, who reinforced Grupo A\u00e7o Cearense&#039;s commitment to the development of its employees.<\/p>\n<p>Launched in January of this year, the program had to be suspended due to the COVID-19 pandemic and is now being resumed in a digital format, maintaining and reinforcing the purpose of continuing education and qualification.<\/p>\n<p><img loading=\"lazy\" decoding=\"async\" class=\"wp-image-8508 aligncenter\" src=\"https:\/\/www.grupoacocearense.com.br\/wp-content\/uploads\/2020\/08\/admilson-rocha-284x300.jpg\" sizes=\"auto, (max-width: 177px) 100vw, 177px\" srcset=\"https:\/\/www.grupoacocearense.com.br\/wp-content\/uploads\/2020\/08\/admilson-rocha-284x300.jpg 284w, https:\/\/www.grupoacocearense.com.br\/wp-content\/uploads\/2020\/08\/admilson-rocha-768x810.jpg 768w, https:\/\/www.grupoacocearense.com.br\/wp-content\/uploads\/2020\/08\/admilson-rocha-971x1024.jpg 971w, https:\/\/www.grupoacocearense.com.br\/wp-content\/uploads\/2020\/08\/admilson-rocha.jpg 1903w\" alt=\"\" width=\"177\" height=\"187\" \/><\/p>\n<p>&quot;QualificA\u00e7o is based on the concept of continuous learning. By combining theory and practice, our employees will have the opportunity to learn about and understand all phases of our production, thus gaining a broader perspective on our business,&quot; explains SINOBRAS&#039; Internal Human Resources Consultant, Admilson Rocha.<\/p>\n<p>Vin\u00edcius Pereira, a Planner at Trefila, is excited about the program. &quot;It will be an incredible opportunity for personal and professional growth, where we&#039;ll have the opportunity to learn about the company in general. Expectations are high, and the opportunity to see all the plant&#039;s processes is incredibly exciting.&quot;<\/p>\n<p><img loading=\"lazy\" decoding=\"async\" class=\"wp-image-8509 aligncenter\" src=\"https:\/\/www.grupoacocearense.com.br\/wp-content\/uploads\/2020\/08\/vinivius-pereira-300x300.jpg\" sizes=\"auto, (max-width: 220px) 100vw, 220px\" srcset=\"https:\/\/www.grupoacocearense.com.br\/wp-content\/uploads\/2020\/08\/vinivius-pereira-300x300.jpg 300w, https:\/\/www.grupoacocearense.com.br\/wp-content\/uploads\/2020\/08\/vinivius-pereira-150x150.jpg 150w, https:\/\/www.grupoacocearense.com.br\/wp-content\/uploads\/2020\/08\/vinivius-pereira.jpg 640w\" alt=\"\" width=\"220\" height=\"220\" \/><\/p>","protected":false},"featured_media":2021,"template":"","meta":{"_acf_changed":false,"inline_featured_image":false},"categoria-noticia":[],"class_list":["post-2040","noticia","type-noticia","status-publish","has-post-thumbnail","hentry"],"acf":{"link":""},"yoast_head":"<!-- This site is optimized with the Yoast SEO plugin v27.4 - https:\/\/yoast.com\/product\/yoast-seo-wordpress\/ -->\n<title>SINOBRAS retoma o Programa QualificA\u00e7o - Grupo A\u00e7o Cearense<\/title>\n<meta name=\"robots\" content=\"index, follow, max-snippet:-1, max-image-preview:large, max-video-preview:-1\" \/>\n<link rel=\"canonical\" href=\"https:\/\/previews.elleven.digital\/acocearense\/noticia\/sinobras-retoma-o-programa-qualificaco\/\" \/>\n<meta property=\"og:locale\" content=\"en_US\" \/>\n<meta property=\"og:type\" content=\"article\" \/>\n<meta property=\"og:title\" content=\"SINOBRAS retoma o Programa QualificA\u00e7o - Grupo A\u00e7o Cearense\" \/>\n<meta property=\"og:description\" content=\"Aconteceu ontem (26), no Audit\u00f3rio da SINOBRAS, obedecendo todos os protocolos de seguran\u00e7a, o WarmUp(...)\" \/>\n<meta property=\"og:url\" content=\"https:\/\/previews.elleven.digital\/acocearense\/noticia\/sinobras-retoma-o-programa-qualificaco\/\" \/>\n<meta property=\"og:site_name\" content=\"Grupo A\u00e7o Cearense\" \/>\n<meta property=\"article:modified_time\" content=\"2025-05-07T19:52:16+00:00\" \/>\n<meta property=\"og:image\" content=\"https:\/\/previews.elleven.digital\/acocearense\/wp-content\/uploads\/2025\/05\/programa-qualiaco.jpg\" \/>\n\t<meta property=\"og:image:width\" content=\"1024\" \/>\n\t<meta property=\"og:image:height\" content=\"768\" \/>\n\t<meta property=\"og:image:type\" content=\"image\/jpeg\" \/>\n<meta name=\"twitter:card\" content=\"summary_large_image\" \/>\n<meta name=\"twitter:label1\" content=\"Est. reading time\" \/>\n\t<meta name=\"twitter:data1\" content=\"1 minute\" \/>\n<script type=\"application\/ld+json\" class=\"yoast-schema-graph\">{\"@context\":\"https:\\\/\\\/schema.org\",\"@graph\":[{\"@type\":\"WebPage\",\"@id\":\"https:\\\/\\\/previews.elleven.digital\\\/acocearense\\\/noticia\\\/sinobras-retoma-o-programa-qualificaco\\\/\",\"url\":\"https:\\\/\\\/previews.elleven.digital\\\/acocearense\\\/noticia\\\/sinobras-retoma-o-programa-qualificaco\\\/\",\"name\":\"SINOBRAS retoma o Programa QualificA\u00e7o - Grupo A\u00e7o Cearense\",\"isPartOf\":{\"@id\":\"https:\\\/\\\/previews.elleven.digital\\\/acocearense\\\/#website\"},\"primaryImageOfPage\":{\"@id\":\"https:\\\/\\\/previews.elleven.digital\\\/acocearense\\\/noticia\\\/sinobras-retoma-o-programa-qualificaco\\\/#primaryimage\"},\"image\":{\"@id\":\"https:\\\/\\\/previews.elleven.digital\\\/acocearense\\\/noticia\\\/sinobras-retoma-o-programa-qualificaco\\\/#primaryimage\"},\"thumbnailUrl\":\"https:\\\/\\\/www.grupoacocearense.com.br\\\/wp-content\\\/uploads\\\/2025\\\/05\\\/programa-qualiaco.jpg\",\"datePublished\":\"2020-08-27T19:51:48+00:00\",\"dateModified\":\"2025-05-07T19:52:16+00:00\",\"breadcrumb\":{\"@id\":\"https:\\\/\\\/previews.elleven.digital\\\/acocearense\\\/noticia\\\/sinobras-retoma-o-programa-qualificaco\\\/#breadcrumb\"},\"inLanguage\":\"en-US\",\"potentialAction\":[{\"@type\":\"ReadAction\",\"target\":[\"https:\\\/\\\/previews.elleven.digital\\\/acocearense\\\/noticia\\\/sinobras-retoma-o-programa-qualificaco\\\/\"]}]},{\"@type\":\"ImageObject\",\"inLanguage\":\"en-US\",\"@id\":\"https:\\\/\\\/previews.elleven.digital\\\/acocearense\\\/noticia\\\/sinobras-retoma-o-programa-qualificaco\\\/#primaryimage\",\"url\":\"https:\\\/\\\/www.grupoacocearense.com.br\\\/wp-content\\\/uploads\\\/2025\\\/05\\\/programa-qualiaco.jpg\",\"contentUrl\":\"https:\\\/\\\/www.grupoacocearense.com.br\\\/wp-content\\\/uploads\\\/2025\\\/05\\\/programa-qualiaco.jpg\",\"width\":1024,\"height\":768},{\"@type\":\"BreadcrumbList\",\"@id\":\"https:\\\/\\\/previews.elleven.digital\\\/acocearense\\\/noticia\\\/sinobras-retoma-o-programa-qualificaco\\\/#breadcrumb\",\"itemListElement\":[{\"@type\":\"ListItem\",\"position\":1,\"name\":\"In\u00edcio\",\"item\":\"https:\\\/\\\/www.grupoacocearense.com.br\\\/\"},{\"@type\":\"ListItem\",\"position\":2,\"name\":\"Not\u00edcias\",\"item\":\"https:\\\/\\\/previews.elleven.digital\\\/acocearense\\\/noticias\\\/\"},{\"@type\":\"ListItem\",\"position\":3,\"name\":\"SINOBRAS retoma o Programa QualificA\u00e7o\"}]},{\"@type\":\"WebSite\",\"@id\":\"https:\\\/\\\/previews.elleven.digital\\\/acocearense\\\/#website\",\"url\":\"https:\\\/\\\/previews.elleven.digital\\\/acocearense\\\/\",\"name\":\"A\u00e7o Cearense\",\"description\":\"H\u00e1 mais de 45 anos no mercado brasileiro do a\u00e7o.\",\"alternateName\":\"A\u00e7o Cearense\",\"potentialAction\":[{\"@type\":\"SearchAction\",\"target\":{\"@type\":\"EntryPoint\",\"urlTemplate\":\"https:\\\/\\\/previews.elleven.digital\\\/acocearense\\\/?s={search_term_string}\"},\"query-input\":{\"@type\":\"PropertyValueSpecification\",\"valueRequired\":true,\"valueName\":\"search_term_string\"}}],\"inLanguage\":\"en-US\"}]}<\/script>\n<!-- \/ Yoast SEO plugin. -->","yoast_head_json":{"title":"SINOBRAS retoma o Programa QualificA\u00e7o - Grupo A\u00e7o Cearense","robots":{"index":"index","follow":"follow","max-snippet":"max-snippet:-1","max-image-preview":"max-image-preview:large","max-video-preview":"max-video-preview:-1"},"canonical":"https:\/\/previews.elleven.digital\/acocearense\/noticia\/sinobras-retoma-o-programa-qualificaco\/","og_locale":"en_US","og_type":"article","og_title":"SINOBRAS retoma o Programa QualificA\u00e7o - Grupo A\u00e7o Cearense","og_description":"Aconteceu ontem (26), no Audit\u00f3rio da SINOBRAS, obedecendo todos os protocolos de seguran\u00e7a, o WarmUp(...)","og_url":"https:\/\/previews.elleven.digital\/acocearense\/noticia\/sinobras-retoma-o-programa-qualificaco\/","og_site_name":"Grupo A\u00e7o Cearense","article_modified_time":"2025-05-07T19:52:16+00:00","og_image":[{"width":1024,"height":768,"url":"https:\/\/previews.elleven.digital\/acocearense\/wp-content\/uploads\/2025\/05\/programa-qualiaco.jpg","type":"image\/jpeg"}],"twitter_card":"summary_large_image","twitter_misc":{"Est. reading time":"1 minute"},"schema":{"@context":"https:\/\/schema.org","@graph":[{"@type":"WebPage","@id":"https:\/\/previews.elleven.digital\/acocearense\/noticia\/sinobras-retoma-o-programa-qualificaco\/","url":"https:\/\/previews.elleven.digital\/acocearense\/noticia\/sinobras-retoma-o-programa-qualificaco\/","name":"SINOBRAS retoma o Programa QualificA\u00e7o - Grupo A\u00e7o Cearense","isPartOf":{"@id":"https:\/\/previews.elleven.digital\/acocearense\/#website"},"primaryImageOfPage":{"@id":"https:\/\/previews.elleven.digital\/acocearense\/noticia\/sinobras-retoma-o-programa-qualificaco\/#primaryimage"},"image":{"@id":"https:\/\/previews.elleven.digital\/acocearense\/noticia\/sinobras-retoma-o-programa-qualificaco\/#primaryimage"},"thumbnailUrl":"https:\/\/www.grupoacocearense.com.br\/wp-content\/uploads\/2025\/05\/programa-qualiaco.jpg","datePublished":"2020-08-27T19:51:48+00:00","dateModified":"2025-05-07T19:52:16+00:00","breadcrumb":{"@id":"https:\/\/previews.elleven.digital\/acocearense\/noticia\/sinobras-retoma-o-programa-qualificaco\/#breadcrumb"},"inLanguage":"en-US","potentialAction":[{"@type":"ReadAction","target":["https:\/\/previews.elleven.digital\/acocearense\/noticia\/sinobras-retoma-o-programa-qualificaco\/"]}]},{"@type":"ImageObject","inLanguage":"en-US","@id":"https:\/\/previews.elleven.digital\/acocearense\/noticia\/sinobras-retoma-o-programa-qualificaco\/#primaryimage","url":"https:\/\/www.grupoacocearense.com.br\/wp-content\/uploads\/2025\/05\/programa-qualiaco.jpg","contentUrl":"https:\/\/www.grupoacocearense.com.br\/wp-content\/uploads\/2025\/05\/programa-qualiaco.jpg","width":1024,"height":768},{"@type":"BreadcrumbList","@id":"https:\/\/previews.elleven.digital\/acocearense\/noticia\/sinobras-retoma-o-programa-qualificaco\/#breadcrumb","itemListElement":[{"@type":"ListItem","position":1,"name":"In\u00edcio","item":"https:\/\/www.grupoacocearense.com.br\/"},{"@type":"ListItem","position":2,"name":"Not\u00edcias","item":"https:\/\/previews.elleven.digital\/acocearense\/noticias\/"},{"@type":"ListItem","position":3,"name":"SINOBRAS retoma o Programa QualificA\u00e7o"}]},{"@type":"WebSite","@id":"https:\/\/previews.elleven.digital\/acocearense\/#website","url":"https:\/\/previews.elleven.digital\/acocearense\/","name":"Cear\u00e1 Steel","description":"In the Brazilian steel market for over 45 years.","alternateName":"A\u00e7o Cearense","potentialAction":[{"@type":"SearchAction","target":{"@type":"EntryPoint","urlTemplate":"https:\/\/previews.elleven.digital\/acocearense\/?s={search_term_string}"},"query-input":{"@type":"PropertyValueSpecification","valueRequired":true,"valueName":"search_term_string"}}],"inLanguage":"en-US"}]}},"_links":{"self":[{"href":"https:\/\/www.grupoacocearense.com.br\/en\/wp-json\/wp\/v2\/noticia\/2040","targetHints":{"allow":["GET"]}}],"collection":[{"href":"https:\/\/www.grupoacocearense.com.br\/en\/wp-json\/wp\/v2\/noticia"}],"about":[{"href":"https:\/\/www.grupoacocearense.com.br\/en\/wp-json\/wp\/v2\/types\/noticia"}],"wp:featuredmedia":[{"embeddable":true,"href":"https:\/\/www.grupoacocearense.com.br\/en\/wp-json\/wp\/v2\/media\/2021"}],"wp:attachment":[{"href":"https:\/\/www.grupoacocearense.com.br\/en\/wp-json\/wp\/v2\/media?parent=2040"}],"wp:term":[{"taxonomy":"categoria-noticia","embeddable":true,"href":"https:\/\/www.grupoacocearense.com.br\/en\/wp-json\/wp\/v2\/categoria-noticia?post=2040"}],"curies":[{"name":"wp","href":"https:\/\/api.w.org\/{rel}","templated":true}]}}