{"id":2039,"date":"2020-08-27T16:51:12","date_gmt":"2020-08-27T19:51:12","guid":{"rendered":"https:\/\/www.grupoacocearense.com.br\/?post_type=noticia&#038;p=2039"},"modified":"2025-05-07T16:51:46","modified_gmt":"2025-05-07T19:51:46","slug":"gestores-do-grupo-aco-cearense-na-web-conference-aco-brasil","status":"publish","type":"noticia","link":"https:\/\/www.grupoacocearense.com.br\/en\/noticia\/gestores-do-grupo-aco-cearense-na-web-conference-aco-brasil\/","title":{"rendered":"Managers of the A\u00e7o Cearense Group at the A\u00e7o Brasil Web Conference"},"content":{"rendered":"<p>The domestic market of the Brazilian steel industry is beginning a recovery phase. Given this scenario, the Brazilian Steel Institute will hold a Web Conference on Friday (28), at 4 pm, to discuss the sector&#039;s post-pandemic recovery.<\/p>\n<p>Our managers, Ian Corr\u00eaa, Vice President of Operations, and Clayton Labes, Director of Sustainability at SINOBRAS, will participate in the online event to exchange new experiences during this challenging time for the country.<\/p>\n<p>The virtual conference will be broadcast free of charge on the Instituto A\u00e7o Brasil channel on\u00a0<strong><a href=\"https:\/\/www.youtube.com\/watch?v=goZbLbE9fvY\">YouTube<\/a><\/strong>\u00a0and will be attended by Economy Minister Paulo Guedes. He will also be joined by key figures from the industry, including Benjamin Baptista (ArcelorMittal Brasil), Marcos Faraco Wahrhaftig (Gerdau), and Alexandre de Campos Lyra (Vallourec), who will participate in the panel &quot;Current Situation and Outlook for the Steel Industry.&quot;<\/p>\n<p>Registration can be done at the link:\u00a0<a href=\"https:\/\/grupoacocearense.us7.list-manage.com\/track\/click?u=89812147ef97f09ae727e0969&amp;id=f2676245aa&amp;e=80a501f473\">http:\/\/bit.ly\/WebConfAcoBRasil<\/a>.<\/p>","protected":false},"featured_media":2022,"template":"","meta":{"_acf_changed":false,"inline_featured_image":false},"categoria-noticia":[],"class_list":["post-2039","noticia","type-noticia","status-publish","has-post-thumbnail","hentry"],"acf":{"link":""},"yoast_head":"<!-- This site is optimized with the Yoast SEO plugin v27.4 - https:\/\/yoast.com\/product\/yoast-seo-wordpress\/ -->\n<title>Gestores do Grupo A\u00e7o Cearense na Web Conference A\u00e7o Brasil - Grupo A\u00e7o Cearense<\/title>\n<meta name=\"robots\" content=\"index, follow, max-snippet:-1, max-image-preview:large, max-video-preview:-1\" \/>\n<link rel=\"canonical\" href=\"https:\/\/previews.elleven.digital\/acocearense\/noticia\/gestores-do-grupo-aco-cearense-na-web-conference-aco-brasil\/\" \/>\n<meta property=\"og:locale\" content=\"en_US\" \/>\n<meta property=\"og:type\" content=\"article\" \/>\n<meta property=\"og:title\" content=\"Gestores do Grupo A\u00e7o Cearense na Web Conference A\u00e7o Brasil - Grupo A\u00e7o Cearense\" \/>\n<meta property=\"og:description\" content=\"O mercado interno da ind\u00fastria brasileira produtora de a\u00e7o inicia uma fase de recupera\u00e7\u00e3o.\u00a0Frente a(...)\" \/>\n<meta property=\"og:url\" content=\"https:\/\/previews.elleven.digital\/acocearense\/noticia\/gestores-do-grupo-aco-cearense-na-web-conference-aco-brasil\/\" \/>\n<meta property=\"og:site_name\" content=\"Grupo A\u00e7o Cearense\" \/>\n<meta property=\"article:modified_time\" content=\"2025-05-07T19:51:46+00:00\" \/>\n<meta property=\"og:image\" content=\"https:\/\/previews.elleven.digital\/acocearense\/wp-content\/uploads\/2025\/05\/conferencia-gac.jpg\" \/>\n\t<meta property=\"og:image:width\" content=\"1920\" \/>\n\t<meta property=\"og:image:height\" content=\"1080\" \/>\n\t<meta property=\"og:image:type\" content=\"image\/jpeg\" \/>\n<meta name=\"twitter:card\" content=\"summary_large_image\" \/>\n<meta name=\"twitter:label1\" content=\"Est. reading time\" \/>\n\t<meta name=\"twitter:data1\" content=\"1 minute\" \/>\n<script type=\"application\/ld+json\" class=\"yoast-schema-graph\">{\"@context\":\"https:\\\/\\\/schema.org\",\"@graph\":[{\"@type\":\"WebPage\",\"@id\":\"https:\\\/\\\/previews.elleven.digital\\\/acocearense\\\/noticia\\\/gestores-do-grupo-aco-cearense-na-web-conference-aco-brasil\\\/\",\"url\":\"https:\\\/\\\/previews.elleven.digital\\\/acocearense\\\/noticia\\\/gestores-do-grupo-aco-cearense-na-web-conference-aco-brasil\\\/\",\"name\":\"Gestores do Grupo A\u00e7o Cearense na Web Conference A\u00e7o Brasil - Grupo A\u00e7o Cearense\",\"isPartOf\":{\"@id\":\"https:\\\/\\\/previews.elleven.digital\\\/acocearense\\\/#website\"},\"primaryImageOfPage\":{\"@id\":\"https:\\\/\\\/previews.elleven.digital\\\/acocearense\\\/noticia\\\/gestores-do-grupo-aco-cearense-na-web-conference-aco-brasil\\\/#primaryimage\"},\"image\":{\"@id\":\"https:\\\/\\\/previews.elleven.digital\\\/acocearense\\\/noticia\\\/gestores-do-grupo-aco-cearense-na-web-conference-aco-brasil\\\/#primaryimage\"},\"thumbnailUrl\":\"https:\\\/\\\/www.grupoacocearense.com.br\\\/wp-content\\\/uploads\\\/2025\\\/05\\\/conferencia-gac.jpg\",\"datePublished\":\"2020-08-27T19:51:12+00:00\",\"dateModified\":\"2025-05-07T19:51:46+00:00\",\"breadcrumb\":{\"@id\":\"https:\\\/\\\/previews.elleven.digital\\\/acocearense\\\/noticia\\\/gestores-do-grupo-aco-cearense-na-web-conference-aco-brasil\\\/#breadcrumb\"},\"inLanguage\":\"en-US\",\"potentialAction\":[{\"@type\":\"ReadAction\",\"target\":[\"https:\\\/\\\/previews.elleven.digital\\\/acocearense\\\/noticia\\\/gestores-do-grupo-aco-cearense-na-web-conference-aco-brasil\\\/\"]}]},{\"@type\":\"ImageObject\",\"inLanguage\":\"en-US\",\"@id\":\"https:\\\/\\\/previews.elleven.digital\\\/acocearense\\\/noticia\\\/gestores-do-grupo-aco-cearense-na-web-conference-aco-brasil\\\/#primaryimage\",\"url\":\"https:\\\/\\\/www.grupoacocearense.com.br\\\/wp-content\\\/uploads\\\/2025\\\/05\\\/conferencia-gac.jpg\",\"contentUrl\":\"https:\\\/\\\/www.grupoacocearense.com.br\\\/wp-content\\\/uploads\\\/2025\\\/05\\\/conferencia-gac.jpg\",\"width\":1920,\"height\":1080},{\"@type\":\"BreadcrumbList\",\"@id\":\"https:\\\/\\\/previews.elleven.digital\\\/acocearense\\\/noticia\\\/gestores-do-grupo-aco-cearense-na-web-conference-aco-brasil\\\/#breadcrumb\",\"itemListElement\":[{\"@type\":\"ListItem\",\"position\":1,\"name\":\"In\u00edcio\",\"item\":\"https:\\\/\\\/www.grupoacocearense.com.br\\\/\"},{\"@type\":\"ListItem\",\"position\":2,\"name\":\"Not\u00edcias\",\"item\":\"https:\\\/\\\/previews.elleven.digital\\\/acocearense\\\/noticias\\\/\"},{\"@type\":\"ListItem\",\"position\":3,\"name\":\"Gestores do Grupo A\u00e7o Cearense na Web Conference A\u00e7o Brasil\"}]},{\"@type\":\"WebSite\",\"@id\":\"https:\\\/\\\/previews.elleven.digital\\\/acocearense\\\/#website\",\"url\":\"https:\\\/\\\/previews.elleven.digital\\\/acocearense\\\/\",\"name\":\"A\u00e7o Cearense\",\"description\":\"H\u00e1 mais de 45 anos no mercado brasileiro do a\u00e7o.\",\"alternateName\":\"A\u00e7o Cearense\",\"potentialAction\":[{\"@type\":\"SearchAction\",\"target\":{\"@type\":\"EntryPoint\",\"urlTemplate\":\"https:\\\/\\\/previews.elleven.digital\\\/acocearense\\\/?s={search_term_string}\"},\"query-input\":{\"@type\":\"PropertyValueSpecification\",\"valueRequired\":true,\"valueName\":\"search_term_string\"}}],\"inLanguage\":\"en-US\"}]}<\/script>\n<!-- \/ Yoast SEO plugin. -->","yoast_head_json":{"title":"Gestores do Grupo A\u00e7o Cearense na Web Conference A\u00e7o Brasil - Grupo A\u00e7o Cearense","robots":{"index":"index","follow":"follow","max-snippet":"max-snippet:-1","max-image-preview":"max-image-preview:large","max-video-preview":"max-video-preview:-1"},"canonical":"https:\/\/previews.elleven.digital\/acocearense\/noticia\/gestores-do-grupo-aco-cearense-na-web-conference-aco-brasil\/","og_locale":"en_US","og_type":"article","og_title":"Gestores do Grupo A\u00e7o Cearense na Web Conference A\u00e7o Brasil - Grupo A\u00e7o Cearense","og_description":"O mercado interno da ind\u00fastria brasileira produtora de a\u00e7o inicia uma fase de recupera\u00e7\u00e3o.\u00a0Frente a(...)","og_url":"https:\/\/previews.elleven.digital\/acocearense\/noticia\/gestores-do-grupo-aco-cearense-na-web-conference-aco-brasil\/","og_site_name":"Grupo A\u00e7o Cearense","article_modified_time":"2025-05-07T19:51:46+00:00","og_image":[{"width":1920,"height":1080,"url":"https:\/\/previews.elleven.digital\/acocearense\/wp-content\/uploads\/2025\/05\/conferencia-gac.jpg","type":"image\/jpeg"}],"twitter_card":"summary_large_image","twitter_misc":{"Est. reading time":"1 minute"},"schema":{"@context":"https:\/\/schema.org","@graph":[{"@type":"WebPage","@id":"https:\/\/previews.elleven.digital\/acocearense\/noticia\/gestores-do-grupo-aco-cearense-na-web-conference-aco-brasil\/","url":"https:\/\/previews.elleven.digital\/acocearense\/noticia\/gestores-do-grupo-aco-cearense-na-web-conference-aco-brasil\/","name":"Gestores do Grupo A\u00e7o Cearense na Web Conference A\u00e7o Brasil - Grupo A\u00e7o Cearense","isPartOf":{"@id":"https:\/\/previews.elleven.digital\/acocearense\/#website"},"primaryImageOfPage":{"@id":"https:\/\/previews.elleven.digital\/acocearense\/noticia\/gestores-do-grupo-aco-cearense-na-web-conference-aco-brasil\/#primaryimage"},"image":{"@id":"https:\/\/previews.elleven.digital\/acocearense\/noticia\/gestores-do-grupo-aco-cearense-na-web-conference-aco-brasil\/#primaryimage"},"thumbnailUrl":"https:\/\/www.grupoacocearense.com.br\/wp-content\/uploads\/2025\/05\/conferencia-gac.jpg","datePublished":"2020-08-27T19:51:12+00:00","dateModified":"2025-05-07T19:51:46+00:00","breadcrumb":{"@id":"https:\/\/previews.elleven.digital\/acocearense\/noticia\/gestores-do-grupo-aco-cearense-na-web-conference-aco-brasil\/#breadcrumb"},"inLanguage":"en-US","potentialAction":[{"@type":"ReadAction","target":["https:\/\/previews.elleven.digital\/acocearense\/noticia\/gestores-do-grupo-aco-cearense-na-web-conference-aco-brasil\/"]}]},{"@type":"ImageObject","inLanguage":"en-US","@id":"https:\/\/previews.elleven.digital\/acocearense\/noticia\/gestores-do-grupo-aco-cearense-na-web-conference-aco-brasil\/#primaryimage","url":"https:\/\/www.grupoacocearense.com.br\/wp-content\/uploads\/2025\/05\/conferencia-gac.jpg","contentUrl":"https:\/\/www.grupoacocearense.com.br\/wp-content\/uploads\/2025\/05\/conferencia-gac.jpg","width":1920,"height":1080},{"@type":"BreadcrumbList","@id":"https:\/\/previews.elleven.digital\/acocearense\/noticia\/gestores-do-grupo-aco-cearense-na-web-conference-aco-brasil\/#breadcrumb","itemListElement":[{"@type":"ListItem","position":1,"name":"In\u00edcio","item":"https:\/\/www.grupoacocearense.com.br\/"},{"@type":"ListItem","position":2,"name":"Not\u00edcias","item":"https:\/\/previews.elleven.digital\/acocearense\/noticias\/"},{"@type":"ListItem","position":3,"name":"Gestores do Grupo A\u00e7o Cearense na Web Conference A\u00e7o Brasil"}]},{"@type":"WebSite","@id":"https:\/\/previews.elleven.digital\/acocearense\/#website","url":"https:\/\/previews.elleven.digital\/acocearense\/","name":"Cear\u00e1 Steel","description":"In the Brazilian steel market for over 45 years.","alternateName":"A\u00e7o Cearense","potentialAction":[{"@type":"SearchAction","target":{"@type":"EntryPoint","urlTemplate":"https:\/\/previews.elleven.digital\/acocearense\/?s={search_term_string}"},"query-input":{"@type":"PropertyValueSpecification","valueRequired":true,"valueName":"search_term_string"}}],"inLanguage":"en-US"}]}},"_links":{"self":[{"href":"https:\/\/www.grupoacocearense.com.br\/en\/wp-json\/wp\/v2\/noticia\/2039","targetHints":{"allow":["GET"]}}],"collection":[{"href":"https:\/\/www.grupoacocearense.com.br\/en\/wp-json\/wp\/v2\/noticia"}],"about":[{"href":"https:\/\/www.grupoacocearense.com.br\/en\/wp-json\/wp\/v2\/types\/noticia"}],"wp:featuredmedia":[{"embeddable":true,"href":"https:\/\/www.grupoacocearense.com.br\/en\/wp-json\/wp\/v2\/media\/2022"}],"wp:attachment":[{"href":"https:\/\/www.grupoacocearense.com.br\/en\/wp-json\/wp\/v2\/media?parent=2039"}],"wp:term":[{"taxonomy":"categoria-noticia","embeddable":true,"href":"https:\/\/www.grupoacocearense.com.br\/en\/wp-json\/wp\/v2\/categoria-noticia?post=2039"}],"curies":[{"name":"wp","href":"https:\/\/api.w.org\/{rel}","templated":true}]}}