{"id":2038,"date":"2020-08-27T16:50:24","date_gmt":"2020-08-27T19:50:24","guid":{"rendered":"https:\/\/www.grupoacocearense.com.br\/?post_type=noticia&#038;p=2038"},"modified":"2025-05-07T16:50:58","modified_gmt":"2025-05-07T19:50:58","slug":"instituto-aco-cearense-doa-material-para-alunos-de-creche-publica","status":"publish","type":"noticia","link":"https:\/\/www.grupoacocearense.com.br\/en\/noticia\/instituto-aco-cearense-doa-material-para-alunos-de-creche-publica\/","title":{"rendered":"Instituto A\u00e7o Cearense donates materials to public daycare students"},"content":{"rendered":"<p>Since the beginning of the new coronavirus pandemic in Cear\u00e1, schools and daycare centers have closed their in-person activities and, to minimize the impact on the school year, students have started taking classes online.<\/p>\n<p>However, many institutions were unable to provide educational materials to support children, as is the case with Creche Nedi Isaias Barbosa, in the Parque Leblon neighborhood, in the municipality of Caucaia.<\/p>\n<p>Thinking about contributing to the development of students, last Thursday (20), the Instituto A\u00e7o Cearense donated more than 170 kits with teaching materials that will help develop school activities at home. The school kits contain a box of colored pencils, modeling clay, gouache paint, sketchbook and glue.<\/p>\n<p><img loading=\"lazy\" decoding=\"async\" class=\"alignright size-medium wp-image-8499\" src=\"https:\/\/www.grupoacocearense.com.br\/wp-content\/uploads\/2020\/08\/doa%C3%A7%C3%A3o-para-alunos-de-creche-publica-300x225.jpg\" sizes=\"auto, (max-width: 300px) 100vw, 300px\" srcset=\"https:\/\/www.grupoacocearense.com.br\/wp-content\/uploads\/2020\/08\/doa\u00e7\u00e3o-para-alunos-de-creche-publica-300x225.jpg 300w, https:\/\/www.grupoacocearense.com.br\/wp-content\/uploads\/2020\/08\/doa\u00e7\u00e3o-para-alunos-de-creche-publica-768x576.jpg 768w, https:\/\/www.grupoacocearense.com.br\/wp-content\/uploads\/2020\/08\/doa\u00e7\u00e3o-para-alunos-de-creche-publica.jpg 1024w\" alt=\"\" width=\"300\" height=\"225\" \/><\/p>\n<p>The daycare coordinator, Jo\u00eania de Oliveira, explains that many children don&#039;t even have access to the internet to take online classes.<\/p>\n<p>&quot;We have a project to connect students and teachers, but many students don&#039;t participate due to lack of access. It would still be possible for them to do activities at home, but we face a bigger problem: the lack of teaching materials for everyone.<\/p>\n<p>Based on this insight, we approached the Instituto A\u00e7o Cearense and had our project approved. We were thrilled to be able to alleviate our students&#039; challenges.&quot;<\/p>\n<p>For Rute Silva, mother of five-year-old Maria Vit\u00f3ria Silva, this material came at a great time, as it was difficult to complete homework with her daughter. &quot;Being at home, it&#039;s already difficult to explain to her that she has to do her homework, imagine without the material. It was a very important contribution, because now we can keep up with her schoolwork,&quot; explains the mother.<\/p>\n<p>According to Luciana Rabelo, coordinator of the Instituto A\u00e7o Cearense, this donation is part of a support for the Pintando o Sete em Casa project, an extension of the daycare center&#039;s work. &quot;This project is developed through activities that enhance educational attainment, through playful and enjoyable experiences, with the goal of expanding and enhancing the comprehensive development of family painting and art experiences,&quot; explains the coordinator.<\/p>","protected":false},"featured_media":2023,"template":"","meta":{"_acf_changed":false,"inline_featured_image":false},"categoria-noticia":[],"class_list":["post-2038","noticia","type-noticia","status-publish","has-post-thumbnail","hentry"],"acf":{"link":""},"yoast_head":"<!-- This site is optimized with the Yoast SEO plugin v27.4 - https:\/\/yoast.com\/product\/yoast-seo-wordpress\/ -->\n<title>Instituto A\u00e7o Cearense doa material para alunos de creche p\u00fablica - Grupo A\u00e7o Cearense<\/title>\n<meta name=\"robots\" content=\"index, follow, max-snippet:-1, max-image-preview:large, max-video-preview:-1\" \/>\n<link rel=\"canonical\" href=\"https:\/\/previews.elleven.digital\/acocearense\/noticia\/instituto-aco-cearense-doa-material-para-alunos-de-creche-publica\/\" \/>\n<meta property=\"og:locale\" content=\"en_US\" \/>\n<meta property=\"og:type\" content=\"article\" \/>\n<meta property=\"og:title\" content=\"Instituto A\u00e7o Cearense doa material para alunos de creche p\u00fablica - Grupo A\u00e7o Cearense\" \/>\n<meta property=\"og:description\" content=\"Desde o in\u00edcio da pandemia do novo coronav\u00edrus no Cear\u00e1, escolas e creche se encerraram(...)\" \/>\n<meta property=\"og:url\" content=\"https:\/\/previews.elleven.digital\/acocearense\/noticia\/instituto-aco-cearense-doa-material-para-alunos-de-creche-publica\/\" \/>\n<meta property=\"og:site_name\" content=\"Grupo A\u00e7o Cearense\" \/>\n<meta property=\"article:modified_time\" content=\"2025-05-07T19:50:58+00:00\" \/>\n<meta property=\"og:image\" content=\"https:\/\/previews.elleven.digital\/acocearense\/wp-content\/uploads\/2025\/05\/acao-iac.png\" \/>\n\t<meta property=\"og:image:width\" content=\"560\" \/>\n\t<meta property=\"og:image:height\" content=\"425\" \/>\n\t<meta property=\"og:image:type\" content=\"image\/png\" \/>\n<meta name=\"twitter:card\" content=\"summary_large_image\" \/>\n<meta name=\"twitter:label1\" content=\"Est. reading time\" \/>\n\t<meta name=\"twitter:data1\" content=\"3 minutes\" \/>\n<script type=\"application\/ld+json\" class=\"yoast-schema-graph\">{\"@context\":\"https:\\\/\\\/schema.org\",\"@graph\":[{\"@type\":\"WebPage\",\"@id\":\"https:\\\/\\\/previews.elleven.digital\\\/acocearense\\\/noticia\\\/instituto-aco-cearense-doa-material-para-alunos-de-creche-publica\\\/\",\"url\":\"https:\\\/\\\/previews.elleven.digital\\\/acocearense\\\/noticia\\\/instituto-aco-cearense-doa-material-para-alunos-de-creche-publica\\\/\",\"name\":\"Instituto A\u00e7o Cearense doa material para alunos de creche p\u00fablica - Grupo A\u00e7o Cearense\",\"isPartOf\":{\"@id\":\"https:\\\/\\\/previews.elleven.digital\\\/acocearense\\\/#website\"},\"primaryImageOfPage\":{\"@id\":\"https:\\\/\\\/previews.elleven.digital\\\/acocearense\\\/noticia\\\/instituto-aco-cearense-doa-material-para-alunos-de-creche-publica\\\/#primaryimage\"},\"image\":{\"@id\":\"https:\\\/\\\/previews.elleven.digital\\\/acocearense\\\/noticia\\\/instituto-aco-cearense-doa-material-para-alunos-de-creche-publica\\\/#primaryimage\"},\"thumbnailUrl\":\"https:\\\/\\\/www.grupoacocearense.com.br\\\/wp-content\\\/uploads\\\/2025\\\/05\\\/acao-iac.png\",\"datePublished\":\"2020-08-27T19:50:24+00:00\",\"dateModified\":\"2025-05-07T19:50:58+00:00\",\"breadcrumb\":{\"@id\":\"https:\\\/\\\/previews.elleven.digital\\\/acocearense\\\/noticia\\\/instituto-aco-cearense-doa-material-para-alunos-de-creche-publica\\\/#breadcrumb\"},\"inLanguage\":\"en-US\",\"potentialAction\":[{\"@type\":\"ReadAction\",\"target\":[\"https:\\\/\\\/previews.elleven.digital\\\/acocearense\\\/noticia\\\/instituto-aco-cearense-doa-material-para-alunos-de-creche-publica\\\/\"]}]},{\"@type\":\"ImageObject\",\"inLanguage\":\"en-US\",\"@id\":\"https:\\\/\\\/previews.elleven.digital\\\/acocearense\\\/noticia\\\/instituto-aco-cearense-doa-material-para-alunos-de-creche-publica\\\/#primaryimage\",\"url\":\"https:\\\/\\\/www.grupoacocearense.com.br\\\/wp-content\\\/uploads\\\/2025\\\/05\\\/acao-iac.png\",\"contentUrl\":\"https:\\\/\\\/www.grupoacocearense.com.br\\\/wp-content\\\/uploads\\\/2025\\\/05\\\/acao-iac.png\",\"width\":560,\"height\":425},{\"@type\":\"BreadcrumbList\",\"@id\":\"https:\\\/\\\/previews.elleven.digital\\\/acocearense\\\/noticia\\\/instituto-aco-cearense-doa-material-para-alunos-de-creche-publica\\\/#breadcrumb\",\"itemListElement\":[{\"@type\":\"ListItem\",\"position\":1,\"name\":\"In\u00edcio\",\"item\":\"https:\\\/\\\/www.grupoacocearense.com.br\\\/\"},{\"@type\":\"ListItem\",\"position\":2,\"name\":\"Not\u00edcias\",\"item\":\"https:\\\/\\\/previews.elleven.digital\\\/acocearense\\\/noticias\\\/\"},{\"@type\":\"ListItem\",\"position\":3,\"name\":\"Instituto A\u00e7o Cearense doa material para alunos de creche p\u00fablica\"}]},{\"@type\":\"WebSite\",\"@id\":\"https:\\\/\\\/previews.elleven.digital\\\/acocearense\\\/#website\",\"url\":\"https:\\\/\\\/previews.elleven.digital\\\/acocearense\\\/\",\"name\":\"A\u00e7o Cearense\",\"description\":\"H\u00e1 mais de 45 anos no mercado brasileiro do a\u00e7o.\",\"alternateName\":\"A\u00e7o Cearense\",\"potentialAction\":[{\"@type\":\"SearchAction\",\"target\":{\"@type\":\"EntryPoint\",\"urlTemplate\":\"https:\\\/\\\/previews.elleven.digital\\\/acocearense\\\/?s={search_term_string}\"},\"query-input\":{\"@type\":\"PropertyValueSpecification\",\"valueRequired\":true,\"valueName\":\"search_term_string\"}}],\"inLanguage\":\"en-US\"}]}<\/script>\n<!-- \/ Yoast SEO plugin. -->","yoast_head_json":{"title":"Instituto A\u00e7o Cearense doa material para alunos de creche p\u00fablica - Grupo A\u00e7o Cearense","robots":{"index":"index","follow":"follow","max-snippet":"max-snippet:-1","max-image-preview":"max-image-preview:large","max-video-preview":"max-video-preview:-1"},"canonical":"https:\/\/previews.elleven.digital\/acocearense\/noticia\/instituto-aco-cearense-doa-material-para-alunos-de-creche-publica\/","og_locale":"en_US","og_type":"article","og_title":"Instituto A\u00e7o Cearense doa material para alunos de creche p\u00fablica - Grupo A\u00e7o Cearense","og_description":"Desde o in\u00edcio da pandemia do novo coronav\u00edrus no Cear\u00e1, escolas e creche se encerraram(...)","og_url":"https:\/\/previews.elleven.digital\/acocearense\/noticia\/instituto-aco-cearense-doa-material-para-alunos-de-creche-publica\/","og_site_name":"Grupo A\u00e7o Cearense","article_modified_time":"2025-05-07T19:50:58+00:00","og_image":[{"width":560,"height":425,"url":"https:\/\/previews.elleven.digital\/acocearense\/wp-content\/uploads\/2025\/05\/acao-iac.png","type":"image\/png"}],"twitter_card":"summary_large_image","twitter_misc":{"Est. reading time":"3 minutes"},"schema":{"@context":"https:\/\/schema.org","@graph":[{"@type":"WebPage","@id":"https:\/\/previews.elleven.digital\/acocearense\/noticia\/instituto-aco-cearense-doa-material-para-alunos-de-creche-publica\/","url":"https:\/\/previews.elleven.digital\/acocearense\/noticia\/instituto-aco-cearense-doa-material-para-alunos-de-creche-publica\/","name":"Instituto A\u00e7o Cearense doa material para alunos de creche p\u00fablica - Grupo A\u00e7o Cearense","isPartOf":{"@id":"https:\/\/previews.elleven.digital\/acocearense\/#website"},"primaryImageOfPage":{"@id":"https:\/\/previews.elleven.digital\/acocearense\/noticia\/instituto-aco-cearense-doa-material-para-alunos-de-creche-publica\/#primaryimage"},"image":{"@id":"https:\/\/previews.elleven.digital\/acocearense\/noticia\/instituto-aco-cearense-doa-material-para-alunos-de-creche-publica\/#primaryimage"},"thumbnailUrl":"https:\/\/www.grupoacocearense.com.br\/wp-content\/uploads\/2025\/05\/acao-iac.png","datePublished":"2020-08-27T19:50:24+00:00","dateModified":"2025-05-07T19:50:58+00:00","breadcrumb":{"@id":"https:\/\/previews.elleven.digital\/acocearense\/noticia\/instituto-aco-cearense-doa-material-para-alunos-de-creche-publica\/#breadcrumb"},"inLanguage":"en-US","potentialAction":[{"@type":"ReadAction","target":["https:\/\/previews.elleven.digital\/acocearense\/noticia\/instituto-aco-cearense-doa-material-para-alunos-de-creche-publica\/"]}]},{"@type":"ImageObject","inLanguage":"en-US","@id":"https:\/\/previews.elleven.digital\/acocearense\/noticia\/instituto-aco-cearense-doa-material-para-alunos-de-creche-publica\/#primaryimage","url":"https:\/\/www.grupoacocearense.com.br\/wp-content\/uploads\/2025\/05\/acao-iac.png","contentUrl":"https:\/\/www.grupoacocearense.com.br\/wp-content\/uploads\/2025\/05\/acao-iac.png","width":560,"height":425},{"@type":"BreadcrumbList","@id":"https:\/\/previews.elleven.digital\/acocearense\/noticia\/instituto-aco-cearense-doa-material-para-alunos-de-creche-publica\/#breadcrumb","itemListElement":[{"@type":"ListItem","position":1,"name":"In\u00edcio","item":"https:\/\/www.grupoacocearense.com.br\/"},{"@type":"ListItem","position":2,"name":"Not\u00edcias","item":"https:\/\/previews.elleven.digital\/acocearense\/noticias\/"},{"@type":"ListItem","position":3,"name":"Instituto A\u00e7o Cearense doa material para alunos de creche p\u00fablica"}]},{"@type":"WebSite","@id":"https:\/\/previews.elleven.digital\/acocearense\/#website","url":"https:\/\/previews.elleven.digital\/acocearense\/","name":"Cear\u00e1 Steel","description":"In the Brazilian steel market for over 45 years.","alternateName":"A\u00e7o Cearense","potentialAction":[{"@type":"SearchAction","target":{"@type":"EntryPoint","urlTemplate":"https:\/\/previews.elleven.digital\/acocearense\/?s={search_term_string}"},"query-input":{"@type":"PropertyValueSpecification","valueRequired":true,"valueName":"search_term_string"}}],"inLanguage":"en-US"}]}},"_links":{"self":[{"href":"https:\/\/www.grupoacocearense.com.br\/en\/wp-json\/wp\/v2\/noticia\/2038","targetHints":{"allow":["GET"]}}],"collection":[{"href":"https:\/\/www.grupoacocearense.com.br\/en\/wp-json\/wp\/v2\/noticia"}],"about":[{"href":"https:\/\/www.grupoacocearense.com.br\/en\/wp-json\/wp\/v2\/types\/noticia"}],"wp:featuredmedia":[{"embeddable":true,"href":"https:\/\/www.grupoacocearense.com.br\/en\/wp-json\/wp\/v2\/media\/2023"}],"wp:attachment":[{"href":"https:\/\/www.grupoacocearense.com.br\/en\/wp-json\/wp\/v2\/media?parent=2038"}],"wp:term":[{"taxonomy":"categoria-noticia","embeddable":true,"href":"https:\/\/www.grupoacocearense.com.br\/en\/wp-json\/wp\/v2\/categoria-noticia?post=2038"}],"curies":[{"name":"wp","href":"https:\/\/api.w.org\/{rel}","templated":true}]}}