{"id":2035,"date":"2020-08-06T16:48:01","date_gmt":"2020-08-06T19:48:01","guid":{"rendered":"https:\/\/www.grupoacocearense.com.br\/?post_type=noticia&#038;p=2035"},"modified":"2025-05-07T16:49:16","modified_gmt":"2025-05-07T19:49:16","slug":"grupo-aco-cearense-celebra-dia-nacional-dos-profissionais-da-educacao-apoiando-projetos-e-instituicoes-educacionais","status":"publish","type":"noticia","link":"https:\/\/www.grupoacocearense.com.br\/en\/noticia\/grupo-aco-cearense-celebra-dia-nacional-dos-profissionais-da-educacao-apoiando-projetos-e-instituicoes-educacionais\/","title":{"rendered":"A\u00e7o Cearense Group celebrates National Education Professionals Day by supporting educational projects and institutions"},"content":{"rendered":"<div class=\"box__img\">\n<div class=\"thumbs\">Today (August 6th) is National Education Professionals Day, marking a moment of appreciation and recognition for those working in this field. Believing that education is the best possible means of changing the world, the A\u00e7o Cearense Group recognizes and congratulates all professionals dedicated to teaching in the country. Thus, the Group supports and funds numerous initiatives focused on promoting education.<\/div>\n<\/div>\n<p><img loading=\"lazy\" decoding=\"async\" class=\"size-medium wp-image-8321 aligncenter\" src=\"https:\/\/www.grupoacocearense.com.br\/wp-content\/uploads\/2020\/08\/gac-cola%C3%A7%C3%A3o-300x225.jpg\" sizes=\"auto, (max-width: 300px) 100vw, 300px\" srcset=\"https:\/\/www.grupoacocearense.com.br\/wp-content\/uploads\/2020\/08\/gac-cola\u00e7\u00e3o-300x225.jpg 300w, https:\/\/www.grupoacocearense.com.br\/wp-content\/uploads\/2020\/08\/gac-cola\u00e7\u00e3o-768x576.jpg 768w, https:\/\/www.grupoacocearense.com.br\/wp-content\/uploads\/2020\/08\/gac-cola\u00e7\u00e3o.jpg 1024w\" alt=\"\" width=\"300\" height=\"225\" \/><\/p>\n<p>Among the projects promoted by GAC is EducaA\u00e7o, which enables its employees to complete elementary and high school education free of charge. In partnership with SESI, A\u00e7o Cearense Industrial hosts teachers at the company once a week, in rooms equipped with multimedia and teaching materials. Furthermore, A\u00e7o Cearense Comercial employees can also attend classes daily at the Cear\u00e1 State Association for the Blind, a partner of the Group. All students receive teaching materials from the company, as well as transportation and uniform assistance. The EducaA\u00e7o project has been running at the companies since 2013 and has already benefited 414 employees.<\/p>\n<p><img loading=\"lazy\" decoding=\"async\" class=\"size-medium wp-image-8322 aligncenter\" src=\"https:\/\/www.grupoacocearense.com.br\/wp-content\/uploads\/2020\/08\/estudantes-grupo-a%C3%A7o-300x240.jpg\" sizes=\"auto, (max-width: 300px) 100vw, 300px\" srcset=\"https:\/\/www.grupoacocearense.com.br\/wp-content\/uploads\/2020\/08\/estudantes-grupo-a\u00e7o-300x240.jpg 300w, https:\/\/www.grupoacocearense.com.br\/wp-content\/uploads\/2020\/08\/estudantes-grupo-a\u00e7o-768x614.jpg 768w, https:\/\/www.grupoacocearense.com.br\/wp-content\/uploads\/2020\/08\/estudantes-grupo-a\u00e7o.jpg 960w\" alt=\"\" width=\"300\" height=\"240\" \/><\/p>\n<p>The Group also promotes an annual Educational Project across all its companies. Implemented since 2010, the project aims to raise awareness among employees&#039; children about the importance and value of education during school. Students from public and private schools who achieve a final grade point average of 8.0 or higher during the school year are eligible to participate. Enrolled students who achieve this average receive a certificate, school materials to support their studies, and participate in an innovative experience to enhance their knowledge.<\/p>\n<p><img loading=\"lazy\" decoding=\"async\" class=\"size-medium wp-image-8323 aligncenter\" src=\"https:\/\/www.grupoacocearense.com.br\/wp-content\/uploads\/2020\/08\/cola%C3%A7%C3%A3o-gac-300x161.jpg\" sizes=\"auto, (max-width: 300px) 100vw, 300px\" srcset=\"https:\/\/www.grupoacocearense.com.br\/wp-content\/uploads\/2020\/08\/cola\u00e7\u00e3o-gac-300x161.jpg 300w, https:\/\/www.grupoacocearense.com.br\/wp-content\/uploads\/2020\/08\/cola\u00e7\u00e3o-gac-768x411.jpg 768w, https:\/\/www.grupoacocearense.com.br\/wp-content\/uploads\/2020\/08\/cola\u00e7\u00e3o-gac-1024x549.jpg 1024w, https:\/\/www.grupoacocearense.com.br\/wp-content\/uploads\/2020\/08\/cola\u00e7\u00e3o-gac.jpg 1232w\" alt=\"\" width=\"300\" height=\"161\" \/><\/p>\n<p><img loading=\"lazy\" decoding=\"async\" class=\"alignright size-medium wp-image-8324\" src=\"https:\/\/www.grupoacocearense.com.br\/wp-content\/uploads\/2020\/08\/iac-225x300.jpg\" sizes=\"auto, (max-width: 225px) 100vw, 225px\" srcset=\"https:\/\/www.grupoacocearense.com.br\/wp-content\/uploads\/2020\/08\/iac-225x300.jpg 225w, https:\/\/www.grupoacocearense.com.br\/wp-content\/uploads\/2020\/08\/iac-768x1024.jpg 768w, https:\/\/www.grupoacocearense.com.br\/wp-content\/uploads\/2020\/08\/iac.jpg 960w\" alt=\"\" width=\"225\" height=\"300\" \/><\/p>\n<p>The A\u00e7o Cearense Institute, which works on the Group&#039;s social issues, also supports several institutions in Par\u00e1 and Cear\u00e1, with a focus on education. According to Rosemeire Matos, president of the A\u00e7o Cearense Institute, one of its initiatives is Junior Achievement, an international non-profit association founded in 1919 in the United States and present in 124 countries. &quot;The association aims to build a new culture in school and academic education and provides resources for young people to become entrepreneurs.<\/p>\n<p>Founded in Cear\u00e1 in March 2005, with headquarters in Fortaleza, it offers a range of 25 educational programs focused on entrepreneurship, benefiting children, adolescents, and adults throughout Cear\u00e1. More than 132,000 young people and 3,300 volunteers have passed through the institution, and its social technology has already benefited 71 municipalities in Cear\u00e1,&quot; explains the president.<\/p>","protected":false},"featured_media":2026,"template":"","meta":{"_acf_changed":false,"inline_featured_image":false},"categoria-noticia":[],"class_list":["post-2035","noticia","type-noticia","status-publish","has-post-thumbnail","hentry"],"acf":{"link":""},"yoast_head":"<!-- This site is optimized with the Yoast SEO plugin v27.4 - https:\/\/yoast.com\/product\/yoast-seo-wordpress\/ -->\n<title>Grupo A\u00e7o Cearense celebra Dia Nacional dos Profissionais da Educa\u00e7\u00e3o apoiando projetos e institui\u00e7\u00f5es educacionais - Grupo A\u00e7o Cearense<\/title>\n<meta name=\"robots\" content=\"index, follow, max-snippet:-1, max-image-preview:large, max-video-preview:-1\" \/>\n<link rel=\"canonical\" href=\"https:\/\/previews.elleven.digital\/acocearense\/noticia\/grupo-aco-cearense-celebra-dia-nacional-dos-profissionais-da-educacao-apoiando-projetos-e-instituicoes-educacionais\/\" \/>\n<meta property=\"og:locale\" content=\"en_US\" \/>\n<meta property=\"og:type\" content=\"article\" \/>\n<meta property=\"og:title\" content=\"Grupo A\u00e7o Cearense celebra Dia Nacional dos Profissionais da Educa\u00e7\u00e3o apoiando projetos e institui\u00e7\u00f5es educacionais - Grupo A\u00e7o Cearense\" \/>\n<meta property=\"og:description\" content=\"Hoje (6 de agosto) \u00e9 celebrado o Dia Nacional dos Profissionais de Educa\u00e7\u00e3o, marcando um(...)\" \/>\n<meta property=\"og:url\" content=\"https:\/\/previews.elleven.digital\/acocearense\/noticia\/grupo-aco-cearense-celebra-dia-nacional-dos-profissionais-da-educacao-apoiando-projetos-e-instituicoes-educacionais\/\" \/>\n<meta property=\"og:site_name\" content=\"Grupo A\u00e7o Cearense\" \/>\n<meta property=\"article:modified_time\" content=\"2025-05-07T19:49:16+00:00\" \/>\n<meta property=\"og:image\" content=\"https:\/\/previews.elleven.digital\/acocearense\/wp-content\/uploads\/2025\/05\/grupo-aco.png\" \/>\n\t<meta property=\"og:image:width\" content=\"960\" \/>\n\t<meta property=\"og:image:height\" content=\"756\" \/>\n\t<meta property=\"og:image:type\" content=\"image\/png\" \/>\n<meta name=\"twitter:card\" content=\"summary_large_image\" \/>\n<meta name=\"twitter:label1\" content=\"Est. reading time\" \/>\n\t<meta name=\"twitter:data1\" content=\"4 minutes\" \/>\n<script type=\"application\/ld+json\" class=\"yoast-schema-graph\">{\"@context\":\"https:\\\/\\\/schema.org\",\"@graph\":[{\"@type\":\"WebPage\",\"@id\":\"https:\\\/\\\/previews.elleven.digital\\\/acocearense\\\/noticia\\\/grupo-aco-cearense-celebra-dia-nacional-dos-profissionais-da-educacao-apoiando-projetos-e-instituicoes-educacionais\\\/\",\"url\":\"https:\\\/\\\/previews.elleven.digital\\\/acocearense\\\/noticia\\\/grupo-aco-cearense-celebra-dia-nacional-dos-profissionais-da-educacao-apoiando-projetos-e-instituicoes-educacionais\\\/\",\"name\":\"Grupo A\u00e7o Cearense celebra Dia Nacional dos Profissionais da Educa\u00e7\u00e3o apoiando projetos e institui\u00e7\u00f5es educacionais - Grupo A\u00e7o Cearense\",\"isPartOf\":{\"@id\":\"https:\\\/\\\/previews.elleven.digital\\\/acocearense\\\/#website\"},\"primaryImageOfPage\":{\"@id\":\"https:\\\/\\\/previews.elleven.digital\\\/acocearense\\\/noticia\\\/grupo-aco-cearense-celebra-dia-nacional-dos-profissionais-da-educacao-apoiando-projetos-e-instituicoes-educacionais\\\/#primaryimage\"},\"image\":{\"@id\":\"https:\\\/\\\/previews.elleven.digital\\\/acocearense\\\/noticia\\\/grupo-aco-cearense-celebra-dia-nacional-dos-profissionais-da-educacao-apoiando-projetos-e-instituicoes-educacionais\\\/#primaryimage\"},\"thumbnailUrl\":\"https:\\\/\\\/www.grupoacocearense.com.br\\\/wp-content\\\/uploads\\\/2025\\\/05\\\/grupo-aco.png\",\"datePublished\":\"2020-08-06T19:48:01+00:00\",\"dateModified\":\"2025-05-07T19:49:16+00:00\",\"breadcrumb\":{\"@id\":\"https:\\\/\\\/previews.elleven.digital\\\/acocearense\\\/noticia\\\/grupo-aco-cearense-celebra-dia-nacional-dos-profissionais-da-educacao-apoiando-projetos-e-instituicoes-educacionais\\\/#breadcrumb\"},\"inLanguage\":\"en-US\",\"potentialAction\":[{\"@type\":\"ReadAction\",\"target\":[\"https:\\\/\\\/previews.elleven.digital\\\/acocearense\\\/noticia\\\/grupo-aco-cearense-celebra-dia-nacional-dos-profissionais-da-educacao-apoiando-projetos-e-instituicoes-educacionais\\\/\"]}]},{\"@type\":\"ImageObject\",\"inLanguage\":\"en-US\",\"@id\":\"https:\\\/\\\/previews.elleven.digital\\\/acocearense\\\/noticia\\\/grupo-aco-cearense-celebra-dia-nacional-dos-profissionais-da-educacao-apoiando-projetos-e-instituicoes-educacionais\\\/#primaryimage\",\"url\":\"https:\\\/\\\/www.grupoacocearense.com.br\\\/wp-content\\\/uploads\\\/2025\\\/05\\\/grupo-aco.png\",\"contentUrl\":\"https:\\\/\\\/www.grupoacocearense.com.br\\\/wp-content\\\/uploads\\\/2025\\\/05\\\/grupo-aco.png\",\"width\":960,\"height\":756},{\"@type\":\"BreadcrumbList\",\"@id\":\"https:\\\/\\\/previews.elleven.digital\\\/acocearense\\\/noticia\\\/grupo-aco-cearense-celebra-dia-nacional-dos-profissionais-da-educacao-apoiando-projetos-e-instituicoes-educacionais\\\/#breadcrumb\",\"itemListElement\":[{\"@type\":\"ListItem\",\"position\":1,\"name\":\"In\u00edcio\",\"item\":\"https:\\\/\\\/www.grupoacocearense.com.br\\\/\"},{\"@type\":\"ListItem\",\"position\":2,\"name\":\"Not\u00edcias\",\"item\":\"https:\\\/\\\/previews.elleven.digital\\\/acocearense\\\/noticias\\\/\"},{\"@type\":\"ListItem\",\"position\":3,\"name\":\"Grupo A\u00e7o Cearense celebra Dia Nacional dos Profissionais da Educa\u00e7\u00e3o apoiando projetos e institui\u00e7\u00f5es educacionais\"}]},{\"@type\":\"WebSite\",\"@id\":\"https:\\\/\\\/previews.elleven.digital\\\/acocearense\\\/#website\",\"url\":\"https:\\\/\\\/previews.elleven.digital\\\/acocearense\\\/\",\"name\":\"A\u00e7o Cearense\",\"description\":\"H\u00e1 mais de 45 anos no mercado brasileiro do a\u00e7o.\",\"alternateName\":\"A\u00e7o Cearense\",\"potentialAction\":[{\"@type\":\"SearchAction\",\"target\":{\"@type\":\"EntryPoint\",\"urlTemplate\":\"https:\\\/\\\/previews.elleven.digital\\\/acocearense\\\/?s={search_term_string}\"},\"query-input\":{\"@type\":\"PropertyValueSpecification\",\"valueRequired\":true,\"valueName\":\"search_term_string\"}}],\"inLanguage\":\"en-US\"}]}<\/script>\n<!-- \/ Yoast SEO plugin. -->","yoast_head_json":{"title":"Grupo A\u00e7o Cearense celebra Dia Nacional dos Profissionais da Educa\u00e7\u00e3o apoiando projetos e institui\u00e7\u00f5es educacionais - Grupo A\u00e7o Cearense","robots":{"index":"index","follow":"follow","max-snippet":"max-snippet:-1","max-image-preview":"max-image-preview:large","max-video-preview":"max-video-preview:-1"},"canonical":"https:\/\/previews.elleven.digital\/acocearense\/noticia\/grupo-aco-cearense-celebra-dia-nacional-dos-profissionais-da-educacao-apoiando-projetos-e-instituicoes-educacionais\/","og_locale":"en_US","og_type":"article","og_title":"Grupo A\u00e7o Cearense celebra Dia Nacional dos Profissionais da Educa\u00e7\u00e3o apoiando projetos e institui\u00e7\u00f5es educacionais - Grupo A\u00e7o Cearense","og_description":"Hoje (6 de agosto) \u00e9 celebrado o Dia Nacional dos Profissionais de Educa\u00e7\u00e3o, marcando um(...)","og_url":"https:\/\/previews.elleven.digital\/acocearense\/noticia\/grupo-aco-cearense-celebra-dia-nacional-dos-profissionais-da-educacao-apoiando-projetos-e-instituicoes-educacionais\/","og_site_name":"Grupo A\u00e7o Cearense","article_modified_time":"2025-05-07T19:49:16+00:00","og_image":[{"width":960,"height":756,"url":"https:\/\/previews.elleven.digital\/acocearense\/wp-content\/uploads\/2025\/05\/grupo-aco.png","type":"image\/png"}],"twitter_card":"summary_large_image","twitter_misc":{"Est. reading time":"4 minutes"},"schema":{"@context":"https:\/\/schema.org","@graph":[{"@type":"WebPage","@id":"https:\/\/previews.elleven.digital\/acocearense\/noticia\/grupo-aco-cearense-celebra-dia-nacional-dos-profissionais-da-educacao-apoiando-projetos-e-instituicoes-educacionais\/","url":"https:\/\/previews.elleven.digital\/acocearense\/noticia\/grupo-aco-cearense-celebra-dia-nacional-dos-profissionais-da-educacao-apoiando-projetos-e-instituicoes-educacionais\/","name":"Grupo A\u00e7o Cearense celebra Dia Nacional dos Profissionais da Educa\u00e7\u00e3o apoiando projetos e institui\u00e7\u00f5es educacionais - Grupo A\u00e7o Cearense","isPartOf":{"@id":"https:\/\/previews.elleven.digital\/acocearense\/#website"},"primaryImageOfPage":{"@id":"https:\/\/previews.elleven.digital\/acocearense\/noticia\/grupo-aco-cearense-celebra-dia-nacional-dos-profissionais-da-educacao-apoiando-projetos-e-instituicoes-educacionais\/#primaryimage"},"image":{"@id":"https:\/\/previews.elleven.digital\/acocearense\/noticia\/grupo-aco-cearense-celebra-dia-nacional-dos-profissionais-da-educacao-apoiando-projetos-e-instituicoes-educacionais\/#primaryimage"},"thumbnailUrl":"https:\/\/www.grupoacocearense.com.br\/wp-content\/uploads\/2025\/05\/grupo-aco.png","datePublished":"2020-08-06T19:48:01+00:00","dateModified":"2025-05-07T19:49:16+00:00","breadcrumb":{"@id":"https:\/\/previews.elleven.digital\/acocearense\/noticia\/grupo-aco-cearense-celebra-dia-nacional-dos-profissionais-da-educacao-apoiando-projetos-e-instituicoes-educacionais\/#breadcrumb"},"inLanguage":"en-US","potentialAction":[{"@type":"ReadAction","target":["https:\/\/previews.elleven.digital\/acocearense\/noticia\/grupo-aco-cearense-celebra-dia-nacional-dos-profissionais-da-educacao-apoiando-projetos-e-instituicoes-educacionais\/"]}]},{"@type":"ImageObject","inLanguage":"en-US","@id":"https:\/\/previews.elleven.digital\/acocearense\/noticia\/grupo-aco-cearense-celebra-dia-nacional-dos-profissionais-da-educacao-apoiando-projetos-e-instituicoes-educacionais\/#primaryimage","url":"https:\/\/www.grupoacocearense.com.br\/wp-content\/uploads\/2025\/05\/grupo-aco.png","contentUrl":"https:\/\/www.grupoacocearense.com.br\/wp-content\/uploads\/2025\/05\/grupo-aco.png","width":960,"height":756},{"@type":"BreadcrumbList","@id":"https:\/\/previews.elleven.digital\/acocearense\/noticia\/grupo-aco-cearense-celebra-dia-nacional-dos-profissionais-da-educacao-apoiando-projetos-e-instituicoes-educacionais\/#breadcrumb","itemListElement":[{"@type":"ListItem","position":1,"name":"In\u00edcio","item":"https:\/\/www.grupoacocearense.com.br\/"},{"@type":"ListItem","position":2,"name":"Not\u00edcias","item":"https:\/\/previews.elleven.digital\/acocearense\/noticias\/"},{"@type":"ListItem","position":3,"name":"Grupo A\u00e7o Cearense celebra Dia Nacional dos Profissionais da Educa\u00e7\u00e3o apoiando projetos e institui\u00e7\u00f5es educacionais"}]},{"@type":"WebSite","@id":"https:\/\/previews.elleven.digital\/acocearense\/#website","url":"https:\/\/previews.elleven.digital\/acocearense\/","name":"Cear\u00e1 Steel","description":"In the Brazilian steel market for over 45 years.","alternateName":"A\u00e7o Cearense","potentialAction":[{"@type":"SearchAction","target":{"@type":"EntryPoint","urlTemplate":"https:\/\/previews.elleven.digital\/acocearense\/?s={search_term_string}"},"query-input":{"@type":"PropertyValueSpecification","valueRequired":true,"valueName":"search_term_string"}}],"inLanguage":"en-US"}]}},"_links":{"self":[{"href":"https:\/\/www.grupoacocearense.com.br\/en\/wp-json\/wp\/v2\/noticia\/2035","targetHints":{"allow":["GET"]}}],"collection":[{"href":"https:\/\/www.grupoacocearense.com.br\/en\/wp-json\/wp\/v2\/noticia"}],"about":[{"href":"https:\/\/www.grupoacocearense.com.br\/en\/wp-json\/wp\/v2\/types\/noticia"}],"wp:featuredmedia":[{"embeddable":true,"href":"https:\/\/www.grupoacocearense.com.br\/en\/wp-json\/wp\/v2\/media\/2026"}],"wp:attachment":[{"href":"https:\/\/www.grupoacocearense.com.br\/en\/wp-json\/wp\/v2\/media?parent=2035"}],"wp:term":[{"taxonomy":"categoria-noticia","embeddable":true,"href":"https:\/\/www.grupoacocearense.com.br\/en\/wp-json\/wp\/v2\/categoria-noticia?post=2035"}],"curies":[{"name":"wp","href":"https:\/\/api.w.org\/{rel}","templated":true}]}}