{"id":2007,"date":"2020-05-02T16:33:02","date_gmt":"2020-05-02T19:33:02","guid":{"rendered":"https:\/\/www.grupoacocearense.com.br\/?post_type=noticia&#038;p=2007"},"modified":"2025-05-07T16:33:26","modified_gmt":"2025-05-07T19:33:26","slug":"grupo-aco-cearense-faz-doacao-de-alimentos-durante-a-pandemia-da-covid-19","status":"publish","type":"noticia","link":"https:\/\/www.grupoacocearense.com.br\/en\/noticia\/grupo-aco-cearense-faz-doacao-de-alimentos-durante-a-pandemia-da-covid-19\/","title":{"rendered":"A\u00e7o Cearense Group donates food during the Covid-19 pandemic"},"content":{"rendered":"<p>With shows and events canceled due to social distancing, many artists are performing online and taking the opportunity to raise money for charities and hospitals.<br \/>\nOn Saturday (24), during the live broadcast of the duo Simone and Simaria, the A\u00e7o Cearense Institute, from the A\u00e7o Cearense Group, donated 1 ton of food.<\/p>\n<p><img loading=\"lazy\" decoding=\"async\" class=\"size-medium wp-image-7929 aligncenter\" src=\"https:\/\/www.grupoacocearense.com.br\/wp-content\/uploads\/2020\/07\/a%C3%A7%C3%A3o-gac-300x155.jpg\" sizes=\"auto, (max-width: 300px) 100vw, 300px\" srcset=\"https:\/\/www.grupoacocearense.com.br\/wp-content\/uploads\/2020\/07\/a\u00e7\u00e3o-gac-300x155.jpg 300w, https:\/\/www.grupoacocearense.com.br\/wp-content\/uploads\/2020\/07\/a\u00e7\u00e3o-gac.jpg 751w\" alt=\"\" width=\"300\" height=\"155\" \/><\/p>\n<p>Rosemeire Matos,\u00a0<strong>President of the Cear\u00e1 Steel Institute and Administrative Director of Cear\u00e1 Industrial Steel<\/strong>, commented that it&#039;s a joy to be able to do this, to take advantage of the livestream to help those most in need. &quot;We donate from the heart and with the positive mindset that this will all pass soon,&quot; she said.<\/p>\n<p>In addition to food, the Instituto A\u00e7o Cearense delivered 400 cleaning kits in the capital of Cear\u00e1 and in Caucaia, containing shampoo, bleach, soap, toothpaste, disinfectant, detergent and washing powder, important items for maintaining home hygiene and the personal hygiene of families, promoting the prevention of the new coronavirus.<\/p>\n<p>The Instituto A\u00e7o Cearense will deliver another 200 cleaning and hygiene kits in Marab\u00e1 (PA) and 100 basic food baskets to families in the municipality of S\u00e3o Bento (TO) next week.<\/p>","protected":false},"featured_media":2001,"template":"","meta":{"_acf_changed":false,"inline_featured_image":false},"categoria-noticia":[],"class_list":["post-2007","noticia","type-noticia","status-publish","has-post-thumbnail","hentry"],"acf":{"link":""},"yoast_head":"<!-- This site is optimized with the Yoast SEO plugin v27.4 - https:\/\/yoast.com\/product\/yoast-seo-wordpress\/ -->\n<title>Grupo A\u00e7o Cearense faz doa\u00e7\u00e3o de alimentos durante a pandemia da Covid-19 - Grupo A\u00e7o Cearense<\/title>\n<meta name=\"robots\" content=\"index, follow, max-snippet:-1, max-image-preview:large, max-video-preview:-1\" \/>\n<link rel=\"canonical\" href=\"https:\/\/previews.elleven.digital\/acocearense\/noticia\/grupo-aco-cearense-faz-doacao-de-alimentos-durante-a-pandemia-da-covid-19\/\" \/>\n<meta property=\"og:locale\" content=\"en_US\" \/>\n<meta property=\"og:type\" content=\"article\" \/>\n<meta property=\"og:title\" content=\"Grupo A\u00e7o Cearense faz doa\u00e7\u00e3o de alimentos durante a pandemia da Covid-19 - Grupo A\u00e7o Cearense\" \/>\n<meta property=\"og:description\" content=\"Como os shows e eventos est\u00e3o cancelados devido ao isolamento social, muitos artistas est\u00e3o fazendo(...)\" \/>\n<meta property=\"og:url\" content=\"https:\/\/previews.elleven.digital\/acocearense\/noticia\/grupo-aco-cearense-faz-doacao-de-alimentos-durante-a-pandemia-da-covid-19\/\" \/>\n<meta property=\"og:site_name\" content=\"Grupo A\u00e7o Cearense\" \/>\n<meta property=\"article:modified_time\" content=\"2025-05-07T19:33:26+00:00\" \/>\n<meta property=\"og:image\" content=\"https:\/\/previews.elleven.digital\/acocearense\/wp-content\/uploads\/2025\/05\/gac.jpg\" \/>\n\t<meta property=\"og:image:width\" content=\"600\" \/>\n\t<meta property=\"og:image:height\" content=\"282\" \/>\n\t<meta property=\"og:image:type\" content=\"image\/jpeg\" \/>\n<meta name=\"twitter:card\" content=\"summary_large_image\" \/>\n<meta name=\"twitter:label1\" content=\"Est. reading time\" \/>\n\t<meta name=\"twitter:data1\" content=\"1 minute\" \/>\n<script type=\"application\/ld+json\" class=\"yoast-schema-graph\">{\"@context\":\"https:\\\/\\\/schema.org\",\"@graph\":[{\"@type\":\"WebPage\",\"@id\":\"https:\\\/\\\/previews.elleven.digital\\\/acocearense\\\/noticia\\\/grupo-aco-cearense-faz-doacao-de-alimentos-durante-a-pandemia-da-covid-19\\\/\",\"url\":\"https:\\\/\\\/previews.elleven.digital\\\/acocearense\\\/noticia\\\/grupo-aco-cearense-faz-doacao-de-alimentos-durante-a-pandemia-da-covid-19\\\/\",\"name\":\"Grupo A\u00e7o Cearense faz doa\u00e7\u00e3o de alimentos durante a pandemia da Covid-19 - Grupo A\u00e7o Cearense\",\"isPartOf\":{\"@id\":\"https:\\\/\\\/previews.elleven.digital\\\/acocearense\\\/#website\"},\"primaryImageOfPage\":{\"@id\":\"https:\\\/\\\/previews.elleven.digital\\\/acocearense\\\/noticia\\\/grupo-aco-cearense-faz-doacao-de-alimentos-durante-a-pandemia-da-covid-19\\\/#primaryimage\"},\"image\":{\"@id\":\"https:\\\/\\\/previews.elleven.digital\\\/acocearense\\\/noticia\\\/grupo-aco-cearense-faz-doacao-de-alimentos-durante-a-pandemia-da-covid-19\\\/#primaryimage\"},\"thumbnailUrl\":\"https:\\\/\\\/www.grupoacocearense.com.br\\\/wp-content\\\/uploads\\\/2025\\\/05\\\/gac.jpg\",\"datePublished\":\"2020-05-02T19:33:02+00:00\",\"dateModified\":\"2025-05-07T19:33:26+00:00\",\"breadcrumb\":{\"@id\":\"https:\\\/\\\/previews.elleven.digital\\\/acocearense\\\/noticia\\\/grupo-aco-cearense-faz-doacao-de-alimentos-durante-a-pandemia-da-covid-19\\\/#breadcrumb\"},\"inLanguage\":\"en-US\",\"potentialAction\":[{\"@type\":\"ReadAction\",\"target\":[\"https:\\\/\\\/previews.elleven.digital\\\/acocearense\\\/noticia\\\/grupo-aco-cearense-faz-doacao-de-alimentos-durante-a-pandemia-da-covid-19\\\/\"]}]},{\"@type\":\"ImageObject\",\"inLanguage\":\"en-US\",\"@id\":\"https:\\\/\\\/previews.elleven.digital\\\/acocearense\\\/noticia\\\/grupo-aco-cearense-faz-doacao-de-alimentos-durante-a-pandemia-da-covid-19\\\/#primaryimage\",\"url\":\"https:\\\/\\\/www.grupoacocearense.com.br\\\/wp-content\\\/uploads\\\/2025\\\/05\\\/gac.jpg\",\"contentUrl\":\"https:\\\/\\\/www.grupoacocearense.com.br\\\/wp-content\\\/uploads\\\/2025\\\/05\\\/gac.jpg\",\"width\":600,\"height\":282},{\"@type\":\"BreadcrumbList\",\"@id\":\"https:\\\/\\\/previews.elleven.digital\\\/acocearense\\\/noticia\\\/grupo-aco-cearense-faz-doacao-de-alimentos-durante-a-pandemia-da-covid-19\\\/#breadcrumb\",\"itemListElement\":[{\"@type\":\"ListItem\",\"position\":1,\"name\":\"In\u00edcio\",\"item\":\"https:\\\/\\\/www.grupoacocearense.com.br\\\/\"},{\"@type\":\"ListItem\",\"position\":2,\"name\":\"Not\u00edcias\",\"item\":\"https:\\\/\\\/previews.elleven.digital\\\/acocearense\\\/noticias\\\/\"},{\"@type\":\"ListItem\",\"position\":3,\"name\":\"Grupo A\u00e7o Cearense faz doa\u00e7\u00e3o de alimentos durante a pandemia da Covid-19\"}]},{\"@type\":\"WebSite\",\"@id\":\"https:\\\/\\\/previews.elleven.digital\\\/acocearense\\\/#website\",\"url\":\"https:\\\/\\\/previews.elleven.digital\\\/acocearense\\\/\",\"name\":\"A\u00e7o Cearense\",\"description\":\"H\u00e1 mais de 45 anos no mercado brasileiro do a\u00e7o.\",\"alternateName\":\"A\u00e7o Cearense\",\"potentialAction\":[{\"@type\":\"SearchAction\",\"target\":{\"@type\":\"EntryPoint\",\"urlTemplate\":\"https:\\\/\\\/previews.elleven.digital\\\/acocearense\\\/?s={search_term_string}\"},\"query-input\":{\"@type\":\"PropertyValueSpecification\",\"valueRequired\":true,\"valueName\":\"search_term_string\"}}],\"inLanguage\":\"en-US\"}]}<\/script>\n<!-- \/ Yoast SEO plugin. -->","yoast_head_json":{"title":"Grupo A\u00e7o Cearense faz doa\u00e7\u00e3o de alimentos durante a pandemia da Covid-19 - Grupo A\u00e7o Cearense","robots":{"index":"index","follow":"follow","max-snippet":"max-snippet:-1","max-image-preview":"max-image-preview:large","max-video-preview":"max-video-preview:-1"},"canonical":"https:\/\/previews.elleven.digital\/acocearense\/noticia\/grupo-aco-cearense-faz-doacao-de-alimentos-durante-a-pandemia-da-covid-19\/","og_locale":"en_US","og_type":"article","og_title":"Grupo A\u00e7o Cearense faz doa\u00e7\u00e3o de alimentos durante a pandemia da Covid-19 - Grupo A\u00e7o Cearense","og_description":"Como os shows e eventos est\u00e3o cancelados devido ao isolamento social, muitos artistas est\u00e3o fazendo(...)","og_url":"https:\/\/previews.elleven.digital\/acocearense\/noticia\/grupo-aco-cearense-faz-doacao-de-alimentos-durante-a-pandemia-da-covid-19\/","og_site_name":"Grupo A\u00e7o Cearense","article_modified_time":"2025-05-07T19:33:26+00:00","og_image":[{"width":600,"height":282,"url":"https:\/\/previews.elleven.digital\/acocearense\/wp-content\/uploads\/2025\/05\/gac.jpg","type":"image\/jpeg"}],"twitter_card":"summary_large_image","twitter_misc":{"Est. reading time":"1 minute"},"schema":{"@context":"https:\/\/schema.org","@graph":[{"@type":"WebPage","@id":"https:\/\/previews.elleven.digital\/acocearense\/noticia\/grupo-aco-cearense-faz-doacao-de-alimentos-durante-a-pandemia-da-covid-19\/","url":"https:\/\/previews.elleven.digital\/acocearense\/noticia\/grupo-aco-cearense-faz-doacao-de-alimentos-durante-a-pandemia-da-covid-19\/","name":"Grupo A\u00e7o Cearense faz doa\u00e7\u00e3o de alimentos durante a pandemia da Covid-19 - Grupo A\u00e7o Cearense","isPartOf":{"@id":"https:\/\/previews.elleven.digital\/acocearense\/#website"},"primaryImageOfPage":{"@id":"https:\/\/previews.elleven.digital\/acocearense\/noticia\/grupo-aco-cearense-faz-doacao-de-alimentos-durante-a-pandemia-da-covid-19\/#primaryimage"},"image":{"@id":"https:\/\/previews.elleven.digital\/acocearense\/noticia\/grupo-aco-cearense-faz-doacao-de-alimentos-durante-a-pandemia-da-covid-19\/#primaryimage"},"thumbnailUrl":"https:\/\/www.grupoacocearense.com.br\/wp-content\/uploads\/2025\/05\/gac.jpg","datePublished":"2020-05-02T19:33:02+00:00","dateModified":"2025-05-07T19:33:26+00:00","breadcrumb":{"@id":"https:\/\/previews.elleven.digital\/acocearense\/noticia\/grupo-aco-cearense-faz-doacao-de-alimentos-durante-a-pandemia-da-covid-19\/#breadcrumb"},"inLanguage":"en-US","potentialAction":[{"@type":"ReadAction","target":["https:\/\/previews.elleven.digital\/acocearense\/noticia\/grupo-aco-cearense-faz-doacao-de-alimentos-durante-a-pandemia-da-covid-19\/"]}]},{"@type":"ImageObject","inLanguage":"en-US","@id":"https:\/\/previews.elleven.digital\/acocearense\/noticia\/grupo-aco-cearense-faz-doacao-de-alimentos-durante-a-pandemia-da-covid-19\/#primaryimage","url":"https:\/\/www.grupoacocearense.com.br\/wp-content\/uploads\/2025\/05\/gac.jpg","contentUrl":"https:\/\/www.grupoacocearense.com.br\/wp-content\/uploads\/2025\/05\/gac.jpg","width":600,"height":282},{"@type":"BreadcrumbList","@id":"https:\/\/previews.elleven.digital\/acocearense\/noticia\/grupo-aco-cearense-faz-doacao-de-alimentos-durante-a-pandemia-da-covid-19\/#breadcrumb","itemListElement":[{"@type":"ListItem","position":1,"name":"In\u00edcio","item":"https:\/\/www.grupoacocearense.com.br\/"},{"@type":"ListItem","position":2,"name":"Not\u00edcias","item":"https:\/\/previews.elleven.digital\/acocearense\/noticias\/"},{"@type":"ListItem","position":3,"name":"Grupo A\u00e7o Cearense faz doa\u00e7\u00e3o de alimentos durante a pandemia da Covid-19"}]},{"@type":"WebSite","@id":"https:\/\/previews.elleven.digital\/acocearense\/#website","url":"https:\/\/previews.elleven.digital\/acocearense\/","name":"Cear\u00e1 Steel","description":"In the Brazilian steel market for over 45 years.","alternateName":"A\u00e7o Cearense","potentialAction":[{"@type":"SearchAction","target":{"@type":"EntryPoint","urlTemplate":"https:\/\/previews.elleven.digital\/acocearense\/?s={search_term_string}"},"query-input":{"@type":"PropertyValueSpecification","valueRequired":true,"valueName":"search_term_string"}}],"inLanguage":"en-US"}]}},"_links":{"self":[{"href":"https:\/\/www.grupoacocearense.com.br\/en\/wp-json\/wp\/v2\/noticia\/2007","targetHints":{"allow":["GET"]}}],"collection":[{"href":"https:\/\/www.grupoacocearense.com.br\/en\/wp-json\/wp\/v2\/noticia"}],"about":[{"href":"https:\/\/www.grupoacocearense.com.br\/en\/wp-json\/wp\/v2\/types\/noticia"}],"wp:featuredmedia":[{"embeddable":true,"href":"https:\/\/www.grupoacocearense.com.br\/en\/wp-json\/wp\/v2\/media\/2001"}],"wp:attachment":[{"href":"https:\/\/www.grupoacocearense.com.br\/en\/wp-json\/wp\/v2\/media?parent=2007"}],"wp:term":[{"taxonomy":"categoria-noticia","embeddable":true,"href":"https:\/\/www.grupoacocearense.com.br\/en\/wp-json\/wp\/v2\/categoria-noticia?post=2007"}],"curies":[{"name":"wp","href":"https:\/\/api.w.org\/{rel}","templated":true}]}}