{"id":1972,"date":"2019-12-27T16:18:40","date_gmt":"2019-12-27T19:18:40","guid":{"rendered":"https:\/\/www.grupoacocearense.com.br\/?post_type=noticia&#038;p=1972"},"modified":"2025-05-07T16:19:05","modified_gmt":"2025-05-07T19:19:05","slug":"colaboradores-do-grupo-aco-cearense-sao-homenageados","status":"publish","type":"noticia","link":"https:\/\/www.grupoacocearense.com.br\/en\/noticia\/colaboradores-do-grupo-aco-cearense-sao-homenageados\/","title":{"rendered":"Employees of the A\u00e7o Cearense Group are honored"},"content":{"rendered":"<p>This year, the A\u00e7o Cearense Group celebrated its 40th anniversary, and as part of its anniversary celebrations, the &quot;Our People, Our History&quot; project was launched to honor employees with 10, 20, 30, or more years of dedication and daily commitment to the growth of the companies that make up the Group. The recognition event took place on December 18th at ACC and on the 19th at A\u00e7o Cearense Industrial.<br \/>\nGilberto Silva, a Services employee who has worked at ACC for 12 years, spoke emotionally on behalf of his colleagues: &quot;It was here that I had the opportunity to grow professionally and become a cycling athlete. I have no words to describe my gratitude to everyone who believed in me, interceded for me, and supported me, and continues to do so. I feel truly fulfilled and can only thank Grupo A\u00e7o Cearense,&quot; said Gilberto.<br \/>\nIn November, 125 employees from SINOBRAS and SINOBRAS Florestal were also recognized. In total, 666 employees of Grupo A\u00e7o Cearense received a personalized shirt with their name and years of service, a certificate, and a distinctive badge.<br \/>\n<img loading=\"lazy\" decoding=\"async\" class=\"CToWUd a6T aligncenter\" tabindex=\"0\" src=\"https:\/\/ci4.googleusercontent.com\/proxy\/QsQB5lV3h8eQNPZ9bQUiFb7VlB6n6kGBsthyzHU1DwxnOiPLsvswnz7J8h4Ool52RpgG9doTj03hUnr587ONwmrz0qd6kGJNwi1M8igjyQ7yQ-kanqcvQeXHg0aU3vBbQ7lwez_bcoUnYxPywUHA3V04N-p0ONk6eztUCuf3HVY=s0-d-e1-ft#https:\/\/gallery.mailchimp.com\/89812147ef97f09ae727e0969\/_compresseds\/da8219b1-0d1d-4d65-903a-ced9d1c7fb9f.jpg\" width=\"550\" height=\"250\" \/><\/p>\n<p><img loading=\"lazy\" decoding=\"async\" class=\"CToWUd a6T aligncenter\" tabindex=\"0\" src=\"https:\/\/ci5.googleusercontent.com\/proxy\/X-9yW02Arl8iramm7x78yI7q17-rtgCYjXI1apBHrdMI-BnGGCFU7A-d8lUWqLboZtcvgiUy_ASlaleWmZtng22T9RIoYk9QGLE9fr4hi4chzNzsKrsge2q3v00aJlaWIKWarxhj_PRjths7gceTo9w483UlbOSuZppt=s0-d-e1-ft#https:\/\/gallery.mailchimp.com\/89812147ef97f09ae727e0969\/images\/f9fc1d89-3c46-4d9e-b011-c765c0aa8bed.jpeg\" width=\"550\" height=\"229\" \/><img loading=\"lazy\" decoding=\"async\" class=\"CToWUd a6T aligncenter\" tabindex=\"0\" src=\"https:\/\/ci6.googleusercontent.com\/proxy\/7FgzwRhhOkbNOu5BFBRtkRoQ194-ed98ZN0VGXZ6QazJv6EJSXY1LWFT380rSEPXUU0C_oc9oGLR4axdqn-YNy1cNPO8JWo4GQDDu_KVZB1maY_LgXprUe__xpIPjupoCZZbP9X5Wp8VTKwdTfwOK72jmd2ieCOMQas=s0-d-e1-ft#https:\/\/gallery.mailchimp.com\/89812147ef97f09ae727e0969\/images\/529941a4-7ba7-4652-9019-eb22a4e00efb.jpg\" width=\"350\" height=\"262\" align=\"right\" \/><\/p>","protected":false},"featured_media":1955,"template":"","meta":{"_acf_changed":false,"inline_featured_image":false},"categoria-noticia":[],"class_list":["post-1972","noticia","type-noticia","status-publish","has-post-thumbnail","hentry"],"acf":{"link":""},"yoast_head":"<!-- This site is optimized with the Yoast SEO plugin v27.4 - https:\/\/yoast.com\/product\/yoast-seo-wordpress\/ -->\n<title>Colaboradores do Grupo A\u00e7o Cearense s\u00e3o homenageados - Grupo A\u00e7o Cearense<\/title>\n<meta name=\"robots\" content=\"index, follow, max-snippet:-1, max-image-preview:large, max-video-preview:-1\" \/>\n<link rel=\"canonical\" href=\"https:\/\/previews.elleven.digital\/acocearense\/noticia\/colaboradores-do-grupo-aco-cearense-sao-homenageados\/\" \/>\n<meta property=\"og:locale\" content=\"en_US\" \/>\n<meta property=\"og:type\" content=\"article\" \/>\n<meta property=\"og:title\" content=\"Colaboradores do Grupo A\u00e7o Cearense s\u00e3o homenageados - Grupo A\u00e7o Cearense\" \/>\n<meta property=\"og:description\" content=\"Este ano o Grupo A\u00e7o Cearense completou 40 anos e, como parte das comemora\u00e7\u00f5es de(...)\" \/>\n<meta property=\"og:url\" content=\"https:\/\/previews.elleven.digital\/acocearense\/noticia\/colaboradores-do-grupo-aco-cearense-sao-homenageados\/\" \/>\n<meta property=\"og:site_name\" content=\"Grupo A\u00e7o Cearense\" \/>\n<meta property=\"article:modified_time\" content=\"2025-05-07T19:19:05+00:00\" \/>\n<meta property=\"og:image\" content=\"https:\/\/previews.elleven.digital\/acocearense\/wp-content\/uploads\/2025\/05\/unnamed-6-1024x516-1.jpg\" \/>\n\t<meta property=\"og:image:width\" content=\"1024\" \/>\n\t<meta property=\"og:image:height\" content=\"516\" \/>\n\t<meta property=\"og:image:type\" content=\"image\/jpeg\" \/>\n<meta name=\"twitter:card\" content=\"summary_large_image\" \/>\n<meta name=\"twitter:label1\" content=\"Est. reading time\" \/>\n\t<meta name=\"twitter:data1\" content=\"2 minutes\" \/>\n<script type=\"application\/ld+json\" class=\"yoast-schema-graph\">{\"@context\":\"https:\\\/\\\/schema.org\",\"@graph\":[{\"@type\":\"WebPage\",\"@id\":\"https:\\\/\\\/previews.elleven.digital\\\/acocearense\\\/noticia\\\/colaboradores-do-grupo-aco-cearense-sao-homenageados\\\/\",\"url\":\"https:\\\/\\\/previews.elleven.digital\\\/acocearense\\\/noticia\\\/colaboradores-do-grupo-aco-cearense-sao-homenageados\\\/\",\"name\":\"Colaboradores do Grupo A\u00e7o Cearense s\u00e3o homenageados - Grupo A\u00e7o Cearense\",\"isPartOf\":{\"@id\":\"https:\\\/\\\/previews.elleven.digital\\\/acocearense\\\/#website\"},\"primaryImageOfPage\":{\"@id\":\"https:\\\/\\\/previews.elleven.digital\\\/acocearense\\\/noticia\\\/colaboradores-do-grupo-aco-cearense-sao-homenageados\\\/#primaryimage\"},\"image\":{\"@id\":\"https:\\\/\\\/previews.elleven.digital\\\/acocearense\\\/noticia\\\/colaboradores-do-grupo-aco-cearense-sao-homenageados\\\/#primaryimage\"},\"thumbnailUrl\":\"https:\\\/\\\/www.grupoacocearense.com.br\\\/wp-content\\\/uploads\\\/2025\\\/05\\\/unnamed-6-1024x516-1.jpg\",\"datePublished\":\"2019-12-27T19:18:40+00:00\",\"dateModified\":\"2025-05-07T19:19:05+00:00\",\"breadcrumb\":{\"@id\":\"https:\\\/\\\/previews.elleven.digital\\\/acocearense\\\/noticia\\\/colaboradores-do-grupo-aco-cearense-sao-homenageados\\\/#breadcrumb\"},\"inLanguage\":\"en-US\",\"potentialAction\":[{\"@type\":\"ReadAction\",\"target\":[\"https:\\\/\\\/previews.elleven.digital\\\/acocearense\\\/noticia\\\/colaboradores-do-grupo-aco-cearense-sao-homenageados\\\/\"]}]},{\"@type\":\"ImageObject\",\"inLanguage\":\"en-US\",\"@id\":\"https:\\\/\\\/previews.elleven.digital\\\/acocearense\\\/noticia\\\/colaboradores-do-grupo-aco-cearense-sao-homenageados\\\/#primaryimage\",\"url\":\"https:\\\/\\\/www.grupoacocearense.com.br\\\/wp-content\\\/uploads\\\/2025\\\/05\\\/unnamed-6-1024x516-1.jpg\",\"contentUrl\":\"https:\\\/\\\/www.grupoacocearense.com.br\\\/wp-content\\\/uploads\\\/2025\\\/05\\\/unnamed-6-1024x516-1.jpg\",\"width\":1024,\"height\":516},{\"@type\":\"BreadcrumbList\",\"@id\":\"https:\\\/\\\/previews.elleven.digital\\\/acocearense\\\/noticia\\\/colaboradores-do-grupo-aco-cearense-sao-homenageados\\\/#breadcrumb\",\"itemListElement\":[{\"@type\":\"ListItem\",\"position\":1,\"name\":\"In\u00edcio\",\"item\":\"https:\\\/\\\/www.grupoacocearense.com.br\\\/\"},{\"@type\":\"ListItem\",\"position\":2,\"name\":\"Not\u00edcias\",\"item\":\"https:\\\/\\\/previews.elleven.digital\\\/acocearense\\\/noticias\\\/\"},{\"@type\":\"ListItem\",\"position\":3,\"name\":\"Colaboradores do Grupo A\u00e7o Cearense s\u00e3o homenageados\"}]},{\"@type\":\"WebSite\",\"@id\":\"https:\\\/\\\/previews.elleven.digital\\\/acocearense\\\/#website\",\"url\":\"https:\\\/\\\/previews.elleven.digital\\\/acocearense\\\/\",\"name\":\"A\u00e7o Cearense\",\"description\":\"H\u00e1 mais de 45 anos no mercado brasileiro do a\u00e7o.\",\"alternateName\":\"A\u00e7o Cearense\",\"potentialAction\":[{\"@type\":\"SearchAction\",\"target\":{\"@type\":\"EntryPoint\",\"urlTemplate\":\"https:\\\/\\\/previews.elleven.digital\\\/acocearense\\\/?s={search_term_string}\"},\"query-input\":{\"@type\":\"PropertyValueSpecification\",\"valueRequired\":true,\"valueName\":\"search_term_string\"}}],\"inLanguage\":\"en-US\"}]}<\/script>\n<!-- \/ Yoast SEO plugin. -->","yoast_head_json":{"title":"Colaboradores do Grupo A\u00e7o Cearense s\u00e3o homenageados - Grupo A\u00e7o Cearense","robots":{"index":"index","follow":"follow","max-snippet":"max-snippet:-1","max-image-preview":"max-image-preview:large","max-video-preview":"max-video-preview:-1"},"canonical":"https:\/\/previews.elleven.digital\/acocearense\/noticia\/colaboradores-do-grupo-aco-cearense-sao-homenageados\/","og_locale":"en_US","og_type":"article","og_title":"Colaboradores do Grupo A\u00e7o Cearense s\u00e3o homenageados - Grupo A\u00e7o Cearense","og_description":"Este ano o Grupo A\u00e7o Cearense completou 40 anos e, como parte das comemora\u00e7\u00f5es de(...)","og_url":"https:\/\/previews.elleven.digital\/acocearense\/noticia\/colaboradores-do-grupo-aco-cearense-sao-homenageados\/","og_site_name":"Grupo A\u00e7o Cearense","article_modified_time":"2025-05-07T19:19:05+00:00","og_image":[{"width":1024,"height":516,"url":"https:\/\/previews.elleven.digital\/acocearense\/wp-content\/uploads\/2025\/05\/unnamed-6-1024x516-1.jpg","type":"image\/jpeg"}],"twitter_card":"summary_large_image","twitter_misc":{"Est. reading time":"2 minutes"},"schema":{"@context":"https:\/\/schema.org","@graph":[{"@type":"WebPage","@id":"https:\/\/previews.elleven.digital\/acocearense\/noticia\/colaboradores-do-grupo-aco-cearense-sao-homenageados\/","url":"https:\/\/previews.elleven.digital\/acocearense\/noticia\/colaboradores-do-grupo-aco-cearense-sao-homenageados\/","name":"Colaboradores do Grupo A\u00e7o Cearense s\u00e3o homenageados - Grupo A\u00e7o Cearense","isPartOf":{"@id":"https:\/\/previews.elleven.digital\/acocearense\/#website"},"primaryImageOfPage":{"@id":"https:\/\/previews.elleven.digital\/acocearense\/noticia\/colaboradores-do-grupo-aco-cearense-sao-homenageados\/#primaryimage"},"image":{"@id":"https:\/\/previews.elleven.digital\/acocearense\/noticia\/colaboradores-do-grupo-aco-cearense-sao-homenageados\/#primaryimage"},"thumbnailUrl":"https:\/\/www.grupoacocearense.com.br\/wp-content\/uploads\/2025\/05\/unnamed-6-1024x516-1.jpg","datePublished":"2019-12-27T19:18:40+00:00","dateModified":"2025-05-07T19:19:05+00:00","breadcrumb":{"@id":"https:\/\/previews.elleven.digital\/acocearense\/noticia\/colaboradores-do-grupo-aco-cearense-sao-homenageados\/#breadcrumb"},"inLanguage":"en-US","potentialAction":[{"@type":"ReadAction","target":["https:\/\/previews.elleven.digital\/acocearense\/noticia\/colaboradores-do-grupo-aco-cearense-sao-homenageados\/"]}]},{"@type":"ImageObject","inLanguage":"en-US","@id":"https:\/\/previews.elleven.digital\/acocearense\/noticia\/colaboradores-do-grupo-aco-cearense-sao-homenageados\/#primaryimage","url":"https:\/\/www.grupoacocearense.com.br\/wp-content\/uploads\/2025\/05\/unnamed-6-1024x516-1.jpg","contentUrl":"https:\/\/www.grupoacocearense.com.br\/wp-content\/uploads\/2025\/05\/unnamed-6-1024x516-1.jpg","width":1024,"height":516},{"@type":"BreadcrumbList","@id":"https:\/\/previews.elleven.digital\/acocearense\/noticia\/colaboradores-do-grupo-aco-cearense-sao-homenageados\/#breadcrumb","itemListElement":[{"@type":"ListItem","position":1,"name":"In\u00edcio","item":"https:\/\/www.grupoacocearense.com.br\/"},{"@type":"ListItem","position":2,"name":"Not\u00edcias","item":"https:\/\/previews.elleven.digital\/acocearense\/noticias\/"},{"@type":"ListItem","position":3,"name":"Colaboradores do Grupo A\u00e7o Cearense s\u00e3o homenageados"}]},{"@type":"WebSite","@id":"https:\/\/previews.elleven.digital\/acocearense\/#website","url":"https:\/\/previews.elleven.digital\/acocearense\/","name":"Cear\u00e1 Steel","description":"In the Brazilian steel market for over 45 years.","alternateName":"A\u00e7o Cearense","potentialAction":[{"@type":"SearchAction","target":{"@type":"EntryPoint","urlTemplate":"https:\/\/previews.elleven.digital\/acocearense\/?s={search_term_string}"},"query-input":{"@type":"PropertyValueSpecification","valueRequired":true,"valueName":"search_term_string"}}],"inLanguage":"en-US"}]}},"_links":{"self":[{"href":"https:\/\/www.grupoacocearense.com.br\/en\/wp-json\/wp\/v2\/noticia\/1972","targetHints":{"allow":["GET"]}}],"collection":[{"href":"https:\/\/www.grupoacocearense.com.br\/en\/wp-json\/wp\/v2\/noticia"}],"about":[{"href":"https:\/\/www.grupoacocearense.com.br\/en\/wp-json\/wp\/v2\/types\/noticia"}],"wp:featuredmedia":[{"embeddable":true,"href":"https:\/\/www.grupoacocearense.com.br\/en\/wp-json\/wp\/v2\/media\/1955"}],"wp:attachment":[{"href":"https:\/\/www.grupoacocearense.com.br\/en\/wp-json\/wp\/v2\/media?parent=1972"}],"wp:term":[{"taxonomy":"categoria-noticia","embeddable":true,"href":"https:\/\/www.grupoacocearense.com.br\/en\/wp-json\/wp\/v2\/categoria-noticia?post=1972"}],"curies":[{"name":"wp","href":"https:\/\/api.w.org\/{rel}","templated":true}]}}