{"id":1966,"date":"2019-12-12T16:13:58","date_gmt":"2019-12-12T19:13:58","guid":{"rendered":"https:\/\/www.grupoacocearense.com.br\/?post_type=noticia&#038;p=1966"},"modified":"2025-05-07T16:14:25","modified_gmt":"2025-05-07T19:14:25","slug":"ian-correa-em-entrevista-na-tv-correio-sbt","status":"publish","type":"noticia","link":"https:\/\/www.grupoacocearense.com.br\/en\/noticia\/ian-correa-em-entrevista-na-tv-correio-sbt\/","title":{"rendered":"Ian Corr\u00eaa in an interview on TV Correio SBT"},"content":{"rendered":"<p>On December 19th, Ian Corr\u00eaa, Vice President of Operations for the A\u00e7o Cearense Group, participated in an interview on Correio SBT&#039;s &quot;Observers&quot; program with journalists Patrick Roberto and Ang\u00e9lica Freitas. Ian Corr\u00eaa discussed a variety of topics, including the Group&#039;s outlook for 2020, investments by SINOBRAS and SINOBRAS Florestal, social support from the Instituto A\u00e7o Cearense, the steel market, the Steel Rush, and much more. The full interview can be found at the link:\u00a0<a href=\"https:\/\/grupoacocearense.us7.list-manage.com\/track\/click?u=89812147ef97f09ae727e0969&amp;id=6a32dde9a2&amp;e=4ddeefc8c4\" target=\"_blank\" rel=\"noopener noreferrer\" data-saferedirecturl=\"https:\/\/www.google.com\/url?q=https:\/\/grupoacocearense.us7.list-manage.com\/track\/click?u%3D89812147ef97f09ae727e0969%26id%3D6a32dde9a2%26e%3D4ddeefc8c4&amp;source=gmail&amp;ust=1578071743330000&amp;usg=AFQjCNFsqjPog2VptaOePvdYd30ybW_xmQ\">https:\/\/youtu.be\/M1HqKCpoPSs<\/a><\/p>","protected":false},"featured_media":1960,"template":"","meta":{"_acf_changed":false,"inline_featured_image":false},"categoria-noticia":[],"class_list":["post-1966","noticia","type-noticia","status-publish","has-post-thumbnail","hentry"],"acf":{"link":""},"yoast_head":"<!-- This site is optimized with the Yoast SEO plugin v27.4 - https:\/\/yoast.com\/product\/yoast-seo-wordpress\/ -->\n<title>Ian Corr\u00eaa em entrevista na TV Correio SBT - Grupo A\u00e7o Cearense<\/title>\n<meta name=\"robots\" content=\"index, follow, max-snippet:-1, max-image-preview:large, max-video-preview:-1\" \/>\n<link rel=\"canonical\" href=\"https:\/\/previews.elleven.digital\/acocearense\/noticia\/ian-correa-em-entrevista-na-tv-correio-sbt\/\" \/>\n<meta property=\"og:locale\" content=\"en_US\" \/>\n<meta property=\"og:type\" content=\"article\" \/>\n<meta property=\"og:title\" content=\"Ian Corr\u00eaa em entrevista na TV Correio SBT - Grupo A\u00e7o Cearense\" \/>\n<meta property=\"og:description\" content=\"No dia 19\/12, Ian Corr\u00eaa, Vice-Presidente de Opera\u00e7\u00f5es do Grupo A\u00e7o Cearense, participou de uma(...)\" \/>\n<meta property=\"og:url\" content=\"https:\/\/previews.elleven.digital\/acocearense\/noticia\/ian-correa-em-entrevista-na-tv-correio-sbt\/\" \/>\n<meta property=\"og:site_name\" content=\"Grupo A\u00e7o Cearense\" \/>\n<meta property=\"article:modified_time\" content=\"2025-05-07T19:14:25+00:00\" \/>\n<meta property=\"og:image\" content=\"https:\/\/previews.elleven.digital\/acocearense\/wp-content\/uploads\/2025\/05\/unnamed-6.jpg\" \/>\n\t<meta property=\"og:image:width\" content=\"1280\" \/>\n\t<meta property=\"og:image:height\" content=\"853\" \/>\n\t<meta property=\"og:image:type\" content=\"image\/jpeg\" \/>\n<meta name=\"twitter:card\" content=\"summary_large_image\" \/>\n<meta name=\"twitter:label1\" content=\"Est. reading time\" \/>\n\t<meta name=\"twitter:data1\" content=\"1 minute\" \/>\n<script type=\"application\/ld+json\" class=\"yoast-schema-graph\">{\"@context\":\"https:\\\/\\\/schema.org\",\"@graph\":[{\"@type\":\"WebPage\",\"@id\":\"https:\\\/\\\/previews.elleven.digital\\\/acocearense\\\/noticia\\\/ian-correa-em-entrevista-na-tv-correio-sbt\\\/\",\"url\":\"https:\\\/\\\/previews.elleven.digital\\\/acocearense\\\/noticia\\\/ian-correa-em-entrevista-na-tv-correio-sbt\\\/\",\"name\":\"Ian Corr\u00eaa em entrevista na TV Correio SBT - Grupo A\u00e7o Cearense\",\"isPartOf\":{\"@id\":\"https:\\\/\\\/previews.elleven.digital\\\/acocearense\\\/#website\"},\"primaryImageOfPage\":{\"@id\":\"https:\\\/\\\/previews.elleven.digital\\\/acocearense\\\/noticia\\\/ian-correa-em-entrevista-na-tv-correio-sbt\\\/#primaryimage\"},\"image\":{\"@id\":\"https:\\\/\\\/previews.elleven.digital\\\/acocearense\\\/noticia\\\/ian-correa-em-entrevista-na-tv-correio-sbt\\\/#primaryimage\"},\"thumbnailUrl\":\"https:\\\/\\\/www.grupoacocearense.com.br\\\/wp-content\\\/uploads\\\/2025\\\/05\\\/unnamed-6.jpg\",\"datePublished\":\"2019-12-12T19:13:58+00:00\",\"dateModified\":\"2025-05-07T19:14:25+00:00\",\"breadcrumb\":{\"@id\":\"https:\\\/\\\/previews.elleven.digital\\\/acocearense\\\/noticia\\\/ian-correa-em-entrevista-na-tv-correio-sbt\\\/#breadcrumb\"},\"inLanguage\":\"en-US\",\"potentialAction\":[{\"@type\":\"ReadAction\",\"target\":[\"https:\\\/\\\/previews.elleven.digital\\\/acocearense\\\/noticia\\\/ian-correa-em-entrevista-na-tv-correio-sbt\\\/\"]}]},{\"@type\":\"ImageObject\",\"inLanguage\":\"en-US\",\"@id\":\"https:\\\/\\\/previews.elleven.digital\\\/acocearense\\\/noticia\\\/ian-correa-em-entrevista-na-tv-correio-sbt\\\/#primaryimage\",\"url\":\"https:\\\/\\\/www.grupoacocearense.com.br\\\/wp-content\\\/uploads\\\/2025\\\/05\\\/unnamed-6.jpg\",\"contentUrl\":\"https:\\\/\\\/www.grupoacocearense.com.br\\\/wp-content\\\/uploads\\\/2025\\\/05\\\/unnamed-6.jpg\",\"width\":1280,\"height\":853},{\"@type\":\"BreadcrumbList\",\"@id\":\"https:\\\/\\\/previews.elleven.digital\\\/acocearense\\\/noticia\\\/ian-correa-em-entrevista-na-tv-correio-sbt\\\/#breadcrumb\",\"itemListElement\":[{\"@type\":\"ListItem\",\"position\":1,\"name\":\"In\u00edcio\",\"item\":\"https:\\\/\\\/www.grupoacocearense.com.br\\\/\"},{\"@type\":\"ListItem\",\"position\":2,\"name\":\"Not\u00edcias\",\"item\":\"https:\\\/\\\/previews.elleven.digital\\\/acocearense\\\/noticias\\\/\"},{\"@type\":\"ListItem\",\"position\":3,\"name\":\"Ian Corr\u00eaa em entrevista na TV Correio SBT\"}]},{\"@type\":\"WebSite\",\"@id\":\"https:\\\/\\\/previews.elleven.digital\\\/acocearense\\\/#website\",\"url\":\"https:\\\/\\\/previews.elleven.digital\\\/acocearense\\\/\",\"name\":\"A\u00e7o Cearense\",\"description\":\"H\u00e1 mais de 45 anos no mercado brasileiro do a\u00e7o.\",\"alternateName\":\"A\u00e7o Cearense\",\"potentialAction\":[{\"@type\":\"SearchAction\",\"target\":{\"@type\":\"EntryPoint\",\"urlTemplate\":\"https:\\\/\\\/previews.elleven.digital\\\/acocearense\\\/?s={search_term_string}\"},\"query-input\":{\"@type\":\"PropertyValueSpecification\",\"valueRequired\":true,\"valueName\":\"search_term_string\"}}],\"inLanguage\":\"en-US\"}]}<\/script>\n<!-- \/ Yoast SEO plugin. -->","yoast_head_json":{"title":"Ian Corr\u00eaa em entrevista na TV Correio SBT - Grupo A\u00e7o Cearense","robots":{"index":"index","follow":"follow","max-snippet":"max-snippet:-1","max-image-preview":"max-image-preview:large","max-video-preview":"max-video-preview:-1"},"canonical":"https:\/\/previews.elleven.digital\/acocearense\/noticia\/ian-correa-em-entrevista-na-tv-correio-sbt\/","og_locale":"en_US","og_type":"article","og_title":"Ian Corr\u00eaa em entrevista na TV Correio SBT - Grupo A\u00e7o Cearense","og_description":"No dia 19\/12, Ian Corr\u00eaa, Vice-Presidente de Opera\u00e7\u00f5es do Grupo A\u00e7o Cearense, participou de uma(...)","og_url":"https:\/\/previews.elleven.digital\/acocearense\/noticia\/ian-correa-em-entrevista-na-tv-correio-sbt\/","og_site_name":"Grupo A\u00e7o Cearense","article_modified_time":"2025-05-07T19:14:25+00:00","og_image":[{"width":1280,"height":853,"url":"https:\/\/previews.elleven.digital\/acocearense\/wp-content\/uploads\/2025\/05\/unnamed-6.jpg","type":"image\/jpeg"}],"twitter_card":"summary_large_image","twitter_misc":{"Est. reading time":"1 minute"},"schema":{"@context":"https:\/\/schema.org","@graph":[{"@type":"WebPage","@id":"https:\/\/previews.elleven.digital\/acocearense\/noticia\/ian-correa-em-entrevista-na-tv-correio-sbt\/","url":"https:\/\/previews.elleven.digital\/acocearense\/noticia\/ian-correa-em-entrevista-na-tv-correio-sbt\/","name":"Ian Corr\u00eaa em entrevista na TV Correio SBT - Grupo A\u00e7o Cearense","isPartOf":{"@id":"https:\/\/previews.elleven.digital\/acocearense\/#website"},"primaryImageOfPage":{"@id":"https:\/\/previews.elleven.digital\/acocearense\/noticia\/ian-correa-em-entrevista-na-tv-correio-sbt\/#primaryimage"},"image":{"@id":"https:\/\/previews.elleven.digital\/acocearense\/noticia\/ian-correa-em-entrevista-na-tv-correio-sbt\/#primaryimage"},"thumbnailUrl":"https:\/\/www.grupoacocearense.com.br\/wp-content\/uploads\/2025\/05\/unnamed-6.jpg","datePublished":"2019-12-12T19:13:58+00:00","dateModified":"2025-05-07T19:14:25+00:00","breadcrumb":{"@id":"https:\/\/previews.elleven.digital\/acocearense\/noticia\/ian-correa-em-entrevista-na-tv-correio-sbt\/#breadcrumb"},"inLanguage":"en-US","potentialAction":[{"@type":"ReadAction","target":["https:\/\/previews.elleven.digital\/acocearense\/noticia\/ian-correa-em-entrevista-na-tv-correio-sbt\/"]}]},{"@type":"ImageObject","inLanguage":"en-US","@id":"https:\/\/previews.elleven.digital\/acocearense\/noticia\/ian-correa-em-entrevista-na-tv-correio-sbt\/#primaryimage","url":"https:\/\/www.grupoacocearense.com.br\/wp-content\/uploads\/2025\/05\/unnamed-6.jpg","contentUrl":"https:\/\/www.grupoacocearense.com.br\/wp-content\/uploads\/2025\/05\/unnamed-6.jpg","width":1280,"height":853},{"@type":"BreadcrumbList","@id":"https:\/\/previews.elleven.digital\/acocearense\/noticia\/ian-correa-em-entrevista-na-tv-correio-sbt\/#breadcrumb","itemListElement":[{"@type":"ListItem","position":1,"name":"In\u00edcio","item":"https:\/\/www.grupoacocearense.com.br\/"},{"@type":"ListItem","position":2,"name":"Not\u00edcias","item":"https:\/\/previews.elleven.digital\/acocearense\/noticias\/"},{"@type":"ListItem","position":3,"name":"Ian Corr\u00eaa em entrevista na TV Correio SBT"}]},{"@type":"WebSite","@id":"https:\/\/previews.elleven.digital\/acocearense\/#website","url":"https:\/\/previews.elleven.digital\/acocearense\/","name":"Cear\u00e1 Steel","description":"In the Brazilian steel market for over 45 years.","alternateName":"A\u00e7o Cearense","potentialAction":[{"@type":"SearchAction","target":{"@type":"EntryPoint","urlTemplate":"https:\/\/previews.elleven.digital\/acocearense\/?s={search_term_string}"},"query-input":{"@type":"PropertyValueSpecification","valueRequired":true,"valueName":"search_term_string"}}],"inLanguage":"en-US"}]}},"_links":{"self":[{"href":"https:\/\/www.grupoacocearense.com.br\/en\/wp-json\/wp\/v2\/noticia\/1966","targetHints":{"allow":["GET"]}}],"collection":[{"href":"https:\/\/www.grupoacocearense.com.br\/en\/wp-json\/wp\/v2\/noticia"}],"about":[{"href":"https:\/\/www.grupoacocearense.com.br\/en\/wp-json\/wp\/v2\/types\/noticia"}],"wp:featuredmedia":[{"embeddable":true,"href":"https:\/\/www.grupoacocearense.com.br\/en\/wp-json\/wp\/v2\/media\/1960"}],"wp:attachment":[{"href":"https:\/\/www.grupoacocearense.com.br\/en\/wp-json\/wp\/v2\/media?parent=1966"}],"wp:term":[{"taxonomy":"categoria-noticia","embeddable":true,"href":"https:\/\/www.grupoacocearense.com.br\/en\/wp-json\/wp\/v2\/categoria-noticia?post=1966"}],"curies":[{"name":"wp","href":"https:\/\/api.w.org\/{rel}","templated":true}]}}