{"id":1952,"date":"2019-12-04T16:08:37","date_gmt":"2019-12-04T19:08:37","guid":{"rendered":"https:\/\/www.grupoacocearense.com.br\/?post_type=noticia&#038;p=1952"},"modified":"2025-05-07T16:09:16","modified_gmt":"2025-05-07T19:09:16","slug":"grupo-aco-cearense-participa-do-xiv-seminario-internacional-de-logistica-e-expolog-feira-internacional-de-logistica","status":"publish","type":"noticia","link":"https:\/\/www.grupoacocearense.com.br\/en\/noticia\/grupo-aco-cearense-participa-do-xiv-seminario-internacional-de-logistica-e-expolog-feira-internacional-de-logistica\/","title":{"rendered":"A\u00e7o Cearense Group participates in the XIV International Logistics Seminar and Expolog \u2013 International Logistics Fair"},"content":{"rendered":"<p><img loading=\"lazy\" decoding=\"async\" class=\"aligncenter\" src=\"https:\/\/ci6.googleusercontent.com\/proxy\/YGulLcfJbnfWnRezJ-pnrBO-jxyYpeOnshTqZRRmbuHOdoFh2IPF8IdCagCNgBp1EYa797NhcXD4YfOHW7TnuX5uBVo1easj39OswdQY_ao4zTaW5JXMIBwB2yVatke_ip4UKvHqm7WWhtQZIA3Zhjogsuzlu6BJquc=s0-d-e1-ft#https:\/\/gallery.mailchimp.com\/89812147ef97f09ae727e0969\/images\/fad3ff91-6323-4860-aa69-de4de641a841.jpg\" width=\"457\" height=\"315\" \/><br \/>\nSupply and Logistics Director Edgard Corr\u00eaa represented Grupo A\u00e7o Cearense at EXPOLOG \u2013 the International Logistics Fair \u2013 and the 14th International Logistics Seminar on the 28th in Fortaleza, at the Cear\u00e1 Events Center. The event, one of the most renowned logistics events in Brazil, aims to contribute to the dissemination of the potential and needs of logistics today with the theme &quot;Innovation, Integration, and Sustainability.&quot; It brought together the sector&#039;s most important players, building a permanent commercial exchange.<br \/>\nEdgard participated as a debater in the Talk Show Intersectorality and Multimodality, alongside Andr\u00e9 Magalh\u00e3es (APM Terminals), Esmeraldo Netto (Logimaster Log\u00edstica Multimodal), Karley Sobreira (Cimentos Apodi) and Edilson Martinez (Costa Brasil Multimodal), who debated the lectures \u201cThe Future of Cabotage after the New Regulation\u201d, by Gustavo Costa (USP) and \u201cGeneral Cargo\u201d by Bruno Toscano (CTI Cargo \u2013 Fracht Group), with M\u00e1rio Lima (ZPE Cear\u00e1) as mediator.<br \/>\nFor Edgard Corr\u00eaa, moments like these are crucial not only for networking but also for discussing the changes and needs of the logistics sector, taking into account new regulations and the national economy within the global context. &quot;The XIV International Logistics Seminar and the International Logistics Fair are renowned and very important events, especially for our region, which lacks such events. Participating as a panelist is not only an honor, but also gives me the opportunity to discuss specific situations that could benefit Grupo A\u00e7o Cearense and to stay in touch with the industry&#039;s innovations and advances,&quot; he commented.<\/p>\n<p><img loading=\"lazy\" decoding=\"async\" class=\"CToWUd a6T aligncenter\" tabindex=\"0\" src=\"https:\/\/ci4.googleusercontent.com\/proxy\/6H-d92CfRt8K7FYbznTrthwSoWK9k7dHn-E9Vu_2UdFox2Pc3WwX3bI3FisC4qW0GLTYk-ipdOkgRfv1X0l9rHjM307q_AcPUIxCrPwocXIrdkhw4r0mL-80j201dr_JEi93llm6P3jiP1y7jE18zcsNGdKrsJnBc0Y=s0-d-e1-ft#https:\/\/gallery.mailchimp.com\/89812147ef97f09ae727e0969\/images\/9ccd2e37-88d0-4108-b68c-1c90d4a23d5a.jpg\" width=\"550\" height=\"329\" \/><\/p>","protected":false},"featured_media":1927,"template":"","meta":{"_acf_changed":false,"inline_featured_image":false},"categoria-noticia":[],"class_list":["post-1952","noticia","type-noticia","status-publish","has-post-thumbnail","hentry"],"acf":{"link":""},"yoast_head":"<!-- This site is optimized with the Yoast SEO plugin v27.4 - https:\/\/yoast.com\/product\/yoast-seo-wordpress\/ -->\n<title>Grupo A\u00e7o Cearense participa do XIV Semin\u00e1rio Internacional de Log\u00edstica e Expolog \u2013 Feira Internacional de Log\u00edstica - Grupo A\u00e7o Cearense<\/title>\n<meta name=\"robots\" content=\"index, follow, max-snippet:-1, max-image-preview:large, max-video-preview:-1\" \/>\n<link rel=\"canonical\" href=\"https:\/\/previews.elleven.digital\/acocearense\/noticia\/grupo-aco-cearense-participa-do-xiv-seminario-internacional-de-logistica-e-expolog-feira-internacional-de-logistica\/\" \/>\n<meta property=\"og:locale\" content=\"en_US\" \/>\n<meta property=\"og:type\" content=\"article\" \/>\n<meta property=\"og:title\" content=\"Grupo A\u00e7o Cearense participa do XIV Semin\u00e1rio Internacional de Log\u00edstica e Expolog \u2013 Feira Internacional de Log\u00edstica - Grupo A\u00e7o Cearense\" \/>\n<meta property=\"og:description\" content=\"O Diretor de Suprimentos e Log\u00edstica Edgard Corr\u00eaa representou o Grupo A\u00e7o Cearense na EXPOLOG(...)\" \/>\n<meta property=\"og:url\" content=\"https:\/\/previews.elleven.digital\/acocearense\/noticia\/grupo-aco-cearense-participa-do-xiv-seminario-internacional-de-logistica-e-expolog-feira-internacional-de-logistica\/\" \/>\n<meta property=\"og:site_name\" content=\"Grupo A\u00e7o Cearense\" \/>\n<meta property=\"article:modified_time\" content=\"2025-05-07T19:09:16+00:00\" \/>\n<meta property=\"og:image\" content=\"https:\/\/previews.elleven.digital\/acocearense\/wp-content\/uploads\/2025\/05\/unnamed-55.jpg\" \/>\n\t<meta property=\"og:image:width\" content=\"1024\" \/>\n\t<meta property=\"og:image:height\" content=\"613\" \/>\n\t<meta property=\"og:image:type\" content=\"image\/jpeg\" \/>\n<meta name=\"twitter:card\" content=\"summary_large_image\" \/>\n<meta name=\"twitter:label1\" content=\"Est. reading time\" \/>\n\t<meta name=\"twitter:data1\" content=\"2 minutes\" \/>\n<script type=\"application\/ld+json\" class=\"yoast-schema-graph\">{\"@context\":\"https:\\\/\\\/schema.org\",\"@graph\":[{\"@type\":\"WebPage\",\"@id\":\"https:\\\/\\\/previews.elleven.digital\\\/acocearense\\\/noticia\\\/grupo-aco-cearense-participa-do-xiv-seminario-internacional-de-logistica-e-expolog-feira-internacional-de-logistica\\\/\",\"url\":\"https:\\\/\\\/previews.elleven.digital\\\/acocearense\\\/noticia\\\/grupo-aco-cearense-participa-do-xiv-seminario-internacional-de-logistica-e-expolog-feira-internacional-de-logistica\\\/\",\"name\":\"Grupo A\u00e7o Cearense participa do XIV Semin\u00e1rio Internacional de Log\u00edstica e Expolog \u2013 Feira Internacional de Log\u00edstica - Grupo A\u00e7o Cearense\",\"isPartOf\":{\"@id\":\"https:\\\/\\\/previews.elleven.digital\\\/acocearense\\\/#website\"},\"primaryImageOfPage\":{\"@id\":\"https:\\\/\\\/previews.elleven.digital\\\/acocearense\\\/noticia\\\/grupo-aco-cearense-participa-do-xiv-seminario-internacional-de-logistica-e-expolog-feira-internacional-de-logistica\\\/#primaryimage\"},\"image\":{\"@id\":\"https:\\\/\\\/previews.elleven.digital\\\/acocearense\\\/noticia\\\/grupo-aco-cearense-participa-do-xiv-seminario-internacional-de-logistica-e-expolog-feira-internacional-de-logistica\\\/#primaryimage\"},\"thumbnailUrl\":\"https:\\\/\\\/www.grupoacocearense.com.br\\\/wp-content\\\/uploads\\\/2025\\\/05\\\/unnamed-55.jpg\",\"datePublished\":\"2019-12-04T19:08:37+00:00\",\"dateModified\":\"2025-05-07T19:09:16+00:00\",\"breadcrumb\":{\"@id\":\"https:\\\/\\\/previews.elleven.digital\\\/acocearense\\\/noticia\\\/grupo-aco-cearense-participa-do-xiv-seminario-internacional-de-logistica-e-expolog-feira-internacional-de-logistica\\\/#breadcrumb\"},\"inLanguage\":\"en-US\",\"potentialAction\":[{\"@type\":\"ReadAction\",\"target\":[\"https:\\\/\\\/previews.elleven.digital\\\/acocearense\\\/noticia\\\/grupo-aco-cearense-participa-do-xiv-seminario-internacional-de-logistica-e-expolog-feira-internacional-de-logistica\\\/\"]}]},{\"@type\":\"ImageObject\",\"inLanguage\":\"en-US\",\"@id\":\"https:\\\/\\\/previews.elleven.digital\\\/acocearense\\\/noticia\\\/grupo-aco-cearense-participa-do-xiv-seminario-internacional-de-logistica-e-expolog-feira-internacional-de-logistica\\\/#primaryimage\",\"url\":\"https:\\\/\\\/www.grupoacocearense.com.br\\\/wp-content\\\/uploads\\\/2025\\\/05\\\/unnamed-55.jpg\",\"contentUrl\":\"https:\\\/\\\/www.grupoacocearense.com.br\\\/wp-content\\\/uploads\\\/2025\\\/05\\\/unnamed-55.jpg\",\"width\":1024,\"height\":613},{\"@type\":\"BreadcrumbList\",\"@id\":\"https:\\\/\\\/previews.elleven.digital\\\/acocearense\\\/noticia\\\/grupo-aco-cearense-participa-do-xiv-seminario-internacional-de-logistica-e-expolog-feira-internacional-de-logistica\\\/#breadcrumb\",\"itemListElement\":[{\"@type\":\"ListItem\",\"position\":1,\"name\":\"In\u00edcio\",\"item\":\"https:\\\/\\\/www.grupoacocearense.com.br\\\/\"},{\"@type\":\"ListItem\",\"position\":2,\"name\":\"Not\u00edcias\",\"item\":\"https:\\\/\\\/previews.elleven.digital\\\/acocearense\\\/noticias\\\/\"},{\"@type\":\"ListItem\",\"position\":3,\"name\":\"Grupo A\u00e7o Cearense participa do XIV Semin\u00e1rio Internacional de Log\u00edstica e Expolog \u2013 Feira Internacional de Log\u00edstica\"}]},{\"@type\":\"WebSite\",\"@id\":\"https:\\\/\\\/previews.elleven.digital\\\/acocearense\\\/#website\",\"url\":\"https:\\\/\\\/previews.elleven.digital\\\/acocearense\\\/\",\"name\":\"A\u00e7o Cearense\",\"description\":\"H\u00e1 mais de 45 anos no mercado brasileiro do a\u00e7o.\",\"alternateName\":\"A\u00e7o Cearense\",\"potentialAction\":[{\"@type\":\"SearchAction\",\"target\":{\"@type\":\"EntryPoint\",\"urlTemplate\":\"https:\\\/\\\/previews.elleven.digital\\\/acocearense\\\/?s={search_term_string}\"},\"query-input\":{\"@type\":\"PropertyValueSpecification\",\"valueRequired\":true,\"valueName\":\"search_term_string\"}}],\"inLanguage\":\"en-US\"}]}<\/script>\n<!-- \/ Yoast SEO plugin. -->","yoast_head_json":{"title":"Grupo A\u00e7o Cearense participa do XIV Semin\u00e1rio Internacional de Log\u00edstica e Expolog \u2013 Feira Internacional de Log\u00edstica - Grupo A\u00e7o Cearense","robots":{"index":"index","follow":"follow","max-snippet":"max-snippet:-1","max-image-preview":"max-image-preview:large","max-video-preview":"max-video-preview:-1"},"canonical":"https:\/\/previews.elleven.digital\/acocearense\/noticia\/grupo-aco-cearense-participa-do-xiv-seminario-internacional-de-logistica-e-expolog-feira-internacional-de-logistica\/","og_locale":"en_US","og_type":"article","og_title":"Grupo A\u00e7o Cearense participa do XIV Semin\u00e1rio Internacional de Log\u00edstica e Expolog \u2013 Feira Internacional de Log\u00edstica - Grupo A\u00e7o Cearense","og_description":"O Diretor de Suprimentos e Log\u00edstica Edgard Corr\u00eaa representou o Grupo A\u00e7o Cearense na EXPOLOG(...)","og_url":"https:\/\/previews.elleven.digital\/acocearense\/noticia\/grupo-aco-cearense-participa-do-xiv-seminario-internacional-de-logistica-e-expolog-feira-internacional-de-logistica\/","og_site_name":"Grupo A\u00e7o Cearense","article_modified_time":"2025-05-07T19:09:16+00:00","og_image":[{"width":1024,"height":613,"url":"https:\/\/previews.elleven.digital\/acocearense\/wp-content\/uploads\/2025\/05\/unnamed-55.jpg","type":"image\/jpeg"}],"twitter_card":"summary_large_image","twitter_misc":{"Est. reading time":"2 minutes"},"schema":{"@context":"https:\/\/schema.org","@graph":[{"@type":"WebPage","@id":"https:\/\/previews.elleven.digital\/acocearense\/noticia\/grupo-aco-cearense-participa-do-xiv-seminario-internacional-de-logistica-e-expolog-feira-internacional-de-logistica\/","url":"https:\/\/previews.elleven.digital\/acocearense\/noticia\/grupo-aco-cearense-participa-do-xiv-seminario-internacional-de-logistica-e-expolog-feira-internacional-de-logistica\/","name":"Grupo A\u00e7o Cearense participa do XIV Semin\u00e1rio Internacional de Log\u00edstica e Expolog \u2013 Feira Internacional de Log\u00edstica - Grupo A\u00e7o Cearense","isPartOf":{"@id":"https:\/\/previews.elleven.digital\/acocearense\/#website"},"primaryImageOfPage":{"@id":"https:\/\/previews.elleven.digital\/acocearense\/noticia\/grupo-aco-cearense-participa-do-xiv-seminario-internacional-de-logistica-e-expolog-feira-internacional-de-logistica\/#primaryimage"},"image":{"@id":"https:\/\/previews.elleven.digital\/acocearense\/noticia\/grupo-aco-cearense-participa-do-xiv-seminario-internacional-de-logistica-e-expolog-feira-internacional-de-logistica\/#primaryimage"},"thumbnailUrl":"https:\/\/www.grupoacocearense.com.br\/wp-content\/uploads\/2025\/05\/unnamed-55.jpg","datePublished":"2019-12-04T19:08:37+00:00","dateModified":"2025-05-07T19:09:16+00:00","breadcrumb":{"@id":"https:\/\/previews.elleven.digital\/acocearense\/noticia\/grupo-aco-cearense-participa-do-xiv-seminario-internacional-de-logistica-e-expolog-feira-internacional-de-logistica\/#breadcrumb"},"inLanguage":"en-US","potentialAction":[{"@type":"ReadAction","target":["https:\/\/previews.elleven.digital\/acocearense\/noticia\/grupo-aco-cearense-participa-do-xiv-seminario-internacional-de-logistica-e-expolog-feira-internacional-de-logistica\/"]}]},{"@type":"ImageObject","inLanguage":"en-US","@id":"https:\/\/previews.elleven.digital\/acocearense\/noticia\/grupo-aco-cearense-participa-do-xiv-seminario-internacional-de-logistica-e-expolog-feira-internacional-de-logistica\/#primaryimage","url":"https:\/\/www.grupoacocearense.com.br\/wp-content\/uploads\/2025\/05\/unnamed-55.jpg","contentUrl":"https:\/\/www.grupoacocearense.com.br\/wp-content\/uploads\/2025\/05\/unnamed-55.jpg","width":1024,"height":613},{"@type":"BreadcrumbList","@id":"https:\/\/previews.elleven.digital\/acocearense\/noticia\/grupo-aco-cearense-participa-do-xiv-seminario-internacional-de-logistica-e-expolog-feira-internacional-de-logistica\/#breadcrumb","itemListElement":[{"@type":"ListItem","position":1,"name":"In\u00edcio","item":"https:\/\/www.grupoacocearense.com.br\/"},{"@type":"ListItem","position":2,"name":"Not\u00edcias","item":"https:\/\/previews.elleven.digital\/acocearense\/noticias\/"},{"@type":"ListItem","position":3,"name":"Grupo A\u00e7o Cearense participa do XIV Semin\u00e1rio Internacional de Log\u00edstica e Expolog \u2013 Feira Internacional de Log\u00edstica"}]},{"@type":"WebSite","@id":"https:\/\/previews.elleven.digital\/acocearense\/#website","url":"https:\/\/previews.elleven.digital\/acocearense\/","name":"Cear\u00e1 Steel","description":"In the Brazilian steel market for over 45 years.","alternateName":"A\u00e7o Cearense","potentialAction":[{"@type":"SearchAction","target":{"@type":"EntryPoint","urlTemplate":"https:\/\/previews.elleven.digital\/acocearense\/?s={search_term_string}"},"query-input":{"@type":"PropertyValueSpecification","valueRequired":true,"valueName":"search_term_string"}}],"inLanguage":"en-US"}]}},"_links":{"self":[{"href":"https:\/\/www.grupoacocearense.com.br\/en\/wp-json\/wp\/v2\/noticia\/1952","targetHints":{"allow":["GET"]}}],"collection":[{"href":"https:\/\/www.grupoacocearense.com.br\/en\/wp-json\/wp\/v2\/noticia"}],"about":[{"href":"https:\/\/www.grupoacocearense.com.br\/en\/wp-json\/wp\/v2\/types\/noticia"}],"wp:featuredmedia":[{"embeddable":true,"href":"https:\/\/www.grupoacocearense.com.br\/en\/wp-json\/wp\/v2\/media\/1927"}],"wp:attachment":[{"href":"https:\/\/www.grupoacocearense.com.br\/en\/wp-json\/wp\/v2\/media?parent=1952"}],"wp:term":[{"taxonomy":"categoria-noticia","embeddable":true,"href":"https:\/\/www.grupoacocearense.com.br\/en\/wp-json\/wp\/v2\/categoria-noticia?post=1952"}],"curies":[{"name":"wp","href":"https:\/\/api.w.org\/{rel}","templated":true}]}}