{"id":1942,"date":"2019-11-06T16:06:25","date_gmt":"2019-11-06T19:06:25","guid":{"rendered":"https:\/\/www.grupoacocearense.com.br\/?post_type=noticia&#038;p=1942"},"modified":"2025-05-07T16:06:59","modified_gmt":"2025-05-07T19:06:59","slug":"gestores-do-grupo-aco-cearense-participam-de-treinamento-sobre-delegacao","status":"publish","type":"noticia","link":"https:\/\/www.grupoacocearense.com.br\/en\/noticia\/gestores-do-grupo-aco-cearense-participam-de-treinamento-sobre-delegacao\/","title":{"rendered":"Managers of the A\u00e7o Cearense Group participate in training on delegation"},"content":{"rendered":"<p>As part of the Grupo A\u00e7o Cearense Leadership Development Program, on the morning of November 1st, the Art of Delegating training was held in the ACC Auditorium for Vice-Presidents, Directors, Managers and Coordinators with a large number of employees in their teams.<br \/>\nThe training was led by coach Mar\u00edlia Fiuza, who conducted practical exercises to help develop delegation skills. The training aligned with the actions mapped out in the Individual Development Commitments (CDIs) and the Strategic Planning SWOT, covering topics such as task segmentation, delegation tips, segmentation of subordinates, and monitoring. &quot;The art of delegation is one of the three basic skills for leaders, executives, and entrepreneurs who work in teams,&quot; said the facilitator when discussing the importance of the training.<br \/>\nRom\u00e9rio Alencar, Engineering and Maintenance Manager at A\u00e7o Cearense, commented: &quot;It was a very rewarding experience, where we learned several aspects about delegation and how it enables us to be more successful in our activities. We understand that sharing responsibilities is also an opportunity to develop people within our teams, because no one can achieve anything alone; it&#039;s essential to have a team prepared for challenges and focused on the results we need to achieve.&quot;<br \/>\nMarcinei Cruz, Blast Furnace Manager at SINOBRAS, also commented on the training: &quot;Mar\u00edlia Fiuza&#039;s work is spectacular! I was very pleased with the training because it offered a different approach and helped me gain a better understanding of how I delegate tasks to my team. I can only praise her and say it was very useful and enriching for me,&quot; he said.<br \/>\nCinthia Cavalcanti, Director of Organizational Development and IT, said: &quot;The training challenged us to rethink the command-and-control management model and the need to exercise delegation. Mar\u00edlia Fiuza encouraged us to reflect on practical tips for developing these skills, as well as the role of leadership in building high-performance teams.&quot;<\/p>","protected":false},"featured_media":1931,"template":"","meta":{"_acf_changed":false,"inline_featured_image":false},"categoria-noticia":[],"class_list":["post-1942","noticia","type-noticia","status-publish","has-post-thumbnail","hentry"],"acf":{"link":""},"yoast_head":"<!-- This site is optimized with the Yoast SEO plugin v27.4 - https:\/\/yoast.com\/product\/yoast-seo-wordpress\/ -->\n<title>Gestores do Grupo A\u00e7o Cearense participam de treinamento sobre delega\u00e7\u00e3o - Grupo A\u00e7o Cearense<\/title>\n<meta name=\"robots\" content=\"index, follow, max-snippet:-1, max-image-preview:large, max-video-preview:-1\" \/>\n<link rel=\"canonical\" href=\"https:\/\/previews.elleven.digital\/acocearense\/noticia\/gestores-do-grupo-aco-cearense-participam-de-treinamento-sobre-delegacao\/\" \/>\n<meta property=\"og:locale\" content=\"en_US\" \/>\n<meta property=\"og:type\" content=\"article\" \/>\n<meta property=\"og:title\" content=\"Gestores do Grupo A\u00e7o Cearense participam de treinamento sobre delega\u00e7\u00e3o - Grupo A\u00e7o Cearense\" \/>\n<meta property=\"og:description\" content=\"Como parte do Programa de Desenvolvimento de L\u00edderes do\u00a0Grupo A\u00e7o Cearense, na manh\u00e3 do dia(...)\" \/>\n<meta property=\"og:url\" content=\"https:\/\/previews.elleven.digital\/acocearense\/noticia\/gestores-do-grupo-aco-cearense-participam-de-treinamento-sobre-delegacao\/\" \/>\n<meta property=\"og:site_name\" content=\"Grupo A\u00e7o Cearense\" \/>\n<meta property=\"article:modified_time\" content=\"2025-05-07T19:06:59+00:00\" \/>\n<meta property=\"og:image\" content=\"https:\/\/previews.elleven.digital\/acocearense\/wp-content\/uploads\/2025\/05\/unnamed-18.jpg\" \/>\n\t<meta property=\"og:image:width\" content=\"709\" \/>\n\t<meta property=\"og:image:height\" content=\"598\" \/>\n\t<meta property=\"og:image:type\" content=\"image\/jpeg\" \/>\n<meta name=\"twitter:card\" content=\"summary_large_image\" \/>\n<meta name=\"twitter:label1\" content=\"Est. reading time\" \/>\n\t<meta name=\"twitter:data1\" content=\"2 minutes\" \/>\n<script type=\"application\/ld+json\" class=\"yoast-schema-graph\">{\"@context\":\"https:\\\/\\\/schema.org\",\"@graph\":[{\"@type\":\"WebPage\",\"@id\":\"https:\\\/\\\/previews.elleven.digital\\\/acocearense\\\/noticia\\\/gestores-do-grupo-aco-cearense-participam-de-treinamento-sobre-delegacao\\\/\",\"url\":\"https:\\\/\\\/previews.elleven.digital\\\/acocearense\\\/noticia\\\/gestores-do-grupo-aco-cearense-participam-de-treinamento-sobre-delegacao\\\/\",\"name\":\"Gestores do Grupo A\u00e7o Cearense participam de treinamento sobre delega\u00e7\u00e3o - Grupo A\u00e7o Cearense\",\"isPartOf\":{\"@id\":\"https:\\\/\\\/previews.elleven.digital\\\/acocearense\\\/#website\"},\"primaryImageOfPage\":{\"@id\":\"https:\\\/\\\/previews.elleven.digital\\\/acocearense\\\/noticia\\\/gestores-do-grupo-aco-cearense-participam-de-treinamento-sobre-delegacao\\\/#primaryimage\"},\"image\":{\"@id\":\"https:\\\/\\\/previews.elleven.digital\\\/acocearense\\\/noticia\\\/gestores-do-grupo-aco-cearense-participam-de-treinamento-sobre-delegacao\\\/#primaryimage\"},\"thumbnailUrl\":\"https:\\\/\\\/www.grupoacocearense.com.br\\\/wp-content\\\/uploads\\\/2025\\\/05\\\/unnamed-18.jpg\",\"datePublished\":\"2019-11-06T19:06:25+00:00\",\"dateModified\":\"2025-05-07T19:06:59+00:00\",\"breadcrumb\":{\"@id\":\"https:\\\/\\\/previews.elleven.digital\\\/acocearense\\\/noticia\\\/gestores-do-grupo-aco-cearense-participam-de-treinamento-sobre-delegacao\\\/#breadcrumb\"},\"inLanguage\":\"en-US\",\"potentialAction\":[{\"@type\":\"ReadAction\",\"target\":[\"https:\\\/\\\/previews.elleven.digital\\\/acocearense\\\/noticia\\\/gestores-do-grupo-aco-cearense-participam-de-treinamento-sobre-delegacao\\\/\"]}]},{\"@type\":\"ImageObject\",\"inLanguage\":\"en-US\",\"@id\":\"https:\\\/\\\/previews.elleven.digital\\\/acocearense\\\/noticia\\\/gestores-do-grupo-aco-cearense-participam-de-treinamento-sobre-delegacao\\\/#primaryimage\",\"url\":\"https:\\\/\\\/www.grupoacocearense.com.br\\\/wp-content\\\/uploads\\\/2025\\\/05\\\/unnamed-18.jpg\",\"contentUrl\":\"https:\\\/\\\/www.grupoacocearense.com.br\\\/wp-content\\\/uploads\\\/2025\\\/05\\\/unnamed-18.jpg\",\"width\":709,\"height\":598},{\"@type\":\"BreadcrumbList\",\"@id\":\"https:\\\/\\\/previews.elleven.digital\\\/acocearense\\\/noticia\\\/gestores-do-grupo-aco-cearense-participam-de-treinamento-sobre-delegacao\\\/#breadcrumb\",\"itemListElement\":[{\"@type\":\"ListItem\",\"position\":1,\"name\":\"In\u00edcio\",\"item\":\"https:\\\/\\\/www.grupoacocearense.com.br\\\/\"},{\"@type\":\"ListItem\",\"position\":2,\"name\":\"Not\u00edcias\",\"item\":\"https:\\\/\\\/previews.elleven.digital\\\/acocearense\\\/noticias\\\/\"},{\"@type\":\"ListItem\",\"position\":3,\"name\":\"Gestores do Grupo A\u00e7o Cearense participam de treinamento sobre delega\u00e7\u00e3o\"}]},{\"@type\":\"WebSite\",\"@id\":\"https:\\\/\\\/previews.elleven.digital\\\/acocearense\\\/#website\",\"url\":\"https:\\\/\\\/previews.elleven.digital\\\/acocearense\\\/\",\"name\":\"A\u00e7o Cearense\",\"description\":\"H\u00e1 mais de 45 anos no mercado brasileiro do a\u00e7o.\",\"alternateName\":\"A\u00e7o Cearense\",\"potentialAction\":[{\"@type\":\"SearchAction\",\"target\":{\"@type\":\"EntryPoint\",\"urlTemplate\":\"https:\\\/\\\/previews.elleven.digital\\\/acocearense\\\/?s={search_term_string}\"},\"query-input\":{\"@type\":\"PropertyValueSpecification\",\"valueRequired\":true,\"valueName\":\"search_term_string\"}}],\"inLanguage\":\"en-US\"}]}<\/script>\n<!-- \/ Yoast SEO plugin. -->","yoast_head_json":{"title":"Gestores do Grupo A\u00e7o Cearense participam de treinamento sobre delega\u00e7\u00e3o - Grupo A\u00e7o Cearense","robots":{"index":"index","follow":"follow","max-snippet":"max-snippet:-1","max-image-preview":"max-image-preview:large","max-video-preview":"max-video-preview:-1"},"canonical":"https:\/\/previews.elleven.digital\/acocearense\/noticia\/gestores-do-grupo-aco-cearense-participam-de-treinamento-sobre-delegacao\/","og_locale":"en_US","og_type":"article","og_title":"Gestores do Grupo A\u00e7o Cearense participam de treinamento sobre delega\u00e7\u00e3o - Grupo A\u00e7o Cearense","og_description":"Como parte do Programa de Desenvolvimento de L\u00edderes do\u00a0Grupo A\u00e7o Cearense, na manh\u00e3 do dia(...)","og_url":"https:\/\/previews.elleven.digital\/acocearense\/noticia\/gestores-do-grupo-aco-cearense-participam-de-treinamento-sobre-delegacao\/","og_site_name":"Grupo A\u00e7o Cearense","article_modified_time":"2025-05-07T19:06:59+00:00","og_image":[{"width":709,"height":598,"url":"https:\/\/previews.elleven.digital\/acocearense\/wp-content\/uploads\/2025\/05\/unnamed-18.jpg","type":"image\/jpeg"}],"twitter_card":"summary_large_image","twitter_misc":{"Est. reading time":"2 minutes"},"schema":{"@context":"https:\/\/schema.org","@graph":[{"@type":"WebPage","@id":"https:\/\/previews.elleven.digital\/acocearense\/noticia\/gestores-do-grupo-aco-cearense-participam-de-treinamento-sobre-delegacao\/","url":"https:\/\/previews.elleven.digital\/acocearense\/noticia\/gestores-do-grupo-aco-cearense-participam-de-treinamento-sobre-delegacao\/","name":"Gestores do Grupo A\u00e7o Cearense participam de treinamento sobre delega\u00e7\u00e3o - Grupo A\u00e7o Cearense","isPartOf":{"@id":"https:\/\/previews.elleven.digital\/acocearense\/#website"},"primaryImageOfPage":{"@id":"https:\/\/previews.elleven.digital\/acocearense\/noticia\/gestores-do-grupo-aco-cearense-participam-de-treinamento-sobre-delegacao\/#primaryimage"},"image":{"@id":"https:\/\/previews.elleven.digital\/acocearense\/noticia\/gestores-do-grupo-aco-cearense-participam-de-treinamento-sobre-delegacao\/#primaryimage"},"thumbnailUrl":"https:\/\/www.grupoacocearense.com.br\/wp-content\/uploads\/2025\/05\/unnamed-18.jpg","datePublished":"2019-11-06T19:06:25+00:00","dateModified":"2025-05-07T19:06:59+00:00","breadcrumb":{"@id":"https:\/\/previews.elleven.digital\/acocearense\/noticia\/gestores-do-grupo-aco-cearense-participam-de-treinamento-sobre-delegacao\/#breadcrumb"},"inLanguage":"en-US","potentialAction":[{"@type":"ReadAction","target":["https:\/\/previews.elleven.digital\/acocearense\/noticia\/gestores-do-grupo-aco-cearense-participam-de-treinamento-sobre-delegacao\/"]}]},{"@type":"ImageObject","inLanguage":"en-US","@id":"https:\/\/previews.elleven.digital\/acocearense\/noticia\/gestores-do-grupo-aco-cearense-participam-de-treinamento-sobre-delegacao\/#primaryimage","url":"https:\/\/www.grupoacocearense.com.br\/wp-content\/uploads\/2025\/05\/unnamed-18.jpg","contentUrl":"https:\/\/www.grupoacocearense.com.br\/wp-content\/uploads\/2025\/05\/unnamed-18.jpg","width":709,"height":598},{"@type":"BreadcrumbList","@id":"https:\/\/previews.elleven.digital\/acocearense\/noticia\/gestores-do-grupo-aco-cearense-participam-de-treinamento-sobre-delegacao\/#breadcrumb","itemListElement":[{"@type":"ListItem","position":1,"name":"In\u00edcio","item":"https:\/\/www.grupoacocearense.com.br\/"},{"@type":"ListItem","position":2,"name":"Not\u00edcias","item":"https:\/\/previews.elleven.digital\/acocearense\/noticias\/"},{"@type":"ListItem","position":3,"name":"Gestores do Grupo A\u00e7o Cearense participam de treinamento sobre delega\u00e7\u00e3o"}]},{"@type":"WebSite","@id":"https:\/\/previews.elleven.digital\/acocearense\/#website","url":"https:\/\/previews.elleven.digital\/acocearense\/","name":"Cear\u00e1 Steel","description":"In the Brazilian steel market for over 45 years.","alternateName":"A\u00e7o Cearense","potentialAction":[{"@type":"SearchAction","target":{"@type":"EntryPoint","urlTemplate":"https:\/\/previews.elleven.digital\/acocearense\/?s={search_term_string}"},"query-input":{"@type":"PropertyValueSpecification","valueRequired":true,"valueName":"search_term_string"}}],"inLanguage":"en-US"}]}},"_links":{"self":[{"href":"https:\/\/www.grupoacocearense.com.br\/en\/wp-json\/wp\/v2\/noticia\/1942","targetHints":{"allow":["GET"]}}],"collection":[{"href":"https:\/\/www.grupoacocearense.com.br\/en\/wp-json\/wp\/v2\/noticia"}],"about":[{"href":"https:\/\/www.grupoacocearense.com.br\/en\/wp-json\/wp\/v2\/types\/noticia"}],"wp:featuredmedia":[{"embeddable":true,"href":"https:\/\/www.grupoacocearense.com.br\/en\/wp-json\/wp\/v2\/media\/1931"}],"wp:attachment":[{"href":"https:\/\/www.grupoacocearense.com.br\/en\/wp-json\/wp\/v2\/media?parent=1942"}],"wp:term":[{"taxonomy":"categoria-noticia","embeddable":true,"href":"https:\/\/www.grupoacocearense.com.br\/en\/wp-json\/wp\/v2\/categoria-noticia?post=1942"}],"curies":[{"name":"wp","href":"https:\/\/api.w.org\/{rel}","templated":true}]}}