{"id":1925,"date":"2019-10-23T15:58:22","date_gmt":"2019-10-23T18:58:22","guid":{"rendered":"https:\/\/www.grupoacocearense.com.br\/?post_type=noticia&#038;p=1925"},"modified":"2025-05-07T16:03:34","modified_gmt":"2025-05-07T19:03:34","slug":"aco-cearense-industrial-na-semana-interna-de-prevencao-de-acidentes-da-companhia-siderurgica-do-pecem","status":"publish","type":"noticia","link":"https:\/\/www.grupoacocearense.com.br\/en\/noticia\/aco-cearense-industrial-na-semana-interna-de-prevencao-de-acidentes-da-companhia-siderurgica-do-pecem\/","title":{"rendered":"A\u00e7o Cearense Industrial at the Internal Accident Prevention Week of the Pec\u00e9m Steel Company"},"content":{"rendered":"<p>On Friday, 10\/18, 11 employees, members of the Companhia Sider\u00fargica do Pec\u00e9m and the A\u00e7o Cearense Industrial Produ\u00e7\u00e3o da Matriz team, gave a theater presentation on Safe Behavior during the Internal Accident Prevention Week (SIPAT) of the Companhia Sider\u00fargica do Pec\u00e9m (CSP), seeking, even with a playful comedic tone, to bring a deep reflection on the importance of accident prevention.<br \/>\nThe CSP&#039;s invitation came about following the Instituto A\u00e7o Brasil&#039;s Occupational Safety Meeting, held in April of this year at the ACI, which featured a theater performance by these employees. The A\u00e7o Cearense Group, which was specially invited to the event, consists of five actors and six technicians providing artistic support for costumes, art direction, and audiovisual work.<br \/>\nMilton Lima, Industrial Director of [the company], commented on their participation in the event: &quot;I appreciate the contribution and creativity of this theater team in their pursuit of accident reduction. This demonstrates our commitment to our safety policy and tools, extending and sharing the importance of this beyond our company. I congratulate all these employees for their participation, both in solving and implementing safety issues,&quot; he concluded.<br \/>\nThe play tells the story of Death, who visits CSP to inspect who is complying with safety regulations. However, thanks to the company&#039;s well-defined procedures and standards, everyone is saved.<\/p>","protected":false},"featured_media":1937,"template":"","meta":{"_acf_changed":false,"inline_featured_image":false},"categoria-noticia":[],"class_list":["post-1925","noticia","type-noticia","status-publish","has-post-thumbnail","hentry"],"acf":{"link":""},"yoast_head":"<!-- This site is optimized with the Yoast SEO plugin v27.4 - https:\/\/yoast.com\/product\/yoast-seo-wordpress\/ -->\n<title>A\u00e7o Cearense Industrial na Semana Interna de Preven\u00e7\u00e3o de Acidentes da Companhia Sider\u00fargica do Pec\u00e9m - Grupo A\u00e7o Cearense<\/title>\n<meta name=\"robots\" content=\"index, follow, max-snippet:-1, max-image-preview:large, max-video-preview:-1\" \/>\n<link rel=\"canonical\" href=\"https:\/\/previews.elleven.digital\/acocearense\/noticia\/aco-cearense-industrial-na-semana-interna-de-prevencao-de-acidentes-da-companhia-siderurgica-do-pecem\/\" \/>\n<meta property=\"og:locale\" content=\"en_US\" \/>\n<meta property=\"og:type\" content=\"article\" \/>\n<meta property=\"og:title\" content=\"A\u00e7o Cearense Industrial na Semana Interna de Preven\u00e7\u00e3o de Acidentes da Companhia Sider\u00fargica do Pec\u00e9m - Grupo A\u00e7o Cearense\" \/>\n<meta property=\"og:description\" content=\"Na sexta, 18\/10, 11 colaboradores, integrantes da\u00a0Companhia Sider\u00fargica do Pec\u00e9m e da equipe de A\u00e7o(...)\" \/>\n<meta property=\"og:url\" content=\"https:\/\/previews.elleven.digital\/acocearense\/noticia\/aco-cearense-industrial-na-semana-interna-de-prevencao-de-acidentes-da-companhia-siderurgica-do-pecem\/\" \/>\n<meta property=\"og:site_name\" content=\"Grupo A\u00e7o Cearense\" \/>\n<meta property=\"article:modified_time\" content=\"2025-05-07T19:03:34+00:00\" \/>\n<meta property=\"og:image\" content=\"https:\/\/previews.elleven.digital\/acocearense\/wp-content\/uploads\/2025\/05\/Design-sem-nome-2-2.png\" \/>\n\t<meta property=\"og:image:width\" content=\"400\" \/>\n\t<meta property=\"og:image:height\" content=\"300\" \/>\n\t<meta property=\"og:image:type\" content=\"image\/png\" \/>\n<meta name=\"twitter:card\" content=\"summary_large_image\" \/>\n<meta name=\"twitter:label1\" content=\"Est. reading time\" \/>\n\t<meta name=\"twitter:data1\" content=\"2 minutes\" \/>\n<script type=\"application\/ld+json\" class=\"yoast-schema-graph\">{\"@context\":\"https:\\\/\\\/schema.org\",\"@graph\":[{\"@type\":\"WebPage\",\"@id\":\"https:\\\/\\\/previews.elleven.digital\\\/acocearense\\\/noticia\\\/aco-cearense-industrial-na-semana-interna-de-prevencao-de-acidentes-da-companhia-siderurgica-do-pecem\\\/\",\"url\":\"https:\\\/\\\/previews.elleven.digital\\\/acocearense\\\/noticia\\\/aco-cearense-industrial-na-semana-interna-de-prevencao-de-acidentes-da-companhia-siderurgica-do-pecem\\\/\",\"name\":\"A\u00e7o Cearense Industrial na Semana Interna de Preven\u00e7\u00e3o de Acidentes da Companhia Sider\u00fargica do Pec\u00e9m - Grupo A\u00e7o Cearense\",\"isPartOf\":{\"@id\":\"https:\\\/\\\/previews.elleven.digital\\\/acocearense\\\/#website\"},\"primaryImageOfPage\":{\"@id\":\"https:\\\/\\\/previews.elleven.digital\\\/acocearense\\\/noticia\\\/aco-cearense-industrial-na-semana-interna-de-prevencao-de-acidentes-da-companhia-siderurgica-do-pecem\\\/#primaryimage\"},\"image\":{\"@id\":\"https:\\\/\\\/previews.elleven.digital\\\/acocearense\\\/noticia\\\/aco-cearense-industrial-na-semana-interna-de-prevencao-de-acidentes-da-companhia-siderurgica-do-pecem\\\/#primaryimage\"},\"thumbnailUrl\":\"https:\\\/\\\/www.grupoacocearense.com.br\\\/wp-content\\\/uploads\\\/2025\\\/05\\\/Design-sem-nome-2-2.png\",\"datePublished\":\"2019-10-23T18:58:22+00:00\",\"dateModified\":\"2025-05-07T19:03:34+00:00\",\"breadcrumb\":{\"@id\":\"https:\\\/\\\/previews.elleven.digital\\\/acocearense\\\/noticia\\\/aco-cearense-industrial-na-semana-interna-de-prevencao-de-acidentes-da-companhia-siderurgica-do-pecem\\\/#breadcrumb\"},\"inLanguage\":\"en-US\",\"potentialAction\":[{\"@type\":\"ReadAction\",\"target\":[\"https:\\\/\\\/previews.elleven.digital\\\/acocearense\\\/noticia\\\/aco-cearense-industrial-na-semana-interna-de-prevencao-de-acidentes-da-companhia-siderurgica-do-pecem\\\/\"]}]},{\"@type\":\"ImageObject\",\"inLanguage\":\"en-US\",\"@id\":\"https:\\\/\\\/previews.elleven.digital\\\/acocearense\\\/noticia\\\/aco-cearense-industrial-na-semana-interna-de-prevencao-de-acidentes-da-companhia-siderurgica-do-pecem\\\/#primaryimage\",\"url\":\"https:\\\/\\\/www.grupoacocearense.com.br\\\/wp-content\\\/uploads\\\/2025\\\/05\\\/Design-sem-nome-2-2.png\",\"contentUrl\":\"https:\\\/\\\/www.grupoacocearense.com.br\\\/wp-content\\\/uploads\\\/2025\\\/05\\\/Design-sem-nome-2-2.png\",\"width\":400,\"height\":300},{\"@type\":\"BreadcrumbList\",\"@id\":\"https:\\\/\\\/previews.elleven.digital\\\/acocearense\\\/noticia\\\/aco-cearense-industrial-na-semana-interna-de-prevencao-de-acidentes-da-companhia-siderurgica-do-pecem\\\/#breadcrumb\",\"itemListElement\":[{\"@type\":\"ListItem\",\"position\":1,\"name\":\"In\u00edcio\",\"item\":\"https:\\\/\\\/www.grupoacocearense.com.br\\\/\"},{\"@type\":\"ListItem\",\"position\":2,\"name\":\"Not\u00edcias\",\"item\":\"https:\\\/\\\/previews.elleven.digital\\\/acocearense\\\/noticias\\\/\"},{\"@type\":\"ListItem\",\"position\":3,\"name\":\"A\u00e7o Cearense Industrial na Semana Interna de Preven\u00e7\u00e3o de Acidentes da Companhia Sider\u00fargica do Pec\u00e9m\"}]},{\"@type\":\"WebSite\",\"@id\":\"https:\\\/\\\/previews.elleven.digital\\\/acocearense\\\/#website\",\"url\":\"https:\\\/\\\/previews.elleven.digital\\\/acocearense\\\/\",\"name\":\"A\u00e7o Cearense\",\"description\":\"H\u00e1 mais de 45 anos no mercado brasileiro do a\u00e7o.\",\"alternateName\":\"A\u00e7o Cearense\",\"potentialAction\":[{\"@type\":\"SearchAction\",\"target\":{\"@type\":\"EntryPoint\",\"urlTemplate\":\"https:\\\/\\\/previews.elleven.digital\\\/acocearense\\\/?s={search_term_string}\"},\"query-input\":{\"@type\":\"PropertyValueSpecification\",\"valueRequired\":true,\"valueName\":\"search_term_string\"}}],\"inLanguage\":\"en-US\"}]}<\/script>\n<!-- \/ Yoast SEO plugin. -->","yoast_head_json":{"title":"A\u00e7o Cearense Industrial na Semana Interna de Preven\u00e7\u00e3o de Acidentes da Companhia Sider\u00fargica do Pec\u00e9m - Grupo A\u00e7o Cearense","robots":{"index":"index","follow":"follow","max-snippet":"max-snippet:-1","max-image-preview":"max-image-preview:large","max-video-preview":"max-video-preview:-1"},"canonical":"https:\/\/previews.elleven.digital\/acocearense\/noticia\/aco-cearense-industrial-na-semana-interna-de-prevencao-de-acidentes-da-companhia-siderurgica-do-pecem\/","og_locale":"en_US","og_type":"article","og_title":"A\u00e7o Cearense Industrial na Semana Interna de Preven\u00e7\u00e3o de Acidentes da Companhia Sider\u00fargica do Pec\u00e9m - Grupo A\u00e7o Cearense","og_description":"Na sexta, 18\/10, 11 colaboradores, integrantes da\u00a0Companhia Sider\u00fargica do Pec\u00e9m e da equipe de A\u00e7o(...)","og_url":"https:\/\/previews.elleven.digital\/acocearense\/noticia\/aco-cearense-industrial-na-semana-interna-de-prevencao-de-acidentes-da-companhia-siderurgica-do-pecem\/","og_site_name":"Grupo A\u00e7o Cearense","article_modified_time":"2025-05-07T19:03:34+00:00","og_image":[{"width":400,"height":300,"url":"https:\/\/previews.elleven.digital\/acocearense\/wp-content\/uploads\/2025\/05\/Design-sem-nome-2-2.png","type":"image\/png"}],"twitter_card":"summary_large_image","twitter_misc":{"Est. reading time":"2 minutes"},"schema":{"@context":"https:\/\/schema.org","@graph":[{"@type":"WebPage","@id":"https:\/\/previews.elleven.digital\/acocearense\/noticia\/aco-cearense-industrial-na-semana-interna-de-prevencao-de-acidentes-da-companhia-siderurgica-do-pecem\/","url":"https:\/\/previews.elleven.digital\/acocearense\/noticia\/aco-cearense-industrial-na-semana-interna-de-prevencao-de-acidentes-da-companhia-siderurgica-do-pecem\/","name":"A\u00e7o Cearense Industrial na Semana Interna de Preven\u00e7\u00e3o de Acidentes da Companhia Sider\u00fargica do Pec\u00e9m - Grupo A\u00e7o Cearense","isPartOf":{"@id":"https:\/\/previews.elleven.digital\/acocearense\/#website"},"primaryImageOfPage":{"@id":"https:\/\/previews.elleven.digital\/acocearense\/noticia\/aco-cearense-industrial-na-semana-interna-de-prevencao-de-acidentes-da-companhia-siderurgica-do-pecem\/#primaryimage"},"image":{"@id":"https:\/\/previews.elleven.digital\/acocearense\/noticia\/aco-cearense-industrial-na-semana-interna-de-prevencao-de-acidentes-da-companhia-siderurgica-do-pecem\/#primaryimage"},"thumbnailUrl":"https:\/\/www.grupoacocearense.com.br\/wp-content\/uploads\/2025\/05\/Design-sem-nome-2-2.png","datePublished":"2019-10-23T18:58:22+00:00","dateModified":"2025-05-07T19:03:34+00:00","breadcrumb":{"@id":"https:\/\/previews.elleven.digital\/acocearense\/noticia\/aco-cearense-industrial-na-semana-interna-de-prevencao-de-acidentes-da-companhia-siderurgica-do-pecem\/#breadcrumb"},"inLanguage":"en-US","potentialAction":[{"@type":"ReadAction","target":["https:\/\/previews.elleven.digital\/acocearense\/noticia\/aco-cearense-industrial-na-semana-interna-de-prevencao-de-acidentes-da-companhia-siderurgica-do-pecem\/"]}]},{"@type":"ImageObject","inLanguage":"en-US","@id":"https:\/\/previews.elleven.digital\/acocearense\/noticia\/aco-cearense-industrial-na-semana-interna-de-prevencao-de-acidentes-da-companhia-siderurgica-do-pecem\/#primaryimage","url":"https:\/\/www.grupoacocearense.com.br\/wp-content\/uploads\/2025\/05\/Design-sem-nome-2-2.png","contentUrl":"https:\/\/www.grupoacocearense.com.br\/wp-content\/uploads\/2025\/05\/Design-sem-nome-2-2.png","width":400,"height":300},{"@type":"BreadcrumbList","@id":"https:\/\/previews.elleven.digital\/acocearense\/noticia\/aco-cearense-industrial-na-semana-interna-de-prevencao-de-acidentes-da-companhia-siderurgica-do-pecem\/#breadcrumb","itemListElement":[{"@type":"ListItem","position":1,"name":"In\u00edcio","item":"https:\/\/www.grupoacocearense.com.br\/"},{"@type":"ListItem","position":2,"name":"Not\u00edcias","item":"https:\/\/previews.elleven.digital\/acocearense\/noticias\/"},{"@type":"ListItem","position":3,"name":"A\u00e7o Cearense Industrial na Semana Interna de Preven\u00e7\u00e3o de Acidentes da Companhia Sider\u00fargica do Pec\u00e9m"}]},{"@type":"WebSite","@id":"https:\/\/previews.elleven.digital\/acocearense\/#website","url":"https:\/\/previews.elleven.digital\/acocearense\/","name":"Cear\u00e1 Steel","description":"In the Brazilian steel market for over 45 years.","alternateName":"A\u00e7o Cearense","potentialAction":[{"@type":"SearchAction","target":{"@type":"EntryPoint","urlTemplate":"https:\/\/previews.elleven.digital\/acocearense\/?s={search_term_string}"},"query-input":{"@type":"PropertyValueSpecification","valueRequired":true,"valueName":"search_term_string"}}],"inLanguage":"en-US"}]}},"_links":{"self":[{"href":"https:\/\/www.grupoacocearense.com.br\/en\/wp-json\/wp\/v2\/noticia\/1925","targetHints":{"allow":["GET"]}}],"collection":[{"href":"https:\/\/www.grupoacocearense.com.br\/en\/wp-json\/wp\/v2\/noticia"}],"about":[{"href":"https:\/\/www.grupoacocearense.com.br\/en\/wp-json\/wp\/v2\/types\/noticia"}],"wp:featuredmedia":[{"embeddable":true,"href":"https:\/\/www.grupoacocearense.com.br\/en\/wp-json\/wp\/v2\/media\/1937"}],"wp:attachment":[{"href":"https:\/\/www.grupoacocearense.com.br\/en\/wp-json\/wp\/v2\/media?parent=1925"}],"wp:term":[{"taxonomy":"categoria-noticia","embeddable":true,"href":"https:\/\/www.grupoacocearense.com.br\/en\/wp-json\/wp\/v2\/categoria-noticia?post=1925"}],"curies":[{"name":"wp","href":"https:\/\/api.w.org\/{rel}","templated":true}]}}