{"id":1921,"date":"2019-10-16T15:56:03","date_gmt":"2019-10-16T18:56:03","guid":{"rendered":"https:\/\/www.grupoacocearense.com.br\/?post_type=noticia&#038;p=1921"},"modified":"2025-05-07T15:56:35","modified_gmt":"2025-05-07T18:56:35","slug":"40-anos-do-grupo-aco-cearense","status":"publish","type":"noticia","link":"https:\/\/www.grupoacocearense.com.br\/en\/noticia\/40-anos-do-grupo-aco-cearense\/","title":{"rendered":"40 years of the Cearense Steel Group"},"content":{"rendered":"<p>Yesterday, October 15th, the A\u00e7o Cearense Group celebrated four decades of service and credibility in the national steel market. The milestone was celebrated across all of its nearly 4,000 employees with a cake, congratulations, speeches, and prayers.<br \/>\nPresident Vilmar Ferreira and directors attended the celebrations to celebrate the date alongside the employees who help build the Group&#039;s success story. The following testimonials demonstrate their affection and satisfaction in being part of GAC:<\/p>\n<div id=\"attachment_6419\" class=\"wp-caption alignleft\"><img loading=\"lazy\" decoding=\"async\" class=\"wp-image-6419\" src=\"https:\/\/grupoacocearense.com.br\/wp-content\/uploads\/2019\/12\/unnamed-2-289x300.jpg\" sizes=\"auto, (max-width: 214px) 100vw, 214px\" srcset=\"https:\/\/www.grupoacocearense.com.br\/wp-content\/uploads\/2019\/12\/unnamed-2-289x300.jpg 289w, https:\/\/www.grupoacocearense.com.br\/wp-content\/uploads\/2019\/12\/unnamed-2-768x797.jpg 768w, https:\/\/www.grupoacocearense.com.br\/wp-content\/uploads\/2019\/12\/unnamed-2-987x1024.jpg 987w, https:\/\/www.grupoacocearense.com.br\/wp-content\/uploads\/2019\/12\/unnamed-2.jpg 1873w\" alt=\"Vera Lima, Analista de Cr\u00e9ditos da ACC\" width=\"214\" height=\"222\" aria-describedby=\"caption-attachment-6419\" \/><\/p>\n<p id=\"caption-attachment-6419\" class=\"wp-caption-text\">Vera Lima, ACC Credit Analyst<\/p>\n<\/div>\n<p>&quot;I was very honored and grateful to have been chosen by Mr. Vilmar to receive the first piece of the cake celebrating GAC&#039;s 40th anniversary. Today, after 28 years with the company, I am happy and professionally fulfilled. For everything I have, I thank God and the A\u00e7o Cearense Group!&quot; \u2013 Vera Lima, Credit Analyst at ACC.<\/p>\n<div id=\"attachment_6420\" class=\"wp-caption alignright\"><img loading=\"lazy\" decoding=\"async\" class=\"wp-image-6420\" src=\"https:\/\/grupoacocearense.com.br\/wp-content\/uploads\/2019\/12\/unnamed-3-285x300.jpg\" sizes=\"auto, (max-width: 161px) 100vw, 161px\" srcset=\"https:\/\/www.grupoacocearense.com.br\/wp-content\/uploads\/2019\/12\/unnamed-3-285x300.jpg 285w, https:\/\/www.grupoacocearense.com.br\/wp-content\/uploads\/2019\/12\/unnamed-3.jpg 473w\" alt=\"Ad\u00e3o Silva \u2013 T\u00e9cnico de Seguran\u00e7a da SINOBRAS Florestal.\" width=\"161\" height=\"169\" aria-describedby=\"caption-attachment-6420\" \/><\/p>\n<p id=\"caption-attachment-6420\" class=\"wp-caption-text\">Ad\u00e3o Silva \u2013 Safety Technician at SINOBRAS Florestal.<\/p>\n<\/div>\n<p>&quot;It gives me great pride and satisfaction to be able to work for a great group like GAC. I can only thank God, first and foremost, and the Group for giving me the opportunity to know and work at SINOBRAS Florestal. I&#039;m happy to be part of this story! It&#039;s gratifying to be able to witness and follow the changes and continuous improvements over the 10 years I&#039;ve been with the company. For the years to come, I hope our partnership continues and allows us to grow even further. May the Group continue to prosper and remain among the best, and may more and more years of victories and success come for all of us.&quot; \u2013 Ad\u00e3o Silva \u2013 Safety Technician at SINOBRAS Florestal.<\/p>\n<div id=\"attachment_6421\" class=\"wp-caption alignleft\"><img loading=\"lazy\" decoding=\"async\" class=\"wp-image-6421\" src=\"https:\/\/grupoacocearense.com.br\/wp-content\/uploads\/2019\/12\/unnamed-4-249x300.jpg\" sizes=\"auto, (max-width: 161px) 100vw, 161px\" srcset=\"https:\/\/www.grupoacocearense.com.br\/wp-content\/uploads\/2019\/12\/unnamed-4-249x300.jpg 249w, https:\/\/www.grupoacocearense.com.br\/wp-content\/uploads\/2019\/12\/unnamed-4.jpg 320w\" alt=\"Valderi Guimar\u00e3es, da Gest\u00e3o de Frota da ACI Matriz.\" width=\"161\" height=\"194\" aria-describedby=\"caption-attachment-6421\" \/><\/p>\n<p id=\"caption-attachment-6421\" class=\"wp-caption-text\">Valderi Guimar\u00e3es, from Fleet Management at ACI Matriz.<\/p>\n<\/div>\n<p>&quot;In all my 20 years at GAC, I&#039;ve done everything with dedication and passion, never settling for anything, overcoming challenges daily. I started here sweeping floors, then moved on to MEP and Shipping, and have been a driver for five years. I thank God for getting us this far and pray for good health, strength, and courage as we move forward.&quot; \u2013 Valderi Guimar\u00e3es, Fleet Management at ACI Matriz.<\/p>\n<div id=\"attachment_6422\" class=\"wp-caption alignright\"><img loading=\"lazy\" decoding=\"async\" class=\"wp-image-6422\" src=\"https:\/\/grupoacocearense.com.br\/wp-content\/uploads\/2019\/12\/unnamed-4-1-277x300.jpg\" sizes=\"auto, (max-width: 196px) 100vw, 196px\" srcset=\"https:\/\/www.grupoacocearense.com.br\/wp-content\/uploads\/2019\/12\/unnamed-4-1-277x300.jpg 277w, https:\/\/www.grupoacocearense.com.br\/wp-content\/uploads\/2019\/12\/unnamed-4-1-768x832.jpg 768w, https:\/\/www.grupoacocearense.com.br\/wp-content\/uploads\/2019\/12\/unnamed-4-1-945x1024.jpg 945w, https:\/\/www.grupoacocearense.com.br\/wp-content\/uploads\/2019\/12\/unnamed-4-1.jpg 960w\" alt=\"Renato Sabino, Analista de Sistemas da TI da SINOBRAS\" width=\"196\" height=\"212\" aria-describedby=\"caption-attachment-6422\" \/><\/p>\n<p id=\"caption-attachment-6422\" class=\"wp-caption-text\">Renato Sabino, IT Systems Analyst at SINOBRAS<\/p>\n<\/div>\n<p>&quot;Joining Grupo A\u00e7o Cearense was very rewarding, as the work environment fosters constant professional development. Knowing that my work contributes to the growth of a group that has been sustainably operating in the Brazilian steel market for 40 years is very rewarding. I expect significant growth for GAC in the coming years. I&#039;m very happy to be part of this story!&quot; \u2013 Renato Sabino, IT Systems Analyst at SINOBRAS.<\/p>\n<p><img loading=\"lazy\" decoding=\"async\" class=\"wp-image-6423 aligncenter\" src=\"https:\/\/grupoacocearense.com.br\/wp-content\/uploads\/2019\/12\/unnamed-5-300x212.jpg\" sizes=\"auto, (max-width: 454px) 100vw, 454px\" srcset=\"https:\/\/www.grupoacocearense.com.br\/wp-content\/uploads\/2019\/12\/unnamed-5-300x212.jpg 300w, https:\/\/www.grupoacocearense.com.br\/wp-content\/uploads\/2019\/12\/unnamed-5-768x543.jpg 768w, https:\/\/www.grupoacocearense.com.br\/wp-content\/uploads\/2019\/12\/unnamed-5.jpg 1024w\" alt=\" melhores momentos:\" width=\"454\" height=\"321\" \/><\/p>","protected":false},"featured_media":1909,"template":"","meta":{"_acf_changed":false,"inline_featured_image":false},"categoria-noticia":[],"class_list":["post-1921","noticia","type-noticia","status-publish","has-post-thumbnail","hentry"],"acf":{"link":""},"yoast_head":"<!-- This site is optimized with the Yoast SEO plugin v27.4 - https:\/\/yoast.com\/product\/yoast-seo-wordpress\/ -->\n<title>40 anos do Grupo A\u00e7o Cearense - Grupo A\u00e7o Cearense<\/title>\n<meta name=\"robots\" content=\"index, follow, max-snippet:-1, max-image-preview:large, max-video-preview:-1\" \/>\n<link rel=\"canonical\" href=\"https:\/\/previews.elleven.digital\/acocearense\/noticia\/40-anos-do-grupo-aco-cearense\/\" \/>\n<meta property=\"og:locale\" content=\"en_US\" \/>\n<meta property=\"og:type\" content=\"article\" \/>\n<meta property=\"og:title\" content=\"40 anos do Grupo A\u00e7o Cearense - Grupo A\u00e7o Cearense\" \/>\n<meta property=\"og:description\" content=\"Ontem, 15\/10 o Grupo A\u00e7o Cearense completou quatro d\u00e9cadas de atua\u00e7\u00e3o e credibilidade no mercado(...)\" \/>\n<meta property=\"og:url\" content=\"https:\/\/previews.elleven.digital\/acocearense\/noticia\/40-anos-do-grupo-aco-cearense\/\" \/>\n<meta property=\"og:site_name\" content=\"Grupo A\u00e7o Cearense\" \/>\n<meta property=\"article:modified_time\" content=\"2025-05-07T18:56:35+00:00\" \/>\n<meta property=\"og:image\" content=\"https:\/\/previews.elleven.digital\/acocearense\/wp-content\/uploads\/2025\/05\/unnamed-5.jpg\" \/>\n\t<meta property=\"og:image:width\" content=\"1024\" \/>\n\t<meta property=\"og:image:height\" content=\"724\" \/>\n\t<meta property=\"og:image:type\" content=\"image\/jpeg\" \/>\n<meta name=\"twitter:card\" content=\"summary_large_image\" \/>\n<meta name=\"twitter:label1\" content=\"Est. reading time\" \/>\n\t<meta name=\"twitter:data1\" content=\"1 minute\" \/>\n<script type=\"application\/ld+json\" class=\"yoast-schema-graph\">{\"@context\":\"https:\\\/\\\/schema.org\",\"@graph\":[{\"@type\":\"WebPage\",\"@id\":\"https:\\\/\\\/previews.elleven.digital\\\/acocearense\\\/noticia\\\/40-anos-do-grupo-aco-cearense\\\/\",\"url\":\"https:\\\/\\\/previews.elleven.digital\\\/acocearense\\\/noticia\\\/40-anos-do-grupo-aco-cearense\\\/\",\"name\":\"40 anos do Grupo A\u00e7o Cearense - Grupo A\u00e7o Cearense\",\"isPartOf\":{\"@id\":\"https:\\\/\\\/previews.elleven.digital\\\/acocearense\\\/#website\"},\"primaryImageOfPage\":{\"@id\":\"https:\\\/\\\/previews.elleven.digital\\\/acocearense\\\/noticia\\\/40-anos-do-grupo-aco-cearense\\\/#primaryimage\"},\"image\":{\"@id\":\"https:\\\/\\\/previews.elleven.digital\\\/acocearense\\\/noticia\\\/40-anos-do-grupo-aco-cearense\\\/#primaryimage\"},\"thumbnailUrl\":\"https:\\\/\\\/www.grupoacocearense.com.br\\\/wp-content\\\/uploads\\\/2025\\\/05\\\/unnamed-5.jpg\",\"datePublished\":\"2019-10-16T18:56:03+00:00\",\"dateModified\":\"2025-05-07T18:56:35+00:00\",\"breadcrumb\":{\"@id\":\"https:\\\/\\\/previews.elleven.digital\\\/acocearense\\\/noticia\\\/40-anos-do-grupo-aco-cearense\\\/#breadcrumb\"},\"inLanguage\":\"en-US\",\"potentialAction\":[{\"@type\":\"ReadAction\",\"target\":[\"https:\\\/\\\/previews.elleven.digital\\\/acocearense\\\/noticia\\\/40-anos-do-grupo-aco-cearense\\\/\"]}]},{\"@type\":\"ImageObject\",\"inLanguage\":\"en-US\",\"@id\":\"https:\\\/\\\/previews.elleven.digital\\\/acocearense\\\/noticia\\\/40-anos-do-grupo-aco-cearense\\\/#primaryimage\",\"url\":\"https:\\\/\\\/www.grupoacocearense.com.br\\\/wp-content\\\/uploads\\\/2025\\\/05\\\/unnamed-5.jpg\",\"contentUrl\":\"https:\\\/\\\/www.grupoacocearense.com.br\\\/wp-content\\\/uploads\\\/2025\\\/05\\\/unnamed-5.jpg\",\"width\":1024,\"height\":724},{\"@type\":\"BreadcrumbList\",\"@id\":\"https:\\\/\\\/previews.elleven.digital\\\/acocearense\\\/noticia\\\/40-anos-do-grupo-aco-cearense\\\/#breadcrumb\",\"itemListElement\":[{\"@type\":\"ListItem\",\"position\":1,\"name\":\"In\u00edcio\",\"item\":\"https:\\\/\\\/www.grupoacocearense.com.br\\\/\"},{\"@type\":\"ListItem\",\"position\":2,\"name\":\"Not\u00edcias\",\"item\":\"https:\\\/\\\/previews.elleven.digital\\\/acocearense\\\/noticias\\\/\"},{\"@type\":\"ListItem\",\"position\":3,\"name\":\"40 anos do Grupo A\u00e7o Cearense\"}]},{\"@type\":\"WebSite\",\"@id\":\"https:\\\/\\\/previews.elleven.digital\\\/acocearense\\\/#website\",\"url\":\"https:\\\/\\\/previews.elleven.digital\\\/acocearense\\\/\",\"name\":\"A\u00e7o Cearense\",\"description\":\"H\u00e1 mais de 45 anos no mercado brasileiro do a\u00e7o.\",\"alternateName\":\"A\u00e7o Cearense\",\"potentialAction\":[{\"@type\":\"SearchAction\",\"target\":{\"@type\":\"EntryPoint\",\"urlTemplate\":\"https:\\\/\\\/previews.elleven.digital\\\/acocearense\\\/?s={search_term_string}\"},\"query-input\":{\"@type\":\"PropertyValueSpecification\",\"valueRequired\":true,\"valueName\":\"search_term_string\"}}],\"inLanguage\":\"en-US\"}]}<\/script>\n<!-- \/ Yoast SEO plugin. -->","yoast_head_json":{"title":"40 anos do Grupo A\u00e7o Cearense - Grupo A\u00e7o Cearense","robots":{"index":"index","follow":"follow","max-snippet":"max-snippet:-1","max-image-preview":"max-image-preview:large","max-video-preview":"max-video-preview:-1"},"canonical":"https:\/\/previews.elleven.digital\/acocearense\/noticia\/40-anos-do-grupo-aco-cearense\/","og_locale":"en_US","og_type":"article","og_title":"40 anos do Grupo A\u00e7o Cearense - Grupo A\u00e7o Cearense","og_description":"Ontem, 15\/10 o Grupo A\u00e7o Cearense completou quatro d\u00e9cadas de atua\u00e7\u00e3o e credibilidade no mercado(...)","og_url":"https:\/\/previews.elleven.digital\/acocearense\/noticia\/40-anos-do-grupo-aco-cearense\/","og_site_name":"Grupo A\u00e7o Cearense","article_modified_time":"2025-05-07T18:56:35+00:00","og_image":[{"width":1024,"height":724,"url":"https:\/\/previews.elleven.digital\/acocearense\/wp-content\/uploads\/2025\/05\/unnamed-5.jpg","type":"image\/jpeg"}],"twitter_card":"summary_large_image","twitter_misc":{"Est. reading time":"1 minute"},"schema":{"@context":"https:\/\/schema.org","@graph":[{"@type":"WebPage","@id":"https:\/\/previews.elleven.digital\/acocearense\/noticia\/40-anos-do-grupo-aco-cearense\/","url":"https:\/\/previews.elleven.digital\/acocearense\/noticia\/40-anos-do-grupo-aco-cearense\/","name":"40 anos do Grupo A\u00e7o Cearense - Grupo A\u00e7o Cearense","isPartOf":{"@id":"https:\/\/previews.elleven.digital\/acocearense\/#website"},"primaryImageOfPage":{"@id":"https:\/\/previews.elleven.digital\/acocearense\/noticia\/40-anos-do-grupo-aco-cearense\/#primaryimage"},"image":{"@id":"https:\/\/previews.elleven.digital\/acocearense\/noticia\/40-anos-do-grupo-aco-cearense\/#primaryimage"},"thumbnailUrl":"https:\/\/www.grupoacocearense.com.br\/wp-content\/uploads\/2025\/05\/unnamed-5.jpg","datePublished":"2019-10-16T18:56:03+00:00","dateModified":"2025-05-07T18:56:35+00:00","breadcrumb":{"@id":"https:\/\/previews.elleven.digital\/acocearense\/noticia\/40-anos-do-grupo-aco-cearense\/#breadcrumb"},"inLanguage":"en-US","potentialAction":[{"@type":"ReadAction","target":["https:\/\/previews.elleven.digital\/acocearense\/noticia\/40-anos-do-grupo-aco-cearense\/"]}]},{"@type":"ImageObject","inLanguage":"en-US","@id":"https:\/\/previews.elleven.digital\/acocearense\/noticia\/40-anos-do-grupo-aco-cearense\/#primaryimage","url":"https:\/\/www.grupoacocearense.com.br\/wp-content\/uploads\/2025\/05\/unnamed-5.jpg","contentUrl":"https:\/\/www.grupoacocearense.com.br\/wp-content\/uploads\/2025\/05\/unnamed-5.jpg","width":1024,"height":724},{"@type":"BreadcrumbList","@id":"https:\/\/previews.elleven.digital\/acocearense\/noticia\/40-anos-do-grupo-aco-cearense\/#breadcrumb","itemListElement":[{"@type":"ListItem","position":1,"name":"In\u00edcio","item":"https:\/\/www.grupoacocearense.com.br\/"},{"@type":"ListItem","position":2,"name":"Not\u00edcias","item":"https:\/\/previews.elleven.digital\/acocearense\/noticias\/"},{"@type":"ListItem","position":3,"name":"40 anos do Grupo A\u00e7o Cearense"}]},{"@type":"WebSite","@id":"https:\/\/previews.elleven.digital\/acocearense\/#website","url":"https:\/\/previews.elleven.digital\/acocearense\/","name":"Cear\u00e1 Steel","description":"In the Brazilian steel market for over 45 years.","alternateName":"A\u00e7o Cearense","potentialAction":[{"@type":"SearchAction","target":{"@type":"EntryPoint","urlTemplate":"https:\/\/previews.elleven.digital\/acocearense\/?s={search_term_string}"},"query-input":{"@type":"PropertyValueSpecification","valueRequired":true,"valueName":"search_term_string"}}],"inLanguage":"en-US"}]}},"_links":{"self":[{"href":"https:\/\/www.grupoacocearense.com.br\/en\/wp-json\/wp\/v2\/noticia\/1921","targetHints":{"allow":["GET"]}}],"collection":[{"href":"https:\/\/www.grupoacocearense.com.br\/en\/wp-json\/wp\/v2\/noticia"}],"about":[{"href":"https:\/\/www.grupoacocearense.com.br\/en\/wp-json\/wp\/v2\/types\/noticia"}],"wp:featuredmedia":[{"embeddable":true,"href":"https:\/\/www.grupoacocearense.com.br\/en\/wp-json\/wp\/v2\/media\/1909"}],"wp:attachment":[{"href":"https:\/\/www.grupoacocearense.com.br\/en\/wp-json\/wp\/v2\/media?parent=1921"}],"wp:term":[{"taxonomy":"categoria-noticia","embeddable":true,"href":"https:\/\/www.grupoacocearense.com.br\/en\/wp-json\/wp\/v2\/categoria-noticia?post=1921"}],"curies":[{"name":"wp","href":"https:\/\/api.w.org\/{rel}","templated":true}]}}