{"id":1920,"date":"2019-10-10T15:55:30","date_gmt":"2019-10-10T18:55:30","guid":{"rendered":"https:\/\/www.grupoacocearense.com.br\/?post_type=noticia&#038;p=1920"},"modified":"2025-05-07T15:56:00","modified_gmt":"2025-05-07T18:56:00","slug":"jonathan-benvindo-e-campeao-brasileiro-de-karate","status":"publish","type":"noticia","link":"https:\/\/www.grupoacocearense.com.br\/en\/noticia\/jonathan-benvindo-e-campeao-brasileiro-de-karate\/","title":{"rendered":"Jonathan Benvindo is Brazilian karate champion"},"content":{"rendered":"<p>Jonathan Benvindo, sponsored by the Instituto A\u00e7o Cearense, won the fight that placed him first on the podium at the Brazilian Karate Championship on October 9th in the Junior -55 kg category. Jonathan, who had already won the championship in 2017, now holds the title of two-time Brazilian champion. The athlete from Cear\u00e1 remains in Belo Horizonte, where the competition is taking place, to participate in the Brazilian Student Championship next weekend.<br \/>\n<img loading=\"lazy\" decoding=\"async\" class=\"alignright size-medium wp-image-6154\" src=\"https:\/\/grupoacocearense.com.br\/wp-content\/uploads\/2019\/10\/Vendas-300x225.png\" sizes=\"auto, (max-width: 300px) 100vw, 300px\" srcset=\"https:\/\/www.grupoacocearense.com.br\/wp-content\/uploads\/2019\/10\/Vendas-300x225.png 300w, https:\/\/www.grupoacocearense.com.br\/wp-content\/uploads\/2019\/10\/Vendas.png 400w\" alt=\"\" width=\"300\" height=\"225\" \/><br \/>\n<em>About the Cear\u00e1 Steel Institute<\/em><br \/>\n<em>The Cear\u00e1 Steel Institute is responsible for all of the Cear\u00e1 Steel Group&#039;s social, educational, sports, and entrepreneurial initiatives, contributing to the development of Cear\u00e1, Par\u00e1, and Tocantins, where SINOBRAS and SINOBRAS FLORESTAL, two of the Group&#039;s companies, are located. With over R$12 million invested, the Institute has already served 160 institutions, benefiting over 80,000 people.<\/em><\/p>","protected":false},"featured_media":1910,"template":"","meta":{"_acf_changed":false,"inline_featured_image":false},"categoria-noticia":[],"class_list":["post-1920","noticia","type-noticia","status-publish","has-post-thumbnail","hentry"],"acf":{"link":""},"yoast_head":"<!-- This site is optimized with the Yoast SEO plugin v27.4 - https:\/\/yoast.com\/product\/yoast-seo-wordpress\/ -->\n<title>Jonathan Benvindo \u00e9 campe\u00e3o Brasileiro de karate - Grupo A\u00e7o Cearense<\/title>\n<meta name=\"robots\" content=\"index, follow, max-snippet:-1, max-image-preview:large, max-video-preview:-1\" \/>\n<link rel=\"canonical\" href=\"https:\/\/previews.elleven.digital\/acocearense\/noticia\/jonathan-benvindo-e-campeao-brasileiro-de-karate\/\" \/>\n<meta property=\"og:locale\" content=\"en_US\" \/>\n<meta property=\"og:type\" content=\"article\" \/>\n<meta property=\"og:title\" content=\"Jonathan Benvindo \u00e9 campe\u00e3o Brasileiro de karate - Grupo A\u00e7o Cearense\" \/>\n<meta property=\"og:description\" content=\"O atleta patrocinado pelo Instituto A\u00e7o Cearense, Jonathan Benvindo, venceu, no dia 09\/10, a luta(...)\" \/>\n<meta property=\"og:url\" content=\"https:\/\/previews.elleven.digital\/acocearense\/noticia\/jonathan-benvindo-e-campeao-brasileiro-de-karate\/\" \/>\n<meta property=\"og:site_name\" content=\"Grupo A\u00e7o Cearense\" \/>\n<meta property=\"article:modified_time\" content=\"2025-05-07T18:56:00+00:00\" \/>\n<meta property=\"og:image\" content=\"https:\/\/previews.elleven.digital\/acocearense\/wp-content\/uploads\/2025\/05\/Design-sem-nome-3.png\" \/>\n\t<meta property=\"og:image:width\" content=\"400\" \/>\n\t<meta property=\"og:image:height\" content=\"300\" \/>\n\t<meta property=\"og:image:type\" content=\"image\/png\" \/>\n<meta name=\"twitter:card\" content=\"summary_large_image\" \/>\n<meta name=\"twitter:label1\" content=\"Est. reading time\" \/>\n\t<meta name=\"twitter:data1\" content=\"1 minute\" \/>\n<script type=\"application\/ld+json\" class=\"yoast-schema-graph\">{\"@context\":\"https:\\\/\\\/schema.org\",\"@graph\":[{\"@type\":\"WebPage\",\"@id\":\"https:\\\/\\\/previews.elleven.digital\\\/acocearense\\\/noticia\\\/jonathan-benvindo-e-campeao-brasileiro-de-karate\\\/\",\"url\":\"https:\\\/\\\/previews.elleven.digital\\\/acocearense\\\/noticia\\\/jonathan-benvindo-e-campeao-brasileiro-de-karate\\\/\",\"name\":\"Jonathan Benvindo \u00e9 campe\u00e3o Brasileiro de karate - Grupo A\u00e7o Cearense\",\"isPartOf\":{\"@id\":\"https:\\\/\\\/previews.elleven.digital\\\/acocearense\\\/#website\"},\"primaryImageOfPage\":{\"@id\":\"https:\\\/\\\/previews.elleven.digital\\\/acocearense\\\/noticia\\\/jonathan-benvindo-e-campeao-brasileiro-de-karate\\\/#primaryimage\"},\"image\":{\"@id\":\"https:\\\/\\\/previews.elleven.digital\\\/acocearense\\\/noticia\\\/jonathan-benvindo-e-campeao-brasileiro-de-karate\\\/#primaryimage\"},\"thumbnailUrl\":\"https:\\\/\\\/www.grupoacocearense.com.br\\\/wp-content\\\/uploads\\\/2025\\\/05\\\/Design-sem-nome-3.png\",\"datePublished\":\"2019-10-10T18:55:30+00:00\",\"dateModified\":\"2025-05-07T18:56:00+00:00\",\"breadcrumb\":{\"@id\":\"https:\\\/\\\/previews.elleven.digital\\\/acocearense\\\/noticia\\\/jonathan-benvindo-e-campeao-brasileiro-de-karate\\\/#breadcrumb\"},\"inLanguage\":\"en-US\",\"potentialAction\":[{\"@type\":\"ReadAction\",\"target\":[\"https:\\\/\\\/previews.elleven.digital\\\/acocearense\\\/noticia\\\/jonathan-benvindo-e-campeao-brasileiro-de-karate\\\/\"]}]},{\"@type\":\"ImageObject\",\"inLanguage\":\"en-US\",\"@id\":\"https:\\\/\\\/previews.elleven.digital\\\/acocearense\\\/noticia\\\/jonathan-benvindo-e-campeao-brasileiro-de-karate\\\/#primaryimage\",\"url\":\"https:\\\/\\\/www.grupoacocearense.com.br\\\/wp-content\\\/uploads\\\/2025\\\/05\\\/Design-sem-nome-3.png\",\"contentUrl\":\"https:\\\/\\\/www.grupoacocearense.com.br\\\/wp-content\\\/uploads\\\/2025\\\/05\\\/Design-sem-nome-3.png\",\"width\":400,\"height\":300},{\"@type\":\"BreadcrumbList\",\"@id\":\"https:\\\/\\\/previews.elleven.digital\\\/acocearense\\\/noticia\\\/jonathan-benvindo-e-campeao-brasileiro-de-karate\\\/#breadcrumb\",\"itemListElement\":[{\"@type\":\"ListItem\",\"position\":1,\"name\":\"In\u00edcio\",\"item\":\"https:\\\/\\\/www.grupoacocearense.com.br\\\/\"},{\"@type\":\"ListItem\",\"position\":2,\"name\":\"Not\u00edcias\",\"item\":\"https:\\\/\\\/previews.elleven.digital\\\/acocearense\\\/noticias\\\/\"},{\"@type\":\"ListItem\",\"position\":3,\"name\":\"Jonathan Benvindo \u00e9 campe\u00e3o Brasileiro de karate\"}]},{\"@type\":\"WebSite\",\"@id\":\"https:\\\/\\\/previews.elleven.digital\\\/acocearense\\\/#website\",\"url\":\"https:\\\/\\\/previews.elleven.digital\\\/acocearense\\\/\",\"name\":\"A\u00e7o Cearense\",\"description\":\"H\u00e1 mais de 45 anos no mercado brasileiro do a\u00e7o.\",\"alternateName\":\"A\u00e7o Cearense\",\"potentialAction\":[{\"@type\":\"SearchAction\",\"target\":{\"@type\":\"EntryPoint\",\"urlTemplate\":\"https:\\\/\\\/previews.elleven.digital\\\/acocearense\\\/?s={search_term_string}\"},\"query-input\":{\"@type\":\"PropertyValueSpecification\",\"valueRequired\":true,\"valueName\":\"search_term_string\"}}],\"inLanguage\":\"en-US\"}]}<\/script>\n<!-- \/ Yoast SEO plugin. -->","yoast_head_json":{"title":"Jonathan Benvindo \u00e9 campe\u00e3o Brasileiro de karate - Grupo A\u00e7o Cearense","robots":{"index":"index","follow":"follow","max-snippet":"max-snippet:-1","max-image-preview":"max-image-preview:large","max-video-preview":"max-video-preview:-1"},"canonical":"https:\/\/previews.elleven.digital\/acocearense\/noticia\/jonathan-benvindo-e-campeao-brasileiro-de-karate\/","og_locale":"en_US","og_type":"article","og_title":"Jonathan Benvindo \u00e9 campe\u00e3o Brasileiro de karate - Grupo A\u00e7o Cearense","og_description":"O atleta patrocinado pelo Instituto A\u00e7o Cearense, Jonathan Benvindo, venceu, no dia 09\/10, a luta(...)","og_url":"https:\/\/previews.elleven.digital\/acocearense\/noticia\/jonathan-benvindo-e-campeao-brasileiro-de-karate\/","og_site_name":"Grupo A\u00e7o Cearense","article_modified_time":"2025-05-07T18:56:00+00:00","og_image":[{"width":400,"height":300,"url":"https:\/\/previews.elleven.digital\/acocearense\/wp-content\/uploads\/2025\/05\/Design-sem-nome-3.png","type":"image\/png"}],"twitter_card":"summary_large_image","twitter_misc":{"Est. reading time":"1 minute"},"schema":{"@context":"https:\/\/schema.org","@graph":[{"@type":"WebPage","@id":"https:\/\/previews.elleven.digital\/acocearense\/noticia\/jonathan-benvindo-e-campeao-brasileiro-de-karate\/","url":"https:\/\/previews.elleven.digital\/acocearense\/noticia\/jonathan-benvindo-e-campeao-brasileiro-de-karate\/","name":"Jonathan Benvindo \u00e9 campe\u00e3o Brasileiro de karate - Grupo A\u00e7o Cearense","isPartOf":{"@id":"https:\/\/previews.elleven.digital\/acocearense\/#website"},"primaryImageOfPage":{"@id":"https:\/\/previews.elleven.digital\/acocearense\/noticia\/jonathan-benvindo-e-campeao-brasileiro-de-karate\/#primaryimage"},"image":{"@id":"https:\/\/previews.elleven.digital\/acocearense\/noticia\/jonathan-benvindo-e-campeao-brasileiro-de-karate\/#primaryimage"},"thumbnailUrl":"https:\/\/www.grupoacocearense.com.br\/wp-content\/uploads\/2025\/05\/Design-sem-nome-3.png","datePublished":"2019-10-10T18:55:30+00:00","dateModified":"2025-05-07T18:56:00+00:00","breadcrumb":{"@id":"https:\/\/previews.elleven.digital\/acocearense\/noticia\/jonathan-benvindo-e-campeao-brasileiro-de-karate\/#breadcrumb"},"inLanguage":"en-US","potentialAction":[{"@type":"ReadAction","target":["https:\/\/previews.elleven.digital\/acocearense\/noticia\/jonathan-benvindo-e-campeao-brasileiro-de-karate\/"]}]},{"@type":"ImageObject","inLanguage":"en-US","@id":"https:\/\/previews.elleven.digital\/acocearense\/noticia\/jonathan-benvindo-e-campeao-brasileiro-de-karate\/#primaryimage","url":"https:\/\/www.grupoacocearense.com.br\/wp-content\/uploads\/2025\/05\/Design-sem-nome-3.png","contentUrl":"https:\/\/www.grupoacocearense.com.br\/wp-content\/uploads\/2025\/05\/Design-sem-nome-3.png","width":400,"height":300},{"@type":"BreadcrumbList","@id":"https:\/\/previews.elleven.digital\/acocearense\/noticia\/jonathan-benvindo-e-campeao-brasileiro-de-karate\/#breadcrumb","itemListElement":[{"@type":"ListItem","position":1,"name":"In\u00edcio","item":"https:\/\/www.grupoacocearense.com.br\/"},{"@type":"ListItem","position":2,"name":"Not\u00edcias","item":"https:\/\/previews.elleven.digital\/acocearense\/noticias\/"},{"@type":"ListItem","position":3,"name":"Jonathan Benvindo \u00e9 campe\u00e3o Brasileiro de karate"}]},{"@type":"WebSite","@id":"https:\/\/previews.elleven.digital\/acocearense\/#website","url":"https:\/\/previews.elleven.digital\/acocearense\/","name":"Cear\u00e1 Steel","description":"In the Brazilian steel market for over 45 years.","alternateName":"A\u00e7o Cearense","potentialAction":[{"@type":"SearchAction","target":{"@type":"EntryPoint","urlTemplate":"https:\/\/previews.elleven.digital\/acocearense\/?s={search_term_string}"},"query-input":{"@type":"PropertyValueSpecification","valueRequired":true,"valueName":"search_term_string"}}],"inLanguage":"en-US"}]}},"_links":{"self":[{"href":"https:\/\/www.grupoacocearense.com.br\/en\/wp-json\/wp\/v2\/noticia\/1920","targetHints":{"allow":["GET"]}}],"collection":[{"href":"https:\/\/www.grupoacocearense.com.br\/en\/wp-json\/wp\/v2\/noticia"}],"about":[{"href":"https:\/\/www.grupoacocearense.com.br\/en\/wp-json\/wp\/v2\/types\/noticia"}],"wp:featuredmedia":[{"embeddable":true,"href":"https:\/\/www.grupoacocearense.com.br\/en\/wp-json\/wp\/v2\/media\/1910"}],"wp:attachment":[{"href":"https:\/\/www.grupoacocearense.com.br\/en\/wp-json\/wp\/v2\/media?parent=1920"}],"wp:term":[{"taxonomy":"categoria-noticia","embeddable":true,"href":"https:\/\/www.grupoacocearense.com.br\/en\/wp-json\/wp\/v2\/categoria-noticia?post=1920"}],"curies":[{"name":"wp","href":"https:\/\/api.w.org\/{rel}","templated":true}]}}