{"id":1901,"date":"2019-09-11T15:45:30","date_gmt":"2019-09-11T18:45:30","guid":{"rendered":"https:\/\/www.grupoacocearense.com.br\/?post_type=noticia&#038;p=1901"},"modified":"2025-05-07T15:46:00","modified_gmt":"2025-05-07T18:46:00","slug":"cearense-participa-do-pan-americano-de-karate-no-equador","status":"publish","type":"noticia","link":"https:\/\/www.grupoacocearense.com.br\/en\/noticia\/cearense-participa-do-pan-americano-de-karate-no-equador\/","title":{"rendered":"Cearense participates in the Pan American Karate Championship in Ecuador"},"content":{"rendered":"<div class=\"m_7077861970685956525gmail-AD2M2015Texto\">Athlete Jonathan Benvindo, sponsored by Instituto A\u00e7o Cearense, traveled to Ecuador on the 27th, where he competed in the Pan American Under-21 Karate Championship. Jonathan&#039;s fight took place on August 31st.<br \/>\nJonathan Benvindo is only 17 years old and has already collected over 200 medals in competitions around the world. Winning the Pan American Games is a dream he intends to make a reality. &quot;It&#039;s every athlete&#039;s dream to win international competitions. I want to bring this medal to Brazil and Cear\u00e1,&quot; said the athlete, who is also fighting for a spot at the World Championships in November 2019 in Chile.<\/div>\n<h3 class=\"m_7077861970685956525gmail-m-7996527020614997881gmail-m8596654567679577072gmail-ad2m2015interttulo\">About the Cear\u00e1 Steel Institute<\/h3>\n<div class=\"m_7077861970685956525gmail-m-7996527020614997881gmail-m8596654567679577072gmail-ad2m2015texto\"><span lang=\"EN-US\">The Cear\u00e1 Steel Institute is responsible for all of the Cear\u00e1 Steel Group&#039;s social, educational, sports, and entrepreneurial initiatives, contributing to the development of Cear\u00e1, Par\u00e1, and Tocantins, where SINOBRAS and SINOBRAS FLORESTAL, two of the Group&#039;s companies, are located. With over R$11 million invested, 143 institutions have already benefited, totaling over 80,000 people.<\/span><\/div>","protected":false},"featured_media":1888,"template":"","meta":{"_acf_changed":false,"inline_featured_image":false},"categoria-noticia":[],"class_list":["post-1901","noticia","type-noticia","status-publish","has-post-thumbnail","hentry"],"acf":{"link":""},"yoast_head":"<!-- This site is optimized with the Yoast SEO plugin v27.4 - https:\/\/yoast.com\/product\/yoast-seo-wordpress\/ -->\n<title>Cearense participa do Pan Americano de Karate no Equador - Grupo A\u00e7o Cearense<\/title>\n<meta name=\"robots\" content=\"index, follow, max-snippet:-1, max-image-preview:large, max-video-preview:-1\" \/>\n<link rel=\"canonical\" href=\"https:\/\/previews.elleven.digital\/acocearense\/noticia\/cearense-participa-do-pan-americano-de-karate-no-equador\/\" \/>\n<meta property=\"og:locale\" content=\"en_US\" \/>\n<meta property=\"og:type\" content=\"article\" \/>\n<meta property=\"og:title\" content=\"Cearense participa do Pan Americano de Karate no Equador - Grupo A\u00e7o Cearense\" \/>\n<meta property=\"og:description\" content=\"O atleta Jonathan Benvindo, patrocinado pelo Instituto A\u00e7o Cearense, embarcou para o Equador no \u00faltimo(...)\" \/>\n<meta property=\"og:url\" content=\"https:\/\/previews.elleven.digital\/acocearense\/noticia\/cearense-participa-do-pan-americano-de-karate-no-equador\/\" \/>\n<meta property=\"og:site_name\" content=\"Grupo A\u00e7o Cearense\" \/>\n<meta property=\"article:modified_time\" content=\"2025-05-07T18:46:00+00:00\" \/>\n<meta property=\"og:image\" content=\"https:\/\/previews.elleven.digital\/acocearense\/wp-content\/uploads\/2025\/05\/Jonathan-Benvindo_Karate_2019.jpeg\" \/>\n\t<meta property=\"og:image:width\" content=\"1280\" \/>\n\t<meta property=\"og:image:height\" content=\"850\" \/>\n\t<meta property=\"og:image:type\" content=\"image\/jpeg\" \/>\n<meta name=\"twitter:card\" content=\"summary_large_image\" \/>\n<meta name=\"twitter:label1\" content=\"Est. reading time\" \/>\n\t<meta name=\"twitter:data1\" content=\"2 minutes\" \/>\n<script type=\"application\/ld+json\" class=\"yoast-schema-graph\">{\"@context\":\"https:\\\/\\\/schema.org\",\"@graph\":[{\"@type\":\"WebPage\",\"@id\":\"https:\\\/\\\/previews.elleven.digital\\\/acocearense\\\/noticia\\\/cearense-participa-do-pan-americano-de-karate-no-equador\\\/\",\"url\":\"https:\\\/\\\/previews.elleven.digital\\\/acocearense\\\/noticia\\\/cearense-participa-do-pan-americano-de-karate-no-equador\\\/\",\"name\":\"Cearense participa do Pan Americano de Karate no Equador - Grupo A\u00e7o Cearense\",\"isPartOf\":{\"@id\":\"https:\\\/\\\/previews.elleven.digital\\\/acocearense\\\/#website\"},\"primaryImageOfPage\":{\"@id\":\"https:\\\/\\\/previews.elleven.digital\\\/acocearense\\\/noticia\\\/cearense-participa-do-pan-americano-de-karate-no-equador\\\/#primaryimage\"},\"image\":{\"@id\":\"https:\\\/\\\/previews.elleven.digital\\\/acocearense\\\/noticia\\\/cearense-participa-do-pan-americano-de-karate-no-equador\\\/#primaryimage\"},\"thumbnailUrl\":\"https:\\\/\\\/www.grupoacocearense.com.br\\\/wp-content\\\/uploads\\\/2025\\\/05\\\/Jonathan-Benvindo_Karate_2019.jpeg\",\"datePublished\":\"2019-09-11T18:45:30+00:00\",\"dateModified\":\"2025-05-07T18:46:00+00:00\",\"breadcrumb\":{\"@id\":\"https:\\\/\\\/previews.elleven.digital\\\/acocearense\\\/noticia\\\/cearense-participa-do-pan-americano-de-karate-no-equador\\\/#breadcrumb\"},\"inLanguage\":\"en-US\",\"potentialAction\":[{\"@type\":\"ReadAction\",\"target\":[\"https:\\\/\\\/previews.elleven.digital\\\/acocearense\\\/noticia\\\/cearense-participa-do-pan-americano-de-karate-no-equador\\\/\"]}]},{\"@type\":\"ImageObject\",\"inLanguage\":\"en-US\",\"@id\":\"https:\\\/\\\/previews.elleven.digital\\\/acocearense\\\/noticia\\\/cearense-participa-do-pan-americano-de-karate-no-equador\\\/#primaryimage\",\"url\":\"https:\\\/\\\/www.grupoacocearense.com.br\\\/wp-content\\\/uploads\\\/2025\\\/05\\\/Jonathan-Benvindo_Karate_2019.jpeg\",\"contentUrl\":\"https:\\\/\\\/www.grupoacocearense.com.br\\\/wp-content\\\/uploads\\\/2025\\\/05\\\/Jonathan-Benvindo_Karate_2019.jpeg\",\"width\":1280,\"height\":850},{\"@type\":\"BreadcrumbList\",\"@id\":\"https:\\\/\\\/previews.elleven.digital\\\/acocearense\\\/noticia\\\/cearense-participa-do-pan-americano-de-karate-no-equador\\\/#breadcrumb\",\"itemListElement\":[{\"@type\":\"ListItem\",\"position\":1,\"name\":\"In\u00edcio\",\"item\":\"https:\\\/\\\/www.grupoacocearense.com.br\\\/\"},{\"@type\":\"ListItem\",\"position\":2,\"name\":\"Not\u00edcias\",\"item\":\"https:\\\/\\\/previews.elleven.digital\\\/acocearense\\\/noticias\\\/\"},{\"@type\":\"ListItem\",\"position\":3,\"name\":\"Cearense participa do Pan Americano de Karate no Equador\"}]},{\"@type\":\"WebSite\",\"@id\":\"https:\\\/\\\/previews.elleven.digital\\\/acocearense\\\/#website\",\"url\":\"https:\\\/\\\/previews.elleven.digital\\\/acocearense\\\/\",\"name\":\"A\u00e7o Cearense\",\"description\":\"H\u00e1 mais de 45 anos no mercado brasileiro do a\u00e7o.\",\"alternateName\":\"A\u00e7o Cearense\",\"potentialAction\":[{\"@type\":\"SearchAction\",\"target\":{\"@type\":\"EntryPoint\",\"urlTemplate\":\"https:\\\/\\\/previews.elleven.digital\\\/acocearense\\\/?s={search_term_string}\"},\"query-input\":{\"@type\":\"PropertyValueSpecification\",\"valueRequired\":true,\"valueName\":\"search_term_string\"}}],\"inLanguage\":\"en-US\"}]}<\/script>\n<!-- \/ Yoast SEO plugin. -->","yoast_head_json":{"title":"Cearense participa do Pan Americano de Karate no Equador - Grupo A\u00e7o Cearense","robots":{"index":"index","follow":"follow","max-snippet":"max-snippet:-1","max-image-preview":"max-image-preview:large","max-video-preview":"max-video-preview:-1"},"canonical":"https:\/\/previews.elleven.digital\/acocearense\/noticia\/cearense-participa-do-pan-americano-de-karate-no-equador\/","og_locale":"en_US","og_type":"article","og_title":"Cearense participa do Pan Americano de Karate no Equador - Grupo A\u00e7o Cearense","og_description":"O atleta Jonathan Benvindo, patrocinado pelo Instituto A\u00e7o Cearense, embarcou para o Equador no \u00faltimo(...)","og_url":"https:\/\/previews.elleven.digital\/acocearense\/noticia\/cearense-participa-do-pan-americano-de-karate-no-equador\/","og_site_name":"Grupo A\u00e7o Cearense","article_modified_time":"2025-05-07T18:46:00+00:00","og_image":[{"width":1280,"height":850,"url":"https:\/\/previews.elleven.digital\/acocearense\/wp-content\/uploads\/2025\/05\/Jonathan-Benvindo_Karate_2019.jpeg","type":"image\/jpeg"}],"twitter_card":"summary_large_image","twitter_misc":{"Est. reading time":"2 minutes"},"schema":{"@context":"https:\/\/schema.org","@graph":[{"@type":"WebPage","@id":"https:\/\/previews.elleven.digital\/acocearense\/noticia\/cearense-participa-do-pan-americano-de-karate-no-equador\/","url":"https:\/\/previews.elleven.digital\/acocearense\/noticia\/cearense-participa-do-pan-americano-de-karate-no-equador\/","name":"Cearense participa do Pan Americano de Karate no Equador - Grupo A\u00e7o Cearense","isPartOf":{"@id":"https:\/\/previews.elleven.digital\/acocearense\/#website"},"primaryImageOfPage":{"@id":"https:\/\/previews.elleven.digital\/acocearense\/noticia\/cearense-participa-do-pan-americano-de-karate-no-equador\/#primaryimage"},"image":{"@id":"https:\/\/previews.elleven.digital\/acocearense\/noticia\/cearense-participa-do-pan-americano-de-karate-no-equador\/#primaryimage"},"thumbnailUrl":"https:\/\/www.grupoacocearense.com.br\/wp-content\/uploads\/2025\/05\/Jonathan-Benvindo_Karate_2019.jpeg","datePublished":"2019-09-11T18:45:30+00:00","dateModified":"2025-05-07T18:46:00+00:00","breadcrumb":{"@id":"https:\/\/previews.elleven.digital\/acocearense\/noticia\/cearense-participa-do-pan-americano-de-karate-no-equador\/#breadcrumb"},"inLanguage":"en-US","potentialAction":[{"@type":"ReadAction","target":["https:\/\/previews.elleven.digital\/acocearense\/noticia\/cearense-participa-do-pan-americano-de-karate-no-equador\/"]}]},{"@type":"ImageObject","inLanguage":"en-US","@id":"https:\/\/previews.elleven.digital\/acocearense\/noticia\/cearense-participa-do-pan-americano-de-karate-no-equador\/#primaryimage","url":"https:\/\/www.grupoacocearense.com.br\/wp-content\/uploads\/2025\/05\/Jonathan-Benvindo_Karate_2019.jpeg","contentUrl":"https:\/\/www.grupoacocearense.com.br\/wp-content\/uploads\/2025\/05\/Jonathan-Benvindo_Karate_2019.jpeg","width":1280,"height":850},{"@type":"BreadcrumbList","@id":"https:\/\/previews.elleven.digital\/acocearense\/noticia\/cearense-participa-do-pan-americano-de-karate-no-equador\/#breadcrumb","itemListElement":[{"@type":"ListItem","position":1,"name":"In\u00edcio","item":"https:\/\/www.grupoacocearense.com.br\/"},{"@type":"ListItem","position":2,"name":"Not\u00edcias","item":"https:\/\/previews.elleven.digital\/acocearense\/noticias\/"},{"@type":"ListItem","position":3,"name":"Cearense participa do Pan Americano de Karate no Equador"}]},{"@type":"WebSite","@id":"https:\/\/previews.elleven.digital\/acocearense\/#website","url":"https:\/\/previews.elleven.digital\/acocearense\/","name":"Cear\u00e1 Steel","description":"In the Brazilian steel market for over 45 years.","alternateName":"A\u00e7o Cearense","potentialAction":[{"@type":"SearchAction","target":{"@type":"EntryPoint","urlTemplate":"https:\/\/previews.elleven.digital\/acocearense\/?s={search_term_string}"},"query-input":{"@type":"PropertyValueSpecification","valueRequired":true,"valueName":"search_term_string"}}],"inLanguage":"en-US"}]}},"_links":{"self":[{"href":"https:\/\/www.grupoacocearense.com.br\/en\/wp-json\/wp\/v2\/noticia\/1901","targetHints":{"allow":["GET"]}}],"collection":[{"href":"https:\/\/www.grupoacocearense.com.br\/en\/wp-json\/wp\/v2\/noticia"}],"about":[{"href":"https:\/\/www.grupoacocearense.com.br\/en\/wp-json\/wp\/v2\/types\/noticia"}],"wp:featuredmedia":[{"embeddable":true,"href":"https:\/\/www.grupoacocearense.com.br\/en\/wp-json\/wp\/v2\/media\/1888"}],"wp:attachment":[{"href":"https:\/\/www.grupoacocearense.com.br\/en\/wp-json\/wp\/v2\/media?parent=1901"}],"wp:term":[{"taxonomy":"categoria-noticia","embeddable":true,"href":"https:\/\/www.grupoacocearense.com.br\/en\/wp-json\/wp\/v2\/categoria-noticia?post=1901"}],"curies":[{"name":"wp","href":"https:\/\/api.w.org\/{rel}","templated":true}]}}