{"id":1873,"date":"2019-08-01T15:38:34","date_gmt":"2019-08-01T18:38:34","guid":{"rendered":"https:\/\/www.grupoacocearense.com.br\/?post_type=noticia&#038;p=1873"},"modified":"2025-05-07T15:39:12","modified_gmt":"2025-05-07T18:39:12","slug":"atletas-patrocinados-pelo-instituto-aco-cearense-sao-destaques-em-campeonatos","status":"publish","type":"noticia","link":"https:\/\/www.grupoacocearense.com.br\/en\/noticia\/atletas-patrocinados-pelo-instituto-aco-cearense-sao-destaques-em-campeonatos\/","title":{"rendered":"Athletes sponsored by Instituto A\u00e7o Cearense are standouts in championships"},"content":{"rendered":"<p><img loading=\"lazy\" decoding=\"async\" class=\"alignleft wp-image-5606 size-medium\" src=\"https:\/\/grupoacocearense.com.br\/wp-content\/uploads\/2019\/08\/atleta-iac2-199x300.jpeg\" sizes=\"auto, (max-width: 199px) 100vw, 199px\" srcset=\"https:\/\/www.grupoacocearense.com.br\/wp-content\/uploads\/2019\/08\/atleta-iac2-199x300.jpeg 199w, https:\/\/www.grupoacocearense.com.br\/wp-content\/uploads\/2019\/08\/atleta-iac2-768x1157.jpeg 768w, https:\/\/www.grupoacocearense.com.br\/wp-content\/uploads\/2019\/08\/atleta-iac2-680x1024.jpeg 680w, https:\/\/www.grupoacocearense.com.br\/wp-content\/uploads\/2019\/08\/atleta-iac2.jpeg 850w\" alt=\"\" width=\"199\" height=\"300\" \/>In preparation for the Pan American Karate Championship that will take place next month in Ecuador, the athlete sponsored by Instituto A\u00e7o Cearense, Jonathan Benvindo, will compete next Saturday, August 3, in the Pernambuco National Karate Open.<br \/>\nWith over 200 medals in competitions, the young athlete is fighting to reach the world championships, which will take place in Chile in November of this year. The Pernambuco competition counts toward his national ranking, which could lead him to the World Championships. &quot;I&#039;m confident I&#039;ll achieve a good score at the Pernambuco Open, which will also be a good opportunity to evaluate my performance for the Pan American Games, which will take place a few days later,&quot; explained the athlete.<\/p>\n<p><img loading=\"lazy\" decoding=\"async\" class=\"alignright wp-image-5609 size-medium\" src=\"https:\/\/grupoacocearense.com.br\/wp-content\/uploads\/2019\/08\/atleta-iac-1-e1564684410479-300x213.jpg\" sizes=\"auto, (max-width: 300px) 100vw, 300px\" srcset=\"https:\/\/www.grupoacocearense.com.br\/wp-content\/uploads\/2019\/08\/atleta-iac-1-e1564684410479-300x213.jpg 300w, https:\/\/www.grupoacocearense.com.br\/wp-content\/uploads\/2019\/08\/atleta-iac-1-e1564684410479-768x544.jpg 768w, https:\/\/www.grupoacocearense.com.br\/wp-content\/uploads\/2019\/08\/atleta-iac-1-e1564684410479.jpg 883w\" alt=\"atleta Lisandra Dantas\" width=\"300\" height=\"213\" \/><br \/>\nLast weekend was a weekend of victories for athlete Lisandra Dantas, from the Contracting department at A\u00e7o Cearense Industrial Matriz, sponsored by the Instituto A\u00e7o Cearense. On Saturday (27), she participated in the Beach Run Brasil \u2013 Paracuru Stage, where she took 3rd place in the women&#039;s 5 km overall category. According to the athlete, it was a challenging course. &quot;There were strong winds on the 5 km return leg, uphill and downhill sections, hot sun, and most of the course was on loose sand,&quot; she said.<br \/>\nOn Sunday, she competed in the Fortaleza Youth Race and placed first overall in the women&#039;s 5K race. &quot;I thank God for the results. He alone gives me strength and is my foundation for everything. I&#039;m very happy!&quot;<\/p>","protected":false},"featured_media":1853,"template":"","meta":{"_acf_changed":false,"inline_featured_image":false},"categoria-noticia":[],"class_list":["post-1873","noticia","type-noticia","status-publish","has-post-thumbnail","hentry"],"acf":{"link":""},"yoast_head":"<!-- This site is optimized with the Yoast SEO plugin v27.4 - https:\/\/yoast.com\/product\/yoast-seo-wordpress\/ -->\n<title>Atletas patrocinados pelo Instituto A\u00e7o Cearense s\u00e3o destaques em campeonatos - Grupo A\u00e7o Cearense<\/title>\n<meta name=\"robots\" content=\"index, follow, max-snippet:-1, max-image-preview:large, max-video-preview:-1\" \/>\n<link rel=\"canonical\" href=\"https:\/\/previews.elleven.digital\/acocearense\/noticia\/atletas-patrocinados-pelo-instituto-aco-cearense-sao-destaques-em-campeonatos\/\" \/>\n<meta property=\"og:locale\" content=\"en_US\" \/>\n<meta property=\"og:type\" content=\"article\" \/>\n<meta property=\"og:title\" content=\"Atletas patrocinados pelo Instituto A\u00e7o Cearense s\u00e3o destaques em campeonatos - Grupo A\u00e7o Cearense\" \/>\n<meta property=\"og:description\" content=\"Em preparativos para o Campeonato Pan-Americano de Karat\u00ea que acontecer\u00e1 no pr\u00f3ximo m\u00eas, no Equador,(...)\" \/>\n<meta property=\"og:url\" content=\"https:\/\/previews.elleven.digital\/acocearense\/noticia\/atletas-patrocinados-pelo-instituto-aco-cearense-sao-destaques-em-campeonatos\/\" \/>\n<meta property=\"og:site_name\" content=\"Grupo A\u00e7o Cearense\" \/>\n<meta property=\"article:modified_time\" content=\"2025-05-07T18:39:12+00:00\" \/>\n<meta property=\"og:image\" content=\"https:\/\/previews.elleven.digital\/acocearense\/wp-content\/uploads\/2025\/05\/atleta-iac-1-e1564684410479.jpg\" \/>\n\t<meta property=\"og:image:width\" content=\"883\" \/>\n\t<meta property=\"og:image:height\" content=\"626\" \/>\n\t<meta property=\"og:image:type\" content=\"image\/jpeg\" \/>\n<meta name=\"twitter:card\" content=\"summary_large_image\" \/>\n<meta name=\"twitter:label1\" content=\"Est. reading time\" \/>\n\t<meta name=\"twitter:data1\" content=\"2 minutes\" \/>\n<script type=\"application\/ld+json\" class=\"yoast-schema-graph\">{\"@context\":\"https:\\\/\\\/schema.org\",\"@graph\":[{\"@type\":\"WebPage\",\"@id\":\"https:\\\/\\\/previews.elleven.digital\\\/acocearense\\\/noticia\\\/atletas-patrocinados-pelo-instituto-aco-cearense-sao-destaques-em-campeonatos\\\/\",\"url\":\"https:\\\/\\\/previews.elleven.digital\\\/acocearense\\\/noticia\\\/atletas-patrocinados-pelo-instituto-aco-cearense-sao-destaques-em-campeonatos\\\/\",\"name\":\"Atletas patrocinados pelo Instituto A\u00e7o Cearense s\u00e3o destaques em campeonatos - Grupo A\u00e7o Cearense\",\"isPartOf\":{\"@id\":\"https:\\\/\\\/previews.elleven.digital\\\/acocearense\\\/#website\"},\"primaryImageOfPage\":{\"@id\":\"https:\\\/\\\/previews.elleven.digital\\\/acocearense\\\/noticia\\\/atletas-patrocinados-pelo-instituto-aco-cearense-sao-destaques-em-campeonatos\\\/#primaryimage\"},\"image\":{\"@id\":\"https:\\\/\\\/previews.elleven.digital\\\/acocearense\\\/noticia\\\/atletas-patrocinados-pelo-instituto-aco-cearense-sao-destaques-em-campeonatos\\\/#primaryimage\"},\"thumbnailUrl\":\"https:\\\/\\\/www.grupoacocearense.com.br\\\/wp-content\\\/uploads\\\/2025\\\/05\\\/atleta-iac-1-e1564684410479.jpg\",\"datePublished\":\"2019-08-01T18:38:34+00:00\",\"dateModified\":\"2025-05-07T18:39:12+00:00\",\"breadcrumb\":{\"@id\":\"https:\\\/\\\/previews.elleven.digital\\\/acocearense\\\/noticia\\\/atletas-patrocinados-pelo-instituto-aco-cearense-sao-destaques-em-campeonatos\\\/#breadcrumb\"},\"inLanguage\":\"en-US\",\"potentialAction\":[{\"@type\":\"ReadAction\",\"target\":[\"https:\\\/\\\/previews.elleven.digital\\\/acocearense\\\/noticia\\\/atletas-patrocinados-pelo-instituto-aco-cearense-sao-destaques-em-campeonatos\\\/\"]}]},{\"@type\":\"ImageObject\",\"inLanguage\":\"en-US\",\"@id\":\"https:\\\/\\\/previews.elleven.digital\\\/acocearense\\\/noticia\\\/atletas-patrocinados-pelo-instituto-aco-cearense-sao-destaques-em-campeonatos\\\/#primaryimage\",\"url\":\"https:\\\/\\\/www.grupoacocearense.com.br\\\/wp-content\\\/uploads\\\/2025\\\/05\\\/atleta-iac-1-e1564684410479.jpg\",\"contentUrl\":\"https:\\\/\\\/www.grupoacocearense.com.br\\\/wp-content\\\/uploads\\\/2025\\\/05\\\/atleta-iac-1-e1564684410479.jpg\",\"width\":883,\"height\":626},{\"@type\":\"BreadcrumbList\",\"@id\":\"https:\\\/\\\/previews.elleven.digital\\\/acocearense\\\/noticia\\\/atletas-patrocinados-pelo-instituto-aco-cearense-sao-destaques-em-campeonatos\\\/#breadcrumb\",\"itemListElement\":[{\"@type\":\"ListItem\",\"position\":1,\"name\":\"In\u00edcio\",\"item\":\"https:\\\/\\\/www.grupoacocearense.com.br\\\/\"},{\"@type\":\"ListItem\",\"position\":2,\"name\":\"Not\u00edcias\",\"item\":\"https:\\\/\\\/previews.elleven.digital\\\/acocearense\\\/noticias\\\/\"},{\"@type\":\"ListItem\",\"position\":3,\"name\":\"Atletas patrocinados pelo Instituto A\u00e7o Cearense s\u00e3o destaques em campeonatos\"}]},{\"@type\":\"WebSite\",\"@id\":\"https:\\\/\\\/previews.elleven.digital\\\/acocearense\\\/#website\",\"url\":\"https:\\\/\\\/previews.elleven.digital\\\/acocearense\\\/\",\"name\":\"A\u00e7o Cearense\",\"description\":\"H\u00e1 mais de 45 anos no mercado brasileiro do a\u00e7o.\",\"alternateName\":\"A\u00e7o Cearense\",\"potentialAction\":[{\"@type\":\"SearchAction\",\"target\":{\"@type\":\"EntryPoint\",\"urlTemplate\":\"https:\\\/\\\/previews.elleven.digital\\\/acocearense\\\/?s={search_term_string}\"},\"query-input\":{\"@type\":\"PropertyValueSpecification\",\"valueRequired\":true,\"valueName\":\"search_term_string\"}}],\"inLanguage\":\"en-US\"}]}<\/script>\n<!-- \/ Yoast SEO plugin. -->","yoast_head_json":{"title":"Atletas patrocinados pelo Instituto A\u00e7o Cearense s\u00e3o destaques em campeonatos - Grupo A\u00e7o Cearense","robots":{"index":"index","follow":"follow","max-snippet":"max-snippet:-1","max-image-preview":"max-image-preview:large","max-video-preview":"max-video-preview:-1"},"canonical":"https:\/\/previews.elleven.digital\/acocearense\/noticia\/atletas-patrocinados-pelo-instituto-aco-cearense-sao-destaques-em-campeonatos\/","og_locale":"en_US","og_type":"article","og_title":"Atletas patrocinados pelo Instituto A\u00e7o Cearense s\u00e3o destaques em campeonatos - Grupo A\u00e7o Cearense","og_description":"Em preparativos para o Campeonato Pan-Americano de Karat\u00ea que acontecer\u00e1 no pr\u00f3ximo m\u00eas, no Equador,(...)","og_url":"https:\/\/previews.elleven.digital\/acocearense\/noticia\/atletas-patrocinados-pelo-instituto-aco-cearense-sao-destaques-em-campeonatos\/","og_site_name":"Grupo A\u00e7o Cearense","article_modified_time":"2025-05-07T18:39:12+00:00","og_image":[{"width":883,"height":626,"url":"https:\/\/previews.elleven.digital\/acocearense\/wp-content\/uploads\/2025\/05\/atleta-iac-1-e1564684410479.jpg","type":"image\/jpeg"}],"twitter_card":"summary_large_image","twitter_misc":{"Est. reading time":"2 minutes"},"schema":{"@context":"https:\/\/schema.org","@graph":[{"@type":"WebPage","@id":"https:\/\/previews.elleven.digital\/acocearense\/noticia\/atletas-patrocinados-pelo-instituto-aco-cearense-sao-destaques-em-campeonatos\/","url":"https:\/\/previews.elleven.digital\/acocearense\/noticia\/atletas-patrocinados-pelo-instituto-aco-cearense-sao-destaques-em-campeonatos\/","name":"Atletas patrocinados pelo Instituto A\u00e7o Cearense s\u00e3o destaques em campeonatos - Grupo A\u00e7o Cearense","isPartOf":{"@id":"https:\/\/previews.elleven.digital\/acocearense\/#website"},"primaryImageOfPage":{"@id":"https:\/\/previews.elleven.digital\/acocearense\/noticia\/atletas-patrocinados-pelo-instituto-aco-cearense-sao-destaques-em-campeonatos\/#primaryimage"},"image":{"@id":"https:\/\/previews.elleven.digital\/acocearense\/noticia\/atletas-patrocinados-pelo-instituto-aco-cearense-sao-destaques-em-campeonatos\/#primaryimage"},"thumbnailUrl":"https:\/\/www.grupoacocearense.com.br\/wp-content\/uploads\/2025\/05\/atleta-iac-1-e1564684410479.jpg","datePublished":"2019-08-01T18:38:34+00:00","dateModified":"2025-05-07T18:39:12+00:00","breadcrumb":{"@id":"https:\/\/previews.elleven.digital\/acocearense\/noticia\/atletas-patrocinados-pelo-instituto-aco-cearense-sao-destaques-em-campeonatos\/#breadcrumb"},"inLanguage":"en-US","potentialAction":[{"@type":"ReadAction","target":["https:\/\/previews.elleven.digital\/acocearense\/noticia\/atletas-patrocinados-pelo-instituto-aco-cearense-sao-destaques-em-campeonatos\/"]}]},{"@type":"ImageObject","inLanguage":"en-US","@id":"https:\/\/previews.elleven.digital\/acocearense\/noticia\/atletas-patrocinados-pelo-instituto-aco-cearense-sao-destaques-em-campeonatos\/#primaryimage","url":"https:\/\/www.grupoacocearense.com.br\/wp-content\/uploads\/2025\/05\/atleta-iac-1-e1564684410479.jpg","contentUrl":"https:\/\/www.grupoacocearense.com.br\/wp-content\/uploads\/2025\/05\/atleta-iac-1-e1564684410479.jpg","width":883,"height":626},{"@type":"BreadcrumbList","@id":"https:\/\/previews.elleven.digital\/acocearense\/noticia\/atletas-patrocinados-pelo-instituto-aco-cearense-sao-destaques-em-campeonatos\/#breadcrumb","itemListElement":[{"@type":"ListItem","position":1,"name":"In\u00edcio","item":"https:\/\/www.grupoacocearense.com.br\/"},{"@type":"ListItem","position":2,"name":"Not\u00edcias","item":"https:\/\/previews.elleven.digital\/acocearense\/noticias\/"},{"@type":"ListItem","position":3,"name":"Atletas patrocinados pelo Instituto A\u00e7o Cearense s\u00e3o destaques em campeonatos"}]},{"@type":"WebSite","@id":"https:\/\/previews.elleven.digital\/acocearense\/#website","url":"https:\/\/previews.elleven.digital\/acocearense\/","name":"Cear\u00e1 Steel","description":"In the Brazilian steel market for over 45 years.","alternateName":"A\u00e7o Cearense","potentialAction":[{"@type":"SearchAction","target":{"@type":"EntryPoint","urlTemplate":"https:\/\/previews.elleven.digital\/acocearense\/?s={search_term_string}"},"query-input":{"@type":"PropertyValueSpecification","valueRequired":true,"valueName":"search_term_string"}}],"inLanguage":"en-US"}]}},"_links":{"self":[{"href":"https:\/\/www.grupoacocearense.com.br\/en\/wp-json\/wp\/v2\/noticia\/1873","targetHints":{"allow":["GET"]}}],"collection":[{"href":"https:\/\/www.grupoacocearense.com.br\/en\/wp-json\/wp\/v2\/noticia"}],"about":[{"href":"https:\/\/www.grupoacocearense.com.br\/en\/wp-json\/wp\/v2\/types\/noticia"}],"wp:featuredmedia":[{"embeddable":true,"href":"https:\/\/www.grupoacocearense.com.br\/en\/wp-json\/wp\/v2\/media\/1853"}],"wp:attachment":[{"href":"https:\/\/www.grupoacocearense.com.br\/en\/wp-json\/wp\/v2\/media?parent=1873"}],"wp:term":[{"taxonomy":"categoria-noticia","embeddable":true,"href":"https:\/\/www.grupoacocearense.com.br\/en\/wp-json\/wp\/v2\/categoria-noticia?post=1873"}],"curies":[{"name":"wp","href":"https:\/\/api.w.org\/{rel}","templated":true}]}}