{"id":1851,"date":"2019-06-10T15:29:17","date_gmt":"2019-06-10T18:29:17","guid":{"rendered":"https:\/\/www.grupoacocearense.com.br\/?post_type=noticia&#038;p=1851"},"modified":"2025-05-07T15:29:52","modified_gmt":"2025-05-07T18:29:52","slug":"grupo-aco-cearense-integra-debate-sobre-transformacao-digital-no-workshop-de-comunicacao-do-instituto-aco-brasil","status":"publish","type":"noticia","link":"https:\/\/www.grupoacocearense.com.br\/en\/noticia\/grupo-aco-cearense-integra-debate-sobre-transformacao-digital-no-workshop-de-comunicacao-do-instituto-aco-brasil\/","title":{"rendered":"Grupo A\u00e7o Cearense participates in the debate on digital transformation at the Communication Workshop of the Instituto A\u00e7o Brasil"},"content":{"rendered":"<p>To discuss topics related to corporate communications, professionals from the field attended the Instituto A\u00e7o Brasil Communications Workshop held in June in Belo Horizonte, Minas Gerais, at Usiminas. Among the event&#039;s panelists was Neliza Ferraz, communications coordinator for Grupo A\u00e7o Cearense.<br \/>\nNeliza participated as a panelist on &quot;Digital Transformation and the Impact of Social Media,&quot; alongside Vinicius Ghise, CEO of Global AD; Tatiana Michelan, Real Time Manager at Coca-Cola; and Roberto Gonzales, Communications Manager at Ternium Brasil. &quot;I believe we only grow when we share, so I congratulate the Instituto A\u00e7o Brasil for organizing the workshop where we were able to hear relevant topics for corporate communications and discuss them with excellent professionals,&quot; said Neliza Ferraz, who brought with her a wealth of knowledge and learning to share with her team. The event also featured panels on crisis management, internal communication, and organizational reputation.<\/p>\n<p><img loading=\"lazy\" decoding=\"async\" class=\"aligncenter wp-image-5397\" src=\"https:\/\/grupoacocearense.com.br\/wp-content\/uploads\/2019\/06\/WORKSHOP.jpeg\" sizes=\"auto, (max-width: 483px) 100vw, 483px\" srcset=\"https:\/\/www.grupoacocearense.com.br\/wp-content\/uploads\/2019\/06\/WORKSHOP.jpeg 1280w, https:\/\/www.grupoacocearense.com.br\/wp-content\/uploads\/2019\/06\/WORKSHOP-300x172.jpeg 300w, https:\/\/www.grupoacocearense.com.br\/wp-content\/uploads\/2019\/06\/WORKSHOP-768x439.jpeg 768w, https:\/\/www.grupoacocearense.com.br\/wp-content\/uploads\/2019\/06\/WORKSHOP-1024x586.jpeg 1024w\" alt=\"\" width=\"483\" height=\"276\" \/><\/p>","protected":false},"featured_media":1833,"template":"","meta":{"_acf_changed":false,"inline_featured_image":false},"categoria-noticia":[],"class_list":["post-1851","noticia","type-noticia","status-publish","has-post-thumbnail","hentry"],"acf":{"link":""},"yoast_head":"<!-- This site is optimized with the Yoast SEO plugin v27.4 - https:\/\/yoast.com\/product\/yoast-seo-wordpress\/ -->\n<title>Grupo A\u00e7o Cearense integra debate sobre transforma\u00e7\u00e3o digital no Workshop de Comunica\u00e7\u00e3o do Instituto A\u00e7o Brasil - Grupo A\u00e7o Cearense<\/title>\n<meta name=\"robots\" content=\"index, follow, max-snippet:-1, max-image-preview:large, max-video-preview:-1\" \/>\n<link rel=\"canonical\" href=\"https:\/\/previews.elleven.digital\/acocearense\/noticia\/grupo-aco-cearense-integra-debate-sobre-transformacao-digital-no-workshop-de-comunicacao-do-instituto-aco-brasil\/\" \/>\n<meta property=\"og:locale\" content=\"en_US\" \/>\n<meta property=\"og:type\" content=\"article\" \/>\n<meta property=\"og:title\" content=\"Grupo A\u00e7o Cearense integra debate sobre transforma\u00e7\u00e3o digital no Workshop de Comunica\u00e7\u00e3o do Instituto A\u00e7o Brasil - Grupo A\u00e7o Cearense\" \/>\n<meta property=\"og:description\" content=\"Com a proposta de discutir temas relacionados \u00e0 comunica\u00e7\u00e3o corporativa, profissionais da \u00e1rea estiveram presentes(...)\" \/>\n<meta property=\"og:url\" content=\"https:\/\/previews.elleven.digital\/acocearense\/noticia\/grupo-aco-cearense-integra-debate-sobre-transformacao-digital-no-workshop-de-comunicacao-do-instituto-aco-brasil\/\" \/>\n<meta property=\"og:site_name\" content=\"Grupo A\u00e7o Cearense\" \/>\n<meta property=\"article:modified_time\" content=\"2025-05-07T18:29:52+00:00\" \/>\n<meta property=\"og:image\" content=\"https:\/\/previews.elleven.digital\/acocearense\/wp-content\/uploads\/2025\/05\/Design-sem-nome-2.png\" \/>\n\t<meta property=\"og:image:width\" content=\"400\" \/>\n\t<meta property=\"og:image:height\" content=\"300\" \/>\n\t<meta property=\"og:image:type\" content=\"image\/png\" \/>\n<meta name=\"twitter:card\" content=\"summary_large_image\" \/>\n<meta name=\"twitter:label1\" content=\"Est. reading time\" \/>\n\t<meta name=\"twitter:data1\" content=\"2 minutes\" \/>\n<script type=\"application\/ld+json\" class=\"yoast-schema-graph\">{\"@context\":\"https:\\\/\\\/schema.org\",\"@graph\":[{\"@type\":\"WebPage\",\"@id\":\"https:\\\/\\\/previews.elleven.digital\\\/acocearense\\\/noticia\\\/grupo-aco-cearense-integra-debate-sobre-transformacao-digital-no-workshop-de-comunicacao-do-instituto-aco-brasil\\\/\",\"url\":\"https:\\\/\\\/previews.elleven.digital\\\/acocearense\\\/noticia\\\/grupo-aco-cearense-integra-debate-sobre-transformacao-digital-no-workshop-de-comunicacao-do-instituto-aco-brasil\\\/\",\"name\":\"Grupo A\u00e7o Cearense integra debate sobre transforma\u00e7\u00e3o digital no Workshop de Comunica\u00e7\u00e3o do Instituto A\u00e7o Brasil - Grupo A\u00e7o Cearense\",\"isPartOf\":{\"@id\":\"https:\\\/\\\/previews.elleven.digital\\\/acocearense\\\/#website\"},\"primaryImageOfPage\":{\"@id\":\"https:\\\/\\\/previews.elleven.digital\\\/acocearense\\\/noticia\\\/grupo-aco-cearense-integra-debate-sobre-transformacao-digital-no-workshop-de-comunicacao-do-instituto-aco-brasil\\\/#primaryimage\"},\"image\":{\"@id\":\"https:\\\/\\\/previews.elleven.digital\\\/acocearense\\\/noticia\\\/grupo-aco-cearense-integra-debate-sobre-transformacao-digital-no-workshop-de-comunicacao-do-instituto-aco-brasil\\\/#primaryimage\"},\"thumbnailUrl\":\"https:\\\/\\\/www.grupoacocearense.com.br\\\/wp-content\\\/uploads\\\/2025\\\/05\\\/Design-sem-nome-2.png\",\"datePublished\":\"2019-06-10T18:29:17+00:00\",\"dateModified\":\"2025-05-07T18:29:52+00:00\",\"breadcrumb\":{\"@id\":\"https:\\\/\\\/previews.elleven.digital\\\/acocearense\\\/noticia\\\/grupo-aco-cearense-integra-debate-sobre-transformacao-digital-no-workshop-de-comunicacao-do-instituto-aco-brasil\\\/#breadcrumb\"},\"inLanguage\":\"en-US\",\"potentialAction\":[{\"@type\":\"ReadAction\",\"target\":[\"https:\\\/\\\/previews.elleven.digital\\\/acocearense\\\/noticia\\\/grupo-aco-cearense-integra-debate-sobre-transformacao-digital-no-workshop-de-comunicacao-do-instituto-aco-brasil\\\/\"]}]},{\"@type\":\"ImageObject\",\"inLanguage\":\"en-US\",\"@id\":\"https:\\\/\\\/previews.elleven.digital\\\/acocearense\\\/noticia\\\/grupo-aco-cearense-integra-debate-sobre-transformacao-digital-no-workshop-de-comunicacao-do-instituto-aco-brasil\\\/#primaryimage\",\"url\":\"https:\\\/\\\/www.grupoacocearense.com.br\\\/wp-content\\\/uploads\\\/2025\\\/05\\\/Design-sem-nome-2.png\",\"contentUrl\":\"https:\\\/\\\/www.grupoacocearense.com.br\\\/wp-content\\\/uploads\\\/2025\\\/05\\\/Design-sem-nome-2.png\",\"width\":400,\"height\":300},{\"@type\":\"BreadcrumbList\",\"@id\":\"https:\\\/\\\/previews.elleven.digital\\\/acocearense\\\/noticia\\\/grupo-aco-cearense-integra-debate-sobre-transformacao-digital-no-workshop-de-comunicacao-do-instituto-aco-brasil\\\/#breadcrumb\",\"itemListElement\":[{\"@type\":\"ListItem\",\"position\":1,\"name\":\"In\u00edcio\",\"item\":\"https:\\\/\\\/www.grupoacocearense.com.br\\\/\"},{\"@type\":\"ListItem\",\"position\":2,\"name\":\"Not\u00edcias\",\"item\":\"https:\\\/\\\/previews.elleven.digital\\\/acocearense\\\/noticias\\\/\"},{\"@type\":\"ListItem\",\"position\":3,\"name\":\"Grupo A\u00e7o Cearense integra debate sobre transforma\u00e7\u00e3o digital no Workshop de Comunica\u00e7\u00e3o do Instituto A\u00e7o Brasil\"}]},{\"@type\":\"WebSite\",\"@id\":\"https:\\\/\\\/previews.elleven.digital\\\/acocearense\\\/#website\",\"url\":\"https:\\\/\\\/previews.elleven.digital\\\/acocearense\\\/\",\"name\":\"A\u00e7o Cearense\",\"description\":\"H\u00e1 mais de 45 anos no mercado brasileiro do a\u00e7o.\",\"alternateName\":\"A\u00e7o Cearense\",\"potentialAction\":[{\"@type\":\"SearchAction\",\"target\":{\"@type\":\"EntryPoint\",\"urlTemplate\":\"https:\\\/\\\/previews.elleven.digital\\\/acocearense\\\/?s={search_term_string}\"},\"query-input\":{\"@type\":\"PropertyValueSpecification\",\"valueRequired\":true,\"valueName\":\"search_term_string\"}}],\"inLanguage\":\"en-US\"}]}<\/script>\n<!-- \/ Yoast SEO plugin. -->","yoast_head_json":{"title":"Grupo A\u00e7o Cearense integra debate sobre transforma\u00e7\u00e3o digital no Workshop de Comunica\u00e7\u00e3o do Instituto A\u00e7o Brasil - Grupo A\u00e7o Cearense","robots":{"index":"index","follow":"follow","max-snippet":"max-snippet:-1","max-image-preview":"max-image-preview:large","max-video-preview":"max-video-preview:-1"},"canonical":"https:\/\/previews.elleven.digital\/acocearense\/noticia\/grupo-aco-cearense-integra-debate-sobre-transformacao-digital-no-workshop-de-comunicacao-do-instituto-aco-brasil\/","og_locale":"en_US","og_type":"article","og_title":"Grupo A\u00e7o Cearense integra debate sobre transforma\u00e7\u00e3o digital no Workshop de Comunica\u00e7\u00e3o do Instituto A\u00e7o Brasil - Grupo A\u00e7o Cearense","og_description":"Com a proposta de discutir temas relacionados \u00e0 comunica\u00e7\u00e3o corporativa, profissionais da \u00e1rea estiveram presentes(...)","og_url":"https:\/\/previews.elleven.digital\/acocearense\/noticia\/grupo-aco-cearense-integra-debate-sobre-transformacao-digital-no-workshop-de-comunicacao-do-instituto-aco-brasil\/","og_site_name":"Grupo A\u00e7o Cearense","article_modified_time":"2025-05-07T18:29:52+00:00","og_image":[{"width":400,"height":300,"url":"https:\/\/previews.elleven.digital\/acocearense\/wp-content\/uploads\/2025\/05\/Design-sem-nome-2.png","type":"image\/png"}],"twitter_card":"summary_large_image","twitter_misc":{"Est. reading time":"2 minutes"},"schema":{"@context":"https:\/\/schema.org","@graph":[{"@type":"WebPage","@id":"https:\/\/previews.elleven.digital\/acocearense\/noticia\/grupo-aco-cearense-integra-debate-sobre-transformacao-digital-no-workshop-de-comunicacao-do-instituto-aco-brasil\/","url":"https:\/\/previews.elleven.digital\/acocearense\/noticia\/grupo-aco-cearense-integra-debate-sobre-transformacao-digital-no-workshop-de-comunicacao-do-instituto-aco-brasil\/","name":"Grupo A\u00e7o Cearense integra debate sobre transforma\u00e7\u00e3o digital no Workshop de Comunica\u00e7\u00e3o do Instituto A\u00e7o Brasil - Grupo A\u00e7o Cearense","isPartOf":{"@id":"https:\/\/previews.elleven.digital\/acocearense\/#website"},"primaryImageOfPage":{"@id":"https:\/\/previews.elleven.digital\/acocearense\/noticia\/grupo-aco-cearense-integra-debate-sobre-transformacao-digital-no-workshop-de-comunicacao-do-instituto-aco-brasil\/#primaryimage"},"image":{"@id":"https:\/\/previews.elleven.digital\/acocearense\/noticia\/grupo-aco-cearense-integra-debate-sobre-transformacao-digital-no-workshop-de-comunicacao-do-instituto-aco-brasil\/#primaryimage"},"thumbnailUrl":"https:\/\/www.grupoacocearense.com.br\/wp-content\/uploads\/2025\/05\/Design-sem-nome-2.png","datePublished":"2019-06-10T18:29:17+00:00","dateModified":"2025-05-07T18:29:52+00:00","breadcrumb":{"@id":"https:\/\/previews.elleven.digital\/acocearense\/noticia\/grupo-aco-cearense-integra-debate-sobre-transformacao-digital-no-workshop-de-comunicacao-do-instituto-aco-brasil\/#breadcrumb"},"inLanguage":"en-US","potentialAction":[{"@type":"ReadAction","target":["https:\/\/previews.elleven.digital\/acocearense\/noticia\/grupo-aco-cearense-integra-debate-sobre-transformacao-digital-no-workshop-de-comunicacao-do-instituto-aco-brasil\/"]}]},{"@type":"ImageObject","inLanguage":"en-US","@id":"https:\/\/previews.elleven.digital\/acocearense\/noticia\/grupo-aco-cearense-integra-debate-sobre-transformacao-digital-no-workshop-de-comunicacao-do-instituto-aco-brasil\/#primaryimage","url":"https:\/\/www.grupoacocearense.com.br\/wp-content\/uploads\/2025\/05\/Design-sem-nome-2.png","contentUrl":"https:\/\/www.grupoacocearense.com.br\/wp-content\/uploads\/2025\/05\/Design-sem-nome-2.png","width":400,"height":300},{"@type":"BreadcrumbList","@id":"https:\/\/previews.elleven.digital\/acocearense\/noticia\/grupo-aco-cearense-integra-debate-sobre-transformacao-digital-no-workshop-de-comunicacao-do-instituto-aco-brasil\/#breadcrumb","itemListElement":[{"@type":"ListItem","position":1,"name":"In\u00edcio","item":"https:\/\/www.grupoacocearense.com.br\/"},{"@type":"ListItem","position":2,"name":"Not\u00edcias","item":"https:\/\/previews.elleven.digital\/acocearense\/noticias\/"},{"@type":"ListItem","position":3,"name":"Grupo A\u00e7o Cearense integra debate sobre transforma\u00e7\u00e3o digital no Workshop de Comunica\u00e7\u00e3o do Instituto A\u00e7o Brasil"}]},{"@type":"WebSite","@id":"https:\/\/previews.elleven.digital\/acocearense\/#website","url":"https:\/\/previews.elleven.digital\/acocearense\/","name":"Cear\u00e1 Steel","description":"In the Brazilian steel market for over 45 years.","alternateName":"A\u00e7o Cearense","potentialAction":[{"@type":"SearchAction","target":{"@type":"EntryPoint","urlTemplate":"https:\/\/previews.elleven.digital\/acocearense\/?s={search_term_string}"},"query-input":{"@type":"PropertyValueSpecification","valueRequired":true,"valueName":"search_term_string"}}],"inLanguage":"en-US"}]}},"_links":{"self":[{"href":"https:\/\/www.grupoacocearense.com.br\/en\/wp-json\/wp\/v2\/noticia\/1851","targetHints":{"allow":["GET"]}}],"collection":[{"href":"https:\/\/www.grupoacocearense.com.br\/en\/wp-json\/wp\/v2\/noticia"}],"about":[{"href":"https:\/\/www.grupoacocearense.com.br\/en\/wp-json\/wp\/v2\/types\/noticia"}],"wp:featuredmedia":[{"embeddable":true,"href":"https:\/\/www.grupoacocearense.com.br\/en\/wp-json\/wp\/v2\/media\/1833"}],"wp:attachment":[{"href":"https:\/\/www.grupoacocearense.com.br\/en\/wp-json\/wp\/v2\/media?parent=1851"}],"wp:term":[{"taxonomy":"categoria-noticia","embeddable":true,"href":"https:\/\/www.grupoacocearense.com.br\/en\/wp-json\/wp\/v2\/categoria-noticia?post=1851"}],"curies":[{"name":"wp","href":"https:\/\/api.w.org\/{rel}","templated":true}]}}