{"id":1848,"date":"2019-05-29T15:27:28","date_gmt":"2019-05-29T18:27:28","guid":{"rendered":"https:\/\/www.grupoacocearense.com.br\/?post_type=noticia&#038;p=1848"},"modified":"2025-05-07T15:27:57","modified_gmt":"2025-05-07T18:27:57","slug":"familia-na-empresa-realiza-edicao-especial-do-mes-das-maesfamilia-na-empresa-realiza-edicao-especial-do-mes-das-maes","status":"publish","type":"noticia","link":"https:\/\/www.grupoacocearense.com.br\/en\/noticia\/familia-na-empresa-realiza-edicao-especial-do-mes-das-maesfamilia-na-empresa-realiza-edicao-especial-do-mes-das-maes\/","title":{"rendered":"Family in the Company holds a special edition for Mother&#039;s MonthFamily in the Company holds a special edition for Mother&#039;s Month"},"content":{"rendered":"<p>This month&#039;s edition of Family at Work was a special tribute to employees&#039; mothers. To honor these important individuals, the Quality of Life and Benefits department organized a video with messages of love and gratitude from employees&#039; children and spouses. At SINOBRAS, mothers were honored with photos. Family at Work took place in May at A\u00e7o Cearense Industrial, A\u00e7o Cearense Comercial, and SINOBRAS. At SINOBRAS Florestal, the event will take place on May 30th.<\/p>\n<p>Carmen Sousa, Human Resources Coordinator, opened the event at A\u00e7o Cearense Industrial and shared her achievements and challenges as a daughter and mother of two boys and a girl. At SINOBRAS, visitors were welcomed by Roberta Oliveira, Benefits Analyst, who spoke about the project, and by Elzio Alves, Engineering Planner, who presented the company&#039;s entire production process.<\/p>\n<p>Regina Silva, mother of Adalberto Nascimento, an IT (Service Desk) employee at A\u00e7o Cearense Comercial, said: &quot;I really enjoyed the visit and admire the President&#039;s growth trajectory. I hope his descendants can continue the work he achieved with such effort. May God continue to shine a light on the work of everyone at this company, and thank you for the morning we had.&quot;<\/p>\n<p>Vilma Queiroz, mother of Instituto A\u00e7o Cearense employee Laura Queiroz, also spoke about the visit: &quot;I simply loved seeing the environment where my daughter works! It reminded me of my school days, when children would pay tribute to their mothers. I had no idea SINOBRAS would be so big, not to mention how warm the staff was to us. I really enjoyed it!&quot;<br \/>\nThis special Mother&#039;s Day edition received 45 participants.<\/p>\n<p>To participate in Family in the Company, just call the Quality of Life and Benefits area on extensions 1649 (A\u00e7o Cearense Comercial), 8454 (ACI), 2612 (SINOBRAS) and 6691 (Florestal).<\/p>","protected":false},"featured_media":1836,"template":"","meta":{"_acf_changed":false,"inline_featured_image":false},"categoria-noticia":[],"class_list":["post-1848","noticia","type-noticia","status-publish","has-post-thumbnail","hentry"],"acf":{"link":""},"yoast_head":"<!-- This site is optimized with the Yoast SEO plugin v27.4 - https:\/\/yoast.com\/product\/yoast-seo-wordpress\/ -->\n<title>Fam\u00edlia na Empresa realiza edi\u00e7\u00e3o especial do m\u00eas das m\u00e3esFam\u00edlia na Empresa realiza edi\u00e7\u00e3o especial do m\u00eas das m\u00e3es - Grupo A\u00e7o Cearense<\/title>\n<meta name=\"robots\" content=\"index, follow, max-snippet:-1, max-image-preview:large, max-video-preview:-1\" \/>\n<link rel=\"canonical\" href=\"https:\/\/previews.elleven.digital\/acocearense\/noticia\/familia-na-empresa-realiza-edicao-especial-do-mes-das-maesfamilia-na-empresa-realiza-edicao-especial-do-mes-das-maes\/\" \/>\n<meta property=\"og:locale\" content=\"en_US\" \/>\n<meta property=\"og:type\" content=\"article\" \/>\n<meta property=\"og:title\" content=\"Fam\u00edlia na Empresa realiza edi\u00e7\u00e3o especial do m\u00eas das m\u00e3esFam\u00edlia na Empresa realiza edi\u00e7\u00e3o especial do m\u00eas das m\u00e3es - Grupo A\u00e7o Cearense\" \/>\n<meta property=\"og:description\" content=\"A edi\u00e7\u00e3o do Fam\u00edlia na Empresa deste m\u00eas foi especial em homenagem \u00e0s m\u00e3es dos(...)\" \/>\n<meta property=\"og:url\" content=\"https:\/\/previews.elleven.digital\/acocearense\/noticia\/familia-na-empresa-realiza-edicao-especial-do-mes-das-maesfamilia-na-empresa-realiza-edicao-especial-do-mes-das-maes\/\" \/>\n<meta property=\"og:site_name\" content=\"Grupo A\u00e7o Cearense\" \/>\n<meta property=\"article:modified_time\" content=\"2025-05-07T18:27:57+00:00\" \/>\n<meta property=\"og:image\" content=\"https:\/\/previews.elleven.digital\/acocearense\/wp-content\/uploads\/2025\/05\/familias-SIN.jpg\" \/>\n\t<meta property=\"og:image:width\" content=\"1024\" \/>\n\t<meta property=\"og:image:height\" content=\"724\" \/>\n\t<meta property=\"og:image:type\" content=\"image\/jpeg\" \/>\n<meta name=\"twitter:card\" content=\"summary_large_image\" \/>\n<meta name=\"twitter:label1\" content=\"Est. reading time\" \/>\n\t<meta name=\"twitter:data1\" content=\"1 minute\" \/>\n<script type=\"application\/ld+json\" class=\"yoast-schema-graph\">{\"@context\":\"https:\\\/\\\/schema.org\",\"@graph\":[{\"@type\":\"WebPage\",\"@id\":\"https:\\\/\\\/previews.elleven.digital\\\/acocearense\\\/noticia\\\/familia-na-empresa-realiza-edicao-especial-do-mes-das-maesfamilia-na-empresa-realiza-edicao-especial-do-mes-das-maes\\\/\",\"url\":\"https:\\\/\\\/previews.elleven.digital\\\/acocearense\\\/noticia\\\/familia-na-empresa-realiza-edicao-especial-do-mes-das-maesfamilia-na-empresa-realiza-edicao-especial-do-mes-das-maes\\\/\",\"name\":\"Fam\u00edlia na Empresa realiza edi\u00e7\u00e3o especial do m\u00eas das m\u00e3esFam\u00edlia na Empresa realiza edi\u00e7\u00e3o especial do m\u00eas das m\u00e3es - Grupo A\u00e7o Cearense\",\"isPartOf\":{\"@id\":\"https:\\\/\\\/previews.elleven.digital\\\/acocearense\\\/#website\"},\"primaryImageOfPage\":{\"@id\":\"https:\\\/\\\/previews.elleven.digital\\\/acocearense\\\/noticia\\\/familia-na-empresa-realiza-edicao-especial-do-mes-das-maesfamilia-na-empresa-realiza-edicao-especial-do-mes-das-maes\\\/#primaryimage\"},\"image\":{\"@id\":\"https:\\\/\\\/previews.elleven.digital\\\/acocearense\\\/noticia\\\/familia-na-empresa-realiza-edicao-especial-do-mes-das-maesfamilia-na-empresa-realiza-edicao-especial-do-mes-das-maes\\\/#primaryimage\"},\"thumbnailUrl\":\"https:\\\/\\\/www.grupoacocearense.com.br\\\/wp-content\\\/uploads\\\/2025\\\/05\\\/familias-SIN.jpg\",\"datePublished\":\"2019-05-29T18:27:28+00:00\",\"dateModified\":\"2025-05-07T18:27:57+00:00\",\"breadcrumb\":{\"@id\":\"https:\\\/\\\/previews.elleven.digital\\\/acocearense\\\/noticia\\\/familia-na-empresa-realiza-edicao-especial-do-mes-das-maesfamilia-na-empresa-realiza-edicao-especial-do-mes-das-maes\\\/#breadcrumb\"},\"inLanguage\":\"en-US\",\"potentialAction\":[{\"@type\":\"ReadAction\",\"target\":[\"https:\\\/\\\/previews.elleven.digital\\\/acocearense\\\/noticia\\\/familia-na-empresa-realiza-edicao-especial-do-mes-das-maesfamilia-na-empresa-realiza-edicao-especial-do-mes-das-maes\\\/\"]}]},{\"@type\":\"ImageObject\",\"inLanguage\":\"en-US\",\"@id\":\"https:\\\/\\\/previews.elleven.digital\\\/acocearense\\\/noticia\\\/familia-na-empresa-realiza-edicao-especial-do-mes-das-maesfamilia-na-empresa-realiza-edicao-especial-do-mes-das-maes\\\/#primaryimage\",\"url\":\"https:\\\/\\\/www.grupoacocearense.com.br\\\/wp-content\\\/uploads\\\/2025\\\/05\\\/familias-SIN.jpg\",\"contentUrl\":\"https:\\\/\\\/www.grupoacocearense.com.br\\\/wp-content\\\/uploads\\\/2025\\\/05\\\/familias-SIN.jpg\",\"width\":1024,\"height\":724},{\"@type\":\"BreadcrumbList\",\"@id\":\"https:\\\/\\\/previews.elleven.digital\\\/acocearense\\\/noticia\\\/familia-na-empresa-realiza-edicao-especial-do-mes-das-maesfamilia-na-empresa-realiza-edicao-especial-do-mes-das-maes\\\/#breadcrumb\",\"itemListElement\":[{\"@type\":\"ListItem\",\"position\":1,\"name\":\"In\u00edcio\",\"item\":\"https:\\\/\\\/www.grupoacocearense.com.br\\\/\"},{\"@type\":\"ListItem\",\"position\":2,\"name\":\"Not\u00edcias\",\"item\":\"https:\\\/\\\/previews.elleven.digital\\\/acocearense\\\/noticias\\\/\"},{\"@type\":\"ListItem\",\"position\":3,\"name\":\"Fam\u00edlia na Empresa realiza edi\u00e7\u00e3o especial do m\u00eas das m\u00e3esFam\u00edlia na Empresa realiza edi\u00e7\u00e3o especial do m\u00eas das m\u00e3es\"}]},{\"@type\":\"WebSite\",\"@id\":\"https:\\\/\\\/previews.elleven.digital\\\/acocearense\\\/#website\",\"url\":\"https:\\\/\\\/previews.elleven.digital\\\/acocearense\\\/\",\"name\":\"A\u00e7o Cearense\",\"description\":\"H\u00e1 mais de 45 anos no mercado brasileiro do a\u00e7o.\",\"alternateName\":\"A\u00e7o Cearense\",\"potentialAction\":[{\"@type\":\"SearchAction\",\"target\":{\"@type\":\"EntryPoint\",\"urlTemplate\":\"https:\\\/\\\/previews.elleven.digital\\\/acocearense\\\/?s={search_term_string}\"},\"query-input\":{\"@type\":\"PropertyValueSpecification\",\"valueRequired\":true,\"valueName\":\"search_term_string\"}}],\"inLanguage\":\"en-US\"}]}<\/script>\n<!-- \/ Yoast SEO plugin. -->","yoast_head_json":{"title":"Fam\u00edlia na Empresa realiza edi\u00e7\u00e3o especial do m\u00eas das m\u00e3esFam\u00edlia na Empresa realiza edi\u00e7\u00e3o especial do m\u00eas das m\u00e3es - Grupo A\u00e7o Cearense","robots":{"index":"index","follow":"follow","max-snippet":"max-snippet:-1","max-image-preview":"max-image-preview:large","max-video-preview":"max-video-preview:-1"},"canonical":"https:\/\/previews.elleven.digital\/acocearense\/noticia\/familia-na-empresa-realiza-edicao-especial-do-mes-das-maesfamilia-na-empresa-realiza-edicao-especial-do-mes-das-maes\/","og_locale":"en_US","og_type":"article","og_title":"Fam\u00edlia na Empresa realiza edi\u00e7\u00e3o especial do m\u00eas das m\u00e3esFam\u00edlia na Empresa realiza edi\u00e7\u00e3o especial do m\u00eas das m\u00e3es - Grupo A\u00e7o Cearense","og_description":"A edi\u00e7\u00e3o do Fam\u00edlia na Empresa deste m\u00eas foi especial em homenagem \u00e0s m\u00e3es dos(...)","og_url":"https:\/\/previews.elleven.digital\/acocearense\/noticia\/familia-na-empresa-realiza-edicao-especial-do-mes-das-maesfamilia-na-empresa-realiza-edicao-especial-do-mes-das-maes\/","og_site_name":"Grupo A\u00e7o Cearense","article_modified_time":"2025-05-07T18:27:57+00:00","og_image":[{"width":1024,"height":724,"url":"https:\/\/previews.elleven.digital\/acocearense\/wp-content\/uploads\/2025\/05\/familias-SIN.jpg","type":"image\/jpeg"}],"twitter_card":"summary_large_image","twitter_misc":{"Est. reading time":"1 minute"},"schema":{"@context":"https:\/\/schema.org","@graph":[{"@type":"WebPage","@id":"https:\/\/previews.elleven.digital\/acocearense\/noticia\/familia-na-empresa-realiza-edicao-especial-do-mes-das-maesfamilia-na-empresa-realiza-edicao-especial-do-mes-das-maes\/","url":"https:\/\/previews.elleven.digital\/acocearense\/noticia\/familia-na-empresa-realiza-edicao-especial-do-mes-das-maesfamilia-na-empresa-realiza-edicao-especial-do-mes-das-maes\/","name":"Fam\u00edlia na Empresa realiza edi\u00e7\u00e3o especial do m\u00eas das m\u00e3esFam\u00edlia na Empresa realiza edi\u00e7\u00e3o especial do m\u00eas das m\u00e3es - Grupo A\u00e7o Cearense","isPartOf":{"@id":"https:\/\/previews.elleven.digital\/acocearense\/#website"},"primaryImageOfPage":{"@id":"https:\/\/previews.elleven.digital\/acocearense\/noticia\/familia-na-empresa-realiza-edicao-especial-do-mes-das-maesfamilia-na-empresa-realiza-edicao-especial-do-mes-das-maes\/#primaryimage"},"image":{"@id":"https:\/\/previews.elleven.digital\/acocearense\/noticia\/familia-na-empresa-realiza-edicao-especial-do-mes-das-maesfamilia-na-empresa-realiza-edicao-especial-do-mes-das-maes\/#primaryimage"},"thumbnailUrl":"https:\/\/www.grupoacocearense.com.br\/wp-content\/uploads\/2025\/05\/familias-SIN.jpg","datePublished":"2019-05-29T18:27:28+00:00","dateModified":"2025-05-07T18:27:57+00:00","breadcrumb":{"@id":"https:\/\/previews.elleven.digital\/acocearense\/noticia\/familia-na-empresa-realiza-edicao-especial-do-mes-das-maesfamilia-na-empresa-realiza-edicao-especial-do-mes-das-maes\/#breadcrumb"},"inLanguage":"en-US","potentialAction":[{"@type":"ReadAction","target":["https:\/\/previews.elleven.digital\/acocearense\/noticia\/familia-na-empresa-realiza-edicao-especial-do-mes-das-maesfamilia-na-empresa-realiza-edicao-especial-do-mes-das-maes\/"]}]},{"@type":"ImageObject","inLanguage":"en-US","@id":"https:\/\/previews.elleven.digital\/acocearense\/noticia\/familia-na-empresa-realiza-edicao-especial-do-mes-das-maesfamilia-na-empresa-realiza-edicao-especial-do-mes-das-maes\/#primaryimage","url":"https:\/\/www.grupoacocearense.com.br\/wp-content\/uploads\/2025\/05\/familias-SIN.jpg","contentUrl":"https:\/\/www.grupoacocearense.com.br\/wp-content\/uploads\/2025\/05\/familias-SIN.jpg","width":1024,"height":724},{"@type":"BreadcrumbList","@id":"https:\/\/previews.elleven.digital\/acocearense\/noticia\/familia-na-empresa-realiza-edicao-especial-do-mes-das-maesfamilia-na-empresa-realiza-edicao-especial-do-mes-das-maes\/#breadcrumb","itemListElement":[{"@type":"ListItem","position":1,"name":"In\u00edcio","item":"https:\/\/www.grupoacocearense.com.br\/"},{"@type":"ListItem","position":2,"name":"Not\u00edcias","item":"https:\/\/previews.elleven.digital\/acocearense\/noticias\/"},{"@type":"ListItem","position":3,"name":"Fam\u00edlia na Empresa realiza edi\u00e7\u00e3o especial do m\u00eas das m\u00e3esFam\u00edlia na Empresa realiza edi\u00e7\u00e3o especial do m\u00eas das m\u00e3es"}]},{"@type":"WebSite","@id":"https:\/\/previews.elleven.digital\/acocearense\/#website","url":"https:\/\/previews.elleven.digital\/acocearense\/","name":"Cear\u00e1 Steel","description":"In the Brazilian steel market for over 45 years.","alternateName":"A\u00e7o Cearense","potentialAction":[{"@type":"SearchAction","target":{"@type":"EntryPoint","urlTemplate":"https:\/\/previews.elleven.digital\/acocearense\/?s={search_term_string}"},"query-input":{"@type":"PropertyValueSpecification","valueRequired":true,"valueName":"search_term_string"}}],"inLanguage":"en-US"}]}},"_links":{"self":[{"href":"https:\/\/www.grupoacocearense.com.br\/en\/wp-json\/wp\/v2\/noticia\/1848","targetHints":{"allow":["GET"]}}],"collection":[{"href":"https:\/\/www.grupoacocearense.com.br\/en\/wp-json\/wp\/v2\/noticia"}],"about":[{"href":"https:\/\/www.grupoacocearense.com.br\/en\/wp-json\/wp\/v2\/types\/noticia"}],"wp:featuredmedia":[{"embeddable":true,"href":"https:\/\/www.grupoacocearense.com.br\/en\/wp-json\/wp\/v2\/media\/1836"}],"wp:attachment":[{"href":"https:\/\/www.grupoacocearense.com.br\/en\/wp-json\/wp\/v2\/media?parent=1848"}],"wp:term":[{"taxonomy":"categoria-noticia","embeddable":true,"href":"https:\/\/www.grupoacocearense.com.br\/en\/wp-json\/wp\/v2\/categoria-noticia?post=1848"}],"curies":[{"name":"wp","href":"https:\/\/api.w.org\/{rel}","templated":true}]}}