{"id":1843,"date":"2019-05-02T15:24:03","date_gmt":"2019-05-02T18:24:03","guid":{"rendered":"https:\/\/www.grupoacocearense.com.br\/?post_type=noticia&#038;p=1843"},"modified":"2025-05-07T15:24:25","modified_gmt":"2025-05-07T18:24:25","slug":"atleta-do-iac-sobe-ao-podio-na-2a-etapa-da-copa-brasil-de-paraciclismo","status":"publish","type":"noticia","link":"https:\/\/www.grupoacocearense.com.br\/en\/noticia\/atleta-do-iac-sobe-ao-podio-na-2a-etapa-da-copa-brasil-de-paraciclismo\/","title":{"rendered":"IAC athlete takes the podium in the 2nd stage of the Brazilian Paracycling Cup"},"content":{"rendered":"<p>The second stage of the Brazilian Paracycling Cup took place on April 27th and 28th in Bras\u00edlia, Federal District. Gilberto Silva, from Cear\u00e1, an athlete sponsored by the Instituto A\u00e7o Cearense and a collaborator in the ACC Services department, participated in the competition and placed second in the endurance event.<\/p>\n<p>The Copa Brasil is one of the main events on the national calendar and counts towards national and international rankings. Gilberto competes in the C5 category, with master sponsorship from the Instituto A\u00e7o Cearense, which has supported him for nine years. &quot;Reaching the second stage of the Copa and achieving a good result and third place in the overall ranking makes me very happy; it&#039;s the culmination of many years of effort, becoming a dream come true,&quot; says the paracyclist.<\/p>","protected":false},"featured_media":1841,"template":"","meta":{"_acf_changed":false,"inline_featured_image":false},"categoria-noticia":[],"class_list":["post-1843","noticia","type-noticia","status-publish","has-post-thumbnail","hentry"],"acf":{"link":""},"yoast_head":"<!-- This site is optimized with the Yoast SEO plugin v27.4 - https:\/\/yoast.com\/product\/yoast-seo-wordpress\/ -->\n<title>Atleta do IAC sobe ao p\u00f3dio na 2\u00aa etapa da Copa Brasil de Paraciclismo - Grupo A\u00e7o Cearense<\/title>\n<meta name=\"robots\" content=\"index, follow, max-snippet:-1, max-image-preview:large, max-video-preview:-1\" \/>\n<link rel=\"canonical\" href=\"https:\/\/previews.elleven.digital\/acocearense\/noticia\/atleta-do-iac-sobe-ao-podio-na-2a-etapa-da-copa-brasil-de-paraciclismo\/\" \/>\n<meta property=\"og:locale\" content=\"en_US\" \/>\n<meta property=\"og:type\" content=\"article\" \/>\n<meta property=\"og:title\" content=\"Atleta do IAC sobe ao p\u00f3dio na 2\u00aa etapa da Copa Brasil de Paraciclismo - Grupo A\u00e7o Cearense\" \/>\n<meta property=\"og:description\" content=\"Nos dias 27 e 28 de abril foi realizada a segunda 2\u00aa Etapa da Copa(...)\" \/>\n<meta property=\"og:url\" content=\"https:\/\/previews.elleven.digital\/acocearense\/noticia\/atleta-do-iac-sobe-ao-podio-na-2a-etapa-da-copa-brasil-de-paraciclismo\/\" \/>\n<meta property=\"og:site_name\" content=\"Grupo A\u00e7o Cearense\" \/>\n<meta property=\"article:modified_time\" content=\"2025-05-07T18:24:25+00:00\" \/>\n<meta property=\"og:image\" content=\"https:\/\/previews.elleven.digital\/acocearense\/wp-content\/uploads\/2025\/05\/educaco-1.png\" \/>\n\t<meta property=\"og:image:width\" content=\"400\" \/>\n\t<meta property=\"og:image:height\" content=\"300\" \/>\n\t<meta property=\"og:image:type\" content=\"image\/png\" \/>\n<meta name=\"twitter:card\" content=\"summary_large_image\" \/>\n<meta name=\"twitter:label1\" content=\"Est. reading time\" \/>\n\t<meta name=\"twitter:data1\" content=\"1 minute\" \/>\n<script type=\"application\/ld+json\" class=\"yoast-schema-graph\">{\"@context\":\"https:\\\/\\\/schema.org\",\"@graph\":[{\"@type\":\"WebPage\",\"@id\":\"https:\\\/\\\/previews.elleven.digital\\\/acocearense\\\/noticia\\\/atleta-do-iac-sobe-ao-podio-na-2a-etapa-da-copa-brasil-de-paraciclismo\\\/\",\"url\":\"https:\\\/\\\/previews.elleven.digital\\\/acocearense\\\/noticia\\\/atleta-do-iac-sobe-ao-podio-na-2a-etapa-da-copa-brasil-de-paraciclismo\\\/\",\"name\":\"Atleta do IAC sobe ao p\u00f3dio na 2\u00aa etapa da Copa Brasil de Paraciclismo - Grupo A\u00e7o Cearense\",\"isPartOf\":{\"@id\":\"https:\\\/\\\/previews.elleven.digital\\\/acocearense\\\/#website\"},\"primaryImageOfPage\":{\"@id\":\"https:\\\/\\\/previews.elleven.digital\\\/acocearense\\\/noticia\\\/atleta-do-iac-sobe-ao-podio-na-2a-etapa-da-copa-brasil-de-paraciclismo\\\/#primaryimage\"},\"image\":{\"@id\":\"https:\\\/\\\/previews.elleven.digital\\\/acocearense\\\/noticia\\\/atleta-do-iac-sobe-ao-podio-na-2a-etapa-da-copa-brasil-de-paraciclismo\\\/#primaryimage\"},\"thumbnailUrl\":\"https:\\\/\\\/www.grupoacocearense.com.br\\\/wp-content\\\/uploads\\\/2025\\\/05\\\/educaco-1.png\",\"datePublished\":\"2019-05-02T18:24:03+00:00\",\"dateModified\":\"2025-05-07T18:24:25+00:00\",\"breadcrumb\":{\"@id\":\"https:\\\/\\\/previews.elleven.digital\\\/acocearense\\\/noticia\\\/atleta-do-iac-sobe-ao-podio-na-2a-etapa-da-copa-brasil-de-paraciclismo\\\/#breadcrumb\"},\"inLanguage\":\"en-US\",\"potentialAction\":[{\"@type\":\"ReadAction\",\"target\":[\"https:\\\/\\\/previews.elleven.digital\\\/acocearense\\\/noticia\\\/atleta-do-iac-sobe-ao-podio-na-2a-etapa-da-copa-brasil-de-paraciclismo\\\/\"]}]},{\"@type\":\"ImageObject\",\"inLanguage\":\"en-US\",\"@id\":\"https:\\\/\\\/previews.elleven.digital\\\/acocearense\\\/noticia\\\/atleta-do-iac-sobe-ao-podio-na-2a-etapa-da-copa-brasil-de-paraciclismo\\\/#primaryimage\",\"url\":\"https:\\\/\\\/www.grupoacocearense.com.br\\\/wp-content\\\/uploads\\\/2025\\\/05\\\/educaco-1.png\",\"contentUrl\":\"https:\\\/\\\/www.grupoacocearense.com.br\\\/wp-content\\\/uploads\\\/2025\\\/05\\\/educaco-1.png\",\"width\":400,\"height\":300},{\"@type\":\"BreadcrumbList\",\"@id\":\"https:\\\/\\\/previews.elleven.digital\\\/acocearense\\\/noticia\\\/atleta-do-iac-sobe-ao-podio-na-2a-etapa-da-copa-brasil-de-paraciclismo\\\/#breadcrumb\",\"itemListElement\":[{\"@type\":\"ListItem\",\"position\":1,\"name\":\"In\u00edcio\",\"item\":\"https:\\\/\\\/www.grupoacocearense.com.br\\\/\"},{\"@type\":\"ListItem\",\"position\":2,\"name\":\"Not\u00edcias\",\"item\":\"https:\\\/\\\/previews.elleven.digital\\\/acocearense\\\/noticias\\\/\"},{\"@type\":\"ListItem\",\"position\":3,\"name\":\"Atleta do IAC sobe ao p\u00f3dio na 2\u00aa etapa da Copa Brasil de Paraciclismo\"}]},{\"@type\":\"WebSite\",\"@id\":\"https:\\\/\\\/previews.elleven.digital\\\/acocearense\\\/#website\",\"url\":\"https:\\\/\\\/previews.elleven.digital\\\/acocearense\\\/\",\"name\":\"A\u00e7o Cearense\",\"description\":\"H\u00e1 mais de 45 anos no mercado brasileiro do a\u00e7o.\",\"alternateName\":\"A\u00e7o Cearense\",\"potentialAction\":[{\"@type\":\"SearchAction\",\"target\":{\"@type\":\"EntryPoint\",\"urlTemplate\":\"https:\\\/\\\/previews.elleven.digital\\\/acocearense\\\/?s={search_term_string}\"},\"query-input\":{\"@type\":\"PropertyValueSpecification\",\"valueRequired\":true,\"valueName\":\"search_term_string\"}}],\"inLanguage\":\"en-US\"}]}<\/script>\n<!-- \/ Yoast SEO plugin. -->","yoast_head_json":{"title":"Atleta do IAC sobe ao p\u00f3dio na 2\u00aa etapa da Copa Brasil de Paraciclismo - Grupo A\u00e7o Cearense","robots":{"index":"index","follow":"follow","max-snippet":"max-snippet:-1","max-image-preview":"max-image-preview:large","max-video-preview":"max-video-preview:-1"},"canonical":"https:\/\/previews.elleven.digital\/acocearense\/noticia\/atleta-do-iac-sobe-ao-podio-na-2a-etapa-da-copa-brasil-de-paraciclismo\/","og_locale":"en_US","og_type":"article","og_title":"Atleta do IAC sobe ao p\u00f3dio na 2\u00aa etapa da Copa Brasil de Paraciclismo - Grupo A\u00e7o Cearense","og_description":"Nos dias 27 e 28 de abril foi realizada a segunda 2\u00aa Etapa da Copa(...)","og_url":"https:\/\/previews.elleven.digital\/acocearense\/noticia\/atleta-do-iac-sobe-ao-podio-na-2a-etapa-da-copa-brasil-de-paraciclismo\/","og_site_name":"Grupo A\u00e7o Cearense","article_modified_time":"2025-05-07T18:24:25+00:00","og_image":[{"width":400,"height":300,"url":"https:\/\/previews.elleven.digital\/acocearense\/wp-content\/uploads\/2025\/05\/educaco-1.png","type":"image\/png"}],"twitter_card":"summary_large_image","twitter_misc":{"Est. reading time":"1 minute"},"schema":{"@context":"https:\/\/schema.org","@graph":[{"@type":"WebPage","@id":"https:\/\/previews.elleven.digital\/acocearense\/noticia\/atleta-do-iac-sobe-ao-podio-na-2a-etapa-da-copa-brasil-de-paraciclismo\/","url":"https:\/\/previews.elleven.digital\/acocearense\/noticia\/atleta-do-iac-sobe-ao-podio-na-2a-etapa-da-copa-brasil-de-paraciclismo\/","name":"Atleta do IAC sobe ao p\u00f3dio na 2\u00aa etapa da Copa Brasil de Paraciclismo - Grupo A\u00e7o Cearense","isPartOf":{"@id":"https:\/\/previews.elleven.digital\/acocearense\/#website"},"primaryImageOfPage":{"@id":"https:\/\/previews.elleven.digital\/acocearense\/noticia\/atleta-do-iac-sobe-ao-podio-na-2a-etapa-da-copa-brasil-de-paraciclismo\/#primaryimage"},"image":{"@id":"https:\/\/previews.elleven.digital\/acocearense\/noticia\/atleta-do-iac-sobe-ao-podio-na-2a-etapa-da-copa-brasil-de-paraciclismo\/#primaryimage"},"thumbnailUrl":"https:\/\/www.grupoacocearense.com.br\/wp-content\/uploads\/2025\/05\/educaco-1.png","datePublished":"2019-05-02T18:24:03+00:00","dateModified":"2025-05-07T18:24:25+00:00","breadcrumb":{"@id":"https:\/\/previews.elleven.digital\/acocearense\/noticia\/atleta-do-iac-sobe-ao-podio-na-2a-etapa-da-copa-brasil-de-paraciclismo\/#breadcrumb"},"inLanguage":"en-US","potentialAction":[{"@type":"ReadAction","target":["https:\/\/previews.elleven.digital\/acocearense\/noticia\/atleta-do-iac-sobe-ao-podio-na-2a-etapa-da-copa-brasil-de-paraciclismo\/"]}]},{"@type":"ImageObject","inLanguage":"en-US","@id":"https:\/\/previews.elleven.digital\/acocearense\/noticia\/atleta-do-iac-sobe-ao-podio-na-2a-etapa-da-copa-brasil-de-paraciclismo\/#primaryimage","url":"https:\/\/www.grupoacocearense.com.br\/wp-content\/uploads\/2025\/05\/educaco-1.png","contentUrl":"https:\/\/www.grupoacocearense.com.br\/wp-content\/uploads\/2025\/05\/educaco-1.png","width":400,"height":300},{"@type":"BreadcrumbList","@id":"https:\/\/previews.elleven.digital\/acocearense\/noticia\/atleta-do-iac-sobe-ao-podio-na-2a-etapa-da-copa-brasil-de-paraciclismo\/#breadcrumb","itemListElement":[{"@type":"ListItem","position":1,"name":"In\u00edcio","item":"https:\/\/www.grupoacocearense.com.br\/"},{"@type":"ListItem","position":2,"name":"Not\u00edcias","item":"https:\/\/previews.elleven.digital\/acocearense\/noticias\/"},{"@type":"ListItem","position":3,"name":"Atleta do IAC sobe ao p\u00f3dio na 2\u00aa etapa da Copa Brasil de Paraciclismo"}]},{"@type":"WebSite","@id":"https:\/\/previews.elleven.digital\/acocearense\/#website","url":"https:\/\/previews.elleven.digital\/acocearense\/","name":"Cear\u00e1 Steel","description":"In the Brazilian steel market for over 45 years.","alternateName":"A\u00e7o Cearense","potentialAction":[{"@type":"SearchAction","target":{"@type":"EntryPoint","urlTemplate":"https:\/\/previews.elleven.digital\/acocearense\/?s={search_term_string}"},"query-input":{"@type":"PropertyValueSpecification","valueRequired":true,"valueName":"search_term_string"}}],"inLanguage":"en-US"}]}},"_links":{"self":[{"href":"https:\/\/www.grupoacocearense.com.br\/en\/wp-json\/wp\/v2\/noticia\/1843","targetHints":{"allow":["GET"]}}],"collection":[{"href":"https:\/\/www.grupoacocearense.com.br\/en\/wp-json\/wp\/v2\/noticia"}],"about":[{"href":"https:\/\/www.grupoacocearense.com.br\/en\/wp-json\/wp\/v2\/types\/noticia"}],"wp:featuredmedia":[{"embeddable":true,"href":"https:\/\/www.grupoacocearense.com.br\/en\/wp-json\/wp\/v2\/media\/1841"}],"wp:attachment":[{"href":"https:\/\/www.grupoacocearense.com.br\/en\/wp-json\/wp\/v2\/media?parent=1843"}],"wp:term":[{"taxonomy":"categoria-noticia","embeddable":true,"href":"https:\/\/www.grupoacocearense.com.br\/en\/wp-json\/wp\/v2\/categoria-noticia?post=1843"}],"curies":[{"name":"wp","href":"https:\/\/api.w.org\/{rel}","templated":true}]}}